{"id":52607,"date":"2018-01-16T00:00:00","date_gmt":"2018-01-16T00:00:00","guid":{"rendered":"http:\/\/www.fondazionepirelli.org\/fondazione-pirelli\/eccezionale-ordinaria-impresa\/"},"modified":"2019-09-23T10:57:45","modified_gmt":"2019-09-23T08:57:45","slug":"eccezionale-ordinaria-impresa","status":"publish","type":"post","link":"https:\/\/www.fondazionepirelli.org\/it\/cultura-dimpresa\/eccezionale-ordinaria-impresa\/","title":{"rendered":"Eccezionale ordinaria impresa"},"content":{"rendered":"<p><em>In un libro 24 storie d\u2019aziende e di imprenditori che riescono a conciliare buoni bilanci e buona cultura del produrre<\/em><\/p><p>Le impese sono fatte per davvero di donne e uomini coraggiosi. Gente che si impegna, un po\u2019 visionaria, non folle ma determinata. E\u2019 poi da queste condizioni umane che nasce e cresce la cultura d\u2019impresa che nel tempo rende unica ogni realt\u00e0 produttiva che si rispetti. E, come spesso accade, \u00e8 proprio dal racconto delle esperienze gi\u00e0 fatte che si impara di pi\u00f9, oltre a conoscere meglio e a fondo i motivi del successo (e talvolta dell\u2019insuccesso) di quanto \u00e8 accaduto.<\/p>\n<p>\u00c8 per questo che \u00e8 utile e importante leggere \u201cStorie di ordinaria economia\u201d di Massimo Folador pubblicato qualche settimana fa.<\/p>\n<p>Il libro raccoglie le testimonianze di 24 imprese e dei protagonisti che le animano. \u00a0Storie, racconti di uomini e donne \u2013 appunto \u2013, prima che di organizzazioni della produzione. Storie dalle quali emerge innanzitutto una predisposizione a guidare l\u2019azienda gradualmente, a tratti quasi rallentando; essere imprenditori e <em>manager <\/em>quasi avendo una vista lunga del buon padre di famiglia e soprattutto in controtendenza rispetto ai ritmi pressanti del cambiamento. Camminare invece di correre. E anche con questo, non perdere nessun appuntamento importante, arrivare puntuali ad ogni impegno aziendale.<\/p>\n<p>Il libro di Folador in circa 150 pagine fa quindi emergere le vicende di aziende che hanno deciso di mettere a bilancio il benessere del loro <em>capitale umano<\/em> e la loro capacit\u00e0 di agire socialmente sul territorio in cui operano. E non si tratta solo di realt\u00e0 piccole, sparse magari in territori sconosciuti, ai margini dell\u2019economia. Nel gran gruppo di aziende che Folador porta alla ribalta c\u2019\u00e8 di tutto.\u00a0 Pagina dopo pagina si incontrano le storie di Add Value, AIDDA, Arimondo, Assimoco, Banca Etica, Basf, Call&amp;Call, Cemon, CivitasViate, Cooperativa sociale Ai Rucc, Eurospin, GOEL, Gruppo Teddy, Gulliver, Loccioni, Manital, Nau, Ospedale di Locarno, Pedrollo,Phonetica, Sacchi, Yamamay. Cui si aggiungono le realt\u00e0 culturali e sportive dell\u2019Orchestra Sinfonica Rossini e l\u2019esperienza del Rugby Parabiago. Organizzazioni efficienti della produzione \u2013 ci mancherebbe altro -, ma gestite con un passo diverso e in comparti diversissimi che vanno dalla distribuzione alla chimica, passando per l\u2019arte e la cultura, per la finanza e la logistica oppure la sanit\u00e0.<\/p>\n<p>Scrive l\u2019autore ad un certo punto del libro cercando di sintetizzare il senso di ci\u00f2 che vi \u00e8 raccontato: \u201cCome per i contadini che ogni giorno sperimentano ci\u00f2 che serve fare perch\u00e9 il raccolto sia abbondante, predisponendo il terreno per quelli successivi, cos\u00ec anche nel mondo dell\u2019impresa oggi \u00e8 divenuto importante \u00abscrutare il terreno\u00bb dentro cui \u00abseminiamo\u00bb le nostre azioni\u201d. Bella l\u2019introduzione di Marco Girardo che, descrivendo le condizioni in cui le imprese oggi devono operare, dice della presenza di \u201cun tiro alla fune tra la fuga in avanti del mercato e la ricerca della qualit\u00e0 che richiederebbe invece tempi pi\u00f9 lunghi e un\u2019attenzione diversa\u201d.<\/p>\n<p>\u201cStorie di ordinaria economia\u201d racconta proprio come si pu\u00f2 vincere al quotidiano tiro alla fune delle imprese.<\/p><p><strong>Storie di ordinaria economia <\/strong><\/p>\n<p>Massimo Folador<\/p>\n<p>Guerini Next, 2017<\/p>\n","protected":false},"excerpt":{"rendered":"<p>In un libro 24 storie d\u2019aziende e di imprenditori che riescono a conciliare buoni bilanci e buona cultura del produrreLe impese sono fatte per davvero di donne e uomini coraggiosi. Gente che si impegna, un po\u2019 visionaria, non folle ma determinata. E\u2019 poi da queste condizioni umane che nasce e cresce la cultura d\u2019impresa che [&hellip;]<\/p>\n","protected":false},"author":1,"featured_media":69163,"comment_status":"open","ping_status":"open","sticky":false,"template":"","format":"standard","meta":{"footnotes":""},"categories":[52,58],"tags":[],"class_list":["post-52607","post","type-post","status-publish","format-standard","has-post-thumbnail","hentry","category-cultura-dimpresa","category-recensioni-libri"],"acf":[],"yoast_head":"<!-- This site is optimized with the Yoast SEO plugin v25.0 - https:\/\/yoast.com\/wordpress\/plugins\/seo\/ -->\n<title>Eccezionale ordinaria impresa - Fondazione Pirelli<\/title>\n<meta name=\"robots\" content=\"index, follow, max-snippet:-1, max-image-preview:large, max-video-preview:-1\" \/>\n<link rel=\"canonical\" href=\"https:\/\/www.fondazionepirelli.org\/it\/cultura-dimpresa\/eccezionale-ordinaria-impresa\/\" \/>\n<meta property=\"og:locale\" content=\"it_IT\" \/>\n<meta property=\"og:type\" content=\"article\" \/>\n<meta property=\"og:title\" content=\"Eccezionale ordinaria impresa - Fondazione Pirelli\" \/>\n<meta property=\"og:description\" content=\"In un libro 24 storie d\u2019aziende e di imprenditori che riescono a conciliare buoni bilanci e buona cultura del produrreLe impese sono fatte per davvero di donne e uomini coraggiosi. Gente che si impegna, un po\u2019 visionaria, non folle ma determinata. E\u2019 poi da queste condizioni umane che nasce e cresce la cultura d\u2019impresa che [&hellip;]\" \/>\n<meta property=\"og:url\" content=\"https:\/\/www.fondazionepirelli.org\/it\/cultura-dimpresa\/eccezionale-ordinaria-impresa\/\" \/>\n<meta property=\"og:site_name\" content=\"Fondazione Pirelli\" \/>\n<meta property=\"article:published_time\" content=\"2018-01-16T00:00:00+00:00\" \/>\n<meta property=\"article:modified_time\" content=\"2019-09-23T08:57:45+00:00\" \/>\n<meta property=\"og:image\" content=\"https:\/\/wpsite-assets.fondazionepirelli.org\/wp-content\/uploads\/2018\/02\/23105442\/storie-di-ordinaria-economia.jpg\" \/>\n\t<meta property=\"og:image:width\" content=\"302\" \/>\n\t<meta property=\"og:image:height\" content=\"458\" \/>\n\t<meta property=\"og:image:type\" content=\"image\/jpeg\" \/>\n<meta name=\"author\" content=\"fondadmin\" \/>\n<meta name=\"twitter:card\" content=\"summary_large_image\" \/>\n<meta name=\"twitter:label1\" content=\"Scritto da\" \/>\n\t<meta name=\"twitter:data1\" content=\"fondadmin\" \/>\n\t<meta name=\"twitter:label2\" content=\"Tempo di lettura stimato\" \/>\n\t<meta name=\"twitter:data2\" content=\"3 minuti\" \/>\n<script type=\"application\/ld+json\" class=\"yoast-schema-graph\">{\"@context\":\"https:\/\/schema.org\",\"@graph\":[{\"@type\":\"WebPage\",\"@id\":\"https:\/\/www.fondazionepirelli.org\/it\/cultura-dimpresa\/eccezionale-ordinaria-impresa\/\",\"url\":\"https:\/\/www.fondazionepirelli.org\/it\/cultura-dimpresa\/eccezionale-ordinaria-impresa\/\",\"name\":\"Eccezionale ordinaria impresa - Fondazione Pirelli\",\"isPartOf\":{\"@id\":\"https:\/\/www.fondazionepirelli.org\/it\/#website\"},\"primaryImageOfPage\":{\"@id\":\"https:\/\/www.fondazionepirelli.org\/it\/cultura-dimpresa\/eccezionale-ordinaria-impresa\/#primaryimage\"},\"image\":{\"@id\":\"https:\/\/www.fondazionepirelli.org\/it\/cultura-dimpresa\/eccezionale-ordinaria-impresa\/#primaryimage\"},\"thumbnailUrl\":\"https:\/\/wpsite-assets.fondazionepirelli.org\/wp-content\/uploads\/2018\/02\/23105442\/storie-di-ordinaria-economia.jpg\",\"datePublished\":\"2018-01-16T00:00:00+00:00\",\"dateModified\":\"2019-09-23T08:57:45+00:00\",\"author\":{\"@id\":\"https:\/\/www.fondazionepirelli.org\/it\/#\/schema\/person\/f47d097000832c4a6e54538c791fdf25\"},\"breadcrumb\":{\"@id\":\"https:\/\/www.fondazionepirelli.org\/it\/cultura-dimpresa\/eccezionale-ordinaria-impresa\/#breadcrumb\"},\"inLanguage\":\"it-IT\",\"potentialAction\":[{\"@type\":\"ReadAction\",\"target\":[\"https:\/\/www.fondazionepirelli.org\/it\/cultura-dimpresa\/eccezionale-ordinaria-impresa\/\"]}]},{\"@type\":\"ImageObject\",\"inLanguage\":\"it-IT\",\"@id\":\"https:\/\/www.fondazionepirelli.org\/it\/cultura-dimpresa\/eccezionale-ordinaria-impresa\/#primaryimage\",\"url\":\"https:\/\/wpsite-assets.fondazionepirelli.org\/wp-content\/uploads\/2018\/02\/23105442\/storie-di-ordinaria-economia.jpg\",\"contentUrl\":\"https:\/\/wpsite-assets.fondazionepirelli.org\/wp-content\/uploads\/2018\/02\/23105442\/storie-di-ordinaria-economia.jpg\",\"width\":302,\"height\":458},{\"@type\":\"BreadcrumbList\",\"@id\":\"https:\/\/www.fondazionepirelli.org\/it\/cultura-dimpresa\/eccezionale-ordinaria-impresa\/#breadcrumb\",\"itemListElement\":[{\"@type\":\"ListItem\",\"position\":1,\"name\":\"Home\",\"item\":\"https:\/\/www.fondazionepirelli.org\/it\/\"},{\"@type\":\"ListItem\",\"position\":2,\"name\":\"Eccezionale ordinaria impresa\"}]},{\"@type\":\"WebSite\",\"@id\":\"https:\/\/www.fondazionepirelli.org\/it\/#website\",\"url\":\"https:\/\/www.fondazionepirelli.org\/it\/\",\"name\":\"Fondazione Pirelli\",\"description\":\"\",\"potentialAction\":[{\"@type\":\"SearchAction\",\"target\":{\"@type\":\"EntryPoint\",\"urlTemplate\":\"https:\/\/www.fondazionepirelli.org\/it\/?s={search_term_string}\"},\"query-input\":{\"@type\":\"PropertyValueSpecification\",\"valueRequired\":true,\"valueName\":\"search_term_string\"}}],\"inLanguage\":\"it-IT\"},{\"@type\":\"Person\",\"@id\":\"https:\/\/www.fondazionepirelli.org\/it\/#\/schema\/person\/f47d097000832c4a6e54538c791fdf25\",\"name\":\"fondadmin\",\"image\":{\"@type\":\"ImageObject\",\"inLanguage\":\"it-IT\",\"@id\":\"https:\/\/www.fondazionepirelli.org\/it\/#\/schema\/person\/image\/\",\"url\":\"https:\/\/secure.gravatar.com\/avatar\/e69498a9175ca244966e51e53c88712c024fcebe41f9a05f75657f1bb25e489b?s=96&d=mm&r=g\",\"contentUrl\":\"https:\/\/secure.gravatar.com\/avatar\/e69498a9175ca244966e51e53c88712c024fcebe41f9a05f75657f1bb25e489b?s=96&d=mm&r=g\",\"caption\":\"fondadmin\"},\"url\":\"https:\/\/www.fondazionepirelli.org\/it\/author\/fondadmin\/\"}]}<\/script>\n<!-- \/ Yoast SEO plugin. -->","yoast_head_json":{"title":"Eccezionale ordinaria impresa - Fondazione Pirelli","robots":{"index":"index","follow":"follow","max-snippet":"max-snippet:-1","max-image-preview":"max-image-preview:large","max-video-preview":"max-video-preview:-1"},"canonical":"https:\/\/www.fondazionepirelli.org\/it\/cultura-dimpresa\/eccezionale-ordinaria-impresa\/","og_locale":"it_IT","og_type":"article","og_title":"Eccezionale ordinaria impresa - Fondazione Pirelli","og_description":"In un libro 24 storie d\u2019aziende e di imprenditori che riescono a conciliare buoni bilanci e buona cultura del produrreLe impese sono fatte per davvero di donne e uomini coraggiosi. Gente che si impegna, un po\u2019 visionaria, non folle ma determinata. E\u2019 poi da queste condizioni umane che nasce e cresce la cultura d\u2019impresa che [&hellip;]","og_url":"https:\/\/www.fondazionepirelli.org\/it\/cultura-dimpresa\/eccezionale-ordinaria-impresa\/","og_site_name":"Fondazione Pirelli","article_published_time":"2018-01-16T00:00:00+00:00","article_modified_time":"2019-09-23T08:57:45+00:00","og_image":[{"width":302,"height":458,"url":"https:\/\/wpsite-assets.fondazionepirelli.org\/wp-content\/uploads\/2018\/02\/23105442\/storie-di-ordinaria-economia.jpg","type":"image\/jpeg"}],"author":"fondadmin","twitter_card":"summary_large_image","twitter_misc":{"Scritto da":"fondadmin","Tempo di lettura stimato":"3 minuti"},"schema":{"@context":"https:\/\/schema.org","@graph":[{"@type":"WebPage","@id":"https:\/\/www.fondazionepirelli.org\/it\/cultura-dimpresa\/eccezionale-ordinaria-impresa\/","url":"https:\/\/www.fondazionepirelli.org\/it\/cultura-dimpresa\/eccezionale-ordinaria-impresa\/","name":"Eccezionale ordinaria impresa - Fondazione Pirelli","isPartOf":{"@id":"https:\/\/www.fondazionepirelli.org\/it\/#website"},"primaryImageOfPage":{"@id":"https:\/\/www.fondazionepirelli.org\/it\/cultura-dimpresa\/eccezionale-ordinaria-impresa\/#primaryimage"},"image":{"@id":"https:\/\/www.fondazionepirelli.org\/it\/cultura-dimpresa\/eccezionale-ordinaria-impresa\/#primaryimage"},"thumbnailUrl":"https:\/\/wpsite-assets.fondazionepirelli.org\/wp-content\/uploads\/2018\/02\/23105442\/storie-di-ordinaria-economia.jpg","datePublished":"2018-01-16T00:00:00+00:00","dateModified":"2019-09-23T08:57:45+00:00","author":{"@id":"https:\/\/www.fondazionepirelli.org\/it\/#\/schema\/person\/f47d097000832c4a6e54538c791fdf25"},"breadcrumb":{"@id":"https:\/\/www.fondazionepirelli.org\/it\/cultura-dimpresa\/eccezionale-ordinaria-impresa\/#breadcrumb"},"inLanguage":"it-IT","potentialAction":[{"@type":"ReadAction","target":["https:\/\/www.fondazionepirelli.org\/it\/cultura-dimpresa\/eccezionale-ordinaria-impresa\/"]}]},{"@type":"ImageObject","inLanguage":"it-IT","@id":"https:\/\/www.fondazionepirelli.org\/it\/cultura-dimpresa\/eccezionale-ordinaria-impresa\/#primaryimage","url":"https:\/\/wpsite-assets.fondazionepirelli.org\/wp-content\/uploads\/2018\/02\/23105442\/storie-di-ordinaria-economia.jpg","contentUrl":"https:\/\/wpsite-assets.fondazionepirelli.org\/wp-content\/uploads\/2018\/02\/23105442\/storie-di-ordinaria-economia.jpg","width":302,"height":458},{"@type":"BreadcrumbList","@id":"https:\/\/www.fondazionepirelli.org\/it\/cultura-dimpresa\/eccezionale-ordinaria-impresa\/#breadcrumb","itemListElement":[{"@type":"ListItem","position":1,"name":"Home","item":"https:\/\/www.fondazionepirelli.org\/it\/"},{"@type":"ListItem","position":2,"name":"Eccezionale ordinaria impresa"}]},{"@type":"WebSite","@id":"https:\/\/www.fondazionepirelli.org\/it\/#website","url":"https:\/\/www.fondazionepirelli.org\/it\/","name":"Fondazione Pirelli","description":"","potentialAction":[{"@type":"SearchAction","target":{"@type":"EntryPoint","urlTemplate":"https:\/\/www.fondazionepirelli.org\/it\/?s={search_term_string}"},"query-input":{"@type":"PropertyValueSpecification","valueRequired":true,"valueName":"search_term_string"}}],"inLanguage":"it-IT"},{"@type":"Person","@id":"https:\/\/www.fondazionepirelli.org\/it\/#\/schema\/person\/f47d097000832c4a6e54538c791fdf25","name":"fondadmin","image":{"@type":"ImageObject","inLanguage":"it-IT","@id":"https:\/\/www.fondazionepirelli.org\/it\/#\/schema\/person\/image\/","url":"https:\/\/secure.gravatar.com\/avatar\/e69498a9175ca244966e51e53c88712c024fcebe41f9a05f75657f1bb25e489b?s=96&d=mm&r=g","contentUrl":"https:\/\/secure.gravatar.com\/avatar\/e69498a9175ca244966e51e53c88712c024fcebe41f9a05f75657f1bb25e489b?s=96&d=mm&r=g","caption":"fondadmin"},"url":"https:\/\/www.fondazionepirelli.org\/it\/author\/fondadmin\/"}]}},"_links":{"self":[{"href":"https:\/\/www.fondazionepirelli.org\/it\/wp-json\/wp\/v2\/posts\/52607\/"}],"collection":[{"href":"https:\/\/www.fondazionepirelli.org\/it\/wp-json\/wp\/v2\/posts\/"}],"about":[{"href":"https:\/\/www.fondazionepirelli.org\/it\/wp-json\/wp\/v2\/types\/post\/"}],"author":[{"embeddable":true,"href":"https:\/\/www.fondazionepirelli.org\/it\/wp-json\/wp\/v2\/users\/1\/"}],"replies":[{"embeddable":true,"href":"https:\/\/www.fondazionepirelli.org\/it\/wp-json\/wp\/v2\/comments\/?post=52607"}],"version-history":[{"count":3,"href":"https:\/\/www.fondazionepirelli.org\/it\/wp-json\/wp\/v2\/posts\/52607\/revisions\/"}],"predecessor-version":[{"id":69183,"href":"https:\/\/www.fondazionepirelli.org\/it\/wp-json\/wp\/v2\/posts\/52607\/revisions\/69183\/"}],"wp:featuredmedia":[{"embeddable":true,"href":"https:\/\/www.fondazionepirelli.org\/it\/wp-json\/wp\/v2\/media\/69163\/"}],"wp:attachment":[{"href":"https:\/\/www.fondazionepirelli.org\/it\/wp-json\/wp\/v2\/media\/?parent=52607"}],"wp:term":[{"taxonomy":"category","embeddable":true,"href":"https:\/\/www.fondazionepirelli.org\/it\/wp-json\/wp\/v2\/categories\/?post=52607"},{"taxonomy":"post_tag","embeddable":true,"href":"https:\/\/www.fondazionepirelli.org\/it\/wp-json\/wp\/v2\/tags\/?post=52607"}],"curies":[{"name":"wp","href":"https:\/\/api.w.org\/{rel}","templated":true}]}}