{"id":52616,"date":"2018-01-09T00:00:00","date_gmt":"2018-01-09T00:00:00","guid":{"rendered":"http:\/\/www.fondazionepirelli.org\/fondazione-pirelli\/la-strada-della-sostenibilita-dimpresa\/"},"modified":"2019-09-23T10:59:36","modified_gmt":"2019-09-23T08:59:36","slug":"la-strada-della-sostenibilita-dimpresa","status":"publish","type":"post","link":"https:\/\/www.fondazionepirelli.org\/it\/cultura-dimpresa\/la-strada-della-sostenibilita-dimpresa\/","title":{"rendered":"La strada della sostenibilit\u00e0 d\u2019impresa"},"content":{"rendered":"<p><em>Un libro di Ca\u2019 Foscari sintetizza gli strumenti e lo stato dell\u2019arte dell\u2019azienda consapevole di quello che fa<\/em><\/p>\n<p><em><strong>\u00a0<\/strong><\/em><\/p>\n<p>L\u2019azienda che sceglie una gestione attenta alla compatibilit\u00e0 con l\u2019ambiente circostante (la cosiddetta sostenibilit\u00e0), finisce per diventare un\u2019impresa a tutto tondo. Attenta ai bilanci ma anche a quanto di non esattamente misurabile implica la sua attivit\u00e0. Esperienze diverse, per\u00f2, costituiscono il vero patrimonio dell\u2019impresa sostenibile; vicenda imprenditoriale che non pu\u00f2 essere costretta entro una rigida teoria, quello della sostenibilit\u00e0 d\u2019impresa \u00e8 un tema che si \u201cfa sul campo\u201d.<\/p>\n<p>\u201cL\u2019azienda sostenibile. Trend, strumenti e case study\u201d \u2013 libro curato da Marco Fasan e Stefano Bianchi \u2013, \u00e8 allora una lettura da fare per entrare meglio nelle storie di sostenibilit\u00e0 di molte realt\u00e0 produttive.<\/p>\n<p>Viene spiegato nella presentazione del volume del Rettore di Ca\u2019 Foscari: \u201cQuesta pubblicazione si focalizza su quelle organizzazioni che hanno deciso di impostare la propria azione nella prospettiva della sostenibilit\u00e0, scegliendo volontariamente di fare impresa tenendo conto del loro impatto, non solo economico ma anche sociale e ambientale e di rendicontare il proprio operato in modo trasparente e puntuale a tutti gli <em>stakeholder<\/em>. Ne esce un racconto dinamico e vivace che racconta realt\u00e0 diverse, ma tutte accomunate dallo sguardo fiero verso il futuro di chi ha scelto di operare in modo responsabile e inclusivo e ha saputo trasformare in opportunit\u00e0 per s\u00e9 e per l\u2019intera comunit\u00e0 ci\u00f2 che per altre aziende e realt\u00e0 costituisce mero adempimento\u201d. Gi\u00e0, perch\u00e9 il merito del libro (oltre all\u2019interesse generale dei suoi contenuti), \u00e8 proprio quello di far comprendere il salto di livello fra \u201cmero adempimento\u201d volto alla sostenibilit\u00e0 e qualcosa di pi\u00f9 e di diverso che le imprese possono avviare.<\/p>\n<p>Il libro si muove quindi lungo il filo della teoria e della pratica, raccontando esperienze varie di sostenibilit\u00e0 (universitarie, legate al ciclo dei rifiuti, alla comunicazione e ai servizi), e cucendole insieme. Fra gli altri, viene toccato il tema delle <em>Benefit<\/em> <em>Corporation <\/em>(viste come entit\u00e0 che\u00a0 \u201criconoscono la necessit\u00e0 di un cambio di paradigma e mirano a utilizzare il <em>business<\/em> come forza positiva di cambiamento\u201d), cos\u00ec come dell\u2019<em>Integrated Reporting<\/em> assunto come lo \u201cstandard di riferimento per il presente ed, ancora di pi\u00f9, per il futuro\u201d per quanto riguarda la rendicontazione delle attivit\u00e0 che vengono comunicate ai mercati di riferimento.<\/p>\n<p>Il libro curato da Fasan e Bianchi \u2013 che fra l\u2019altro le Edizioni Ca\u2019 Foscari mettono a disposizione libera dei lettori \u2013, \u00e8 un buon modo per capire di pi\u00f9 dell\u2019attivit\u00e0 dell\u2019impresa sostenibile e magari per metterla in pratica con maggiore consapevolezza.<\/p>\n<p><strong>\u00a0<\/strong><\/p>\n<p><strong><a href=\"http:\/\/edizionicafoscari.unive.it\/libri\/978-88-6969-202-4\/\">L\u2019azienda sostenibile. Trend, strumenti e case study<\/a><\/strong><\/p>\n<p>a cura di Marco Fasan e Stefano Bianchi<\/p>\n<p>Edizioni Ca\u2019 Foscari, 2017<\/p>","protected":false},"excerpt":{"rendered":"<p>Un libro di Ca\u2019 Foscari sintetizza gli strumenti e lo stato dell\u2019arte dell\u2019azienda consapevole di quello che fa \u00a0 L\u2019azienda che sceglie una gestione attenta alla compatibilit\u00e0 con l\u2019ambiente circostante (la cosiddetta sostenibilit\u00e0), finisce per diventare un\u2019impresa a tutto tondo. Attenta ai bilanci ma anche a quanto di non esattamente misurabile implica la sua attivit\u00e0. [&hellip;]<\/p>\n","protected":false},"author":1,"featured_media":69161,"comment_status":"open","ping_status":"open","sticky":false,"template":"","format":"standard","meta":{"footnotes":""},"categories":[52,58],"tags":[],"class_list":["post-52616","post","type-post","status-publish","format-standard","has-post-thumbnail","hentry","category-cultura-dimpresa","category-recensioni-libri"],"acf":[],"yoast_head":"<!-- This site is optimized with the Yoast SEO plugin v25.0 - https:\/\/yoast.com\/wordpress\/plugins\/seo\/ -->\n<title>La strada della sostenibilit\u00e0 d\u2019impresa - Fondazione Pirelli<\/title>\n<meta name=\"robots\" content=\"index, follow, max-snippet:-1, max-image-preview:large, max-video-preview:-1\" \/>\n<link rel=\"canonical\" href=\"https:\/\/www.fondazionepirelli.org\/it\/cultura-dimpresa\/la-strada-della-sostenibilita-dimpresa\/\" \/>\n<meta property=\"og:locale\" content=\"it_IT\" \/>\n<meta property=\"og:type\" content=\"article\" \/>\n<meta property=\"og:title\" content=\"La strada della sostenibilit\u00e0 d\u2019impresa - Fondazione Pirelli\" \/>\n<meta property=\"og:description\" content=\"Un libro di Ca\u2019 Foscari sintetizza gli strumenti e lo stato dell\u2019arte dell\u2019azienda consapevole di quello che fa \u00a0 L\u2019azienda che sceglie una gestione attenta alla compatibilit\u00e0 con l\u2019ambiente circostante (la cosiddetta sostenibilit\u00e0), finisce per diventare un\u2019impresa a tutto tondo. Attenta ai bilanci ma anche a quanto di non esattamente misurabile implica la sua attivit\u00e0. [&hellip;]\" \/>\n<meta property=\"og:url\" content=\"https:\/\/127.0.0.1\/it\/cultura-dimpresa\/la-strada-della-sostenibilita-dimpresa\/\" \/>\n<meta property=\"og:site_name\" content=\"Fondazione Pirelli\" \/>\n<meta property=\"article:published_time\" content=\"2018-01-09T00:00:00+00:00\" \/>\n<meta property=\"article:modified_time\" content=\"2019-09-23T08:59:36+00:00\" \/>\n<meta property=\"og:image\" content=\"https:\/\/wpsite-assets.fondazionepirelli.org\/wp-content\/uploads\/2018\/02\/23105440\/lazienda-sostenibile.png\" \/>\n\t<meta property=\"og:image:width\" content=\"945\" \/>\n\t<meta property=\"og:image:height\" content=\"1358\" \/>\n\t<meta property=\"og:image:type\" content=\"image\/png\" \/>\n<meta name=\"author\" content=\"fondadmin\" \/>\n<meta name=\"twitter:card\" content=\"summary_large_image\" \/>\n<meta name=\"twitter:label1\" content=\"Scritto da\" \/>\n\t<meta name=\"twitter:data1\" content=\"fondadmin\" \/>\n\t<meta name=\"twitter:label2\" content=\"Tempo di lettura stimato\" \/>\n\t<meta name=\"twitter:data2\" content=\"2 minuti\" \/>\n<script type=\"application\/ld+json\" class=\"yoast-schema-graph\">{\"@context\":\"https:\/\/schema.org\",\"@graph\":[{\"@type\":\"WebPage\",\"@id\":\"https:\/\/127.0.0.1\/it\/cultura-dimpresa\/la-strada-della-sostenibilita-dimpresa\/\",\"url\":\"https:\/\/127.0.0.1\/it\/cultura-dimpresa\/la-strada-della-sostenibilita-dimpresa\/\",\"name\":\"La strada della sostenibilit\u00e0 d\u2019impresa - Fondazione Pirelli\",\"isPartOf\":{\"@id\":\"https:\/\/www.fondazionepirelli.org\/it\/#website\"},\"primaryImageOfPage\":{\"@id\":\"https:\/\/127.0.0.1\/it\/cultura-dimpresa\/la-strada-della-sostenibilita-dimpresa\/#primaryimage\"},\"image\":{\"@id\":\"https:\/\/127.0.0.1\/it\/cultura-dimpresa\/la-strada-della-sostenibilita-dimpresa\/#primaryimage\"},\"thumbnailUrl\":\"https:\/\/wpsite-assets.fondazionepirelli.org\/wp-content\/uploads\/2018\/02\/23105440\/lazienda-sostenibile.png\",\"datePublished\":\"2018-01-09T00:00:00+00:00\",\"dateModified\":\"2019-09-23T08:59:36+00:00\",\"author\":{\"@id\":\"https:\/\/www.fondazionepirelli.org\/it\/#\/schema\/person\/f47d097000832c4a6e54538c791fdf25\"},\"breadcrumb\":{\"@id\":\"https:\/\/127.0.0.1\/it\/cultura-dimpresa\/la-strada-della-sostenibilita-dimpresa\/#breadcrumb\"},\"inLanguage\":\"it-IT\",\"potentialAction\":[{\"@type\":\"ReadAction\",\"target\":[\"https:\/\/127.0.0.1\/it\/cultura-dimpresa\/la-strada-della-sostenibilita-dimpresa\/\"]}]},{\"@type\":\"ImageObject\",\"inLanguage\":\"it-IT\",\"@id\":\"https:\/\/127.0.0.1\/it\/cultura-dimpresa\/la-strada-della-sostenibilita-dimpresa\/#primaryimage\",\"url\":\"https:\/\/wpsite-assets.fondazionepirelli.org\/wp-content\/uploads\/2018\/02\/23105440\/lazienda-sostenibile.png\",\"contentUrl\":\"https:\/\/wpsite-assets.fondazionepirelli.org\/wp-content\/uploads\/2018\/02\/23105440\/lazienda-sostenibile.png\",\"width\":945,\"height\":1358},{\"@type\":\"BreadcrumbList\",\"@id\":\"https:\/\/127.0.0.1\/it\/cultura-dimpresa\/la-strada-della-sostenibilita-dimpresa\/#breadcrumb\",\"itemListElement\":[{\"@type\":\"ListItem\",\"position\":1,\"name\":\"Home\",\"item\":\"https:\/\/www.fondazionepirelli.org\/it\/\"},{\"@type\":\"ListItem\",\"position\":2,\"name\":\"La strada della sostenibilit\u00e0 d\u2019impresa\"}]},{\"@type\":\"WebSite\",\"@id\":\"https:\/\/www.fondazionepirelli.org\/it\/#website\",\"url\":\"https:\/\/www.fondazionepirelli.org\/it\/\",\"name\":\"Fondazione Pirelli\",\"description\":\"\",\"potentialAction\":[{\"@type\":\"SearchAction\",\"target\":{\"@type\":\"EntryPoint\",\"urlTemplate\":\"https:\/\/www.fondazionepirelli.org\/it\/?s={search_term_string}\"},\"query-input\":{\"@type\":\"PropertyValueSpecification\",\"valueRequired\":true,\"valueName\":\"search_term_string\"}}],\"inLanguage\":\"it-IT\"},{\"@type\":\"Person\",\"@id\":\"https:\/\/www.fondazionepirelli.org\/it\/#\/schema\/person\/f47d097000832c4a6e54538c791fdf25\",\"name\":\"fondadmin\",\"image\":{\"@type\":\"ImageObject\",\"inLanguage\":\"it-IT\",\"@id\":\"https:\/\/www.fondazionepirelli.org\/it\/#\/schema\/person\/image\/\",\"url\":\"https:\/\/secure.gravatar.com\/avatar\/e69498a9175ca244966e51e53c88712c024fcebe41f9a05f75657f1bb25e489b?s=96&d=mm&r=g\",\"contentUrl\":\"https:\/\/secure.gravatar.com\/avatar\/e69498a9175ca244966e51e53c88712c024fcebe41f9a05f75657f1bb25e489b?s=96&d=mm&r=g\",\"caption\":\"fondadmin\"},\"url\":\"https:\/\/www.fondazionepirelli.org\/it\/author\/fondadmin\/\"}]}<\/script>\n<!-- \/ Yoast SEO plugin. -->","yoast_head_json":{"title":"La strada della sostenibilit\u00e0 d\u2019impresa - Fondazione Pirelli","robots":{"index":"index","follow":"follow","max-snippet":"max-snippet:-1","max-image-preview":"max-image-preview:large","max-video-preview":"max-video-preview:-1"},"canonical":"https:\/\/www.fondazionepirelli.org\/it\/cultura-dimpresa\/la-strada-della-sostenibilita-dimpresa\/","og_locale":"it_IT","og_type":"article","og_title":"La strada della sostenibilit\u00e0 d\u2019impresa - Fondazione Pirelli","og_description":"Un libro di Ca\u2019 Foscari sintetizza gli strumenti e lo stato dell\u2019arte dell\u2019azienda consapevole di quello che fa \u00a0 L\u2019azienda che sceglie una gestione attenta alla compatibilit\u00e0 con l\u2019ambiente circostante (la cosiddetta sostenibilit\u00e0), finisce per diventare un\u2019impresa a tutto tondo. Attenta ai bilanci ma anche a quanto di non esattamente misurabile implica la sua attivit\u00e0. [&hellip;]","og_url":"https:\/\/127.0.0.1\/it\/cultura-dimpresa\/la-strada-della-sostenibilita-dimpresa\/","og_site_name":"Fondazione Pirelli","article_published_time":"2018-01-09T00:00:00+00:00","article_modified_time":"2019-09-23T08:59:36+00:00","og_image":[{"width":945,"height":1358,"url":"https:\/\/wpsite-assets.fondazionepirelli.org\/wp-content\/uploads\/2018\/02\/23105440\/lazienda-sostenibile.png","type":"image\/png"}],"author":"fondadmin","twitter_card":"summary_large_image","twitter_misc":{"Scritto da":"fondadmin","Tempo di lettura stimato":"2 minuti"},"schema":{"@context":"https:\/\/schema.org","@graph":[{"@type":"WebPage","@id":"https:\/\/127.0.0.1\/it\/cultura-dimpresa\/la-strada-della-sostenibilita-dimpresa\/","url":"https:\/\/127.0.0.1\/it\/cultura-dimpresa\/la-strada-della-sostenibilita-dimpresa\/","name":"La strada della sostenibilit\u00e0 d\u2019impresa - Fondazione Pirelli","isPartOf":{"@id":"https:\/\/www.fondazionepirelli.org\/it\/#website"},"primaryImageOfPage":{"@id":"https:\/\/127.0.0.1\/it\/cultura-dimpresa\/la-strada-della-sostenibilita-dimpresa\/#primaryimage"},"image":{"@id":"https:\/\/127.0.0.1\/it\/cultura-dimpresa\/la-strada-della-sostenibilita-dimpresa\/#primaryimage"},"thumbnailUrl":"https:\/\/wpsite-assets.fondazionepirelli.org\/wp-content\/uploads\/2018\/02\/23105440\/lazienda-sostenibile.png","datePublished":"2018-01-09T00:00:00+00:00","dateModified":"2019-09-23T08:59:36+00:00","author":{"@id":"https:\/\/www.fondazionepirelli.org\/it\/#\/schema\/person\/f47d097000832c4a6e54538c791fdf25"},"breadcrumb":{"@id":"https:\/\/127.0.0.1\/it\/cultura-dimpresa\/la-strada-della-sostenibilita-dimpresa\/#breadcrumb"},"inLanguage":"it-IT","potentialAction":[{"@type":"ReadAction","target":["https:\/\/127.0.0.1\/it\/cultura-dimpresa\/la-strada-della-sostenibilita-dimpresa\/"]}]},{"@type":"ImageObject","inLanguage":"it-IT","@id":"https:\/\/127.0.0.1\/it\/cultura-dimpresa\/la-strada-della-sostenibilita-dimpresa\/#primaryimage","url":"https:\/\/wpsite-assets.fondazionepirelli.org\/wp-content\/uploads\/2018\/02\/23105440\/lazienda-sostenibile.png","contentUrl":"https:\/\/wpsite-assets.fondazionepirelli.org\/wp-content\/uploads\/2018\/02\/23105440\/lazienda-sostenibile.png","width":945,"height":1358},{"@type":"BreadcrumbList","@id":"https:\/\/127.0.0.1\/it\/cultura-dimpresa\/la-strada-della-sostenibilita-dimpresa\/#breadcrumb","itemListElement":[{"@type":"ListItem","position":1,"name":"Home","item":"https:\/\/www.fondazionepirelli.org\/it\/"},{"@type":"ListItem","position":2,"name":"La strada della sostenibilit\u00e0 d\u2019impresa"}]},{"@type":"WebSite","@id":"https:\/\/www.fondazionepirelli.org\/it\/#website","url":"https:\/\/www.fondazionepirelli.org\/it\/","name":"Fondazione Pirelli","description":"","potentialAction":[{"@type":"SearchAction","target":{"@type":"EntryPoint","urlTemplate":"https:\/\/www.fondazionepirelli.org\/it\/?s={search_term_string}"},"query-input":{"@type":"PropertyValueSpecification","valueRequired":true,"valueName":"search_term_string"}}],"inLanguage":"it-IT"},{"@type":"Person","@id":"https:\/\/www.fondazionepirelli.org\/it\/#\/schema\/person\/f47d097000832c4a6e54538c791fdf25","name":"fondadmin","image":{"@type":"ImageObject","inLanguage":"it-IT","@id":"https:\/\/www.fondazionepirelli.org\/it\/#\/schema\/person\/image\/","url":"https:\/\/secure.gravatar.com\/avatar\/e69498a9175ca244966e51e53c88712c024fcebe41f9a05f75657f1bb25e489b?s=96&d=mm&r=g","contentUrl":"https:\/\/secure.gravatar.com\/avatar\/e69498a9175ca244966e51e53c88712c024fcebe41f9a05f75657f1bb25e489b?s=96&d=mm&r=g","caption":"fondadmin"},"url":"https:\/\/www.fondazionepirelli.org\/it\/author\/fondadmin\/"}]}},"_links":{"self":[{"href":"https:\/\/www.fondazionepirelli.org\/it\/wp-json\/wp\/v2\/posts\/52616\/"}],"collection":[{"href":"https:\/\/www.fondazionepirelli.org\/it\/wp-json\/wp\/v2\/posts\/"}],"about":[{"href":"https:\/\/www.fondazionepirelli.org\/it\/wp-json\/wp\/v2\/types\/post\/"}],"author":[{"embeddable":true,"href":"https:\/\/www.fondazionepirelli.org\/it\/wp-json\/wp\/v2\/users\/1\/"}],"replies":[{"embeddable":true,"href":"https:\/\/www.fondazionepirelli.org\/it\/wp-json\/wp\/v2\/comments\/?post=52616"}],"version-history":[{"count":4,"href":"https:\/\/www.fondazionepirelli.org\/it\/wp-json\/wp\/v2\/posts\/52616\/revisions\/"}],"predecessor-version":[{"id":69185,"href":"https:\/\/www.fondazionepirelli.org\/it\/wp-json\/wp\/v2\/posts\/52616\/revisions\/69185\/"}],"wp:featuredmedia":[{"embeddable":true,"href":"https:\/\/www.fondazionepirelli.org\/it\/wp-json\/wp\/v2\/media\/69161\/"}],"wp:attachment":[{"href":"https:\/\/www.fondazionepirelli.org\/it\/wp-json\/wp\/v2\/media\/?parent=52616"}],"wp:term":[{"taxonomy":"category","embeddable":true,"href":"https:\/\/www.fondazionepirelli.org\/it\/wp-json\/wp\/v2\/categories\/?post=52616"},{"taxonomy":"post_tag","embeddable":true,"href":"https:\/\/www.fondazionepirelli.org\/it\/wp-json\/wp\/v2\/tags\/?post=52616"}],"curies":[{"name":"wp","href":"https:\/\/api.w.org\/{rel}","templated":true}]}}