{"id":52621,"date":"2018-01-09T00:00:00","date_gmt":"2018-01-09T00:00:00","guid":{"rendered":"http:\/\/www.fondazionepirelli.org\/fondazione-pirelli\/symbola-ritratto-dellitalia-che-lavora-ed-esporta-ma-senza-dimenticare-il-peso-del-debito-pubblico\/"},"modified":"2019-09-23T12:41:05","modified_gmt":"2019-09-23T10:41:05","slug":"symbola-ritratto-dellitalia-che-lavora-ed-esporta-ma-senza-dimenticare-il-peso-del-debito-pubblico","status":"publish","type":"post","link":"https:\/\/www.fondazionepirelli.org\/it\/cultura-dimpresa\/symbola-ritratto-dellitalia-che-lavora-ed-esporta-ma-senza-dimenticare-il-peso-del-debito-pubblico\/","title":{"rendered":"Symbola, ritratto dell\u2019Italia che lavora ed esporta ma senza dimenticare il peso del debito pubblico"},"content":{"rendered":"<p>Il 2018 \u00e8 \u201cl\u2019anno della svolta\u201d, perch\u00e9 \u201cl\u2019<strong>industria ha riacceso i motori<\/strong>\u201d, l\u2019export va meglio che mai, la crescita del Pil dell\u20191,5% del 2017 mostra di potersi ripetere sino al 2019, salgono redditi (+0,7% il reddito disponibile delle famiglie nel terzo trimestre 2017 rispetto all\u2019anno precedente), potere d\u2019acquisto (+1,1%), risparmi e investimenti, privati e pubblici. Diminuisce il carico fiscale (\u00e8 al 40,3%, il livello pi\u00f9 basso degli ultimi sei anni). I titoli de \u201cIlSole24Ore\u201d e del \u201cCorriere della Sera\u201d tra gli ultimi giorni di dicembre e i primi di gennaio sono ottimisti. Eppure in giro tira aria di scontentezza, di disagio, di crisi. Soldi in tasca ma musi lunghi. Perch\u00e9?<br \/>\nIl rapporto Ipsos <strong>\u201cPerils of perception<\/strong>\u201d mette l\u2019Italia in testa ai paesi europei per la distorta percezione di s\u00e9, al dodicesimo posto d\u2019una classifica di 38 nazioni e che vede in cima il Sud Africa, seguito da Brasile, Filippine e Per\u00f9 (i pi\u00f9 lontani dalla realt\u00e0 indicata dai dati sulla crescita economica e sociale) e all\u2019ultimo posto la Svezia, patria del maggior realismo (\u201cla Repubblica\u201d, 4 gennaio). In sintesi: ci percepiamo negativamente, ci sottostimiamo, ci raccontiamo male.<\/p>\n<p>\u00c8 una conferma delle rilevazioni dell\u2019ultimo <strong>Rapporto Censis<\/strong> che mette in evidenza l\u2019emergere di una \u201cItalia del rancore\u201d, nonostante tutti i dati economici indichino oramai da qualche tempo una crescita della ricchezza e dei posti di lavoro, pur tra rilevanti squilibri territoriali e sociali. E su cui ha ritenuto doveroso insistere anche il presidente della Repubblica <strong>Sergio Mattarella<\/strong> nel suo messaggio di fine anno, sulla necessit\u00e0 di porre un argine all\u2019Italia \u201cdel risentimento\u201d e impegnarsi invece, in politica e nella societ\u00e0, per rafforzare i dati positivi che nonostante tutto emergono nel nostro Paese.<br \/>\nChe dati? A parte quelli sul Pil e senza dimenticare il peso dei conti pubblici (il debito \u00e8 sempre troppo alto: ne parleremo meglio tra poco), vale la pena fermare l\u2019attenzione su alcuni numeri. Con l\u2019aiuto della Fondazione <strong>Symbola<\/strong> che anche quest\u2019anno pubblica il suo Rapporto su \u201c<strong>L\u2019Italia in dieci selfie<\/strong>\u201d, sul Bel Paese che funziona. Non percezioni. Ma statistiche internazionali.<br \/>\nQualche dato: nell\u2019agroalimentare siamo i primi al mondo per <strong>sostenibilit\u00e0<\/strong> (emettiamo il minor numero di tonnellate di CO2 per milioni di euro prodotti, meglio di quanto facciano Spagna e Francia, la met\u00e0 di Germania e Regno Unito) e anche la nostra produzione industriale \u00e8 la pi\u00f9 efficiente da punto di vista energetico; siamo il quarto paese al mondo per export di macchinari industriali, dopo Germania, Cina e Giappone; siamo il secondo per quote di mercato nella moda, dopo la Cina (il 40% i cinesi, il 6,6% noi, poi l\u2019India e la Germania). E ancora: siamo i primi tra i \u201cgrandi\u201d della Ue per crescita dell\u2019export della farmaceutica. In poche parole: abbiamo una solida green economy e cresciamo in settori industriali d\u2019avanguardia, la meccanica e la \u201cmeccatronica\u201d, cardine di un sistema che sta affrontando bene le sfide digitali di \u201cIndustry4.0\u201d e fa di noi, comunque, la seconda potenza manifatturiera della Ue dopo la Germania.<\/p>\n<p>L\u2019export segna ancora un record (\u201cIlSole24Ore\u201d, 30 dicembre 2017): 450 miliardi, quasi l\u20198% in pi\u00f9 che nel 2016 e con tutte le premesse (rivitalizzazione del tessuto produttivo, investimenti, scelte di politica economica del governo per affrontare meglio i mercati internazionali) perch\u00e9 si cresca ancora pure nel 2018.<br \/>\n\u201cSenza vanto di propaganda n\u00e9 ottimismo di maniera, ma nemmeno senza eccessi di pessimismo\u201d, commenta Ermete Realacci, presidente di Symbola, che anche con quei \u201cdieci selfie\u201d conferma l\u2019impegno a fare emergere \u201cl\u2019Italia che va\u201d e il ruolo delle buone imprese.<br \/>\nC\u2019\u00e8 uno \u201cstorytelling\u201d fondato sul disagio, la paura, le fragilit\u00e0 pur innegabili del Paese, in cerca di facili consensi elettorali \u201cpopulisti\u201d. E c\u2019\u00e8 anche una carenza degli attori pi\u00f9 responsabili della politica, dell\u2019economia e della cultura a rendere credibile e popolare il racconto dei tanti italiani che si impegnano, lavorano, investono, innovano, fanno di tutto per cambiare il Paese. Una sfida civile, cui fare fronte responsabilmente.<\/p>\n<p>Restano, naturalmente, i problemi, a cominciare dal debito pubblico (lo hanno giustamente ricordato Carlo Cottarelli su \u201cLa Stampa\u201d, 29 dicembre e Ferruccio De Bortoli sul \u201cCorriere della Sera\u201d il giorno dopo) e su cui quasi nessuno, tra le forze politiche alla vigilia della campagna elettorale, sembra porre la necessaria attenzione: un\u2019ipoteca sul futuro, un grave rischio scaricato irresponsabilmente sulle nuove generazioni, ancora pi\u00f9 grave in un momento in cui i tassi tendono al rialzo e la politica della Bce di Mario Draghi ispirata al \u201cquantitative easing\u201d va verso l\u2019esaurimento (rifinanziare i titoli del nostro debito, in altri termini, ci coster\u00e0 sempre di pi\u00f9, riducendo le risorse per servizi e investimenti pubblici). E quei problemi avrebbero bisogno di scelte politiche e di riforme serie e lungimiranti (altro che le campagne contro l\u2019euro e le sparate facili sul fisco indiscriminatamente leggero).<br \/>\n\u201cLa \u2018prova debito\u2019 resta il vero esame dell\u2019Italia in rimonta\u201d, nota bene un economista serio come Gianni Toniolo (\u201cIlSole24Ore\u201d, 31 dicembre). Debito da tagliare, riforme da fare, economia da rafforzare, appunto (a cominciare dal miglioramento della relazione virtuosa salari-produttivit\u00e0). La \u201crimonta\u201d, trainata dalle imprese migliori, c\u2019\u00e8 ed \u00e8 sempre pi\u00f9 evidente. Serve una buona politica. Ecco un tema vero da affrontare, proprio in campagna elettorale, fuori da facili retoriche di propaganda.<\/p>\n","protected":false},"excerpt":{"rendered":"<p>Il 2018 \u00e8 \u201cl\u2019anno della svolta\u201d, perch\u00e9 \u201cl\u2019industria ha riacceso i motori\u201d, l\u2019export va meglio che mai, la crescita del Pil dell\u20191,5% del 2017 mostra di potersi ripetere sino al 2019, salgono redditi (+0,7% il reddito disponibile delle famiglie nel terzo trimestre 2017 rispetto all\u2019anno precedente), potere d\u2019acquisto (+1,1%), risparmi e investimenti, privati e pubblici. [&hellip;]<\/p>\n","protected":false},"author":1,"featured_media":57069,"comment_status":"open","ping_status":"open","sticky":false,"template":"","format":"standard","meta":{"footnotes":""},"categories":[53,52],"tags":[],"class_list":["post-52621","post","type-post","status-publish","format-standard","has-post-thumbnail","hentry","category-blog","category-cultura-dimpresa"],"acf":[],"yoast_head":"<!-- This site is optimized with the Yoast SEO plugin v25.0 - https:\/\/yoast.com\/wordpress\/plugins\/seo\/ -->\n<title>Symbola, ritratto dell\u2019Italia che lavora ed esporta ma senza dimenticare il peso del debito pubblico - Fondazione Pirelli<\/title>\n<meta name=\"robots\" content=\"index, follow, max-snippet:-1, max-image-preview:large, max-video-preview:-1\" \/>\n<link rel=\"canonical\" href=\"https:\/\/www.fondazionepirelli.org\/it\/cultura-dimpresa\/symbola-ritratto-dellitalia-che-lavora-ed-esporta-ma-senza-dimenticare-il-peso-del-debito-pubblico\/\" \/>\n<meta property=\"og:locale\" content=\"it_IT\" \/>\n<meta property=\"og:type\" content=\"article\" \/>\n<meta property=\"og:title\" content=\"Symbola, ritratto dell\u2019Italia che lavora ed esporta ma senza dimenticare il peso del debito pubblico - Fondazione Pirelli\" \/>\n<meta property=\"og:description\" content=\"Il 2018 \u00e8 \u201cl\u2019anno della svolta\u201d, perch\u00e9 \u201cl\u2019industria ha riacceso i motori\u201d, l\u2019export va meglio che mai, la crescita del Pil dell\u20191,5% del 2017 mostra di potersi ripetere sino al 2019, salgono redditi (+0,7% il reddito disponibile delle famiglie nel terzo trimestre 2017 rispetto all\u2019anno precedente), potere d\u2019acquisto (+1,1%), risparmi e investimenti, privati e pubblici. [&hellip;]\" \/>\n<meta property=\"og:url\" content=\"https:\/\/www.fondazionepirelli.org\/it\/cultura-dimpresa\/symbola-ritratto-dellitalia-che-lavora-ed-esporta-ma-senza-dimenticare-il-peso-del-debito-pubblico\/\" \/>\n<meta property=\"og:site_name\" content=\"Fondazione Pirelli\" \/>\n<meta property=\"article:published_time\" content=\"2018-01-09T00:00:00+00:00\" \/>\n<meta property=\"article:modified_time\" content=\"2019-09-23T10:41:05+00:00\" \/>\n<meta property=\"og:image\" content=\"https:\/\/wpsite-assets.fondazionepirelli.org\/wp-content\/uploads\/2018\/01\/30163830\/PoliticaIndustriale-e1559234320479.png\" \/>\n\t<meta property=\"og:image:width\" content=\"600\" \/>\n\t<meta property=\"og:image:height\" content=\"450\" \/>\n\t<meta property=\"og:image:type\" content=\"image\/png\" \/>\n<meta name=\"author\" content=\"fondadmin\" \/>\n<meta name=\"twitter:card\" content=\"summary_large_image\" \/>\n<meta name=\"twitter:label1\" content=\"Scritto da\" \/>\n\t<meta name=\"twitter:data1\" content=\"fondadmin\" \/>\n\t<meta name=\"twitter:label2\" content=\"Tempo di lettura stimato\" \/>\n\t<meta name=\"twitter:data2\" content=\"4 minuti\" \/>\n<script type=\"application\/ld+json\" class=\"yoast-schema-graph\">{\"@context\":\"https:\/\/schema.org\",\"@graph\":[{\"@type\":\"WebPage\",\"@id\":\"https:\/\/www.fondazionepirelli.org\/it\/cultura-dimpresa\/symbola-ritratto-dellitalia-che-lavora-ed-esporta-ma-senza-dimenticare-il-peso-del-debito-pubblico\/\",\"url\":\"https:\/\/www.fondazionepirelli.org\/it\/cultura-dimpresa\/symbola-ritratto-dellitalia-che-lavora-ed-esporta-ma-senza-dimenticare-il-peso-del-debito-pubblico\/\",\"name\":\"Symbola, ritratto dell\u2019Italia che lavora ed esporta ma senza dimenticare il peso del debito pubblico - Fondazione Pirelli\",\"isPartOf\":{\"@id\":\"https:\/\/www.fondazionepirelli.org\/it\/#website\"},\"primaryImageOfPage\":{\"@id\":\"https:\/\/www.fondazionepirelli.org\/it\/cultura-dimpresa\/symbola-ritratto-dellitalia-che-lavora-ed-esporta-ma-senza-dimenticare-il-peso-del-debito-pubblico\/#primaryimage\"},\"image\":{\"@id\":\"https:\/\/www.fondazionepirelli.org\/it\/cultura-dimpresa\/symbola-ritratto-dellitalia-che-lavora-ed-esporta-ma-senza-dimenticare-il-peso-del-debito-pubblico\/#primaryimage\"},\"thumbnailUrl\":\"https:\/\/wpsite-assets.fondazionepirelli.org\/wp-content\/uploads\/2018\/01\/30163830\/PoliticaIndustriale-e1559234320479.png\",\"datePublished\":\"2018-01-09T00:00:00+00:00\",\"dateModified\":\"2019-09-23T10:41:05+00:00\",\"author\":{\"@id\":\"https:\/\/www.fondazionepirelli.org\/it\/#\/schema\/person\/f47d097000832c4a6e54538c791fdf25\"},\"breadcrumb\":{\"@id\":\"https:\/\/www.fondazionepirelli.org\/it\/cultura-dimpresa\/symbola-ritratto-dellitalia-che-lavora-ed-esporta-ma-senza-dimenticare-il-peso-del-debito-pubblico\/#breadcrumb\"},\"inLanguage\":\"it-IT\",\"potentialAction\":[{\"@type\":\"ReadAction\",\"target\":[\"https:\/\/www.fondazionepirelli.org\/it\/cultura-dimpresa\/symbola-ritratto-dellitalia-che-lavora-ed-esporta-ma-senza-dimenticare-il-peso-del-debito-pubblico\/\"]}]},{\"@type\":\"ImageObject\",\"inLanguage\":\"it-IT\",\"@id\":\"https:\/\/www.fondazionepirelli.org\/it\/cultura-dimpresa\/symbola-ritratto-dellitalia-che-lavora-ed-esporta-ma-senza-dimenticare-il-peso-del-debito-pubblico\/#primaryimage\",\"url\":\"https:\/\/wpsite-assets.fondazionepirelli.org\/wp-content\/uploads\/2018\/01\/30163830\/PoliticaIndustriale-e1559234320479.png\",\"contentUrl\":\"https:\/\/wpsite-assets.fondazionepirelli.org\/wp-content\/uploads\/2018\/01\/30163830\/PoliticaIndustriale-e1559234320479.png\",\"width\":600,\"height\":450},{\"@type\":\"BreadcrumbList\",\"@id\":\"https:\/\/www.fondazionepirelli.org\/it\/cultura-dimpresa\/symbola-ritratto-dellitalia-che-lavora-ed-esporta-ma-senza-dimenticare-il-peso-del-debito-pubblico\/#breadcrumb\",\"itemListElement\":[{\"@type\":\"ListItem\",\"position\":1,\"name\":\"Home\",\"item\":\"https:\/\/www.fondazionepirelli.org\/it\/\"},{\"@type\":\"ListItem\",\"position\":2,\"name\":\"Symbola, ritratto dell\u2019Italia che lavora ed esporta ma senza dimenticare il peso del debito pubblico\"}]},{\"@type\":\"WebSite\",\"@id\":\"https:\/\/www.fondazionepirelli.org\/it\/#website\",\"url\":\"https:\/\/www.fondazionepirelli.org\/it\/\",\"name\":\"Fondazione Pirelli\",\"description\":\"\",\"potentialAction\":[{\"@type\":\"SearchAction\",\"target\":{\"@type\":\"EntryPoint\",\"urlTemplate\":\"https:\/\/www.fondazionepirelli.org\/it\/?s={search_term_string}\"},\"query-input\":{\"@type\":\"PropertyValueSpecification\",\"valueRequired\":true,\"valueName\":\"search_term_string\"}}],\"inLanguage\":\"it-IT\"},{\"@type\":\"Person\",\"@id\":\"https:\/\/www.fondazionepirelli.org\/it\/#\/schema\/person\/f47d097000832c4a6e54538c791fdf25\",\"name\":\"fondadmin\",\"image\":{\"@type\":\"ImageObject\",\"inLanguage\":\"it-IT\",\"@id\":\"https:\/\/www.fondazionepirelli.org\/it\/#\/schema\/person\/image\/\",\"url\":\"https:\/\/secure.gravatar.com\/avatar\/e69498a9175ca244966e51e53c88712c024fcebe41f9a05f75657f1bb25e489b?s=96&d=mm&r=g\",\"contentUrl\":\"https:\/\/secure.gravatar.com\/avatar\/e69498a9175ca244966e51e53c88712c024fcebe41f9a05f75657f1bb25e489b?s=96&d=mm&r=g\",\"caption\":\"fondadmin\"},\"url\":\"https:\/\/www.fondazionepirelli.org\/it\/author\/fondadmin\/\"}]}<\/script>\n<!-- \/ Yoast SEO plugin. -->","yoast_head_json":{"title":"Symbola, ritratto dell\u2019Italia che lavora ed esporta ma senza dimenticare il peso del debito pubblico - Fondazione Pirelli","robots":{"index":"index","follow":"follow","max-snippet":"max-snippet:-1","max-image-preview":"max-image-preview:large","max-video-preview":"max-video-preview:-1"},"canonical":"https:\/\/www.fondazionepirelli.org\/it\/cultura-dimpresa\/symbola-ritratto-dellitalia-che-lavora-ed-esporta-ma-senza-dimenticare-il-peso-del-debito-pubblico\/","og_locale":"it_IT","og_type":"article","og_title":"Symbola, ritratto dell\u2019Italia che lavora ed esporta ma senza dimenticare il peso del debito pubblico - Fondazione Pirelli","og_description":"Il 2018 \u00e8 \u201cl\u2019anno della svolta\u201d, perch\u00e9 \u201cl\u2019industria ha riacceso i motori\u201d, l\u2019export va meglio che mai, la crescita del Pil dell\u20191,5% del 2017 mostra di potersi ripetere sino al 2019, salgono redditi (+0,7% il reddito disponibile delle famiglie nel terzo trimestre 2017 rispetto all\u2019anno precedente), potere d\u2019acquisto (+1,1%), risparmi e investimenti, privati e pubblici. [&hellip;]","og_url":"https:\/\/www.fondazionepirelli.org\/it\/cultura-dimpresa\/symbola-ritratto-dellitalia-che-lavora-ed-esporta-ma-senza-dimenticare-il-peso-del-debito-pubblico\/","og_site_name":"Fondazione Pirelli","article_published_time":"2018-01-09T00:00:00+00:00","article_modified_time":"2019-09-23T10:41:05+00:00","og_image":[{"width":600,"height":450,"url":"https:\/\/wpsite-assets.fondazionepirelli.org\/wp-content\/uploads\/2018\/01\/30163830\/PoliticaIndustriale-e1559234320479.png","type":"image\/png"}],"author":"fondadmin","twitter_card":"summary_large_image","twitter_misc":{"Scritto da":"fondadmin","Tempo di lettura stimato":"4 minuti"},"schema":{"@context":"https:\/\/schema.org","@graph":[{"@type":"WebPage","@id":"https:\/\/www.fondazionepirelli.org\/it\/cultura-dimpresa\/symbola-ritratto-dellitalia-che-lavora-ed-esporta-ma-senza-dimenticare-il-peso-del-debito-pubblico\/","url":"https:\/\/www.fondazionepirelli.org\/it\/cultura-dimpresa\/symbola-ritratto-dellitalia-che-lavora-ed-esporta-ma-senza-dimenticare-il-peso-del-debito-pubblico\/","name":"Symbola, ritratto dell\u2019Italia che lavora ed esporta ma senza dimenticare il peso del debito pubblico - Fondazione Pirelli","isPartOf":{"@id":"https:\/\/www.fondazionepirelli.org\/it\/#website"},"primaryImageOfPage":{"@id":"https:\/\/www.fondazionepirelli.org\/it\/cultura-dimpresa\/symbola-ritratto-dellitalia-che-lavora-ed-esporta-ma-senza-dimenticare-il-peso-del-debito-pubblico\/#primaryimage"},"image":{"@id":"https:\/\/www.fondazionepirelli.org\/it\/cultura-dimpresa\/symbola-ritratto-dellitalia-che-lavora-ed-esporta-ma-senza-dimenticare-il-peso-del-debito-pubblico\/#primaryimage"},"thumbnailUrl":"https:\/\/wpsite-assets.fondazionepirelli.org\/wp-content\/uploads\/2018\/01\/30163830\/PoliticaIndustriale-e1559234320479.png","datePublished":"2018-01-09T00:00:00+00:00","dateModified":"2019-09-23T10:41:05+00:00","author":{"@id":"https:\/\/www.fondazionepirelli.org\/it\/#\/schema\/person\/f47d097000832c4a6e54538c791fdf25"},"breadcrumb":{"@id":"https:\/\/www.fondazionepirelli.org\/it\/cultura-dimpresa\/symbola-ritratto-dellitalia-che-lavora-ed-esporta-ma-senza-dimenticare-il-peso-del-debito-pubblico\/#breadcrumb"},"inLanguage":"it-IT","potentialAction":[{"@type":"ReadAction","target":["https:\/\/www.fondazionepirelli.org\/it\/cultura-dimpresa\/symbola-ritratto-dellitalia-che-lavora-ed-esporta-ma-senza-dimenticare-il-peso-del-debito-pubblico\/"]}]},{"@type":"ImageObject","inLanguage":"it-IT","@id":"https:\/\/www.fondazionepirelli.org\/it\/cultura-dimpresa\/symbola-ritratto-dellitalia-che-lavora-ed-esporta-ma-senza-dimenticare-il-peso-del-debito-pubblico\/#primaryimage","url":"https:\/\/wpsite-assets.fondazionepirelli.org\/wp-content\/uploads\/2018\/01\/30163830\/PoliticaIndustriale-e1559234320479.png","contentUrl":"https:\/\/wpsite-assets.fondazionepirelli.org\/wp-content\/uploads\/2018\/01\/30163830\/PoliticaIndustriale-e1559234320479.png","width":600,"height":450},{"@type":"BreadcrumbList","@id":"https:\/\/www.fondazionepirelli.org\/it\/cultura-dimpresa\/symbola-ritratto-dellitalia-che-lavora-ed-esporta-ma-senza-dimenticare-il-peso-del-debito-pubblico\/#breadcrumb","itemListElement":[{"@type":"ListItem","position":1,"name":"Home","item":"https:\/\/www.fondazionepirelli.org\/it\/"},{"@type":"ListItem","position":2,"name":"Symbola, ritratto dell\u2019Italia che lavora ed esporta ma senza dimenticare il peso del debito pubblico"}]},{"@type":"WebSite","@id":"https:\/\/www.fondazionepirelli.org\/it\/#website","url":"https:\/\/www.fondazionepirelli.org\/it\/","name":"Fondazione Pirelli","description":"","potentialAction":[{"@type":"SearchAction","target":{"@type":"EntryPoint","urlTemplate":"https:\/\/www.fondazionepirelli.org\/it\/?s={search_term_string}"},"query-input":{"@type":"PropertyValueSpecification","valueRequired":true,"valueName":"search_term_string"}}],"inLanguage":"it-IT"},{"@type":"Person","@id":"https:\/\/www.fondazionepirelli.org\/it\/#\/schema\/person\/f47d097000832c4a6e54538c791fdf25","name":"fondadmin","image":{"@type":"ImageObject","inLanguage":"it-IT","@id":"https:\/\/www.fondazionepirelli.org\/it\/#\/schema\/person\/image\/","url":"https:\/\/secure.gravatar.com\/avatar\/e69498a9175ca244966e51e53c88712c024fcebe41f9a05f75657f1bb25e489b?s=96&d=mm&r=g","contentUrl":"https:\/\/secure.gravatar.com\/avatar\/e69498a9175ca244966e51e53c88712c024fcebe41f9a05f75657f1bb25e489b?s=96&d=mm&r=g","caption":"fondadmin"},"url":"https:\/\/www.fondazionepirelli.org\/it\/author\/fondadmin\/"}]}},"_links":{"self":[{"href":"https:\/\/www.fondazionepirelli.org\/it\/wp-json\/wp\/v2\/posts\/52621\/"}],"collection":[{"href":"https:\/\/www.fondazionepirelli.org\/it\/wp-json\/wp\/v2\/posts\/"}],"about":[{"href":"https:\/\/www.fondazionepirelli.org\/it\/wp-json\/wp\/v2\/types\/post\/"}],"author":[{"embeddable":true,"href":"https:\/\/www.fondazionepirelli.org\/it\/wp-json\/wp\/v2\/users\/1\/"}],"replies":[{"embeddable":true,"href":"https:\/\/www.fondazionepirelli.org\/it\/wp-json\/wp\/v2\/comments\/?post=52621"}],"version-history":[{"count":3,"href":"https:\/\/www.fondazionepirelli.org\/it\/wp-json\/wp\/v2\/posts\/52621\/revisions\/"}],"predecessor-version":[{"id":69205,"href":"https:\/\/www.fondazionepirelli.org\/it\/wp-json\/wp\/v2\/posts\/52621\/revisions\/69205\/"}],"wp:featuredmedia":[{"embeddable":true,"href":"https:\/\/www.fondazionepirelli.org\/it\/wp-json\/wp\/v2\/media\/57069\/"}],"wp:attachment":[{"href":"https:\/\/www.fondazionepirelli.org\/it\/wp-json\/wp\/v2\/media\/?parent=52621"}],"wp:term":[{"taxonomy":"category","embeddable":true,"href":"https:\/\/www.fondazionepirelli.org\/it\/wp-json\/wp\/v2\/categories\/?post=52621"},{"taxonomy":"post_tag","embeddable":true,"href":"https:\/\/www.fondazionepirelli.org\/it\/wp-json\/wp\/v2\/tags\/?post=52621"}],"curies":[{"name":"wp","href":"https:\/\/api.w.org\/{rel}","templated":true}]}}