{"id":52827,"date":"2019-04-30T00:00:00","date_gmt":"2019-04-30T00:00:00","guid":{"rendered":"http:\/\/www.fondazionepirelli.org\/fondazione-pirelli\/al-di-la-della-percezione-della-realta\/"},"modified":"2019-08-06T14:32:56","modified_gmt":"2019-08-06T14:32:56","slug":"al-di-la-della-percezione-della-realta","status":"publish","type":"post","link":"https:\/\/www.fondazionepirelli.org\/it\/cultura-dimpresa\/al-di-la-della-percezione-della-realta\/","title":{"rendered":"Al di l\u00e0 della percezione della realt\u00e0"},"content":{"rendered":"<p><em>In un libro il racconto delle modalit\u00e0 di costruzione e della qualit\u00e0 dell\u2019informazione economica<\/em><\/p>\n<p><strong>\u00a0<\/strong><\/p>\n<p>Le imprese si muovono in un ambiente nel quale la conoscenza corretta dei fatti \u00e8 sempre pi\u00f9 importante. E non si tratta solamente di una questione legata ai bilanci (da far chiudere in positivo), ma anche di una serie di temi che toccano la responsabilit\u00e0 sociale delle organizzazioni della produzione, l\u2019agire dei singoli imprenditori, le decisioni dei <em>manager <\/em>\u00a0aziendali, le reazioni dei mercati, gli umori dei consumatori, l\u2019atteggiamento dei lavoratori, gli effetti sull\u2019ambiente dell\u2019agire produttivo. \u201cConoscere per deliberare\u201d, scriveva un grande economista ma anche un acuto osservatore della realt\u00e0 come Luigi Einaudi. \u00a0L\u2019affermazione valeva \u2013 e vale -, non solo per i governi ma anche per le imprese. Il problema allora diventa quello di avere gli strumenti e le capacit\u00e0 per conoscere correttamente ci\u00f2 che accade. Anche attorno (e dentro) le organizzazioni della produzione.<\/p>\n<p>Leggere \u201cL&#8217;economia percepita. Dati, comunicazione e consenso nell&#8217;era digitale\u201d, scritto da Roberto Basso e Dino Pesole e appena pubblicato, serve molto per dotarsi proprio di quegli strumenti e di quelle capacit\u00e0 delle quali si \u00e8 appena detto.<\/p>\n<p>Basso e Pesole ragionano partendo da due punti di vista diversi eppure paralleli: quello del comunicatore istituzionale (il primo) e quello del giornalista economico (il secondo). Oggetto del ragionamento \u00e8 il nodo di temi e problemi che caratterizza oggi l\u2019informazione economica: le sue caratteristiche, la sua qualit\u00e0, i suoi effetti sulle decisioni (politiche prima di tutto ma non solo), le sue cause, il suo peso sugli atteggiamenti e sulle opinioni di ognuno di noi. Tutto partendo dalla constatazione della presenza di una distorsione percettiva della realt\u00e0 determinata, appunto, dal tipo di informazione che circola.<\/p>\n<p>Basso e Pesole ripercorrono quindi le trasformazioni della nostra epoca che hanno contribuito a disorientare i cittadini, indagano il fenomeno dell\u2019insofferenza contro il sapere, il ruolo spesso ansiogeno dell\u2019informazione, la difficolt\u00e0 di affermare un modello di comunicazione basato su dati oggettivi, a fronte di una politica che accorcia sempre di pi\u00f9 il proprio sguardo verso la prossima scadenza elettorale. \u00a0I due non ragionano solamente dal punto di vista teorico, ma attingono anche dalla loro esperienza di lavoro\u00a0 e analizzando quindi il cosiddetto ciclo della notizia, cos\u00ec come l\u2019atteggiamento e le reazioni dei gruppi sociali di fronte all\u2019informazione per arrivare a ricostruire l\u2019impatto della disinformazione e delle <em>fake<\/em> <em>news<\/em> sull\u2019opinione pubblica, ma anche quello delle false illusioni ingenerate da proposte economiche irrealizzabili, sebbene presentate in nome dell\u2019interesse degli elettori.<\/p>\n<p>Il libro racconta dei rapporti fra classi dirigenti e informazione, spiega come si formano le notizie oggi, illustra il peso dei nuovi strumenti\u00a0 e canali di comunicazione. Chiude il tutto l\u2019indicazione di una serie di possibili mezzi per governare meglio ci\u00f2 che sta accadendo fra informazione, opinione pubblica e politica.<\/p>\n<p>Leggere la fatica letteraria di Basso e Pesole, \u00e8 cosa buona per \u00a0chi \u00a0voglia iniziare a dotarsi di qualche strumento in pi\u00f9 per comprendere meglio la realt\u00e0 oltre che semplicemente percepirla.<\/p><p><strong>L&#8217;economia percepita. <\/strong><strong>Dati, comunicazione e consenso nell&#8217;era digitale<\/strong><\/p>\n<p>Roberto Basso, Dino Pesole<\/p>\n<p>Donzelli, 2019<\/p>\n","protected":false},"excerpt":{"rendered":"<p>In un libro il racconto delle modalit\u00e0 di costruzione e della qualit\u00e0 dell\u2019informazione economica \u00a0 Le imprese si muovono in un ambiente nel quale la conoscenza corretta dei fatti \u00e8 sempre pi\u00f9 importante. E non si tratta solamente di una questione legata ai bilanci (da far chiudere in positivo), ma anche di una serie di [&hellip;]<\/p>\n","protected":false},"author":1,"featured_media":52828,"comment_status":"open","ping_status":"open","sticky":false,"template":"","format":"standard","meta":{"footnotes":""},"categories":[52,58],"tags":[],"class_list":["post-52827","post","type-post","status-publish","format-standard","has-post-thumbnail","hentry","category-cultura-dimpresa","category-recensioni-libri"],"acf":[],"yoast_head":"<!-- This site is optimized with the Yoast SEO plugin v25.0 - https:\/\/yoast.com\/wordpress\/plugins\/seo\/ -->\n<title>Al di l\u00e0 della percezione della realt\u00e0 - Fondazione Pirelli<\/title>\n<meta name=\"robots\" content=\"index, follow, max-snippet:-1, max-image-preview:large, max-video-preview:-1\" \/>\n<link rel=\"canonical\" href=\"https:\/\/www.fondazionepirelli.org\/it\/cultura-dimpresa\/al-di-la-della-percezione-della-realta\/\" \/>\n<meta property=\"og:locale\" content=\"it_IT\" \/>\n<meta property=\"og:type\" content=\"article\" \/>\n<meta property=\"og:title\" content=\"Al di l\u00e0 della percezione della realt\u00e0 - Fondazione Pirelli\" \/>\n<meta property=\"og:description\" content=\"In un libro il racconto delle modalit\u00e0 di costruzione e della qualit\u00e0 dell\u2019informazione economica \u00a0 Le imprese si muovono in un ambiente nel quale la conoscenza corretta dei fatti \u00e8 sempre pi\u00f9 importante. E non si tratta solamente di una questione legata ai bilanci (da far chiudere in positivo), ma anche di una serie di [&hellip;]\" \/>\n<meta property=\"og:url\" content=\"https:\/\/www.fondazionepirelli.org\/it\/cultura-dimpresa\/al-di-la-della-percezione-della-realta\/\" \/>\n<meta property=\"og:site_name\" content=\"Fondazione Pirelli\" \/>\n<meta property=\"article:published_time\" content=\"2019-04-30T00:00:00+00:00\" \/>\n<meta property=\"article:modified_time\" content=\"2019-08-06T14:32:56+00:00\" \/>\n<meta property=\"og:image\" content=\"https:\/\/wpsite-assets.fondazionepirelli.org\/wp-content\/uploads\/2019\/05\/20101154\/economia-percepita.jpg\" \/>\n\t<meta property=\"og:image:width\" content=\"307\" \/>\n\t<meta property=\"og:image:height\" content=\"446\" \/>\n\t<meta property=\"og:image:type\" content=\"image\/jpeg\" \/>\n<meta name=\"author\" content=\"fondadmin\" \/>\n<meta name=\"twitter:card\" content=\"summary_large_image\" \/>\n<meta name=\"twitter:label1\" content=\"Scritto da\" \/>\n\t<meta name=\"twitter:data1\" content=\"fondadmin\" \/>\n\t<meta name=\"twitter:label2\" content=\"Tempo di lettura stimato\" \/>\n\t<meta name=\"twitter:data2\" content=\"3 minuti\" \/>\n<script type=\"application\/ld+json\" class=\"yoast-schema-graph\">{\"@context\":\"https:\/\/schema.org\",\"@graph\":[{\"@type\":\"WebPage\",\"@id\":\"https:\/\/www.fondazionepirelli.org\/it\/cultura-dimpresa\/al-di-la-della-percezione-della-realta\/\",\"url\":\"https:\/\/www.fondazionepirelli.org\/it\/cultura-dimpresa\/al-di-la-della-percezione-della-realta\/\",\"name\":\"Al di l\u00e0 della percezione della realt\u00e0 - Fondazione Pirelli\",\"isPartOf\":{\"@id\":\"https:\/\/www.fondazionepirelli.org\/it\/#website\"},\"primaryImageOfPage\":{\"@id\":\"https:\/\/www.fondazionepirelli.org\/it\/cultura-dimpresa\/al-di-la-della-percezione-della-realta\/#primaryimage\"},\"image\":{\"@id\":\"https:\/\/www.fondazionepirelli.org\/it\/cultura-dimpresa\/al-di-la-della-percezione-della-realta\/#primaryimage\"},\"thumbnailUrl\":\"https:\/\/wpsite-assets.fondazionepirelli.org\/wp-content\/uploads\/2019\/05\/20101154\/economia-percepita.jpg\",\"datePublished\":\"2019-04-30T00:00:00+00:00\",\"dateModified\":\"2019-08-06T14:32:56+00:00\",\"author\":{\"@id\":\"https:\/\/www.fondazionepirelli.org\/it\/#\/schema\/person\/f47d097000832c4a6e54538c791fdf25\"},\"breadcrumb\":{\"@id\":\"https:\/\/www.fondazionepirelli.org\/it\/cultura-dimpresa\/al-di-la-della-percezione-della-realta\/#breadcrumb\"},\"inLanguage\":\"it-IT\",\"potentialAction\":[{\"@type\":\"ReadAction\",\"target\":[\"https:\/\/www.fondazionepirelli.org\/it\/cultura-dimpresa\/al-di-la-della-percezione-della-realta\/\"]}]},{\"@type\":\"ImageObject\",\"inLanguage\":\"it-IT\",\"@id\":\"https:\/\/www.fondazionepirelli.org\/it\/cultura-dimpresa\/al-di-la-della-percezione-della-realta\/#primaryimage\",\"url\":\"https:\/\/wpsite-assets.fondazionepirelli.org\/wp-content\/uploads\/2019\/05\/20101154\/economia-percepita.jpg\",\"contentUrl\":\"https:\/\/wpsite-assets.fondazionepirelli.org\/wp-content\/uploads\/2019\/05\/20101154\/economia-percepita.jpg\",\"width\":307,\"height\":446},{\"@type\":\"BreadcrumbList\",\"@id\":\"https:\/\/www.fondazionepirelli.org\/it\/cultura-dimpresa\/al-di-la-della-percezione-della-realta\/#breadcrumb\",\"itemListElement\":[{\"@type\":\"ListItem\",\"position\":1,\"name\":\"Home\",\"item\":\"https:\/\/www.fondazionepirelli.org\/it\/\"},{\"@type\":\"ListItem\",\"position\":2,\"name\":\"Al di l\u00e0 della percezione della realt\u00e0\"}]},{\"@type\":\"WebSite\",\"@id\":\"https:\/\/www.fondazionepirelli.org\/it\/#website\",\"url\":\"https:\/\/www.fondazionepirelli.org\/it\/\",\"name\":\"Fondazione Pirelli\",\"description\":\"\",\"potentialAction\":[{\"@type\":\"SearchAction\",\"target\":{\"@type\":\"EntryPoint\",\"urlTemplate\":\"https:\/\/www.fondazionepirelli.org\/it\/?s={search_term_string}\"},\"query-input\":{\"@type\":\"PropertyValueSpecification\",\"valueRequired\":true,\"valueName\":\"search_term_string\"}}],\"inLanguage\":\"it-IT\"},{\"@type\":\"Person\",\"@id\":\"https:\/\/www.fondazionepirelli.org\/it\/#\/schema\/person\/f47d097000832c4a6e54538c791fdf25\",\"name\":\"fondadmin\",\"image\":{\"@type\":\"ImageObject\",\"inLanguage\":\"it-IT\",\"@id\":\"https:\/\/www.fondazionepirelli.org\/it\/#\/schema\/person\/image\/\",\"url\":\"https:\/\/secure.gravatar.com\/avatar\/e69498a9175ca244966e51e53c88712c024fcebe41f9a05f75657f1bb25e489b?s=96&d=mm&r=g\",\"contentUrl\":\"https:\/\/secure.gravatar.com\/avatar\/e69498a9175ca244966e51e53c88712c024fcebe41f9a05f75657f1bb25e489b?s=96&d=mm&r=g\",\"caption\":\"fondadmin\"},\"url\":\"https:\/\/www.fondazionepirelli.org\/it\/author\/fondadmin\/\"}]}<\/script>\n<!-- \/ Yoast SEO plugin. -->","yoast_head_json":{"title":"Al di l\u00e0 della percezione della realt\u00e0 - Fondazione Pirelli","robots":{"index":"index","follow":"follow","max-snippet":"max-snippet:-1","max-image-preview":"max-image-preview:large","max-video-preview":"max-video-preview:-1"},"canonical":"https:\/\/www.fondazionepirelli.org\/it\/cultura-dimpresa\/al-di-la-della-percezione-della-realta\/","og_locale":"it_IT","og_type":"article","og_title":"Al di l\u00e0 della percezione della realt\u00e0 - Fondazione Pirelli","og_description":"In un libro il racconto delle modalit\u00e0 di costruzione e della qualit\u00e0 dell\u2019informazione economica \u00a0 Le imprese si muovono in un ambiente nel quale la conoscenza corretta dei fatti \u00e8 sempre pi\u00f9 importante. E non si tratta solamente di una questione legata ai bilanci (da far chiudere in positivo), ma anche di una serie di [&hellip;]","og_url":"https:\/\/www.fondazionepirelli.org\/it\/cultura-dimpresa\/al-di-la-della-percezione-della-realta\/","og_site_name":"Fondazione Pirelli","article_published_time":"2019-04-30T00:00:00+00:00","article_modified_time":"2019-08-06T14:32:56+00:00","og_image":[{"width":307,"height":446,"url":"https:\/\/wpsite-assets.fondazionepirelli.org\/wp-content\/uploads\/2019\/05\/20101154\/economia-percepita.jpg","type":"image\/jpeg"}],"author":"fondadmin","twitter_card":"summary_large_image","twitter_misc":{"Scritto da":"fondadmin","Tempo di lettura stimato":"3 minuti"},"schema":{"@context":"https:\/\/schema.org","@graph":[{"@type":"WebPage","@id":"https:\/\/www.fondazionepirelli.org\/it\/cultura-dimpresa\/al-di-la-della-percezione-della-realta\/","url":"https:\/\/www.fondazionepirelli.org\/it\/cultura-dimpresa\/al-di-la-della-percezione-della-realta\/","name":"Al di l\u00e0 della percezione della realt\u00e0 - Fondazione Pirelli","isPartOf":{"@id":"https:\/\/www.fondazionepirelli.org\/it\/#website"},"primaryImageOfPage":{"@id":"https:\/\/www.fondazionepirelli.org\/it\/cultura-dimpresa\/al-di-la-della-percezione-della-realta\/#primaryimage"},"image":{"@id":"https:\/\/www.fondazionepirelli.org\/it\/cultura-dimpresa\/al-di-la-della-percezione-della-realta\/#primaryimage"},"thumbnailUrl":"https:\/\/wpsite-assets.fondazionepirelli.org\/wp-content\/uploads\/2019\/05\/20101154\/economia-percepita.jpg","datePublished":"2019-04-30T00:00:00+00:00","dateModified":"2019-08-06T14:32:56+00:00","author":{"@id":"https:\/\/www.fondazionepirelli.org\/it\/#\/schema\/person\/f47d097000832c4a6e54538c791fdf25"},"breadcrumb":{"@id":"https:\/\/www.fondazionepirelli.org\/it\/cultura-dimpresa\/al-di-la-della-percezione-della-realta\/#breadcrumb"},"inLanguage":"it-IT","potentialAction":[{"@type":"ReadAction","target":["https:\/\/www.fondazionepirelli.org\/it\/cultura-dimpresa\/al-di-la-della-percezione-della-realta\/"]}]},{"@type":"ImageObject","inLanguage":"it-IT","@id":"https:\/\/www.fondazionepirelli.org\/it\/cultura-dimpresa\/al-di-la-della-percezione-della-realta\/#primaryimage","url":"https:\/\/wpsite-assets.fondazionepirelli.org\/wp-content\/uploads\/2019\/05\/20101154\/economia-percepita.jpg","contentUrl":"https:\/\/wpsite-assets.fondazionepirelli.org\/wp-content\/uploads\/2019\/05\/20101154\/economia-percepita.jpg","width":307,"height":446},{"@type":"BreadcrumbList","@id":"https:\/\/www.fondazionepirelli.org\/it\/cultura-dimpresa\/al-di-la-della-percezione-della-realta\/#breadcrumb","itemListElement":[{"@type":"ListItem","position":1,"name":"Home","item":"https:\/\/www.fondazionepirelli.org\/it\/"},{"@type":"ListItem","position":2,"name":"Al di l\u00e0 della percezione della realt\u00e0"}]},{"@type":"WebSite","@id":"https:\/\/www.fondazionepirelli.org\/it\/#website","url":"https:\/\/www.fondazionepirelli.org\/it\/","name":"Fondazione Pirelli","description":"","potentialAction":[{"@type":"SearchAction","target":{"@type":"EntryPoint","urlTemplate":"https:\/\/www.fondazionepirelli.org\/it\/?s={search_term_string}"},"query-input":{"@type":"PropertyValueSpecification","valueRequired":true,"valueName":"search_term_string"}}],"inLanguage":"it-IT"},{"@type":"Person","@id":"https:\/\/www.fondazionepirelli.org\/it\/#\/schema\/person\/f47d097000832c4a6e54538c791fdf25","name":"fondadmin","image":{"@type":"ImageObject","inLanguage":"it-IT","@id":"https:\/\/www.fondazionepirelli.org\/it\/#\/schema\/person\/image\/","url":"https:\/\/secure.gravatar.com\/avatar\/e69498a9175ca244966e51e53c88712c024fcebe41f9a05f75657f1bb25e489b?s=96&d=mm&r=g","contentUrl":"https:\/\/secure.gravatar.com\/avatar\/e69498a9175ca244966e51e53c88712c024fcebe41f9a05f75657f1bb25e489b?s=96&d=mm&r=g","caption":"fondadmin"},"url":"https:\/\/www.fondazionepirelli.org\/it\/author\/fondadmin\/"}]}},"_links":{"self":[{"href":"https:\/\/www.fondazionepirelli.org\/it\/wp-json\/wp\/v2\/posts\/52827\/"}],"collection":[{"href":"https:\/\/www.fondazionepirelli.org\/it\/wp-json\/wp\/v2\/posts\/"}],"about":[{"href":"https:\/\/www.fondazionepirelli.org\/it\/wp-json\/wp\/v2\/types\/post\/"}],"author":[{"embeddable":true,"href":"https:\/\/www.fondazionepirelli.org\/it\/wp-json\/wp\/v2\/users\/1\/"}],"replies":[{"embeddable":true,"href":"https:\/\/www.fondazionepirelli.org\/it\/wp-json\/wp\/v2\/comments\/?post=52827"}],"version-history":[{"count":5,"href":"https:\/\/www.fondazionepirelli.org\/it\/wp-json\/wp\/v2\/posts\/52827\/revisions\/"}],"predecessor-version":[{"id":66607,"href":"https:\/\/www.fondazionepirelli.org\/it\/wp-json\/wp\/v2\/posts\/52827\/revisions\/66607\/"}],"wp:featuredmedia":[{"embeddable":true,"href":"https:\/\/www.fondazionepirelli.org\/it\/wp-json\/wp\/v2\/media\/52828\/"}],"wp:attachment":[{"href":"https:\/\/www.fondazionepirelli.org\/it\/wp-json\/wp\/v2\/media\/?parent=52827"}],"wp:term":[{"taxonomy":"category","embeddable":true,"href":"https:\/\/www.fondazionepirelli.org\/it\/wp-json\/wp\/v2\/categories\/?post=52827"},{"taxonomy":"post_tag","embeddable":true,"href":"https:\/\/www.fondazionepirelli.org\/it\/wp-json\/wp\/v2\/tags\/?post=52827"}],"curies":[{"name":"wp","href":"https:\/\/api.w.org\/{rel}","templated":true}]}}