{"id":52851,"date":"2019-04-02T00:00:00","date_gmt":"2019-04-02T00:00:00","guid":{"rendered":"http:\/\/www.fondazionepirelli.org\/fondazione-pirelli\/la-cultura-dellimpresa-4-0\/"},"modified":"2019-06-10T15:23:06","modified_gmt":"2019-06-10T15:23:06","slug":"la-cultura-dellimpresa-4-0","status":"publish","type":"post","link":"https:\/\/www.fondazionepirelli.org\/it\/cultura-dimpresa\/la-cultura-dellimpresa-4-0\/","title":{"rendered":"La cultura dell\u2019impresa 4.0"},"content":{"rendered":"<p><em>Analizzati aspetti operativi e di metodo dell\u2019attuale innovazione tecnologica<\/em><\/p>\n<p><strong>\u00a0<\/strong><\/p>\n<p>Imprese di fronte a quelle che nel comune parlare si chiamano \u201csfide tecnologiche\u201d. Storia vecchia eppure attualissima. L\u2019innovazione \u2013 in altri termini -, che \u00e8 sempre esistita e che nel corso dei secoli ha avuto accelerazioni e frenate e che oggi, fra i tanti modi, viene indicata oggi come Impresa 4.0. Le risposte al nuovo sono importanti, ed \u00e8 anche importante analizzarne il senso e la portata. E\u2019 questione di possibilit\u00e0 di sviluppo, cos\u00ec come di cultura del produrre che cambia. Per questo \u00e8 interessante leggere \u201cLe nuove sfide tecnologiche e le principali risposte della politica industriale\u201d, studio scritto a quattro mani da Marco Calabr\u00f2 e da Paolo Carnazza (della Direzione Generale per la politica industriale, la competitivit\u00e0 e le piccole, medie imprese &#8211; Ministero dello Sviluppo economico) e presentato pochi giorni fa al XVII Workshop annuale organizzato dalla Societ\u00e0 italiana di Economia e Politica industriale.<\/p>\n<p>Obiettivo dell\u2019intervento \u00e8 quello di analizzare il Piano Nazionale Impresa 4.0, presentato nel settembre 2016 dal Ministro dello Sviluppo economico, \u201cevidenziandone le linee direttrici e finalit\u00e0 e le principali misure che hanno avuto attuazione nelle tre successive leggi di bilancio 2017-2019\u201d. Successivamente l\u2019articolo fornisce alcune \u201cstime sull\u2019impatto del Piano sotto il profilo macroeconomico e in relazione ai giudizi espressi da un campione di imprese sulla base di un\u2019indagine qualitativa svolta dall\u2019ISTAT\u201d. Successivamente, altri risultati di Impresa 4.0 vengono studiati attraverso un\u2019indagine realizzata dal MET per conto del MiSE, tra il mese di ottobre 2017 e il mese di febbraio del 2018.<\/p>\n<p>Tutto \u00e8 funzionale al tentativo di capire quali siano state le effettive risposte del sistema industriale italiano ad un intervento cos\u00ec complesso come Impresa 4.0.<\/p>\n<p>E le conclusioni alle quali Calabr\u00f2 e Carnazza arrivano sono diverse. Al di l\u00e0 della valutazione positiva degli interventi effettuati, emergono anche aspetti nuovi nelle relazioni fra sistema industriale e innovazione che devono essere studiati con grande attenzione. In particolare, emergono cinque temi \u201ccritici\u201d: la sicurezza informatica, la <em>\u00a0privacy, <\/em>nuove questioni etiche, nuove forme di alienazione e il tema della diseguaglianza. Si tratta di altrettanti profili di studio che vanno di pari passo con il tratto forse pi\u00f9 determinante di Impresa 4.0: il significato profondamente culturale di quanto sta avvenendo.<\/p><p><strong>Le nuove sfide tecnologiche e le principali risposte della politica industriale <\/strong><\/p>\n<p>Marco Calabr\u00f2, Paolo Carnazza<\/p>\n<p>XVII Workshop annuale organizzato dalla Societ\u00e0 italiana di Economia e Politica industriale (Roma, 31 gennaio\/1 febbraio 2019)<\/p><p><strong>\u00a0<\/strong><\/p>\n","protected":false},"excerpt":{"rendered":"<p>Analizzati aspetti operativi e di metodo dell\u2019attuale innovazione tecnologica \u00a0 Imprese di fronte a quelle che nel comune parlare si chiamano \u201csfide tecnologiche\u201d. Storia vecchia eppure attualissima. L\u2019innovazione \u2013 in altri termini -, che \u00e8 sempre esistita e che nel corso dei secoli ha avuto accelerazioni e frenate e che oggi, fra i tanti modi, [&hellip;]<\/p>\n","protected":false},"author":1,"featured_media":0,"comment_status":"open","ping_status":"open","sticky":false,"template":"","format":"standard","meta":{"footnotes":""},"categories":[54,52],"tags":[],"class_list":["post-52851","post","type-post","status-publish","format-standard","hentry","category-approfondimenti","category-cultura-dimpresa"],"acf":[],"yoast_head":"<!-- This site is optimized with the Yoast SEO plugin v25.0 - https:\/\/yoast.com\/wordpress\/plugins\/seo\/ -->\n<title>La cultura dell\u2019impresa 4.0 - Fondazione Pirelli<\/title>\n<meta name=\"robots\" content=\"index, follow, max-snippet:-1, max-image-preview:large, max-video-preview:-1\" \/>\n<link rel=\"canonical\" href=\"https:\/\/www.fondazionepirelli.org\/it\/cultura-dimpresa\/la-cultura-dellimpresa-4-0\/\" \/>\n<meta property=\"og:locale\" content=\"it_IT\" \/>\n<meta property=\"og:type\" content=\"article\" \/>\n<meta property=\"og:title\" content=\"La cultura dell\u2019impresa 4.0 - Fondazione Pirelli\" \/>\n<meta property=\"og:description\" content=\"Analizzati aspetti operativi e di metodo dell\u2019attuale innovazione tecnologica \u00a0 Imprese di fronte a quelle che nel comune parlare si chiamano \u201csfide tecnologiche\u201d. Storia vecchia eppure attualissima. L\u2019innovazione \u2013 in altri termini -, che \u00e8 sempre esistita e che nel corso dei secoli ha avuto accelerazioni e frenate e che oggi, fra i tanti modi, [&hellip;]\" \/>\n<meta property=\"og:url\" content=\"https:\/\/www.fondazionepirelli.org\/it\/cultura-dimpresa\/la-cultura-dellimpresa-4-0\/\" \/>\n<meta property=\"og:site_name\" content=\"Fondazione Pirelli\" \/>\n<meta property=\"article:published_time\" content=\"2019-04-02T00:00:00+00:00\" \/>\n<meta property=\"article:modified_time\" content=\"2019-06-10T15:23:06+00:00\" \/>\n<meta name=\"author\" content=\"fondadmin\" \/>\n<meta name=\"twitter:card\" content=\"summary_large_image\" \/>\n<meta name=\"twitter:label1\" content=\"Scritto da\" \/>\n\t<meta name=\"twitter:data1\" content=\"fondadmin\" \/>\n\t<meta name=\"twitter:label2\" content=\"Tempo di lettura stimato\" \/>\n\t<meta name=\"twitter:data2\" content=\"2 minuti\" \/>\n<script type=\"application\/ld+json\" class=\"yoast-schema-graph\">{\"@context\":\"https:\/\/schema.org\",\"@graph\":[{\"@type\":\"WebPage\",\"@id\":\"https:\/\/www.fondazionepirelli.org\/it\/cultura-dimpresa\/la-cultura-dellimpresa-4-0\/\",\"url\":\"https:\/\/www.fondazionepirelli.org\/it\/cultura-dimpresa\/la-cultura-dellimpresa-4-0\/\",\"name\":\"La cultura dell\u2019impresa 4.0 - Fondazione Pirelli\",\"isPartOf\":{\"@id\":\"https:\/\/www.fondazionepirelli.org\/it\/#website\"},\"datePublished\":\"2019-04-02T00:00:00+00:00\",\"dateModified\":\"2019-06-10T15:23:06+00:00\",\"author\":{\"@id\":\"https:\/\/www.fondazionepirelli.org\/it\/#\/schema\/person\/f47d097000832c4a6e54538c791fdf25\"},\"breadcrumb\":{\"@id\":\"https:\/\/www.fondazionepirelli.org\/it\/cultura-dimpresa\/la-cultura-dellimpresa-4-0\/#breadcrumb\"},\"inLanguage\":\"it-IT\",\"potentialAction\":[{\"@type\":\"ReadAction\",\"target\":[\"https:\/\/www.fondazionepirelli.org\/it\/cultura-dimpresa\/la-cultura-dellimpresa-4-0\/\"]}]},{\"@type\":\"BreadcrumbList\",\"@id\":\"https:\/\/www.fondazionepirelli.org\/it\/cultura-dimpresa\/la-cultura-dellimpresa-4-0\/#breadcrumb\",\"itemListElement\":[{\"@type\":\"ListItem\",\"position\":1,\"name\":\"Home\",\"item\":\"https:\/\/www.fondazionepirelli.org\/it\/\"},{\"@type\":\"ListItem\",\"position\":2,\"name\":\"La cultura dell\u2019impresa 4.0\"}]},{\"@type\":\"WebSite\",\"@id\":\"https:\/\/www.fondazionepirelli.org\/it\/#website\",\"url\":\"https:\/\/www.fondazionepirelli.org\/it\/\",\"name\":\"Fondazione Pirelli\",\"description\":\"\",\"potentialAction\":[{\"@type\":\"SearchAction\",\"target\":{\"@type\":\"EntryPoint\",\"urlTemplate\":\"https:\/\/www.fondazionepirelli.org\/it\/?s={search_term_string}\"},\"query-input\":{\"@type\":\"PropertyValueSpecification\",\"valueRequired\":true,\"valueName\":\"search_term_string\"}}],\"inLanguage\":\"it-IT\"},{\"@type\":\"Person\",\"@id\":\"https:\/\/www.fondazionepirelli.org\/it\/#\/schema\/person\/f47d097000832c4a6e54538c791fdf25\",\"name\":\"fondadmin\",\"image\":{\"@type\":\"ImageObject\",\"inLanguage\":\"it-IT\",\"@id\":\"https:\/\/www.fondazionepirelli.org\/it\/#\/schema\/person\/image\/\",\"url\":\"https:\/\/secure.gravatar.com\/avatar\/e69498a9175ca244966e51e53c88712c024fcebe41f9a05f75657f1bb25e489b?s=96&d=mm&r=g\",\"contentUrl\":\"https:\/\/secure.gravatar.com\/avatar\/e69498a9175ca244966e51e53c88712c024fcebe41f9a05f75657f1bb25e489b?s=96&d=mm&r=g\",\"caption\":\"fondadmin\"},\"url\":\"https:\/\/www.fondazionepirelli.org\/it\/author\/fondadmin\/\"}]}<\/script>\n<!-- \/ Yoast SEO plugin. -->","yoast_head_json":{"title":"La cultura dell\u2019impresa 4.0 - Fondazione Pirelli","robots":{"index":"index","follow":"follow","max-snippet":"max-snippet:-1","max-image-preview":"max-image-preview:large","max-video-preview":"max-video-preview:-1"},"canonical":"https:\/\/www.fondazionepirelli.org\/it\/cultura-dimpresa\/la-cultura-dellimpresa-4-0\/","og_locale":"it_IT","og_type":"article","og_title":"La cultura dell\u2019impresa 4.0 - Fondazione Pirelli","og_description":"Analizzati aspetti operativi e di metodo dell\u2019attuale innovazione tecnologica \u00a0 Imprese di fronte a quelle che nel comune parlare si chiamano \u201csfide tecnologiche\u201d. Storia vecchia eppure attualissima. L\u2019innovazione \u2013 in altri termini -, che \u00e8 sempre esistita e che nel corso dei secoli ha avuto accelerazioni e frenate e che oggi, fra i tanti modi, [&hellip;]","og_url":"https:\/\/www.fondazionepirelli.org\/it\/cultura-dimpresa\/la-cultura-dellimpresa-4-0\/","og_site_name":"Fondazione Pirelli","article_published_time":"2019-04-02T00:00:00+00:00","article_modified_time":"2019-06-10T15:23:06+00:00","author":"fondadmin","twitter_card":"summary_large_image","twitter_misc":{"Scritto da":"fondadmin","Tempo di lettura stimato":"2 minuti"},"schema":{"@context":"https:\/\/schema.org","@graph":[{"@type":"WebPage","@id":"https:\/\/www.fondazionepirelli.org\/it\/cultura-dimpresa\/la-cultura-dellimpresa-4-0\/","url":"https:\/\/www.fondazionepirelli.org\/it\/cultura-dimpresa\/la-cultura-dellimpresa-4-0\/","name":"La cultura dell\u2019impresa 4.0 - Fondazione Pirelli","isPartOf":{"@id":"https:\/\/www.fondazionepirelli.org\/it\/#website"},"datePublished":"2019-04-02T00:00:00+00:00","dateModified":"2019-06-10T15:23:06+00:00","author":{"@id":"https:\/\/www.fondazionepirelli.org\/it\/#\/schema\/person\/f47d097000832c4a6e54538c791fdf25"},"breadcrumb":{"@id":"https:\/\/www.fondazionepirelli.org\/it\/cultura-dimpresa\/la-cultura-dellimpresa-4-0\/#breadcrumb"},"inLanguage":"it-IT","potentialAction":[{"@type":"ReadAction","target":["https:\/\/www.fondazionepirelli.org\/it\/cultura-dimpresa\/la-cultura-dellimpresa-4-0\/"]}]},{"@type":"BreadcrumbList","@id":"https:\/\/www.fondazionepirelli.org\/it\/cultura-dimpresa\/la-cultura-dellimpresa-4-0\/#breadcrumb","itemListElement":[{"@type":"ListItem","position":1,"name":"Home","item":"https:\/\/www.fondazionepirelli.org\/it\/"},{"@type":"ListItem","position":2,"name":"La cultura dell\u2019impresa 4.0"}]},{"@type":"WebSite","@id":"https:\/\/www.fondazionepirelli.org\/it\/#website","url":"https:\/\/www.fondazionepirelli.org\/it\/","name":"Fondazione Pirelli","description":"","potentialAction":[{"@type":"SearchAction","target":{"@type":"EntryPoint","urlTemplate":"https:\/\/www.fondazionepirelli.org\/it\/?s={search_term_string}"},"query-input":{"@type":"PropertyValueSpecification","valueRequired":true,"valueName":"search_term_string"}}],"inLanguage":"it-IT"},{"@type":"Person","@id":"https:\/\/www.fondazionepirelli.org\/it\/#\/schema\/person\/f47d097000832c4a6e54538c791fdf25","name":"fondadmin","image":{"@type":"ImageObject","inLanguage":"it-IT","@id":"https:\/\/www.fondazionepirelli.org\/it\/#\/schema\/person\/image\/","url":"https:\/\/secure.gravatar.com\/avatar\/e69498a9175ca244966e51e53c88712c024fcebe41f9a05f75657f1bb25e489b?s=96&d=mm&r=g","contentUrl":"https:\/\/secure.gravatar.com\/avatar\/e69498a9175ca244966e51e53c88712c024fcebe41f9a05f75657f1bb25e489b?s=96&d=mm&r=g","caption":"fondadmin"},"url":"https:\/\/www.fondazionepirelli.org\/it\/author\/fondadmin\/"}]}},"_links":{"self":[{"href":"https:\/\/www.fondazionepirelli.org\/it\/wp-json\/wp\/v2\/posts\/52851\/"}],"collection":[{"href":"https:\/\/www.fondazionepirelli.org\/it\/wp-json\/wp\/v2\/posts\/"}],"about":[{"href":"https:\/\/www.fondazionepirelli.org\/it\/wp-json\/wp\/v2\/types\/post\/"}],"author":[{"embeddable":true,"href":"https:\/\/www.fondazionepirelli.org\/it\/wp-json\/wp\/v2\/users\/1\/"}],"replies":[{"embeddable":true,"href":"https:\/\/www.fondazionepirelli.org\/it\/wp-json\/wp\/v2\/comments\/?post=52851"}],"version-history":[{"count":5,"href":"https:\/\/www.fondazionepirelli.org\/it\/wp-json\/wp\/v2\/posts\/52851\/revisions\/"}],"predecessor-version":[{"id":58672,"href":"https:\/\/www.fondazionepirelli.org\/it\/wp-json\/wp\/v2\/posts\/52851\/revisions\/58672\/"}],"wp:attachment":[{"href":"https:\/\/www.fondazionepirelli.org\/it\/wp-json\/wp\/v2\/media\/?parent=52851"}],"wp:term":[{"taxonomy":"category","embeddable":true,"href":"https:\/\/www.fondazionepirelli.org\/it\/wp-json\/wp\/v2\/categories\/?post=52851"},{"taxonomy":"post_tag","embeddable":true,"href":"https:\/\/www.fondazionepirelli.org\/it\/wp-json\/wp\/v2\/tags\/?post=52851"}],"curies":[{"name":"wp","href":"https:\/\/api.w.org\/{rel}","templated":true}]}}