{"id":52870,"date":"2019-03-19T00:00:00","date_gmt":"2019-03-19T00:00:00","guid":{"rendered":"http:\/\/www.fondazionepirelli.org\/fondazione-pirelli\/cultura-dellimpresa-aumentata\/"},"modified":"2019-05-08T12:33:35","modified_gmt":"2019-05-08T12:33:35","slug":"cultura-dellimpresa-aumentata","status":"publish","type":"post","link":"https:\/\/www.fondazionepirelli.org\/it\/cultura-dimpresa\/cultura-dellimpresa-aumentata\/","title":{"rendered":"Cultura dell\u2019impresa \u201caumentata\u201d"},"content":{"rendered":"<p><em>L\u2019illustrazione sintetica della RA e della RV fa intravvedere nuovi scenari produttivi<\/em><\/p><p>Fabbrica virtuale e nuove tecnologie. Immaterialit\u00e0 del produrre che si fa oggetto fisico. Manifattura impalpabile eppure reale. Oltre la sapienza produttiva tradizionale \u2013 e in qualche modo anche oltre i paradigmi dell\u2019industria 4.0 -, i sistemi industriali sono toccati da metodi di produzione quasi al di l\u00e0 della realt\u00e0. Eppure esistenti. Ultima frontiera della cultura del produrre e d\u2019impresa, gli schemi d\u2019azione di queste nuove tecniche devono essere ancora compresi fino in fondo. Serve allora leggere \u201cApplicazioni delle tecnologie immersive nell\u2019industria e Realt\u00e0 Aumentata come innovazione di processo nella Logistica: stato dell\u2019arte ed implicazioni manageriali\u201d, scritto da Marco Remondino (Ricercatore universitario di Economia e Gestione delle Imprese del Dipartimento di Economia all\u2019Universit\u00e0 degli Studi di Genova). L\u2019articolo \u00e8 una utile introduzione ad un mondo quasi sfuggente nella sua velocit\u00e0 di evoluzione.<\/p>\n<p>Il concetto di \u201ctecnologia immersiva\u201d \u2013 dice subito l\u2019autore -, \u201csi riferisce all\u2019obiettivo di rendere meno netto il confine tra il mondo fisico (reale) ed il mondo simulato e generato da un computer (virtuale), creando una sensazione di immersione e commistione tra elementi provenienti da contesti potenzialmente diversi ed eterogenei. Ci si riferisce dunque ad un&#8217;esperienza digitale coinvolgente e potenzialmente multisensoriale, che pu\u00f2 essere fornita utilizzando diverse tecnologie, tra cui: realt\u00e0 virtuale (RV), realt\u00e0 aumentata (RA), video a 360\u00b0, realt\u00e0 miste e combinazioni tra queste\u201d. Fabbriche virtuali, dunque, ma anche \u201caumentate\u201d. Con tutto quello che ne consegue dal punto di vista del lavoro, dell\u2019organizzazione della produzione, dei rapporti all\u2019interno degli stabilimenti e negli uffici, oltre che con l\u2019esterno.<\/p>\n<p>Tema vasto e complesso. Per questo l\u2019articolo di Remondino restringe il campo ad un\u2019analisi dello stato dell\u2019arte dell\u2019utilizzo di tali tecnologie, con particolare attenzione alla RA, in quanto \u201cinnovazione di processo in ambito industriale e manageriale, con particolare attenzione all\u2019aspetto strategico relativo alla possibile ottimizzazione di processi esistenti o alla creazione di nuove possibilit\u00e0\u201d.<\/p>\n<p>L\u2019autore conduce quindi chi legge prima attraverso un inquadramento generale del tema (indicando fra l\u2019altro che queste tecnologie potrebbero raggiungere un giro d\u2019affari pari a 95 miliardi di dollari entro il 2025), poi focalizza l\u2019attenzione sugli ambiti di utilizzo industriale delle RV e RA, successivamente vengono approfonditi gli aspetti relativi alle applicazioni della logistica oltre che quelli pi\u00f9 generali collegati al <em>management. <\/em><\/p>\n<p>Lo studio di Remondino non \u00e8 una pietra miliare nella saggistica relativa alla RA e alla RV, ma ha il grande pregio di spiegare con parole chiare (ed esatte), che cosa l\u2019industria pu\u00f2 trovarsi davanti (e dentro) non fra decenni ma subito.<\/p><p><strong>Applicazioni delle tecnologie immersive nell\u2019industria e Realt\u00e0 Aumentata come innovazione di processo nella Logistica: stato dell\u2019arte ed implicazioni manageriali<\/strong><\/p>\n<p>Marco Remondino<\/p>\n<p>Impresa Progetto &#8211; Electronic Journal of Management, n. 3, 2018<\/p>","protected":false},"excerpt":{"rendered":"<p>L\u2019illustrazione sintetica della RA e della RV fa intravvedere nuovi scenari produttiviFabbrica virtuale e nuove tecnologie. Immaterialit\u00e0 del produrre che si fa oggetto fisico. Manifattura impalpabile eppure reale. Oltre la sapienza produttiva tradizionale \u2013 e in qualche modo anche oltre i paradigmi dell\u2019industria 4.0 -, i sistemi industriali sono toccati da metodi di produzione quasi [&hellip;]<\/p>\n","protected":false},"author":1,"featured_media":0,"comment_status":"open","ping_status":"open","sticky":false,"template":"","format":"standard","meta":{"footnotes":""},"categories":[54,52],"tags":[],"class_list":["post-52870","post","type-post","status-publish","format-standard","hentry","category-approfondimenti","category-cultura-dimpresa"],"acf":[],"yoast_head":"<!-- This site is optimized with the Yoast SEO plugin v25.0 - https:\/\/yoast.com\/wordpress\/plugins\/seo\/ -->\n<title>Cultura dell\u2019impresa \u201caumentata\u201d - Fondazione Pirelli<\/title>\n<meta name=\"robots\" content=\"index, follow, max-snippet:-1, max-image-preview:large, max-video-preview:-1\" \/>\n<link rel=\"canonical\" href=\"https:\/\/www.fondazionepirelli.org\/it\/cultura-dimpresa\/cultura-dellimpresa-aumentata\/\" \/>\n<meta property=\"og:locale\" content=\"it_IT\" \/>\n<meta property=\"og:type\" content=\"article\" \/>\n<meta property=\"og:title\" content=\"Cultura dell\u2019impresa \u201caumentata\u201d - Fondazione Pirelli\" \/>\n<meta property=\"og:description\" content=\"L\u2019illustrazione sintetica della RA e della RV fa intravvedere nuovi scenari produttiviFabbrica virtuale e nuove tecnologie. Immaterialit\u00e0 del produrre che si fa oggetto fisico. Manifattura impalpabile eppure reale. Oltre la sapienza produttiva tradizionale \u2013 e in qualche modo anche oltre i paradigmi dell\u2019industria 4.0 -, i sistemi industriali sono toccati da metodi di produzione quasi [&hellip;]\" \/>\n<meta property=\"og:url\" content=\"https:\/\/www.fondazionepirelli.org\/it\/cultura-dimpresa\/cultura-dellimpresa-aumentata\/\" \/>\n<meta property=\"og:site_name\" content=\"Fondazione Pirelli\" \/>\n<meta property=\"article:published_time\" content=\"2019-03-19T00:00:00+00:00\" \/>\n<meta property=\"article:modified_time\" content=\"2019-05-08T12:33:35+00:00\" \/>\n<meta name=\"author\" content=\"fondadmin\" \/>\n<meta name=\"twitter:card\" content=\"summary_large_image\" \/>\n<meta name=\"twitter:label1\" content=\"Scritto da\" \/>\n\t<meta name=\"twitter:data1\" content=\"fondadmin\" \/>\n\t<meta name=\"twitter:label2\" content=\"Tempo di lettura stimato\" \/>\n\t<meta name=\"twitter:data2\" content=\"2 minuti\" \/>\n<script type=\"application\/ld+json\" class=\"yoast-schema-graph\">{\"@context\":\"https:\/\/schema.org\",\"@graph\":[{\"@type\":\"WebPage\",\"@id\":\"https:\/\/www.fondazionepirelli.org\/it\/cultura-dimpresa\/cultura-dellimpresa-aumentata\/\",\"url\":\"https:\/\/www.fondazionepirelli.org\/it\/cultura-dimpresa\/cultura-dellimpresa-aumentata\/\",\"name\":\"Cultura dell\u2019impresa \u201caumentata\u201d - Fondazione Pirelli\",\"isPartOf\":{\"@id\":\"https:\/\/www.fondazionepirelli.org\/it\/#website\"},\"datePublished\":\"2019-03-19T00:00:00+00:00\",\"dateModified\":\"2019-05-08T12:33:35+00:00\",\"author\":{\"@id\":\"https:\/\/www.fondazionepirelli.org\/it\/#\/schema\/person\/f47d097000832c4a6e54538c791fdf25\"},\"breadcrumb\":{\"@id\":\"https:\/\/www.fondazionepirelli.org\/it\/cultura-dimpresa\/cultura-dellimpresa-aumentata\/#breadcrumb\"},\"inLanguage\":\"it-IT\",\"potentialAction\":[{\"@type\":\"ReadAction\",\"target\":[\"https:\/\/www.fondazionepirelli.org\/it\/cultura-dimpresa\/cultura-dellimpresa-aumentata\/\"]}]},{\"@type\":\"BreadcrumbList\",\"@id\":\"https:\/\/www.fondazionepirelli.org\/it\/cultura-dimpresa\/cultura-dellimpresa-aumentata\/#breadcrumb\",\"itemListElement\":[{\"@type\":\"ListItem\",\"position\":1,\"name\":\"Home\",\"item\":\"https:\/\/www.fondazionepirelli.org\/it\/\"},{\"@type\":\"ListItem\",\"position\":2,\"name\":\"Cultura dell\u2019impresa \u201caumentata\u201d\"}]},{\"@type\":\"WebSite\",\"@id\":\"https:\/\/www.fondazionepirelli.org\/it\/#website\",\"url\":\"https:\/\/www.fondazionepirelli.org\/it\/\",\"name\":\"Fondazione Pirelli\",\"description\":\"\",\"potentialAction\":[{\"@type\":\"SearchAction\",\"target\":{\"@type\":\"EntryPoint\",\"urlTemplate\":\"https:\/\/www.fondazionepirelli.org\/it\/?s={search_term_string}\"},\"query-input\":{\"@type\":\"PropertyValueSpecification\",\"valueRequired\":true,\"valueName\":\"search_term_string\"}}],\"inLanguage\":\"it-IT\"},{\"@type\":\"Person\",\"@id\":\"https:\/\/www.fondazionepirelli.org\/it\/#\/schema\/person\/f47d097000832c4a6e54538c791fdf25\",\"name\":\"fondadmin\",\"image\":{\"@type\":\"ImageObject\",\"inLanguage\":\"it-IT\",\"@id\":\"https:\/\/www.fondazionepirelli.org\/it\/#\/schema\/person\/image\/\",\"url\":\"https:\/\/secure.gravatar.com\/avatar\/e69498a9175ca244966e51e53c88712c024fcebe41f9a05f75657f1bb25e489b?s=96&d=mm&r=g\",\"contentUrl\":\"https:\/\/secure.gravatar.com\/avatar\/e69498a9175ca244966e51e53c88712c024fcebe41f9a05f75657f1bb25e489b?s=96&d=mm&r=g\",\"caption\":\"fondadmin\"},\"url\":\"https:\/\/www.fondazionepirelli.org\/it\/author\/fondadmin\/\"}]}<\/script>\n<!-- \/ Yoast SEO plugin. -->","yoast_head_json":{"title":"Cultura dell\u2019impresa \u201caumentata\u201d - Fondazione Pirelli","robots":{"index":"index","follow":"follow","max-snippet":"max-snippet:-1","max-image-preview":"max-image-preview:large","max-video-preview":"max-video-preview:-1"},"canonical":"https:\/\/www.fondazionepirelli.org\/it\/cultura-dimpresa\/cultura-dellimpresa-aumentata\/","og_locale":"it_IT","og_type":"article","og_title":"Cultura dell\u2019impresa \u201caumentata\u201d - Fondazione Pirelli","og_description":"L\u2019illustrazione sintetica della RA e della RV fa intravvedere nuovi scenari produttiviFabbrica virtuale e nuove tecnologie. Immaterialit\u00e0 del produrre che si fa oggetto fisico. Manifattura impalpabile eppure reale. Oltre la sapienza produttiva tradizionale \u2013 e in qualche modo anche oltre i paradigmi dell\u2019industria 4.0 -, i sistemi industriali sono toccati da metodi di produzione quasi [&hellip;]","og_url":"https:\/\/www.fondazionepirelli.org\/it\/cultura-dimpresa\/cultura-dellimpresa-aumentata\/","og_site_name":"Fondazione Pirelli","article_published_time":"2019-03-19T00:00:00+00:00","article_modified_time":"2019-05-08T12:33:35+00:00","author":"fondadmin","twitter_card":"summary_large_image","twitter_misc":{"Scritto da":"fondadmin","Tempo di lettura stimato":"2 minuti"},"schema":{"@context":"https:\/\/schema.org","@graph":[{"@type":"WebPage","@id":"https:\/\/www.fondazionepirelli.org\/it\/cultura-dimpresa\/cultura-dellimpresa-aumentata\/","url":"https:\/\/www.fondazionepirelli.org\/it\/cultura-dimpresa\/cultura-dellimpresa-aumentata\/","name":"Cultura dell\u2019impresa \u201caumentata\u201d - Fondazione Pirelli","isPartOf":{"@id":"https:\/\/www.fondazionepirelli.org\/it\/#website"},"datePublished":"2019-03-19T00:00:00+00:00","dateModified":"2019-05-08T12:33:35+00:00","author":{"@id":"https:\/\/www.fondazionepirelli.org\/it\/#\/schema\/person\/f47d097000832c4a6e54538c791fdf25"},"breadcrumb":{"@id":"https:\/\/www.fondazionepirelli.org\/it\/cultura-dimpresa\/cultura-dellimpresa-aumentata\/#breadcrumb"},"inLanguage":"it-IT","potentialAction":[{"@type":"ReadAction","target":["https:\/\/www.fondazionepirelli.org\/it\/cultura-dimpresa\/cultura-dellimpresa-aumentata\/"]}]},{"@type":"BreadcrumbList","@id":"https:\/\/www.fondazionepirelli.org\/it\/cultura-dimpresa\/cultura-dellimpresa-aumentata\/#breadcrumb","itemListElement":[{"@type":"ListItem","position":1,"name":"Home","item":"https:\/\/www.fondazionepirelli.org\/it\/"},{"@type":"ListItem","position":2,"name":"Cultura dell\u2019impresa \u201caumentata\u201d"}]},{"@type":"WebSite","@id":"https:\/\/www.fondazionepirelli.org\/it\/#website","url":"https:\/\/www.fondazionepirelli.org\/it\/","name":"Fondazione Pirelli","description":"","potentialAction":[{"@type":"SearchAction","target":{"@type":"EntryPoint","urlTemplate":"https:\/\/www.fondazionepirelli.org\/it\/?s={search_term_string}"},"query-input":{"@type":"PropertyValueSpecification","valueRequired":true,"valueName":"search_term_string"}}],"inLanguage":"it-IT"},{"@type":"Person","@id":"https:\/\/www.fondazionepirelli.org\/it\/#\/schema\/person\/f47d097000832c4a6e54538c791fdf25","name":"fondadmin","image":{"@type":"ImageObject","inLanguage":"it-IT","@id":"https:\/\/www.fondazionepirelli.org\/it\/#\/schema\/person\/image\/","url":"https:\/\/secure.gravatar.com\/avatar\/e69498a9175ca244966e51e53c88712c024fcebe41f9a05f75657f1bb25e489b?s=96&d=mm&r=g","contentUrl":"https:\/\/secure.gravatar.com\/avatar\/e69498a9175ca244966e51e53c88712c024fcebe41f9a05f75657f1bb25e489b?s=96&d=mm&r=g","caption":"fondadmin"},"url":"https:\/\/www.fondazionepirelli.org\/it\/author\/fondadmin\/"}]}},"_links":{"self":[{"href":"https:\/\/www.fondazionepirelli.org\/it\/wp-json\/wp\/v2\/posts\/52870\/"}],"collection":[{"href":"https:\/\/www.fondazionepirelli.org\/it\/wp-json\/wp\/v2\/posts\/"}],"about":[{"href":"https:\/\/www.fondazionepirelli.org\/it\/wp-json\/wp\/v2\/types\/post\/"}],"author":[{"embeddable":true,"href":"https:\/\/www.fondazionepirelli.org\/it\/wp-json\/wp\/v2\/users\/1\/"}],"replies":[{"embeddable":true,"href":"https:\/\/www.fondazionepirelli.org\/it\/wp-json\/wp\/v2\/comments\/?post=52870"}],"version-history":[{"count":1,"href":"https:\/\/www.fondazionepirelli.org\/it\/wp-json\/wp\/v2\/posts\/52870\/revisions\/"}],"predecessor-version":[{"id":52957,"href":"https:\/\/www.fondazionepirelli.org\/it\/wp-json\/wp\/v2\/posts\/52870\/revisions\/52957\/"}],"wp:attachment":[{"href":"https:\/\/www.fondazionepirelli.org\/it\/wp-json\/wp\/v2\/media\/?parent=52870"}],"wp:term":[{"taxonomy":"category","embeddable":true,"href":"https:\/\/www.fondazionepirelli.org\/it\/wp-json\/wp\/v2\/categories\/?post=52870"},{"taxonomy":"post_tag","embeddable":true,"href":"https:\/\/www.fondazionepirelli.org\/it\/wp-json\/wp\/v2\/tags\/?post=52870"}],"curies":[{"name":"wp","href":"https:\/\/api.w.org\/{rel}","templated":true}]}}