{"id":52875,"date":"2019-03-19T00:00:00","date_gmt":"2019-03-19T00:00:00","guid":{"rendered":"http:\/\/www.fondazionepirelli.org\/fondazione-pirelli\/ecco-il-socio-occulto-che-inquina-leconomia-al-nord-e-la-risposta-antimafia-delle-imprese-da-milano-a-verona\/"},"modified":"2019-05-08T12:30:23","modified_gmt":"2019-05-08T12:30:23","slug":"ecco-il-socio-occulto-che-inquina-leconomia-al-nord-e-la-risposta-antimafia-delle-imprese-da-milano-a-verona","status":"publish","type":"post","link":"https:\/\/www.fondazionepirelli.org\/it\/cultura-dimpresa\/ecco-il-socio-occulto-che-inquina-leconomia-al-nord-e-la-risposta-antimafia-delle-imprese-da-milano-a-verona\/","title":{"rendered":"Ecco il \u201csocio occulto\u201d che inquina l\u2019economia al Nord e la risposta antimafia delle imprese da Milano a Verona"},"content":{"rendered":"<p>\u201cIl <strong>socio occulto<\/strong>\u201d. E\u2019 il titolo, molto efficace, dell\u2019ultimo libro di Marella Caramazza, direttore della Fondazione Istud ed esperta di formazione aziendale, pubblicato da Egea. E indica bene quale sia la strategia delle <strong>mafie<\/strong> nei confronti delle imprese, soprattutto nelle aree pi\u00f9 ricche e dinamiche d\u2019Italia, la Lombardia, il Veneto, l\u2019Emilia, ma anche il Piemonte, la Liguria e, perch\u00e9 no?, la piccola ma appetibile Valle d\u2019Aosta. Un \u201csocio occulto\u201d che si infiltra con una strategia di sostegni, aiuti, protezione, finanziamenti. Poi s\u2019impossessa stabilmente dell\u2019impresa, cacciando spesso l\u2019imprenditore originario. E da l\u00ec si espande stravolgendo il mercato, la concorrenza, le strutture sociali e corrompendo la politica e la pubblica amministrazione.<\/p>\n<p>Per anni, purtroppo sino a tempi recenti, in tanti, anche con<strong> responsabilit\u00e0 di governo nazionale<\/strong> e locale, hanno detto: \u201cIn Lombardia la mafia non esiste\u201d o \u201cin Veneto non ce n\u2019\u00e8 traccia, chi lo dice diffama una societ\u00e0 sana\u201d. Negli anni Sessanta lo si diceva pure in Sicilia o a Napoli o a Reggio Calabria, salvo poi dover prendere atto di quanto Cosa nostra, la camorra e la \u2018ndrangheta avessero messo le mani su citt\u00e0 e paesi, affari e interessi, uccidendo, violentando, ricattando, stravolgendo una parte larga del Mezzogiorno. Adesso quella mafia spara di meno e per\u00f2 s\u2019impegna comunque a fare soldi e controllare affari e interessi, distruggendo parti crescenti di economia e societ\u00e0. Come un tumore.<\/p>\n<p>Un tumore diffuso. Da affrontare e recidere anche comprendendo come si stiano evolvendo i \u201cModelli criminali\u201d, per parafrasare il titolo dell\u2019ottimo libro di Giuseppe Pignatone, Procuratore capo della Repubblica di Roma (dopo una lunga e brillante carriera a Palermo e a Reggio Calabria) e Michele Prestipino, Procuratore aggiunto di Roma: una documentata e competente ricostruzione, pubblicata da Laterza, delle trasformazioni mafiose, dai boss siciliani alle \u2018ndrine che dagli anni Ottanta hanno \u201coccupato\u201d le province del Nord, dai traffici camorristi su droga e traffico illegale di rifiuti sino a \u201cMafia capitale\u201d.<\/p>\n<p>Che proprio il Nord sia una frontiera di allarmante presenza mafiosa lo conferma proprio l\u2019ultimo rapporto della Dna, la Direzione nazionale antimafia: \u201cLe infiltrazioni della &#8216;ndrangheta nell&#8217;economia legale sono consistenti anche nel Nord Italia. Ci\u00f2 si desume pure dalle tante interdittive antimafia rilasciate nel nord del Paese per societ\u00e0 che operano nel settore edilizio, del trasporto e smaltimento rifiuti, dell&#8217;autotrasporto e della ristorazione&#8221;.<\/p>\n<p><strong>Attivit\u00e0 criminali.<\/strong> E relazioni torbide con ambienti politici e economici. Il rapporto della Dna, infatti, sottolinea come &#8220;la ricerca da parte delle cosche di imprenditori prestanome, necessari per l&#8217;aggiudicazione degli appalti pubblici, prescinda dalla loro area di origine e dal contesto geo-criminale in cui insistono le sedi legali delle societ\u00e0&#8221;.<\/p>\n<p>Boss d\u2019origine calabrese, siciliana o campana e, di recente, anche pugliese e imprenditori complici, a Milano in Brianza e nella ricca provincia lombarda (\u201c\u2018Ndrangheta, vedi Cant\u00f9 e pensi a Locri\u201d, sostiene Nando Dalla Chiesa, direttore del Cross, l\u2019Osservatorio universitario sulla criminalit\u00e0 organizzata, parlando di un processo che, appunto a Cant\u00f9, vede coinvolti capi mafia e complici locali) ma anche a Brescia e a Bergamo (arresti recenti, a met\u00e0 marzo, di uomini della \u2018ndrangheta specializzati nel \u201cservizio recupero crediti\u201d) e nelle ricche citt\u00e0 venete ed emiliane.<\/p>\n<p>Le mafie al Nord. Una <strong>minaccia<\/strong> crescente. Da cercare di battere, proprio in difesa della buona economia.<\/p>\n<p>Una conferma arriva da Verona, dove la Camera di Commercio e Avviso Pubblico (la rete di enti locali contro la criminalit\u00e0 organizzata) hanno promosso, nei giorni scorsi, un convegno su \u201c<strong>Mafie ed economia<\/strong>\u201d con la presenza di magistrati, imprenditori, pubblici amministratori, uomini delle forze dell\u2019ordine e un folto pubblico di studenti.<\/p>\n<p>\u201cMassima attenzione ai reati sentinella\u201d, ha ammonito il Procuratore capo della Repubblica Angela Barbaglia: strani fallimenti aziendali, false fatturazioni, evasione fiscale, corruzione. E Bruno Cherchi, Procuratore antimafia del Veneto: \u201cTutta la regione \u00e8 a rischio di infiltrazioni mafiose\u201d. Lo conferma proprio l\u2019ultima operazione antimafia nella regione, 50 arresti nello scorso febbraio, tra boss di \u2018ndrangheta e camorra (legati al feroce \u201cclan dei Casalesi\u201d), amministratori locali e professionisti impegnati in attivit\u00e0 di costruzione, riciclaggio di denaro e altri reati tipici della criminalit\u00e0 organizzata che trova spazio nell\u2019economia.<\/p>\n<p>La risposta? \u201cIndebolire la mafia sottraendole potere economico\u201d, \u00e8 la tesi del nuovo prefetto di Verona, Donato Giovanni Cafagna, una lunga esperienza nella Terra dei fuochi in Campania, in Puglia ma anche a Milano, nella stagione dell\u2019Expo, un buon esempio di come, proprio con le \u201cinterdittive\u201d della Prefettura rivolte alle imprese sospette di relazioni con ambienti criminali, si siano salvaguardate le esigenze di fare presto e bene importanti lavori pubblici e, contemporaneamente, quelle di trasparenza ed efficienza della pubblica amministrazione.<\/p>\n<p>Fermare lo sguardo su Milano, dunque. Per capire meglio tendenze criminali e reazioni della societ\u00e0 civile.<\/p>\n<p>Sostiene ancora \u201cIl socio occulto\u201d della Caramazza: \u201cLa scelta da parte della mafia di entrare nel mercato legale attraverso il controllo di imprese sane costituisce uno dei maggiori rischi per la tutela della libera azione economica e per l\u2019esercizio di un\u2019equa concorrenza\u201d. E ancora: \u201cSiamo in presenza di una strategia aggressiva ma silenziosa e mimetica, attraverso cui l\u2019impresa legale diventa bersaglio delle organizzazioni criminali, fino a quando il confine tra impresa legale e impresa illecita, o addirittura criminale, non \u00e8 pi\u00f9 demarcabile\u201d.<\/p>\n<p>Proprio da questa consapevolezza \u00e8 nata, dieci anni fa, la scelta di Assolombarda di puntare sulla difesa e la <strong>promozione della legalit\u00e0,<\/strong> come funzione essenziale per la competitivit\u00e0 di Milano e delle sue imprese, considerando le mafie (la \u2018ndrangheta, innanzitutto, l\u2019organizzazione criminale attualmente pi\u00f9 potente e diffusa) come una presenza eversiva. Eversiva del mercato. Eversiva della sostenibilit\u00e0 economica dello sviluppo. Eversiva dei rapporti commerciali e di lavoro, in parecchi settori della vita economica e sociale: l\u2019edilizia, gli appalti e le forniture pubbliche, la sanit\u00e0, il commercio, il trasporto, lo smaltimento dei rifiuti, una serie di servizi finanziari. Un impegno antimafia di lunga lena. Fondato sullo studio del fenomeno, sulle relazioni positive con Palazzo di Giustizia e le strutture degli inquirenti (l\u2019azione investigativa e repressiva \u00e8 fondamentale, anche se da sola non sufficiente a battere le cosche mafiose), su un\u2019insistente attivit\u00e0 di sensibilizzazione e di comunicazione con i responsabili delle imprese iscritte ad Assolombarda. Il messaggio chiave: la mafia non \u00e8 un\u2019agenzia di servizi cui rivolgersi per risolvere un problema, avere un finanziamento, recuperare un credito, ottenere un appalto, vincere una gara di fornitura, battere un concorrente o risolvere un conflitto sindacale. Il rapporto con la mafia \u00e8 \u201cper sempre\u201d. L\u2019azienda inquinata \u00e8 un\u2019azienda condannata a finire nell\u2019universo dell\u2019economia illegale.<\/p>\n<p>Il messaggio trova ascolto. Il \u201csocio occulto\u201d \u00e8 ancora attivo, una tentazione costante. Ma finora non vincente.<\/p>\n","protected":false},"excerpt":{"rendered":"<p>\u201cIl socio occulto\u201d. E\u2019 il titolo, molto efficace, dell\u2019ultimo libro di Marella Caramazza, direttore della Fondazione Istud ed esperta di formazione aziendale, pubblicato da Egea. E indica bene quale sia la strategia delle mafie nei confronti delle imprese, soprattutto nelle aree pi\u00f9 ricche e dinamiche d\u2019Italia, la Lombardia, il Veneto, l\u2019Emilia, ma anche il Piemonte, [&hellip;]<\/p>\n","protected":false},"author":1,"featured_media":51483,"comment_status":"open","ping_status":"open","sticky":false,"template":"","format":"standard","meta":{"footnotes":""},"categories":[53,52],"tags":[],"class_list":["post-52875","post","type-post","status-publish","format-standard","has-post-thumbnail","hentry","category-blog","category-cultura-dimpresa"],"acf":[],"yoast_head":"<!-- This site is optimized with the Yoast SEO plugin v25.0 - https:\/\/yoast.com\/wordpress\/plugins\/seo\/ -->\n<title>Ecco il \u201csocio occulto\u201d che inquina l\u2019economia al Nord e la risposta antimafia delle imprese da Milano a Verona - Fondazione Pirelli<\/title>\n<meta name=\"robots\" content=\"index, follow, max-snippet:-1, max-image-preview:large, max-video-preview:-1\" \/>\n<link rel=\"canonical\" href=\"https:\/\/www.fondazionepirelli.org\/it\/cultura-dimpresa\/ecco-il-socio-occulto-che-inquina-leconomia-al-nord-e-la-risposta-antimafia-delle-imprese-da-milano-a-verona\/\" \/>\n<meta property=\"og:locale\" content=\"it_IT\" \/>\n<meta property=\"og:type\" content=\"article\" \/>\n<meta property=\"og:title\" content=\"Ecco il \u201csocio occulto\u201d che inquina l\u2019economia al Nord e la risposta antimafia delle imprese da Milano a Verona - Fondazione Pirelli\" \/>\n<meta property=\"og:description\" content=\"\u201cIl socio occulto\u201d. E\u2019 il titolo, molto efficace, dell\u2019ultimo libro di Marella Caramazza, direttore della Fondazione Istud ed esperta di formazione aziendale, pubblicato da Egea. E indica bene quale sia la strategia delle mafie nei confronti delle imprese, soprattutto nelle aree pi\u00f9 ricche e dinamiche d\u2019Italia, la Lombardia, il Veneto, l\u2019Emilia, ma anche il Piemonte, [&hellip;]\" \/>\n<meta property=\"og:url\" content=\"https:\/\/127.0.0.1\/it\/cultura-dimpresa\/ecco-il-socio-occulto-che-inquina-leconomia-al-nord-e-la-risposta-antimafia-delle-imprese-da-milano-a-verona\/\" \/>\n<meta property=\"og:site_name\" content=\"Fondazione Pirelli\" \/>\n<meta property=\"article:published_time\" content=\"2019-03-19T00:00:00+00:00\" \/>\n<meta property=\"article:modified_time\" content=\"2019-05-08T12:30:23+00:00\" \/>\n<meta property=\"og:image\" content=\"https:\/\/wpsite-assets.fondazionepirelli.org\/wp-content\/uploads\/2019\/05\/20101421\/images.jpg\" \/>\n\t<meta property=\"og:image:width\" content=\"267\" \/>\n\t<meta property=\"og:image:height\" content=\"189\" \/>\n\t<meta property=\"og:image:type\" content=\"image\/jpeg\" \/>\n<meta name=\"author\" content=\"fondadmin\" \/>\n<meta name=\"twitter:card\" content=\"summary_large_image\" \/>\n<meta name=\"twitter:label1\" content=\"Scritto da\" \/>\n\t<meta name=\"twitter:data1\" content=\"fondadmin\" \/>\n\t<meta name=\"twitter:label2\" content=\"Tempo di lettura stimato\" \/>\n\t<meta name=\"twitter:data2\" content=\"5 minuti\" \/>\n<script type=\"application\/ld+json\" class=\"yoast-schema-graph\">{\"@context\":\"https:\/\/schema.org\",\"@graph\":[{\"@type\":\"WebPage\",\"@id\":\"https:\/\/127.0.0.1\/it\/cultura-dimpresa\/ecco-il-socio-occulto-che-inquina-leconomia-al-nord-e-la-risposta-antimafia-delle-imprese-da-milano-a-verona\/\",\"url\":\"https:\/\/127.0.0.1\/it\/cultura-dimpresa\/ecco-il-socio-occulto-che-inquina-leconomia-al-nord-e-la-risposta-antimafia-delle-imprese-da-milano-a-verona\/\",\"name\":\"Ecco il \u201csocio occulto\u201d che inquina l\u2019economia al Nord e la risposta antimafia delle imprese da Milano a Verona - Fondazione Pirelli\",\"isPartOf\":{\"@id\":\"https:\/\/www.fondazionepirelli.org\/it\/#website\"},\"primaryImageOfPage\":{\"@id\":\"https:\/\/127.0.0.1\/it\/cultura-dimpresa\/ecco-il-socio-occulto-che-inquina-leconomia-al-nord-e-la-risposta-antimafia-delle-imprese-da-milano-a-verona\/#primaryimage\"},\"image\":{\"@id\":\"https:\/\/127.0.0.1\/it\/cultura-dimpresa\/ecco-il-socio-occulto-che-inquina-leconomia-al-nord-e-la-risposta-antimafia-delle-imprese-da-milano-a-verona\/#primaryimage\"},\"thumbnailUrl\":\"https:\/\/wpsite-assets.fondazionepirelli.org\/wp-content\/uploads\/2019\/05\/20101421\/images.jpg\",\"datePublished\":\"2019-03-19T00:00:00+00:00\",\"dateModified\":\"2019-05-08T12:30:23+00:00\",\"author\":{\"@id\":\"https:\/\/www.fondazionepirelli.org\/it\/#\/schema\/person\/f47d097000832c4a6e54538c791fdf25\"},\"breadcrumb\":{\"@id\":\"https:\/\/127.0.0.1\/it\/cultura-dimpresa\/ecco-il-socio-occulto-che-inquina-leconomia-al-nord-e-la-risposta-antimafia-delle-imprese-da-milano-a-verona\/#breadcrumb\"},\"inLanguage\":\"it-IT\",\"potentialAction\":[{\"@type\":\"ReadAction\",\"target\":[\"https:\/\/127.0.0.1\/it\/cultura-dimpresa\/ecco-il-socio-occulto-che-inquina-leconomia-al-nord-e-la-risposta-antimafia-delle-imprese-da-milano-a-verona\/\"]}]},{\"@type\":\"ImageObject\",\"inLanguage\":\"it-IT\",\"@id\":\"https:\/\/127.0.0.1\/it\/cultura-dimpresa\/ecco-il-socio-occulto-che-inquina-leconomia-al-nord-e-la-risposta-antimafia-delle-imprese-da-milano-a-verona\/#primaryimage\",\"url\":\"https:\/\/wpsite-assets.fondazionepirelli.org\/wp-content\/uploads\/2019\/05\/20101421\/images.jpg\",\"contentUrl\":\"https:\/\/wpsite-assets.fondazionepirelli.org\/wp-content\/uploads\/2019\/05\/20101421\/images.jpg\",\"width\":267,\"height\":189,\"caption\":\"|\"},{\"@type\":\"BreadcrumbList\",\"@id\":\"https:\/\/127.0.0.1\/it\/cultura-dimpresa\/ecco-il-socio-occulto-che-inquina-leconomia-al-nord-e-la-risposta-antimafia-delle-imprese-da-milano-a-verona\/#breadcrumb\",\"itemListElement\":[{\"@type\":\"ListItem\",\"position\":1,\"name\":\"Home\",\"item\":\"https:\/\/www.fondazionepirelli.org\/it\/\"},{\"@type\":\"ListItem\",\"position\":2,\"name\":\"Ecco il \u201csocio occulto\u201d che inquina l\u2019economia al Nord e la risposta antimafia delle imprese da Milano a Verona\"}]},{\"@type\":\"WebSite\",\"@id\":\"https:\/\/www.fondazionepirelli.org\/it\/#website\",\"url\":\"https:\/\/www.fondazionepirelli.org\/it\/\",\"name\":\"Fondazione Pirelli\",\"description\":\"\",\"potentialAction\":[{\"@type\":\"SearchAction\",\"target\":{\"@type\":\"EntryPoint\",\"urlTemplate\":\"https:\/\/www.fondazionepirelli.org\/it\/?s={search_term_string}\"},\"query-input\":{\"@type\":\"PropertyValueSpecification\",\"valueRequired\":true,\"valueName\":\"search_term_string\"}}],\"inLanguage\":\"it-IT\"},{\"@type\":\"Person\",\"@id\":\"https:\/\/www.fondazionepirelli.org\/it\/#\/schema\/person\/f47d097000832c4a6e54538c791fdf25\",\"name\":\"fondadmin\",\"image\":{\"@type\":\"ImageObject\",\"inLanguage\":\"it-IT\",\"@id\":\"https:\/\/www.fondazionepirelli.org\/it\/#\/schema\/person\/image\/\",\"url\":\"https:\/\/secure.gravatar.com\/avatar\/e69498a9175ca244966e51e53c88712c024fcebe41f9a05f75657f1bb25e489b?s=96&d=mm&r=g\",\"contentUrl\":\"https:\/\/secure.gravatar.com\/avatar\/e69498a9175ca244966e51e53c88712c024fcebe41f9a05f75657f1bb25e489b?s=96&d=mm&r=g\",\"caption\":\"fondadmin\"},\"url\":\"https:\/\/www.fondazionepirelli.org\/it\/author\/fondadmin\/\"}]}<\/script>\n<!-- \/ Yoast SEO plugin. -->","yoast_head_json":{"title":"Ecco il \u201csocio occulto\u201d che inquina l\u2019economia al Nord e la risposta antimafia delle imprese da Milano a Verona - Fondazione Pirelli","robots":{"index":"index","follow":"follow","max-snippet":"max-snippet:-1","max-image-preview":"max-image-preview:large","max-video-preview":"max-video-preview:-1"},"canonical":"https:\/\/www.fondazionepirelli.org\/it\/cultura-dimpresa\/ecco-il-socio-occulto-che-inquina-leconomia-al-nord-e-la-risposta-antimafia-delle-imprese-da-milano-a-verona\/","og_locale":"it_IT","og_type":"article","og_title":"Ecco il \u201csocio occulto\u201d che inquina l\u2019economia al Nord e la risposta antimafia delle imprese da Milano a Verona - Fondazione Pirelli","og_description":"\u201cIl socio occulto\u201d. E\u2019 il titolo, molto efficace, dell\u2019ultimo libro di Marella Caramazza, direttore della Fondazione Istud ed esperta di formazione aziendale, pubblicato da Egea. E indica bene quale sia la strategia delle mafie nei confronti delle imprese, soprattutto nelle aree pi\u00f9 ricche e dinamiche d\u2019Italia, la Lombardia, il Veneto, l\u2019Emilia, ma anche il Piemonte, [&hellip;]","og_url":"https:\/\/127.0.0.1\/it\/cultura-dimpresa\/ecco-il-socio-occulto-che-inquina-leconomia-al-nord-e-la-risposta-antimafia-delle-imprese-da-milano-a-verona\/","og_site_name":"Fondazione Pirelli","article_published_time":"2019-03-19T00:00:00+00:00","article_modified_time":"2019-05-08T12:30:23+00:00","og_image":[{"width":267,"height":189,"url":"https:\/\/wpsite-assets.fondazionepirelli.org\/wp-content\/uploads\/2019\/05\/20101421\/images.jpg","type":"image\/jpeg"}],"author":"fondadmin","twitter_card":"summary_large_image","twitter_misc":{"Scritto da":"fondadmin","Tempo di lettura stimato":"5 minuti"},"schema":{"@context":"https:\/\/schema.org","@graph":[{"@type":"WebPage","@id":"https:\/\/127.0.0.1\/it\/cultura-dimpresa\/ecco-il-socio-occulto-che-inquina-leconomia-al-nord-e-la-risposta-antimafia-delle-imprese-da-milano-a-verona\/","url":"https:\/\/127.0.0.1\/it\/cultura-dimpresa\/ecco-il-socio-occulto-che-inquina-leconomia-al-nord-e-la-risposta-antimafia-delle-imprese-da-milano-a-verona\/","name":"Ecco il \u201csocio occulto\u201d che inquina l\u2019economia al Nord e la risposta antimafia delle imprese da Milano a Verona - Fondazione Pirelli","isPartOf":{"@id":"https:\/\/www.fondazionepirelli.org\/it\/#website"},"primaryImageOfPage":{"@id":"https:\/\/127.0.0.1\/it\/cultura-dimpresa\/ecco-il-socio-occulto-che-inquina-leconomia-al-nord-e-la-risposta-antimafia-delle-imprese-da-milano-a-verona\/#primaryimage"},"image":{"@id":"https:\/\/127.0.0.1\/it\/cultura-dimpresa\/ecco-il-socio-occulto-che-inquina-leconomia-al-nord-e-la-risposta-antimafia-delle-imprese-da-milano-a-verona\/#primaryimage"},"thumbnailUrl":"https:\/\/wpsite-assets.fondazionepirelli.org\/wp-content\/uploads\/2019\/05\/20101421\/images.jpg","datePublished":"2019-03-19T00:00:00+00:00","dateModified":"2019-05-08T12:30:23+00:00","author":{"@id":"https:\/\/www.fondazionepirelli.org\/it\/#\/schema\/person\/f47d097000832c4a6e54538c791fdf25"},"breadcrumb":{"@id":"https:\/\/127.0.0.1\/it\/cultura-dimpresa\/ecco-il-socio-occulto-che-inquina-leconomia-al-nord-e-la-risposta-antimafia-delle-imprese-da-milano-a-verona\/#breadcrumb"},"inLanguage":"it-IT","potentialAction":[{"@type":"ReadAction","target":["https:\/\/127.0.0.1\/it\/cultura-dimpresa\/ecco-il-socio-occulto-che-inquina-leconomia-al-nord-e-la-risposta-antimafia-delle-imprese-da-milano-a-verona\/"]}]},{"@type":"ImageObject","inLanguage":"it-IT","@id":"https:\/\/127.0.0.1\/it\/cultura-dimpresa\/ecco-il-socio-occulto-che-inquina-leconomia-al-nord-e-la-risposta-antimafia-delle-imprese-da-milano-a-verona\/#primaryimage","url":"https:\/\/wpsite-assets.fondazionepirelli.org\/wp-content\/uploads\/2019\/05\/20101421\/images.jpg","contentUrl":"https:\/\/wpsite-assets.fondazionepirelli.org\/wp-content\/uploads\/2019\/05\/20101421\/images.jpg","width":267,"height":189,"caption":"|"},{"@type":"BreadcrumbList","@id":"https:\/\/127.0.0.1\/it\/cultura-dimpresa\/ecco-il-socio-occulto-che-inquina-leconomia-al-nord-e-la-risposta-antimafia-delle-imprese-da-milano-a-verona\/#breadcrumb","itemListElement":[{"@type":"ListItem","position":1,"name":"Home","item":"https:\/\/www.fondazionepirelli.org\/it\/"},{"@type":"ListItem","position":2,"name":"Ecco il \u201csocio occulto\u201d che inquina l\u2019economia al Nord e la risposta antimafia delle imprese da Milano a Verona"}]},{"@type":"WebSite","@id":"https:\/\/www.fondazionepirelli.org\/it\/#website","url":"https:\/\/www.fondazionepirelli.org\/it\/","name":"Fondazione Pirelli","description":"","potentialAction":[{"@type":"SearchAction","target":{"@type":"EntryPoint","urlTemplate":"https:\/\/www.fondazionepirelli.org\/it\/?s={search_term_string}"},"query-input":{"@type":"PropertyValueSpecification","valueRequired":true,"valueName":"search_term_string"}}],"inLanguage":"it-IT"},{"@type":"Person","@id":"https:\/\/www.fondazionepirelli.org\/it\/#\/schema\/person\/f47d097000832c4a6e54538c791fdf25","name":"fondadmin","image":{"@type":"ImageObject","inLanguage":"it-IT","@id":"https:\/\/www.fondazionepirelli.org\/it\/#\/schema\/person\/image\/","url":"https:\/\/secure.gravatar.com\/avatar\/e69498a9175ca244966e51e53c88712c024fcebe41f9a05f75657f1bb25e489b?s=96&d=mm&r=g","contentUrl":"https:\/\/secure.gravatar.com\/avatar\/e69498a9175ca244966e51e53c88712c024fcebe41f9a05f75657f1bb25e489b?s=96&d=mm&r=g","caption":"fondadmin"},"url":"https:\/\/www.fondazionepirelli.org\/it\/author\/fondadmin\/"}]}},"_links":{"self":[{"href":"https:\/\/www.fondazionepirelli.org\/it\/wp-json\/wp\/v2\/posts\/52875\/"}],"collection":[{"href":"https:\/\/www.fondazionepirelli.org\/it\/wp-json\/wp\/v2\/posts\/"}],"about":[{"href":"https:\/\/www.fondazionepirelli.org\/it\/wp-json\/wp\/v2\/types\/post\/"}],"author":[{"embeddable":true,"href":"https:\/\/www.fondazionepirelli.org\/it\/wp-json\/wp\/v2\/users\/1\/"}],"replies":[{"embeddable":true,"href":"https:\/\/www.fondazionepirelli.org\/it\/wp-json\/wp\/v2\/comments\/?post=52875"}],"version-history":[{"count":1,"href":"https:\/\/www.fondazionepirelli.org\/it\/wp-json\/wp\/v2\/posts\/52875\/revisions\/"}],"predecessor-version":[{"id":52959,"href":"https:\/\/www.fondazionepirelli.org\/it\/wp-json\/wp\/v2\/posts\/52875\/revisions\/52959\/"}],"wp:featuredmedia":[{"embeddable":true,"href":"https:\/\/www.fondazionepirelli.org\/it\/wp-json\/wp\/v2\/media\/51483\/"}],"wp:attachment":[{"href":"https:\/\/www.fondazionepirelli.org\/it\/wp-json\/wp\/v2\/media\/?parent=52875"}],"wp:term":[{"taxonomy":"category","embeddable":true,"href":"https:\/\/www.fondazionepirelli.org\/it\/wp-json\/wp\/v2\/categories\/?post=52875"},{"taxonomy":"post_tag","embeddable":true,"href":"https:\/\/www.fondazionepirelli.org\/it\/wp-json\/wp\/v2\/tags\/?post=52875"}],"curies":[{"name":"wp","href":"https:\/\/api.w.org\/{rel}","templated":true}]}}