{"id":52879,"date":"2019-03-12T00:00:00","date_gmt":"2019-03-12T00:00:00","guid":{"rendered":"http:\/\/www.fondazionepirelli.org\/fondazione-pirelli\/governance-della-vita-insieme\/"},"modified":"2019-05-08T12:25:55","modified_gmt":"2019-05-08T12:25:55","slug":"governance-della-vita-insieme","status":"publish","type":"post","link":"https:\/\/www.fondazionepirelli.org\/it\/cultura-dimpresa\/governance-della-vita-insieme\/","title":{"rendered":"Governance della vita insieme"},"content":{"rendered":"<p><em>L\u2019analisi sintetica di uno dei concetti pi\u00f9 usati e abusati ne chiarisce l\u2019importanza e il ruolo<\/em><\/p>\n<p><strong>\u00a0<\/strong><\/p>\n<p>\u201cGovernare\u201d, ma anche gestire, prendersi cura, porre attenzione. Nei confronti di un territorio, di un\u2019impresa, di una comunit\u00e0. Mettere in pratica, insomma, una <em>governance.<\/em> Il \u00a0vocabolo \u00e8 complesso \u2013 seppure ormai di uso comune \u2013 e nasconde molteplici interpretazioni; ad esso occorre accostarsi con attenzione. E\u2019 quanto fa Alfio Mastropaolo (del Dipartimento di Culture, Politica e Societ\u00e0 dell\u2019Universit\u00e0 di Torino), in un suo articolo apparso recentemente sui Quaderni di Sociologia.<\/p>\n<p>Mastropaolo scrive commentando un libro pubblicato in Francia e tradotto poi in Italia, ma quanto espone vale indipendentemente dal motivo che ha originato l\u2019articolo.<\/p>\n<p>Spiega all\u2019inizio l\u2019autore: \u201cIl compito assegnato alle parole, e ai concetti, \u00e8 sempre arduo. Sono tra le tante invenzioni con cui gli esseri umani cercano di ordinare, semplificare e governare il mondo intorno a s\u00e9. Non sono pacifici. Parole e concetti sono imposti in vario modo da alcuni ad altri. Ci sono addetti professionali che se ne prendono cura, ma questo non ne semplifica il destino. Soprattutto parole e concetti non sono univoci. Molti hanno una pluralit\u00e0 di significati, spesso incoerenti. In pi\u00f9, cambiano facilmente. Destinati a mettere ordine, i dizionari di rado vi riescono. Intanto perch\u00e9 i dizionari sono tanti. In secondo luogo, perch\u00e9 neanche l\u2019autorit\u00e0 dei dizionari pacifica i significati. Se c\u2019\u00e8 un termine da ultimo usato e abusato, che di significati ne ha pure troppi, \u00e8 quello di governance\u201d.<\/p>\n<p>Mastropaolo quindi sintetizza i diversi ambiti nei quali <em>governance <\/em>\u00a0viene usato e aggiunge: \u201cLa <em>governance<\/em> segna un trapasso: indica un movimento che intende archiviare la plurisecolare tradizione di governo attraverso lo Stato e fondata sui principi di sovranit\u00e0 e autorit\u00e0 e soppiantarla con una tecnica alternativa di conduzione della vita associata\u201d. Ci\u00f2 che conta ancora di pi\u00f9, spiega poi l\u2019autore, \u00e8 il carattere \u201cmisto\u201d (pubblico\/privato), delle situazioni di governo del territorio alle quali la <em>governance <\/em>\u00a0d\u00e0 vita. Cura della comunit\u00e0, quindi, con la partecipazione di tutti gli attori che di questa fanno parte, anche le imprese (private ma non solo), che in qualche modo inseriscono nella propria cultura del produrre anche l\u2019attenzione a quanto accade oltre i cancelli della fabbrica.<\/p>\n<p>L\u2019intervento di Alfio Mastropaolo ha un grande merito: riassume in poco spazio un un insieme di concetti non facile e intersecantesi fra di loro. Una buona lettura.<\/p><p><strong><a href=\"https:\/\/journals.openedition.org\/qds\/1949\" target=\"_blank\" rel=\"noopener noreferrer\">Significati, utilizzi e fortune del concetto di governance<\/a><\/strong><\/p>\n<p>Alfio Mastropaolo<\/p>\n<p>Quaderni di Sociologia, 76-2018<\/p>","protected":false},"excerpt":{"rendered":"<p>L\u2019analisi sintetica di uno dei concetti pi\u00f9 usati e abusati ne chiarisce l\u2019importanza e il ruolo \u00a0 \u201cGovernare\u201d, ma anche gestire, prendersi cura, porre attenzione. Nei confronti di un territorio, di un\u2019impresa, di una comunit\u00e0. Mettere in pratica, insomma, una governance. Il \u00a0vocabolo \u00e8 complesso \u2013 seppure ormai di uso comune \u2013 e nasconde molteplici [&hellip;]<\/p>\n","protected":false},"author":1,"featured_media":0,"comment_status":"open","ping_status":"open","sticky":false,"template":"","format":"standard","meta":{"footnotes":""},"categories":[54,52],"tags":[],"class_list":["post-52879","post","type-post","status-publish","format-standard","hentry","category-approfondimenti","category-cultura-dimpresa"],"acf":[],"yoast_head":"<!-- This site is optimized with the Yoast SEO plugin v25.0 - https:\/\/yoast.com\/wordpress\/plugins\/seo\/ -->\n<title>Governance della vita insieme - Fondazione Pirelli<\/title>\n<meta name=\"robots\" content=\"index, follow, max-snippet:-1, max-image-preview:large, max-video-preview:-1\" \/>\n<link rel=\"canonical\" href=\"https:\/\/www.fondazionepirelli.org\/it\/cultura-dimpresa\/governance-della-vita-insieme\/\" \/>\n<meta property=\"og:locale\" content=\"it_IT\" \/>\n<meta property=\"og:type\" content=\"article\" \/>\n<meta property=\"og:title\" content=\"Governance della vita insieme - Fondazione Pirelli\" \/>\n<meta property=\"og:description\" content=\"L\u2019analisi sintetica di uno dei concetti pi\u00f9 usati e abusati ne chiarisce l\u2019importanza e il ruolo \u00a0 \u201cGovernare\u201d, ma anche gestire, prendersi cura, porre attenzione. Nei confronti di un territorio, di un\u2019impresa, di una comunit\u00e0. Mettere in pratica, insomma, una governance. Il \u00a0vocabolo \u00e8 complesso \u2013 seppure ormai di uso comune \u2013 e nasconde molteplici [&hellip;]\" \/>\n<meta property=\"og:url\" content=\"https:\/\/www.fondazionepirelli.org\/it\/cultura-dimpresa\/governance-della-vita-insieme\/\" \/>\n<meta property=\"og:site_name\" content=\"Fondazione Pirelli\" \/>\n<meta property=\"article:published_time\" content=\"2019-03-12T00:00:00+00:00\" \/>\n<meta property=\"article:modified_time\" content=\"2019-05-08T12:25:55+00:00\" \/>\n<meta name=\"author\" content=\"fondadmin\" \/>\n<meta name=\"twitter:card\" content=\"summary_large_image\" \/>\n<meta name=\"twitter:label1\" content=\"Scritto da\" \/>\n\t<meta name=\"twitter:data1\" content=\"fondadmin\" \/>\n\t<meta name=\"twitter:label2\" content=\"Tempo di lettura stimato\" \/>\n\t<meta name=\"twitter:data2\" content=\"2 minuti\" \/>\n<script type=\"application\/ld+json\" class=\"yoast-schema-graph\">{\"@context\":\"https:\/\/schema.org\",\"@graph\":[{\"@type\":\"WebPage\",\"@id\":\"https:\/\/www.fondazionepirelli.org\/it\/cultura-dimpresa\/governance-della-vita-insieme\/\",\"url\":\"https:\/\/www.fondazionepirelli.org\/it\/cultura-dimpresa\/governance-della-vita-insieme\/\",\"name\":\"Governance della vita insieme - Fondazione Pirelli\",\"isPartOf\":{\"@id\":\"https:\/\/www.fondazionepirelli.org\/it\/#website\"},\"datePublished\":\"2019-03-12T00:00:00+00:00\",\"dateModified\":\"2019-05-08T12:25:55+00:00\",\"author\":{\"@id\":\"https:\/\/www.fondazionepirelli.org\/it\/#\/schema\/person\/f47d097000832c4a6e54538c791fdf25\"},\"breadcrumb\":{\"@id\":\"https:\/\/www.fondazionepirelli.org\/it\/cultura-dimpresa\/governance-della-vita-insieme\/#breadcrumb\"},\"inLanguage\":\"it-IT\",\"potentialAction\":[{\"@type\":\"ReadAction\",\"target\":[\"https:\/\/www.fondazionepirelli.org\/it\/cultura-dimpresa\/governance-della-vita-insieme\/\"]}]},{\"@type\":\"BreadcrumbList\",\"@id\":\"https:\/\/www.fondazionepirelli.org\/it\/cultura-dimpresa\/governance-della-vita-insieme\/#breadcrumb\",\"itemListElement\":[{\"@type\":\"ListItem\",\"position\":1,\"name\":\"Home\",\"item\":\"https:\/\/www.fondazionepirelli.org\/it\/\"},{\"@type\":\"ListItem\",\"position\":2,\"name\":\"Governance della vita insieme\"}]},{\"@type\":\"WebSite\",\"@id\":\"https:\/\/www.fondazionepirelli.org\/it\/#website\",\"url\":\"https:\/\/www.fondazionepirelli.org\/it\/\",\"name\":\"Fondazione Pirelli\",\"description\":\"\",\"potentialAction\":[{\"@type\":\"SearchAction\",\"target\":{\"@type\":\"EntryPoint\",\"urlTemplate\":\"https:\/\/www.fondazionepirelli.org\/it\/?s={search_term_string}\"},\"query-input\":{\"@type\":\"PropertyValueSpecification\",\"valueRequired\":true,\"valueName\":\"search_term_string\"}}],\"inLanguage\":\"it-IT\"},{\"@type\":\"Person\",\"@id\":\"https:\/\/www.fondazionepirelli.org\/it\/#\/schema\/person\/f47d097000832c4a6e54538c791fdf25\",\"name\":\"fondadmin\",\"image\":{\"@type\":\"ImageObject\",\"inLanguage\":\"it-IT\",\"@id\":\"https:\/\/www.fondazionepirelli.org\/it\/#\/schema\/person\/image\/\",\"url\":\"https:\/\/secure.gravatar.com\/avatar\/e69498a9175ca244966e51e53c88712c024fcebe41f9a05f75657f1bb25e489b?s=96&d=mm&r=g\",\"contentUrl\":\"https:\/\/secure.gravatar.com\/avatar\/e69498a9175ca244966e51e53c88712c024fcebe41f9a05f75657f1bb25e489b?s=96&d=mm&r=g\",\"caption\":\"fondadmin\"},\"url\":\"https:\/\/www.fondazionepirelli.org\/it\/author\/fondadmin\/\"}]}<\/script>\n<!-- \/ Yoast SEO plugin. -->","yoast_head_json":{"title":"Governance della vita insieme - Fondazione Pirelli","robots":{"index":"index","follow":"follow","max-snippet":"max-snippet:-1","max-image-preview":"max-image-preview:large","max-video-preview":"max-video-preview:-1"},"canonical":"https:\/\/www.fondazionepirelli.org\/it\/cultura-dimpresa\/governance-della-vita-insieme\/","og_locale":"it_IT","og_type":"article","og_title":"Governance della vita insieme - Fondazione Pirelli","og_description":"L\u2019analisi sintetica di uno dei concetti pi\u00f9 usati e abusati ne chiarisce l\u2019importanza e il ruolo \u00a0 \u201cGovernare\u201d, ma anche gestire, prendersi cura, porre attenzione. Nei confronti di un territorio, di un\u2019impresa, di una comunit\u00e0. Mettere in pratica, insomma, una governance. Il \u00a0vocabolo \u00e8 complesso \u2013 seppure ormai di uso comune \u2013 e nasconde molteplici [&hellip;]","og_url":"https:\/\/www.fondazionepirelli.org\/it\/cultura-dimpresa\/governance-della-vita-insieme\/","og_site_name":"Fondazione Pirelli","article_published_time":"2019-03-12T00:00:00+00:00","article_modified_time":"2019-05-08T12:25:55+00:00","author":"fondadmin","twitter_card":"summary_large_image","twitter_misc":{"Scritto da":"fondadmin","Tempo di lettura stimato":"2 minuti"},"schema":{"@context":"https:\/\/schema.org","@graph":[{"@type":"WebPage","@id":"https:\/\/www.fondazionepirelli.org\/it\/cultura-dimpresa\/governance-della-vita-insieme\/","url":"https:\/\/www.fondazionepirelli.org\/it\/cultura-dimpresa\/governance-della-vita-insieme\/","name":"Governance della vita insieme - Fondazione Pirelli","isPartOf":{"@id":"https:\/\/www.fondazionepirelli.org\/it\/#website"},"datePublished":"2019-03-12T00:00:00+00:00","dateModified":"2019-05-08T12:25:55+00:00","author":{"@id":"https:\/\/www.fondazionepirelli.org\/it\/#\/schema\/person\/f47d097000832c4a6e54538c791fdf25"},"breadcrumb":{"@id":"https:\/\/www.fondazionepirelli.org\/it\/cultura-dimpresa\/governance-della-vita-insieme\/#breadcrumb"},"inLanguage":"it-IT","potentialAction":[{"@type":"ReadAction","target":["https:\/\/www.fondazionepirelli.org\/it\/cultura-dimpresa\/governance-della-vita-insieme\/"]}]},{"@type":"BreadcrumbList","@id":"https:\/\/www.fondazionepirelli.org\/it\/cultura-dimpresa\/governance-della-vita-insieme\/#breadcrumb","itemListElement":[{"@type":"ListItem","position":1,"name":"Home","item":"https:\/\/www.fondazionepirelli.org\/it\/"},{"@type":"ListItem","position":2,"name":"Governance della vita insieme"}]},{"@type":"WebSite","@id":"https:\/\/www.fondazionepirelli.org\/it\/#website","url":"https:\/\/www.fondazionepirelli.org\/it\/","name":"Fondazione Pirelli","description":"","potentialAction":[{"@type":"SearchAction","target":{"@type":"EntryPoint","urlTemplate":"https:\/\/www.fondazionepirelli.org\/it\/?s={search_term_string}"},"query-input":{"@type":"PropertyValueSpecification","valueRequired":true,"valueName":"search_term_string"}}],"inLanguage":"it-IT"},{"@type":"Person","@id":"https:\/\/www.fondazionepirelli.org\/it\/#\/schema\/person\/f47d097000832c4a6e54538c791fdf25","name":"fondadmin","image":{"@type":"ImageObject","inLanguage":"it-IT","@id":"https:\/\/www.fondazionepirelli.org\/it\/#\/schema\/person\/image\/","url":"https:\/\/secure.gravatar.com\/avatar\/e69498a9175ca244966e51e53c88712c024fcebe41f9a05f75657f1bb25e489b?s=96&d=mm&r=g","contentUrl":"https:\/\/secure.gravatar.com\/avatar\/e69498a9175ca244966e51e53c88712c024fcebe41f9a05f75657f1bb25e489b?s=96&d=mm&r=g","caption":"fondadmin"},"url":"https:\/\/www.fondazionepirelli.org\/it\/author\/fondadmin\/"}]}},"_links":{"self":[{"href":"https:\/\/www.fondazionepirelli.org\/it\/wp-json\/wp\/v2\/posts\/52879\/"}],"collection":[{"href":"https:\/\/www.fondazionepirelli.org\/it\/wp-json\/wp\/v2\/posts\/"}],"about":[{"href":"https:\/\/www.fondazionepirelli.org\/it\/wp-json\/wp\/v2\/types\/post\/"}],"author":[{"embeddable":true,"href":"https:\/\/www.fondazionepirelli.org\/it\/wp-json\/wp\/v2\/users\/1\/"}],"replies":[{"embeddable":true,"href":"https:\/\/www.fondazionepirelli.org\/it\/wp-json\/wp\/v2\/comments\/?post=52879"}],"version-history":[{"count":1,"href":"https:\/\/www.fondazionepirelli.org\/it\/wp-json\/wp\/v2\/posts\/52879\/revisions\/"}],"predecessor-version":[{"id":52961,"href":"https:\/\/www.fondazionepirelli.org\/it\/wp-json\/wp\/v2\/posts\/52879\/revisions\/52961\/"}],"wp:attachment":[{"href":"https:\/\/www.fondazionepirelli.org\/it\/wp-json\/wp\/v2\/media\/?parent=52879"}],"wp:term":[{"taxonomy":"category","embeddable":true,"href":"https:\/\/www.fondazionepirelli.org\/it\/wp-json\/wp\/v2\/categories\/?post=52879"},{"taxonomy":"post_tag","embeddable":true,"href":"https:\/\/www.fondazionepirelli.org\/it\/wp-json\/wp\/v2\/tags\/?post=52879"}],"curies":[{"name":"wp","href":"https:\/\/api.w.org\/{rel}","templated":true}]}}