{"id":52891,"date":"2019-03-05T00:00:00","date_gmt":"2019-03-05T00:00:00","guid":{"rendered":"http:\/\/www.fondazionepirelli.org\/fondazione-pirelli\/concreta-cultura-dimpresa\/"},"modified":"2019-05-08T12:21:01","modified_gmt":"2019-05-08T12:21:01","slug":"concreta-cultura-dimpresa","status":"publish","type":"post","link":"https:\/\/www.fondazionepirelli.org\/it\/cultura-dimpresa\/concreta-cultura-dimpresa\/","title":{"rendered":"Concreta cultura d\u2019impresa"},"content":{"rendered":"<p><em>Un racconto di storia d\u2019azienda, svela il connubio positivo fra vita e lavoro<\/em><\/p><p>Le imprese sono luoghi di lavoro (anche duro), ma possono diventare luoghi di vita a tutto tondo. Fucine di storie oltre che di fatica. Fonti di ricchezza materiale ma anche di qualcosa di pi\u00f9. Non tutte, certamente, ma molte sicuramente. E\u2019 il caso delle fabbriche del Gruppo Mastrotto, azienda di primo piano nel mondo in fatto di lavorazione della pelle che, con chi l\u2019ha creata e chi l\u2019ha fatta crescere e vivere, \u00e8 finita per essere protagonista di un libro fra il racconto d\u2019impresa e il romanzo.<br \/>\n\u201cDalla pelle al cuore. Storie di vita e d&#8217;impresa del Gruppo Mastrotto\u201d \u00e8 l\u2019ultimo libro (pubblicato quest\u2019anno) di Alessandro Zaltron e deve essere letto come un racconto di vita d\u2019impresa che diventa anche manuale di buona gestione.<br \/>\n\u201cLa piattaforma da cui si parte per raccontare la storia del Gruppo Mastrotto \u2013 viene subito detto -, \u00e8 tutta umana e fatta di sentimento e cervello, di famiglia e amicizia, di relazioni locali e storie domestiche, di macchinari antichi e idee analogiche\u201d. Scritto in occasione dei sessant\u2019anni del gruppo, il libro ripercorre capitolo per capitolo la vita aziendale di qualcosa che adesso \u00e8 stato definito come una \u201cmultinazionale tascabile\u201d, ma che pi\u00f9 semplicemente (o se si vuole pi\u00f9 concretamente), \u00e8 il frutto dell\u2019ingegno imprenditoriale (italiano) di un famiglia del distretto industriale del vicentino.<br \/>\nDalle pagine di Zaltron si delinea quindi il percorso con il quale un\u2019identit\u00e0 aziendale viene prima abbozzata, poi sviluppata e alla fine resa concreta dal punto di vista personale e professionale con i contributi di singole persone e di un intero gruppo di lavoro. Scorrono quindi nelle pagine aneddoti ma anche approfondimenti di passaggi cruciali nella vita dell\u2019impresa. Che, si apprende, si \u00e8 inserita a pieno titolo anche nel territorio, guardando da un lato a mercati mondiali sempre pi\u00f9 complessi ma, dall\u2019altro, anche al suo interno e al proprio capitale sociale, arrivando ad una complessit\u00e0 organizzativa crescente.<br \/>\nIl libro di Zaltron si legge, come si \u00e8 detto, come un romanzo ma \u00e8 in realt\u00e0 un manuale di buona cultura d\u2019impresa. Una nota particolare e positiva meritano poi le immagini che sono parte insostituibile del testo.<\/p><p><strong>Dalla pelle al cuore. Storie di vita e d&#8217;impresa del Gruppo Mastrotto<\/strong><br \/>\nAlessandro Zaltron<br \/>\nRizzoli, 2019<\/p>\n","protected":false},"excerpt":{"rendered":"<p>Un racconto di storia d\u2019azienda, svela il connubio positivo fra vita e lavoroLe imprese sono luoghi di lavoro (anche duro), ma possono diventare luoghi di vita a tutto tondo. Fucine di storie oltre che di fatica. Fonti di ricchezza materiale ma anche di qualcosa di pi\u00f9. Non tutte, certamente, ma molte sicuramente. E\u2019 il caso [&hellip;]<\/p>\n","protected":false},"author":1,"featured_media":52892,"comment_status":"open","ping_status":"open","sticky":false,"template":"","format":"standard","meta":{"footnotes":""},"categories":[52,58],"tags":[],"class_list":["post-52891","post","type-post","status-publish","format-standard","has-post-thumbnail","hentry","category-cultura-dimpresa","category-recensioni-libri"],"acf":[],"yoast_head":"<!-- This site is optimized with the Yoast SEO plugin v25.0 - https:\/\/yoast.com\/wordpress\/plugins\/seo\/ -->\n<title>Concreta cultura d\u2019impresa - Fondazione Pirelli<\/title>\n<meta name=\"robots\" content=\"index, follow, max-snippet:-1, max-image-preview:large, max-video-preview:-1\" \/>\n<link rel=\"canonical\" href=\"https:\/\/www.fondazionepirelli.org\/it\/cultura-dimpresa\/concreta-cultura-dimpresa\/\" \/>\n<meta property=\"og:locale\" content=\"it_IT\" \/>\n<meta property=\"og:type\" content=\"article\" \/>\n<meta property=\"og:title\" content=\"Concreta cultura d\u2019impresa - Fondazione Pirelli\" \/>\n<meta property=\"og:description\" content=\"Un racconto di storia d\u2019azienda, svela il connubio positivo fra vita e lavoroLe imprese sono luoghi di lavoro (anche duro), ma possono diventare luoghi di vita a tutto tondo. Fucine di storie oltre che di fatica. Fonti di ricchezza materiale ma anche di qualcosa di pi\u00f9. Non tutte, certamente, ma molte sicuramente. E\u2019 il caso [&hellip;]\" \/>\n<meta property=\"og:url\" content=\"https:\/\/127.0.0.1\/it\/cultura-dimpresa\/concreta-cultura-dimpresa\/\" \/>\n<meta property=\"og:site_name\" content=\"Fondazione Pirelli\" \/>\n<meta property=\"article:published_time\" content=\"2019-03-05T00:00:00+00:00\" \/>\n<meta property=\"article:modified_time\" content=\"2019-05-08T12:21:01+00:00\" \/>\n<meta property=\"og:image\" content=\"https:\/\/wpsite-assets.fondazionepirelli.org\/wp-content\/uploads\/2019\/05\/20101141\/dalla-pelle-al-cuore.jpg\" \/>\n\t<meta property=\"og:image:width\" content=\"302\" \/>\n\t<meta property=\"og:image:height\" content=\"432\" \/>\n\t<meta property=\"og:image:type\" content=\"image\/jpeg\" \/>\n<meta name=\"author\" content=\"fondadmin\" \/>\n<meta name=\"twitter:card\" content=\"summary_large_image\" \/>\n<meta name=\"twitter:label1\" content=\"Scritto da\" \/>\n\t<meta name=\"twitter:data1\" content=\"fondadmin\" \/>\n\t<meta name=\"twitter:label2\" content=\"Tempo di lettura stimato\" \/>\n\t<meta name=\"twitter:data2\" content=\"2 minuti\" \/>\n<script type=\"application\/ld+json\" class=\"yoast-schema-graph\">{\"@context\":\"https:\/\/schema.org\",\"@graph\":[{\"@type\":\"WebPage\",\"@id\":\"https:\/\/127.0.0.1\/it\/cultura-dimpresa\/concreta-cultura-dimpresa\/\",\"url\":\"https:\/\/127.0.0.1\/it\/cultura-dimpresa\/concreta-cultura-dimpresa\/\",\"name\":\"Concreta cultura d\u2019impresa - Fondazione Pirelli\",\"isPartOf\":{\"@id\":\"https:\/\/www.fondazionepirelli.org\/it\/#website\"},\"primaryImageOfPage\":{\"@id\":\"https:\/\/127.0.0.1\/it\/cultura-dimpresa\/concreta-cultura-dimpresa\/#primaryimage\"},\"image\":{\"@id\":\"https:\/\/127.0.0.1\/it\/cultura-dimpresa\/concreta-cultura-dimpresa\/#primaryimage\"},\"thumbnailUrl\":\"https:\/\/wpsite-assets.fondazionepirelli.org\/wp-content\/uploads\/2019\/05\/20101141\/dalla-pelle-al-cuore.jpg\",\"datePublished\":\"2019-03-05T00:00:00+00:00\",\"dateModified\":\"2019-05-08T12:21:01+00:00\",\"author\":{\"@id\":\"https:\/\/www.fondazionepirelli.org\/it\/#\/schema\/person\/f47d097000832c4a6e54538c791fdf25\"},\"breadcrumb\":{\"@id\":\"https:\/\/127.0.0.1\/it\/cultura-dimpresa\/concreta-cultura-dimpresa\/#breadcrumb\"},\"inLanguage\":\"it-IT\",\"potentialAction\":[{\"@type\":\"ReadAction\",\"target\":[\"https:\/\/127.0.0.1\/it\/cultura-dimpresa\/concreta-cultura-dimpresa\/\"]}]},{\"@type\":\"ImageObject\",\"inLanguage\":\"it-IT\",\"@id\":\"https:\/\/127.0.0.1\/it\/cultura-dimpresa\/concreta-cultura-dimpresa\/#primaryimage\",\"url\":\"https:\/\/wpsite-assets.fondazionepirelli.org\/wp-content\/uploads\/2019\/05\/20101141\/dalla-pelle-al-cuore.jpg\",\"contentUrl\":\"https:\/\/wpsite-assets.fondazionepirelli.org\/wp-content\/uploads\/2019\/05\/20101141\/dalla-pelle-al-cuore.jpg\",\"width\":302,\"height\":432},{\"@type\":\"BreadcrumbList\",\"@id\":\"https:\/\/127.0.0.1\/it\/cultura-dimpresa\/concreta-cultura-dimpresa\/#breadcrumb\",\"itemListElement\":[{\"@type\":\"ListItem\",\"position\":1,\"name\":\"Home\",\"item\":\"https:\/\/www.fondazionepirelli.org\/it\/\"},{\"@type\":\"ListItem\",\"position\":2,\"name\":\"Concreta cultura d\u2019impresa\"}]},{\"@type\":\"WebSite\",\"@id\":\"https:\/\/www.fondazionepirelli.org\/it\/#website\",\"url\":\"https:\/\/www.fondazionepirelli.org\/it\/\",\"name\":\"Fondazione Pirelli\",\"description\":\"\",\"potentialAction\":[{\"@type\":\"SearchAction\",\"target\":{\"@type\":\"EntryPoint\",\"urlTemplate\":\"https:\/\/www.fondazionepirelli.org\/it\/?s={search_term_string}\"},\"query-input\":{\"@type\":\"PropertyValueSpecification\",\"valueRequired\":true,\"valueName\":\"search_term_string\"}}],\"inLanguage\":\"it-IT\"},{\"@type\":\"Person\",\"@id\":\"https:\/\/www.fondazionepirelli.org\/it\/#\/schema\/person\/f47d097000832c4a6e54538c791fdf25\",\"name\":\"fondadmin\",\"image\":{\"@type\":\"ImageObject\",\"inLanguage\":\"it-IT\",\"@id\":\"https:\/\/www.fondazionepirelli.org\/it\/#\/schema\/person\/image\/\",\"url\":\"https:\/\/secure.gravatar.com\/avatar\/e69498a9175ca244966e51e53c88712c024fcebe41f9a05f75657f1bb25e489b?s=96&d=mm&r=g\",\"contentUrl\":\"https:\/\/secure.gravatar.com\/avatar\/e69498a9175ca244966e51e53c88712c024fcebe41f9a05f75657f1bb25e489b?s=96&d=mm&r=g\",\"caption\":\"fondadmin\"},\"url\":\"https:\/\/www.fondazionepirelli.org\/it\/author\/fondadmin\/\"}]}<\/script>\n<!-- \/ Yoast SEO plugin. -->","yoast_head_json":{"title":"Concreta cultura d\u2019impresa - Fondazione Pirelli","robots":{"index":"index","follow":"follow","max-snippet":"max-snippet:-1","max-image-preview":"max-image-preview:large","max-video-preview":"max-video-preview:-1"},"canonical":"https:\/\/www.fondazionepirelli.org\/it\/cultura-dimpresa\/concreta-cultura-dimpresa\/","og_locale":"it_IT","og_type":"article","og_title":"Concreta cultura d\u2019impresa - Fondazione Pirelli","og_description":"Un racconto di storia d\u2019azienda, svela il connubio positivo fra vita e lavoroLe imprese sono luoghi di lavoro (anche duro), ma possono diventare luoghi di vita a tutto tondo. Fucine di storie oltre che di fatica. Fonti di ricchezza materiale ma anche di qualcosa di pi\u00f9. Non tutte, certamente, ma molte sicuramente. E\u2019 il caso [&hellip;]","og_url":"https:\/\/127.0.0.1\/it\/cultura-dimpresa\/concreta-cultura-dimpresa\/","og_site_name":"Fondazione Pirelli","article_published_time":"2019-03-05T00:00:00+00:00","article_modified_time":"2019-05-08T12:21:01+00:00","og_image":[{"width":302,"height":432,"url":"https:\/\/wpsite-assets.fondazionepirelli.org\/wp-content\/uploads\/2019\/05\/20101141\/dalla-pelle-al-cuore.jpg","type":"image\/jpeg"}],"author":"fondadmin","twitter_card":"summary_large_image","twitter_misc":{"Scritto da":"fondadmin","Tempo di lettura stimato":"2 minuti"},"schema":{"@context":"https:\/\/schema.org","@graph":[{"@type":"WebPage","@id":"https:\/\/127.0.0.1\/it\/cultura-dimpresa\/concreta-cultura-dimpresa\/","url":"https:\/\/127.0.0.1\/it\/cultura-dimpresa\/concreta-cultura-dimpresa\/","name":"Concreta cultura d\u2019impresa - Fondazione Pirelli","isPartOf":{"@id":"https:\/\/www.fondazionepirelli.org\/it\/#website"},"primaryImageOfPage":{"@id":"https:\/\/127.0.0.1\/it\/cultura-dimpresa\/concreta-cultura-dimpresa\/#primaryimage"},"image":{"@id":"https:\/\/127.0.0.1\/it\/cultura-dimpresa\/concreta-cultura-dimpresa\/#primaryimage"},"thumbnailUrl":"https:\/\/wpsite-assets.fondazionepirelli.org\/wp-content\/uploads\/2019\/05\/20101141\/dalla-pelle-al-cuore.jpg","datePublished":"2019-03-05T00:00:00+00:00","dateModified":"2019-05-08T12:21:01+00:00","author":{"@id":"https:\/\/www.fondazionepirelli.org\/it\/#\/schema\/person\/f47d097000832c4a6e54538c791fdf25"},"breadcrumb":{"@id":"https:\/\/127.0.0.1\/it\/cultura-dimpresa\/concreta-cultura-dimpresa\/#breadcrumb"},"inLanguage":"it-IT","potentialAction":[{"@type":"ReadAction","target":["https:\/\/127.0.0.1\/it\/cultura-dimpresa\/concreta-cultura-dimpresa\/"]}]},{"@type":"ImageObject","inLanguage":"it-IT","@id":"https:\/\/127.0.0.1\/it\/cultura-dimpresa\/concreta-cultura-dimpresa\/#primaryimage","url":"https:\/\/wpsite-assets.fondazionepirelli.org\/wp-content\/uploads\/2019\/05\/20101141\/dalla-pelle-al-cuore.jpg","contentUrl":"https:\/\/wpsite-assets.fondazionepirelli.org\/wp-content\/uploads\/2019\/05\/20101141\/dalla-pelle-al-cuore.jpg","width":302,"height":432},{"@type":"BreadcrumbList","@id":"https:\/\/127.0.0.1\/it\/cultura-dimpresa\/concreta-cultura-dimpresa\/#breadcrumb","itemListElement":[{"@type":"ListItem","position":1,"name":"Home","item":"https:\/\/www.fondazionepirelli.org\/it\/"},{"@type":"ListItem","position":2,"name":"Concreta cultura d\u2019impresa"}]},{"@type":"WebSite","@id":"https:\/\/www.fondazionepirelli.org\/it\/#website","url":"https:\/\/www.fondazionepirelli.org\/it\/","name":"Fondazione Pirelli","description":"","potentialAction":[{"@type":"SearchAction","target":{"@type":"EntryPoint","urlTemplate":"https:\/\/www.fondazionepirelli.org\/it\/?s={search_term_string}"},"query-input":{"@type":"PropertyValueSpecification","valueRequired":true,"valueName":"search_term_string"}}],"inLanguage":"it-IT"},{"@type":"Person","@id":"https:\/\/www.fondazionepirelli.org\/it\/#\/schema\/person\/f47d097000832c4a6e54538c791fdf25","name":"fondadmin","image":{"@type":"ImageObject","inLanguage":"it-IT","@id":"https:\/\/www.fondazionepirelli.org\/it\/#\/schema\/person\/image\/","url":"https:\/\/secure.gravatar.com\/avatar\/e69498a9175ca244966e51e53c88712c024fcebe41f9a05f75657f1bb25e489b?s=96&d=mm&r=g","contentUrl":"https:\/\/secure.gravatar.com\/avatar\/e69498a9175ca244966e51e53c88712c024fcebe41f9a05f75657f1bb25e489b?s=96&d=mm&r=g","caption":"fondadmin"},"url":"https:\/\/www.fondazionepirelli.org\/it\/author\/fondadmin\/"}]}},"_links":{"self":[{"href":"https:\/\/www.fondazionepirelli.org\/it\/wp-json\/wp\/v2\/posts\/52891\/"}],"collection":[{"href":"https:\/\/www.fondazionepirelli.org\/it\/wp-json\/wp\/v2\/posts\/"}],"about":[{"href":"https:\/\/www.fondazionepirelli.org\/it\/wp-json\/wp\/v2\/types\/post\/"}],"author":[{"embeddable":true,"href":"https:\/\/www.fondazionepirelli.org\/it\/wp-json\/wp\/v2\/users\/1\/"}],"replies":[{"embeddable":true,"href":"https:\/\/www.fondazionepirelli.org\/it\/wp-json\/wp\/v2\/comments\/?post=52891"}],"version-history":[{"count":1,"href":"https:\/\/www.fondazionepirelli.org\/it\/wp-json\/wp\/v2\/posts\/52891\/revisions\/"}],"predecessor-version":[{"id":52966,"href":"https:\/\/www.fondazionepirelli.org\/it\/wp-json\/wp\/v2\/posts\/52891\/revisions\/52966\/"}],"wp:featuredmedia":[{"embeddable":true,"href":"https:\/\/www.fondazionepirelli.org\/it\/wp-json\/wp\/v2\/media\/52892\/"}],"wp:attachment":[{"href":"https:\/\/www.fondazionepirelli.org\/it\/wp-json\/wp\/v2\/media\/?parent=52891"}],"wp:term":[{"taxonomy":"category","embeddable":true,"href":"https:\/\/www.fondazionepirelli.org\/it\/wp-json\/wp\/v2\/categories\/?post=52891"},{"taxonomy":"post_tag","embeddable":true,"href":"https:\/\/www.fondazionepirelli.org\/it\/wp-json\/wp\/v2\/tags\/?post=52891"}],"curies":[{"name":"wp","href":"https:\/\/api.w.org\/{rel}","templated":true}]}}