{"id":52908,"date":"2019-02-19T00:00:00","date_gmt":"2019-02-19T00:00:00","guid":{"rendered":"http:\/\/www.fondazionepirelli.org\/fondazione-pirelli\/luoghi-di-vita-industriosa\/"},"modified":"2019-05-08T12:10:18","modified_gmt":"2019-05-08T12:10:18","slug":"luoghi-di-vita-industriosa","status":"publish","type":"post","link":"https:\/\/www.fondazionepirelli.org\/it\/cultura-dimpresa\/luoghi-di-vita-industriosa\/","title":{"rendered":"Luoghi di vita industriosa"},"content":{"rendered":"<p><em>Un libro racconta fabbrica e villaggio operaio di Crespi d\u2019Adda<\/em><\/p><p>Luoghi d\u2019industria. Spazi d\u2019impresa. Territori della memoria ancora viva. L\u2019Italia industriale (e non solo quella), \u00e8 percorsa da numerosi siti che hanno caratteristiche di \u201csantuari\u201d dell\u2019ingegno umano ma che sono anche occasioni per imparare un presente fatto anche di un passato di lavoro e di fatica, istruttivo e importante. Segni tangibili di una cultura d\u2019impresa che solo apparentemente \u00e8 morta. Uno di questi luoghi \u00e8 il sito di Crespi d&#8217;Adda fondato da Cristoforo Benigno Crespi nel 1878, inserito ancora in attivit\u00e0 nell\u2019elenco dei siti Patrimonio mondiale dell&#8217;umanit\u00e0 dal 1995 e, dopo diversi avvicendamenti industriali, definitivamente fermatosi con la cessazione dell&#8217;ultima attivit\u00e0 produttiva nel 2003. L\u2019area \u00e8 per\u00f2 \u201crinata\u201d nel 2013 con un imprenditore bergamasco che ha rilevato l&#8217;intero stabilimento, un tempo sede del Cotonificio Benigno Crespi, per ridagli vita.<\/p>\n<p>Fabbrica luogo di lavoro e villaggio luogo di vita, sono i due poli attorno ai quali Crespi d\u2019Adda \u00e8 stato pensato, costruito e gestito e che adesso viene raccontato da<\/p>\n<p>\u201cCrespi d\u2019Adda. Storia di una impresa\u201d scritto da Giorgio Ravasio: un libro di una cinquantina di pagine dense di testo e soprattutto di immagini.<\/p>\n<p>Il filo del racconto \u00e8 la storia di un esperimento urbano e industriale che ha tentato (anche in buona parte riuscendoci), di coniugare \u201c<em>armoniosamente vita e lavoro, funzionalit\u00e0 e bellezza, natura e architettura\u201d, come spiega l\u2019autore.<\/em><\/p>\n<p><em>Libro da leggere e da sfogliare, dunque, ma soprattutto da meditare partendo dalle immagini (70) <\/em><strong>sia recenti che storiche<\/strong>, \u00a0queste ultime, provenienti da archivi privati e pubblici e scattate tra la fine dell\u2019Ottocento e i primi anni del Novecento.<\/p>\n<p>Libro che, oltre a ricordare un esperimento di cultura industriale durato oltre cento anni, costituisce anche uno strumento per consolidare la consapevolezza del nostro presente industriale. Bella la citazione che Ravasio da del gesuita Matteo Ricci il quale \u201c<em>sosteneva \u2013 scrive l\u2019autore -, che la memoria \u00e8 un palazzo che si costruisce un tassello alla volta ma l\u2019edificio poi \u00e8 solido e indistruttibile. Ricordare, insomma, non solo per non dimenticare ma per costruire la terra su cui poggiare i nostri piedi\u201d.<\/em><\/p>\n<p><em>\u00a0<\/em><\/p><p><strong>Crespi d\u2019Adda. Storia di una Impresa<\/strong><\/p>\n<p>Giorgio Ravasio<\/p>\n<p>Associazione Crespi d\u2019Adda, Tesserememoria, 2019<\/p>","protected":false},"excerpt":{"rendered":"<p>Un libro racconta fabbrica e villaggio operaio di Crespi d\u2019AddaLuoghi d\u2019industria. Spazi d\u2019impresa. Territori della memoria ancora viva. L\u2019Italia industriale (e non solo quella), \u00e8 percorsa da numerosi siti che hanno caratteristiche di \u201csantuari\u201d dell\u2019ingegno umano ma che sono anche occasioni per imparare un presente fatto anche di un passato di lavoro e di fatica, [&hellip;]<\/p>\n","protected":false},"author":1,"featured_media":52909,"comment_status":"open","ping_status":"open","sticky":false,"template":"","format":"standard","meta":{"footnotes":""},"categories":[52,58],"tags":[],"class_list":["post-52908","post","type-post","status-publish","format-standard","has-post-thumbnail","hentry","category-cultura-dimpresa","category-recensioni-libri"],"acf":[],"yoast_head":"<!-- This site is optimized with the Yoast SEO plugin v25.0 - https:\/\/yoast.com\/wordpress\/plugins\/seo\/ -->\n<title>Luoghi di vita industriosa - Fondazione Pirelli<\/title>\n<meta name=\"robots\" content=\"index, follow, max-snippet:-1, max-image-preview:large, max-video-preview:-1\" \/>\n<link rel=\"canonical\" href=\"https:\/\/www.fondazionepirelli.org\/it\/cultura-dimpresa\/luoghi-di-vita-industriosa\/\" \/>\n<meta property=\"og:locale\" content=\"it_IT\" \/>\n<meta property=\"og:type\" content=\"article\" \/>\n<meta property=\"og:title\" content=\"Luoghi di vita industriosa - Fondazione Pirelli\" \/>\n<meta property=\"og:description\" content=\"Un libro racconta fabbrica e villaggio operaio di Crespi d\u2019AddaLuoghi d\u2019industria. Spazi d\u2019impresa. Territori della memoria ancora viva. L\u2019Italia industriale (e non solo quella), \u00e8 percorsa da numerosi siti che hanno caratteristiche di \u201csantuari\u201d dell\u2019ingegno umano ma che sono anche occasioni per imparare un presente fatto anche di un passato di lavoro e di fatica, [&hellip;]\" \/>\n<meta property=\"og:url\" content=\"https:\/\/127.0.0.1\/it\/cultura-dimpresa\/luoghi-di-vita-industriosa\/\" \/>\n<meta property=\"og:site_name\" content=\"Fondazione Pirelli\" \/>\n<meta property=\"article:published_time\" content=\"2019-02-19T00:00:00+00:00\" \/>\n<meta property=\"article:modified_time\" content=\"2019-05-08T12:10:18+00:00\" \/>\n<meta property=\"og:image\" content=\"https:\/\/wpsite-assets.fondazionepirelli.org\/wp-content\/uploads\/2019\/05\/20101137\/crespi.jpg\" \/>\n\t<meta property=\"og:image:width\" content=\"420\" \/>\n\t<meta property=\"og:image:height\" content=\"411\" \/>\n\t<meta property=\"og:image:type\" content=\"image\/jpeg\" \/>\n<meta name=\"author\" content=\"fondadmin\" \/>\n<meta name=\"twitter:card\" content=\"summary_large_image\" \/>\n<meta name=\"twitter:label1\" content=\"Scritto da\" \/>\n\t<meta name=\"twitter:data1\" content=\"fondadmin\" \/>\n\t<meta name=\"twitter:label2\" content=\"Tempo di lettura stimato\" \/>\n\t<meta name=\"twitter:data2\" content=\"2 minuti\" \/>\n<script type=\"application\/ld+json\" class=\"yoast-schema-graph\">{\"@context\":\"https:\/\/schema.org\",\"@graph\":[{\"@type\":\"WebPage\",\"@id\":\"https:\/\/127.0.0.1\/it\/cultura-dimpresa\/luoghi-di-vita-industriosa\/\",\"url\":\"https:\/\/127.0.0.1\/it\/cultura-dimpresa\/luoghi-di-vita-industriosa\/\",\"name\":\"Luoghi di vita industriosa - Fondazione Pirelli\",\"isPartOf\":{\"@id\":\"https:\/\/www.fondazionepirelli.org\/it\/#website\"},\"primaryImageOfPage\":{\"@id\":\"https:\/\/127.0.0.1\/it\/cultura-dimpresa\/luoghi-di-vita-industriosa\/#primaryimage\"},\"image\":{\"@id\":\"https:\/\/127.0.0.1\/it\/cultura-dimpresa\/luoghi-di-vita-industriosa\/#primaryimage\"},\"thumbnailUrl\":\"https:\/\/wpsite-assets.fondazionepirelli.org\/wp-content\/uploads\/2019\/05\/20101137\/crespi.jpg\",\"datePublished\":\"2019-02-19T00:00:00+00:00\",\"dateModified\":\"2019-05-08T12:10:18+00:00\",\"author\":{\"@id\":\"https:\/\/www.fondazionepirelli.org\/it\/#\/schema\/person\/f47d097000832c4a6e54538c791fdf25\"},\"breadcrumb\":{\"@id\":\"https:\/\/127.0.0.1\/it\/cultura-dimpresa\/luoghi-di-vita-industriosa\/#breadcrumb\"},\"inLanguage\":\"it-IT\",\"potentialAction\":[{\"@type\":\"ReadAction\",\"target\":[\"https:\/\/127.0.0.1\/it\/cultura-dimpresa\/luoghi-di-vita-industriosa\/\"]}]},{\"@type\":\"ImageObject\",\"inLanguage\":\"it-IT\",\"@id\":\"https:\/\/127.0.0.1\/it\/cultura-dimpresa\/luoghi-di-vita-industriosa\/#primaryimage\",\"url\":\"https:\/\/wpsite-assets.fondazionepirelli.org\/wp-content\/uploads\/2019\/05\/20101137\/crespi.jpg\",\"contentUrl\":\"https:\/\/wpsite-assets.fondazionepirelli.org\/wp-content\/uploads\/2019\/05\/20101137\/crespi.jpg\",\"width\":420,\"height\":411},{\"@type\":\"BreadcrumbList\",\"@id\":\"https:\/\/127.0.0.1\/it\/cultura-dimpresa\/luoghi-di-vita-industriosa\/#breadcrumb\",\"itemListElement\":[{\"@type\":\"ListItem\",\"position\":1,\"name\":\"Home\",\"item\":\"https:\/\/www.fondazionepirelli.org\/it\/\"},{\"@type\":\"ListItem\",\"position\":2,\"name\":\"Luoghi di vita industriosa\"}]},{\"@type\":\"WebSite\",\"@id\":\"https:\/\/www.fondazionepirelli.org\/it\/#website\",\"url\":\"https:\/\/www.fondazionepirelli.org\/it\/\",\"name\":\"Fondazione Pirelli\",\"description\":\"\",\"potentialAction\":[{\"@type\":\"SearchAction\",\"target\":{\"@type\":\"EntryPoint\",\"urlTemplate\":\"https:\/\/www.fondazionepirelli.org\/it\/?s={search_term_string}\"},\"query-input\":{\"@type\":\"PropertyValueSpecification\",\"valueRequired\":true,\"valueName\":\"search_term_string\"}}],\"inLanguage\":\"it-IT\"},{\"@type\":\"Person\",\"@id\":\"https:\/\/www.fondazionepirelli.org\/it\/#\/schema\/person\/f47d097000832c4a6e54538c791fdf25\",\"name\":\"fondadmin\",\"image\":{\"@type\":\"ImageObject\",\"inLanguage\":\"it-IT\",\"@id\":\"https:\/\/www.fondazionepirelli.org\/it\/#\/schema\/person\/image\/\",\"url\":\"https:\/\/secure.gravatar.com\/avatar\/e69498a9175ca244966e51e53c88712c024fcebe41f9a05f75657f1bb25e489b?s=96&d=mm&r=g\",\"contentUrl\":\"https:\/\/secure.gravatar.com\/avatar\/e69498a9175ca244966e51e53c88712c024fcebe41f9a05f75657f1bb25e489b?s=96&d=mm&r=g\",\"caption\":\"fondadmin\"},\"url\":\"https:\/\/www.fondazionepirelli.org\/it\/author\/fondadmin\/\"}]}<\/script>\n<!-- \/ Yoast SEO plugin. -->","yoast_head_json":{"title":"Luoghi di vita industriosa - Fondazione Pirelli","robots":{"index":"index","follow":"follow","max-snippet":"max-snippet:-1","max-image-preview":"max-image-preview:large","max-video-preview":"max-video-preview:-1"},"canonical":"https:\/\/www.fondazionepirelli.org\/it\/cultura-dimpresa\/luoghi-di-vita-industriosa\/","og_locale":"it_IT","og_type":"article","og_title":"Luoghi di vita industriosa - Fondazione Pirelli","og_description":"Un libro racconta fabbrica e villaggio operaio di Crespi d\u2019AddaLuoghi d\u2019industria. Spazi d\u2019impresa. Territori della memoria ancora viva. L\u2019Italia industriale (e non solo quella), \u00e8 percorsa da numerosi siti che hanno caratteristiche di \u201csantuari\u201d dell\u2019ingegno umano ma che sono anche occasioni per imparare un presente fatto anche di un passato di lavoro e di fatica, [&hellip;]","og_url":"https:\/\/127.0.0.1\/it\/cultura-dimpresa\/luoghi-di-vita-industriosa\/","og_site_name":"Fondazione Pirelli","article_published_time":"2019-02-19T00:00:00+00:00","article_modified_time":"2019-05-08T12:10:18+00:00","og_image":[{"width":420,"height":411,"url":"https:\/\/wpsite-assets.fondazionepirelli.org\/wp-content\/uploads\/2019\/05\/20101137\/crespi.jpg","type":"image\/jpeg"}],"author":"fondadmin","twitter_card":"summary_large_image","twitter_misc":{"Scritto da":"fondadmin","Tempo di lettura stimato":"2 minuti"},"schema":{"@context":"https:\/\/schema.org","@graph":[{"@type":"WebPage","@id":"https:\/\/127.0.0.1\/it\/cultura-dimpresa\/luoghi-di-vita-industriosa\/","url":"https:\/\/127.0.0.1\/it\/cultura-dimpresa\/luoghi-di-vita-industriosa\/","name":"Luoghi di vita industriosa - Fondazione Pirelli","isPartOf":{"@id":"https:\/\/www.fondazionepirelli.org\/it\/#website"},"primaryImageOfPage":{"@id":"https:\/\/127.0.0.1\/it\/cultura-dimpresa\/luoghi-di-vita-industriosa\/#primaryimage"},"image":{"@id":"https:\/\/127.0.0.1\/it\/cultura-dimpresa\/luoghi-di-vita-industriosa\/#primaryimage"},"thumbnailUrl":"https:\/\/wpsite-assets.fondazionepirelli.org\/wp-content\/uploads\/2019\/05\/20101137\/crespi.jpg","datePublished":"2019-02-19T00:00:00+00:00","dateModified":"2019-05-08T12:10:18+00:00","author":{"@id":"https:\/\/www.fondazionepirelli.org\/it\/#\/schema\/person\/f47d097000832c4a6e54538c791fdf25"},"breadcrumb":{"@id":"https:\/\/127.0.0.1\/it\/cultura-dimpresa\/luoghi-di-vita-industriosa\/#breadcrumb"},"inLanguage":"it-IT","potentialAction":[{"@type":"ReadAction","target":["https:\/\/127.0.0.1\/it\/cultura-dimpresa\/luoghi-di-vita-industriosa\/"]}]},{"@type":"ImageObject","inLanguage":"it-IT","@id":"https:\/\/127.0.0.1\/it\/cultura-dimpresa\/luoghi-di-vita-industriosa\/#primaryimage","url":"https:\/\/wpsite-assets.fondazionepirelli.org\/wp-content\/uploads\/2019\/05\/20101137\/crespi.jpg","contentUrl":"https:\/\/wpsite-assets.fondazionepirelli.org\/wp-content\/uploads\/2019\/05\/20101137\/crespi.jpg","width":420,"height":411},{"@type":"BreadcrumbList","@id":"https:\/\/127.0.0.1\/it\/cultura-dimpresa\/luoghi-di-vita-industriosa\/#breadcrumb","itemListElement":[{"@type":"ListItem","position":1,"name":"Home","item":"https:\/\/www.fondazionepirelli.org\/it\/"},{"@type":"ListItem","position":2,"name":"Luoghi di vita industriosa"}]},{"@type":"WebSite","@id":"https:\/\/www.fondazionepirelli.org\/it\/#website","url":"https:\/\/www.fondazionepirelli.org\/it\/","name":"Fondazione Pirelli","description":"","potentialAction":[{"@type":"SearchAction","target":{"@type":"EntryPoint","urlTemplate":"https:\/\/www.fondazionepirelli.org\/it\/?s={search_term_string}"},"query-input":{"@type":"PropertyValueSpecification","valueRequired":true,"valueName":"search_term_string"}}],"inLanguage":"it-IT"},{"@type":"Person","@id":"https:\/\/www.fondazionepirelli.org\/it\/#\/schema\/person\/f47d097000832c4a6e54538c791fdf25","name":"fondadmin","image":{"@type":"ImageObject","inLanguage":"it-IT","@id":"https:\/\/www.fondazionepirelli.org\/it\/#\/schema\/person\/image\/","url":"https:\/\/secure.gravatar.com\/avatar\/e69498a9175ca244966e51e53c88712c024fcebe41f9a05f75657f1bb25e489b?s=96&d=mm&r=g","contentUrl":"https:\/\/secure.gravatar.com\/avatar\/e69498a9175ca244966e51e53c88712c024fcebe41f9a05f75657f1bb25e489b?s=96&d=mm&r=g","caption":"fondadmin"},"url":"https:\/\/www.fondazionepirelli.org\/it\/author\/fondadmin\/"}]}},"_links":{"self":[{"href":"https:\/\/www.fondazionepirelli.org\/it\/wp-json\/wp\/v2\/posts\/52908\/"}],"collection":[{"href":"https:\/\/www.fondazionepirelli.org\/it\/wp-json\/wp\/v2\/posts\/"}],"about":[{"href":"https:\/\/www.fondazionepirelli.org\/it\/wp-json\/wp\/v2\/types\/post\/"}],"author":[{"embeddable":true,"href":"https:\/\/www.fondazionepirelli.org\/it\/wp-json\/wp\/v2\/users\/1\/"}],"replies":[{"embeddable":true,"href":"https:\/\/www.fondazionepirelli.org\/it\/wp-json\/wp\/v2\/comments\/?post=52908"}],"version-history":[{"count":1,"href":"https:\/\/www.fondazionepirelli.org\/it\/wp-json\/wp\/v2\/posts\/52908\/revisions\/"}],"predecessor-version":[{"id":52974,"href":"https:\/\/www.fondazionepirelli.org\/it\/wp-json\/wp\/v2\/posts\/52908\/revisions\/52974\/"}],"wp:featuredmedia":[{"embeddable":true,"href":"https:\/\/www.fondazionepirelli.org\/it\/wp-json\/wp\/v2\/media\/52909\/"}],"wp:attachment":[{"href":"https:\/\/www.fondazionepirelli.org\/it\/wp-json\/wp\/v2\/media\/?parent=52908"}],"wp:term":[{"taxonomy":"category","embeddable":true,"href":"https:\/\/www.fondazionepirelli.org\/it\/wp-json\/wp\/v2\/categories\/?post=52908"},{"taxonomy":"post_tag","embeddable":true,"href":"https:\/\/www.fondazionepirelli.org\/it\/wp-json\/wp\/v2\/tags\/?post=52908"}],"curies":[{"name":"wp","href":"https:\/\/api.w.org\/{rel}","templated":true}]}}