{"id":52912,"date":"2019-02-19T00:00:00","date_gmt":"2019-02-19T00:00:00","guid":{"rendered":"http:\/\/www.fondazionepirelli.org\/fondazione-pirelli\/torna-la-voglia-di-stato-padrone-anche-se-il-governo-ha-promesso-alla-ue-17-miliardi-di-privatizzazioni\/"},"modified":"2019-05-08T11:01:50","modified_gmt":"2019-05-08T11:01:50","slug":"torna-la-voglia-di-stato-padrone-anche-se-il-governo-ha-promesso-alla-ue-17-miliardi-di-privatizzazioni","status":"publish","type":"post","link":"https:\/\/www.fondazionepirelli.org\/it\/cultura-dimpresa\/torna-la-voglia-di-stato-padrone-anche-se-il-governo-ha-promesso-alla-ue-17-miliardi-di-privatizzazioni\/","title":{"rendered":"Torna la voglia di Stato padrone, anche se il Governo ha promesso alla Ue 17 miliardi di privatizzazioni"},"content":{"rendered":"<p>Sull\u2019Italia in <strong>recessione<\/strong> (unico tra i grandi paesi europei) e con \u201cil motore inceppato\u201d (definizione del professor Sabino Cassese) s\u2019allunga sempre pi\u00f9 incombente un\u2019ombra: quella della crescente <strong>presenza dello Stato<\/strong> nell\u2019economia, da gestore di aziende e non da legislatore e controllore (come sarebbe giusto e opportuno). Nelle stanze di Palazzo Chigi e dei ministeri economici c\u2019\u00e8 una gran voglia di nazionalizzazioni. Si progetta di arrivare alla maggioranza del capitale di Alitalia, tra intervento diretto del <strong>Mef<\/strong> (il ministero dell\u2019Economia) e quote della Cassa Depositi e Prestiti e delle Ferrovie (dimenticando che sinora lo Stato, nei pasticci Alitalia, ha gi\u00e0 bruciato quasi 10 miliardi di euro). Si punta al raddoppio della presenza della Cassa Depositi e Prestiti, dal 4,26 al 10% circa, in Telecom, societ\u00e0 privata, per scorporare la rete e unirla a quella di Open Fiber (dove la Cdp ha il 50%). Si chiacchiera, al ministero delle Infrastrutture, di nazionalizzare le autostrade. Ma anche di far entrare la Cdp nel nuovo colosso delle costruzioni internazionali Salini-Astaldi (imprese private, la prima eccellente, la seconda in crisi). E sempre tra grillini e leghisti s\u2019insiste per fare diventare banca pubblica la Carige, nonostante gli attuali commissari nominati dalla Bce, che ben conoscono conti e condizioni della banca in crisi, dicano che non ce n\u2019\u00e8 alcun bisogno, cercando invece investitori privati. Si prepara una proposta di legge, da parte del M5S, sulla gestione pubblica delle acque, fatta in modo tale da bloccare gli investimenti privati in corso da anni e riportare tutto sotto il controllo di enti pubblici e comunali che tanto danno hanno fatto in passato (sprechi, clientele, disagi per il servizio, scarsa qualit\u00e0 delle reti).<\/p>\n<p>Torna, insomma, la voglia dello Stato padrone, una dilagante pretesa del governo giallo-verde di avere direttamente mani in pasta nella gestione di grandi e piccole imprese, nelle decisioni manageriali su investimenti, assunzioni, appalti. Pretese di potere, senza tenere in alcun conto le esigenze di efficienza, economicit\u00e0, produttivit\u00e0, qualit\u00e0 e costi dei servizi e delle attivit\u00e0 d\u2019impresa.<\/p>\n<p>Pretese di potere. E contraddizioni. Perch\u00e9 nella legge di Bilancio approvata in extremis alla fine di dicembre dalle Camere (senza poterla nemmeno ben esaminare) dopo una faticosa trattativa con la Commissione Ue sui conti, il deficit e il debito pubblico, si prevedono nel 2019 privatizzazioni per l\u2019equivalente di un punto di Pil, circa 17 miliardi. Ma di quelle privatizzazioni, promesse a Bruxelles per farsi approvare la manovra, non si vede l\u2019ombra, mentre tutte le mosse del governo vanno, al contrario, verso l\u2019aumento della mano pubblica sull\u2019economia, verso l\u2019ingresso statale nelle aziende private.<\/p>\n<p>E lo Stato regolatore e controllore? E\u2019 bloccato dalle contese tra M5S e Lega, i due partiti di governo, per piazzare i loro uomini. Cos\u00ec la Consob \u00e8 stata senza presidente per mesi (con gravi incertezze dannose per i mercati), prima di arrivare finalmente alla nomina di Paolo Savona. L\u2019Inps \u00e8 senza presidente, dopo la scadenza del mandato del professor Tito Boeri, competente economista. E si pretende di mettere becco persino nelle vicende della Banca d\u2019Italia, per la nomina del vicedirettore generale: una grave intromissione sull\u2019autonomia dell\u2019istituto.<\/p>\n<p>Tante chiacchiere, poca competenza nel governo dei complessi processi dell\u2019economia.<\/p>\n<p>Vale la pena rileggere un po\u2019 di storia, per ricordare come lo Stato padrone sia stato protagonista di alcune delle pagine peggiori della nostra vicenda economica. Dopo gli anni dinamici della ricostruzione e del boom, dove la mano pubblica, con la gestione di amministratori competenti, capaci e perbene, ha fornito al Paese le infrastrutture necessarie alla ripresa (acciaio, autostrade, trasporti, edilizia pubblica, industria chimica di base), dagli anni Settanta in poi, le Partecipazioni Statali sono via via degradate in un circuito di sottogoverno, bruciando soldi pubblici nel \u201cpanettone di Stato\u201d, le banche simili a una \u201cforesta pietrificata\u201d, le auto di Stato, le telecomunicazioni pubbliche, i servizi energetici e postali sempre pi\u00f9 costosi, sempre meno efficienti. Monopoli, clientele, interessi privati sotto veste pubblica, sprechi.<\/p>\n<p>La stagione delle <strong>privatizzazioni<\/strong>, negli anni Novanta, ha riaperto l\u2019economia, l\u2019ha resa pi\u00f9 efficiente (con servizi migliori e meno costosi per i cittadini, i consumatori, le famiglie, le imprese). E\u2019 vero, le privatizzazioni sono state talvolta mal fatte e comunque poco accompagnate da un indispensabile processo di liberalizzazioni. Ma pur tra limiti e contraddizioni, l\u2019economia italiana, ben inserita dentro i processi del mercato europeo e poi dell\u2019euro, s\u2019\u00e8 rimessa a crescere, pur senza colmare i divari di efficienza e produttivit\u00e0 (produttive le imprese private, poco produttivi i servizi e l\u2019amministrazione pubblica).<\/p>\n<p>Adesso, un governo ostile alle competenze, al merito professionale, alla scienza, alla ricerca, all\u2019<strong>efficienza delle infrastrutture<\/strong>, alla competitivit\u00e0 e ai confronti internazionali, torna a vagheggiare di nazionalizzazioni e statalizzazioni, in un contesto accompagnato da scarsa cura per gli investimenti privati, italiani e internazionali e di distribuzione di redditi assistiti, pensioni anzitempo, condoni fiscali, protezione di categorie a disagio (in pieno stile populista), uso distorto delle poche risorse pubbliche a disposizione.<\/p>\n<p>Un orizzonte cupo. Per evitarne il pericolo, si muovono fronti crescenti di opinione pubblica, di attori d\u2019impresa e sociali. Un appello per \u201csbloccare l\u2019Italia\u201d, lanciato da \u201cIl Foglio\u201d, ha raccolto autorevoli firme politiche ed economiche, compresa l\u2019adesione dei vertici di Confindustria. \u201cNon frenate l\u2019Italia\u201d, titola \u201cLa Stampa\u201d dando ampio spazio alle opinioni di chi lavora e produce. Appelli opportuni. Perch\u00e9 l\u2019Italia non merita n\u00e9 i \u201csignori del no\u201d n\u00e9 i sostenitori d\u2019una \u201cdecrescita infelice\u201d dietro cui si celano interessi di potere che non fanno bene a chi giustamente rivendica un migliore futuro di sviluppo equilibrato.<\/p>","protected":false},"excerpt":{"rendered":"<p>Sull\u2019Italia in recessione (unico tra i grandi paesi europei) e con \u201cil motore inceppato\u201d (definizione del professor Sabino Cassese) s\u2019allunga sempre pi\u00f9 incombente un\u2019ombra: quella della crescente presenza dello Stato nell\u2019economia, da gestore di aziende e non da legislatore e controllore (come sarebbe giusto e opportuno). Nelle stanze di Palazzo Chigi e dei ministeri economici [&hellip;]<\/p>\n","protected":false},"author":1,"featured_media":51483,"comment_status":"open","ping_status":"open","sticky":false,"template":"","format":"standard","meta":{"footnotes":""},"categories":[53,52],"tags":[],"class_list":["post-52912","post","type-post","status-publish","format-standard","has-post-thumbnail","hentry","category-blog","category-cultura-dimpresa"],"acf":[],"yoast_head":"<!-- This site is optimized with the Yoast SEO plugin v25.0 - https:\/\/yoast.com\/wordpress\/plugins\/seo\/ -->\n<title>Torna la voglia di Stato padrone, anche se il Governo ha promesso alla Ue 17 miliardi di privatizzazioni - Fondazione Pirelli<\/title>\n<meta name=\"robots\" content=\"index, follow, max-snippet:-1, max-image-preview:large, max-video-preview:-1\" \/>\n<link rel=\"canonical\" href=\"https:\/\/www.fondazionepirelli.org\/it\/cultura-dimpresa\/torna-la-voglia-di-stato-padrone-anche-se-il-governo-ha-promesso-alla-ue-17-miliardi-di-privatizzazioni\/\" \/>\n<meta property=\"og:locale\" content=\"it_IT\" \/>\n<meta property=\"og:type\" content=\"article\" \/>\n<meta property=\"og:title\" content=\"Torna la voglia di Stato padrone, anche se il Governo ha promesso alla Ue 17 miliardi di privatizzazioni - Fondazione Pirelli\" \/>\n<meta property=\"og:description\" content=\"Sull\u2019Italia in recessione (unico tra i grandi paesi europei) e con \u201cil motore inceppato\u201d (definizione del professor Sabino Cassese) s\u2019allunga sempre pi\u00f9 incombente un\u2019ombra: quella della crescente presenza dello Stato nell\u2019economia, da gestore di aziende e non da legislatore e controllore (come sarebbe giusto e opportuno). Nelle stanze di Palazzo Chigi e dei ministeri economici [&hellip;]\" \/>\n<meta property=\"og:url\" content=\"https:\/\/www.fondazionepirelli.org\/it\/cultura-dimpresa\/torna-la-voglia-di-stato-padrone-anche-se-il-governo-ha-promesso-alla-ue-17-miliardi-di-privatizzazioni\/\" \/>\n<meta property=\"og:site_name\" content=\"Fondazione Pirelli\" \/>\n<meta property=\"article:published_time\" content=\"2019-02-19T00:00:00+00:00\" \/>\n<meta property=\"article:modified_time\" content=\"2019-05-08T11:01:50+00:00\" \/>\n<meta property=\"og:image\" content=\"https:\/\/wpsite-assets.fondazionepirelli.org\/wp-content\/uploads\/2019\/05\/20101421\/images.jpg\" \/>\n\t<meta property=\"og:image:width\" content=\"267\" \/>\n\t<meta property=\"og:image:height\" content=\"189\" \/>\n\t<meta property=\"og:image:type\" content=\"image\/jpeg\" \/>\n<meta name=\"author\" content=\"fondadmin\" \/>\n<meta name=\"twitter:card\" content=\"summary_large_image\" \/>\n<meta name=\"twitter:label1\" content=\"Scritto da\" \/>\n\t<meta name=\"twitter:data1\" content=\"fondadmin\" \/>\n\t<meta name=\"twitter:label2\" content=\"Tempo di lettura stimato\" \/>\n\t<meta name=\"twitter:data2\" content=\"5 minuti\" \/>\n<script type=\"application\/ld+json\" class=\"yoast-schema-graph\">{\"@context\":\"https:\/\/schema.org\",\"@graph\":[{\"@type\":\"WebPage\",\"@id\":\"https:\/\/www.fondazionepirelli.org\/it\/cultura-dimpresa\/torna-la-voglia-di-stato-padrone-anche-se-il-governo-ha-promesso-alla-ue-17-miliardi-di-privatizzazioni\/\",\"url\":\"https:\/\/www.fondazionepirelli.org\/it\/cultura-dimpresa\/torna-la-voglia-di-stato-padrone-anche-se-il-governo-ha-promesso-alla-ue-17-miliardi-di-privatizzazioni\/\",\"name\":\"Torna la voglia di Stato padrone, anche se il Governo ha promesso alla Ue 17 miliardi di privatizzazioni - Fondazione Pirelli\",\"isPartOf\":{\"@id\":\"https:\/\/www.fondazionepirelli.org\/it\/#website\"},\"primaryImageOfPage\":{\"@id\":\"https:\/\/www.fondazionepirelli.org\/it\/cultura-dimpresa\/torna-la-voglia-di-stato-padrone-anche-se-il-governo-ha-promesso-alla-ue-17-miliardi-di-privatizzazioni\/#primaryimage\"},\"image\":{\"@id\":\"https:\/\/www.fondazionepirelli.org\/it\/cultura-dimpresa\/torna-la-voglia-di-stato-padrone-anche-se-il-governo-ha-promesso-alla-ue-17-miliardi-di-privatizzazioni\/#primaryimage\"},\"thumbnailUrl\":\"https:\/\/wpsite-assets.fondazionepirelli.org\/wp-content\/uploads\/2019\/05\/20101421\/images.jpg\",\"datePublished\":\"2019-02-19T00:00:00+00:00\",\"dateModified\":\"2019-05-08T11:01:50+00:00\",\"author\":{\"@id\":\"https:\/\/www.fondazionepirelli.org\/it\/#\/schema\/person\/f47d097000832c4a6e54538c791fdf25\"},\"breadcrumb\":{\"@id\":\"https:\/\/www.fondazionepirelli.org\/it\/cultura-dimpresa\/torna-la-voglia-di-stato-padrone-anche-se-il-governo-ha-promesso-alla-ue-17-miliardi-di-privatizzazioni\/#breadcrumb\"},\"inLanguage\":\"it-IT\",\"potentialAction\":[{\"@type\":\"ReadAction\",\"target\":[\"https:\/\/www.fondazionepirelli.org\/it\/cultura-dimpresa\/torna-la-voglia-di-stato-padrone-anche-se-il-governo-ha-promesso-alla-ue-17-miliardi-di-privatizzazioni\/\"]}]},{\"@type\":\"ImageObject\",\"inLanguage\":\"it-IT\",\"@id\":\"https:\/\/www.fondazionepirelli.org\/it\/cultura-dimpresa\/torna-la-voglia-di-stato-padrone-anche-se-il-governo-ha-promesso-alla-ue-17-miliardi-di-privatizzazioni\/#primaryimage\",\"url\":\"https:\/\/wpsite-assets.fondazionepirelli.org\/wp-content\/uploads\/2019\/05\/20101421\/images.jpg\",\"contentUrl\":\"https:\/\/wpsite-assets.fondazionepirelli.org\/wp-content\/uploads\/2019\/05\/20101421\/images.jpg\",\"width\":267,\"height\":189,\"caption\":\"|\"},{\"@type\":\"BreadcrumbList\",\"@id\":\"https:\/\/www.fondazionepirelli.org\/it\/cultura-dimpresa\/torna-la-voglia-di-stato-padrone-anche-se-il-governo-ha-promesso-alla-ue-17-miliardi-di-privatizzazioni\/#breadcrumb\",\"itemListElement\":[{\"@type\":\"ListItem\",\"position\":1,\"name\":\"Home\",\"item\":\"https:\/\/www.fondazionepirelli.org\/it\/\"},{\"@type\":\"ListItem\",\"position\":2,\"name\":\"Torna la voglia di Stato padrone, anche se il Governo ha promesso alla Ue 17 miliardi di privatizzazioni\"}]},{\"@type\":\"WebSite\",\"@id\":\"https:\/\/www.fondazionepirelli.org\/it\/#website\",\"url\":\"https:\/\/www.fondazionepirelli.org\/it\/\",\"name\":\"Fondazione Pirelli\",\"description\":\"\",\"potentialAction\":[{\"@type\":\"SearchAction\",\"target\":{\"@type\":\"EntryPoint\",\"urlTemplate\":\"https:\/\/www.fondazionepirelli.org\/it\/?s={search_term_string}\"},\"query-input\":{\"@type\":\"PropertyValueSpecification\",\"valueRequired\":true,\"valueName\":\"search_term_string\"}}],\"inLanguage\":\"it-IT\"},{\"@type\":\"Person\",\"@id\":\"https:\/\/www.fondazionepirelli.org\/it\/#\/schema\/person\/f47d097000832c4a6e54538c791fdf25\",\"name\":\"fondadmin\",\"image\":{\"@type\":\"ImageObject\",\"inLanguage\":\"it-IT\",\"@id\":\"https:\/\/www.fondazionepirelli.org\/it\/#\/schema\/person\/image\/\",\"url\":\"https:\/\/secure.gravatar.com\/avatar\/e69498a9175ca244966e51e53c88712c024fcebe41f9a05f75657f1bb25e489b?s=96&d=mm&r=g\",\"contentUrl\":\"https:\/\/secure.gravatar.com\/avatar\/e69498a9175ca244966e51e53c88712c024fcebe41f9a05f75657f1bb25e489b?s=96&d=mm&r=g\",\"caption\":\"fondadmin\"},\"url\":\"https:\/\/www.fondazionepirelli.org\/it\/author\/fondadmin\/\"}]}<\/script>\n<!-- \/ Yoast SEO plugin. -->","yoast_head_json":{"title":"Torna la voglia di Stato padrone, anche se il Governo ha promesso alla Ue 17 miliardi di privatizzazioni - Fondazione Pirelli","robots":{"index":"index","follow":"follow","max-snippet":"max-snippet:-1","max-image-preview":"max-image-preview:large","max-video-preview":"max-video-preview:-1"},"canonical":"https:\/\/www.fondazionepirelli.org\/it\/cultura-dimpresa\/torna-la-voglia-di-stato-padrone-anche-se-il-governo-ha-promesso-alla-ue-17-miliardi-di-privatizzazioni\/","og_locale":"it_IT","og_type":"article","og_title":"Torna la voglia di Stato padrone, anche se il Governo ha promesso alla Ue 17 miliardi di privatizzazioni - Fondazione Pirelli","og_description":"Sull\u2019Italia in recessione (unico tra i grandi paesi europei) e con \u201cil motore inceppato\u201d (definizione del professor Sabino Cassese) s\u2019allunga sempre pi\u00f9 incombente un\u2019ombra: quella della crescente presenza dello Stato nell\u2019economia, da gestore di aziende e non da legislatore e controllore (come sarebbe giusto e opportuno). Nelle stanze di Palazzo Chigi e dei ministeri economici [&hellip;]","og_url":"https:\/\/www.fondazionepirelli.org\/it\/cultura-dimpresa\/torna-la-voglia-di-stato-padrone-anche-se-il-governo-ha-promesso-alla-ue-17-miliardi-di-privatizzazioni\/","og_site_name":"Fondazione Pirelli","article_published_time":"2019-02-19T00:00:00+00:00","article_modified_time":"2019-05-08T11:01:50+00:00","og_image":[{"width":267,"height":189,"url":"https:\/\/wpsite-assets.fondazionepirelli.org\/wp-content\/uploads\/2019\/05\/20101421\/images.jpg","type":"image\/jpeg"}],"author":"fondadmin","twitter_card":"summary_large_image","twitter_misc":{"Scritto da":"fondadmin","Tempo di lettura stimato":"5 minuti"},"schema":{"@context":"https:\/\/schema.org","@graph":[{"@type":"WebPage","@id":"https:\/\/www.fondazionepirelli.org\/it\/cultura-dimpresa\/torna-la-voglia-di-stato-padrone-anche-se-il-governo-ha-promesso-alla-ue-17-miliardi-di-privatizzazioni\/","url":"https:\/\/www.fondazionepirelli.org\/it\/cultura-dimpresa\/torna-la-voglia-di-stato-padrone-anche-se-il-governo-ha-promesso-alla-ue-17-miliardi-di-privatizzazioni\/","name":"Torna la voglia di Stato padrone, anche se il Governo ha promesso alla Ue 17 miliardi di privatizzazioni - Fondazione Pirelli","isPartOf":{"@id":"https:\/\/www.fondazionepirelli.org\/it\/#website"},"primaryImageOfPage":{"@id":"https:\/\/www.fondazionepirelli.org\/it\/cultura-dimpresa\/torna-la-voglia-di-stato-padrone-anche-se-il-governo-ha-promesso-alla-ue-17-miliardi-di-privatizzazioni\/#primaryimage"},"image":{"@id":"https:\/\/www.fondazionepirelli.org\/it\/cultura-dimpresa\/torna-la-voglia-di-stato-padrone-anche-se-il-governo-ha-promesso-alla-ue-17-miliardi-di-privatizzazioni\/#primaryimage"},"thumbnailUrl":"https:\/\/wpsite-assets.fondazionepirelli.org\/wp-content\/uploads\/2019\/05\/20101421\/images.jpg","datePublished":"2019-02-19T00:00:00+00:00","dateModified":"2019-05-08T11:01:50+00:00","author":{"@id":"https:\/\/www.fondazionepirelli.org\/it\/#\/schema\/person\/f47d097000832c4a6e54538c791fdf25"},"breadcrumb":{"@id":"https:\/\/www.fondazionepirelli.org\/it\/cultura-dimpresa\/torna-la-voglia-di-stato-padrone-anche-se-il-governo-ha-promesso-alla-ue-17-miliardi-di-privatizzazioni\/#breadcrumb"},"inLanguage":"it-IT","potentialAction":[{"@type":"ReadAction","target":["https:\/\/www.fondazionepirelli.org\/it\/cultura-dimpresa\/torna-la-voglia-di-stato-padrone-anche-se-il-governo-ha-promesso-alla-ue-17-miliardi-di-privatizzazioni\/"]}]},{"@type":"ImageObject","inLanguage":"it-IT","@id":"https:\/\/www.fondazionepirelli.org\/it\/cultura-dimpresa\/torna-la-voglia-di-stato-padrone-anche-se-il-governo-ha-promesso-alla-ue-17-miliardi-di-privatizzazioni\/#primaryimage","url":"https:\/\/wpsite-assets.fondazionepirelli.org\/wp-content\/uploads\/2019\/05\/20101421\/images.jpg","contentUrl":"https:\/\/wpsite-assets.fondazionepirelli.org\/wp-content\/uploads\/2019\/05\/20101421\/images.jpg","width":267,"height":189,"caption":"|"},{"@type":"BreadcrumbList","@id":"https:\/\/www.fondazionepirelli.org\/it\/cultura-dimpresa\/torna-la-voglia-di-stato-padrone-anche-se-il-governo-ha-promesso-alla-ue-17-miliardi-di-privatizzazioni\/#breadcrumb","itemListElement":[{"@type":"ListItem","position":1,"name":"Home","item":"https:\/\/www.fondazionepirelli.org\/it\/"},{"@type":"ListItem","position":2,"name":"Torna la voglia di Stato padrone, anche se il Governo ha promesso alla Ue 17 miliardi di privatizzazioni"}]},{"@type":"WebSite","@id":"https:\/\/www.fondazionepirelli.org\/it\/#website","url":"https:\/\/www.fondazionepirelli.org\/it\/","name":"Fondazione Pirelli","description":"","potentialAction":[{"@type":"SearchAction","target":{"@type":"EntryPoint","urlTemplate":"https:\/\/www.fondazionepirelli.org\/it\/?s={search_term_string}"},"query-input":{"@type":"PropertyValueSpecification","valueRequired":true,"valueName":"search_term_string"}}],"inLanguage":"it-IT"},{"@type":"Person","@id":"https:\/\/www.fondazionepirelli.org\/it\/#\/schema\/person\/f47d097000832c4a6e54538c791fdf25","name":"fondadmin","image":{"@type":"ImageObject","inLanguage":"it-IT","@id":"https:\/\/www.fondazionepirelli.org\/it\/#\/schema\/person\/image\/","url":"https:\/\/secure.gravatar.com\/avatar\/e69498a9175ca244966e51e53c88712c024fcebe41f9a05f75657f1bb25e489b?s=96&d=mm&r=g","contentUrl":"https:\/\/secure.gravatar.com\/avatar\/e69498a9175ca244966e51e53c88712c024fcebe41f9a05f75657f1bb25e489b?s=96&d=mm&r=g","caption":"fondadmin"},"url":"https:\/\/www.fondazionepirelli.org\/it\/author\/fondadmin\/"}]}},"_links":{"self":[{"href":"https:\/\/www.fondazionepirelli.org\/it\/wp-json\/wp\/v2\/posts\/52912\/"}],"collection":[{"href":"https:\/\/www.fondazionepirelli.org\/it\/wp-json\/wp\/v2\/posts\/"}],"about":[{"href":"https:\/\/www.fondazionepirelli.org\/it\/wp-json\/wp\/v2\/types\/post\/"}],"author":[{"embeddable":true,"href":"https:\/\/www.fondazionepirelli.org\/it\/wp-json\/wp\/v2\/users\/1\/"}],"replies":[{"embeddable":true,"href":"https:\/\/www.fondazionepirelli.org\/it\/wp-json\/wp\/v2\/comments\/?post=52912"}],"version-history":[{"count":1,"href":"https:\/\/www.fondazionepirelli.org\/it\/wp-json\/wp\/v2\/posts\/52912\/revisions\/"}],"predecessor-version":[{"id":52976,"href":"https:\/\/www.fondazionepirelli.org\/it\/wp-json\/wp\/v2\/posts\/52912\/revisions\/52976\/"}],"wp:featuredmedia":[{"embeddable":true,"href":"https:\/\/www.fondazionepirelli.org\/it\/wp-json\/wp\/v2\/media\/51483\/"}],"wp:attachment":[{"href":"https:\/\/www.fondazionepirelli.org\/it\/wp-json\/wp\/v2\/media\/?parent=52912"}],"wp:term":[{"taxonomy":"category","embeddable":true,"href":"https:\/\/www.fondazionepirelli.org\/it\/wp-json\/wp\/v2\/categories\/?post=52912"},{"taxonomy":"post_tag","embeddable":true,"href":"https:\/\/www.fondazionepirelli.org\/it\/wp-json\/wp\/v2\/tags\/?post=52912"}],"curies":[{"name":"wp","href":"https:\/\/api.w.org\/{rel}","templated":true}]}}