{"id":52992,"date":"2019-01-29T00:00:00","date_gmt":"2019-01-29T00:00:00","guid":{"rendered":"http:\/\/www.fondazionepirelli.org\/fondazione-pirelli\/milano-sede-esemplare-del-tribunale-ue-dei-brevetti-leco-dellinnovazione-allapertura-dellanno-giudiziario\/"},"modified":"2019-05-08T10:26:24","modified_gmt":"2019-05-08T10:26:24","slug":"milano-sede-esemplare-del-tribunale-ue-dei-brevetti-leco-dellinnovazione-allapertura-dellanno-giudiziario","status":"publish","type":"post","link":"https:\/\/www.fondazionepirelli.org\/it\/cultura-dimpresa\/milano-sede-esemplare-del-tribunale-ue-dei-brevetti-leco-dellinnovazione-allapertura-dellanno-giudiziario\/","title":{"rendered":"Milano sede esemplare del Tribunale Ue dei Brevetti. L\u2019eco dell\u2019innovazione all\u2019apertura dell\u2019Anno Giudiziario  \u00a0"},"content":{"rendered":"<p>Milano sede del Tribunale europeo dei<strong> brevetti<\/strong>. La candidatura, lanciata tempo fa dall\u2019Ordine degli Avvocati milanesi e subito sostenuta dal sindaco Beppe Sala e dal governatore della Regione Lombardia Attilio Fontana, ha avuto il sostegno ufficiale del Governo, con un impegno esplicito del ministero degli Esteri guidato da Enzo Moavero Milanesi. Un sostegno importante, visto che le decisioni sulla Corte Ue dipendono dall\u2019accordo dei governi dei 26 paesi europei che hanno aderito alla convenzione sulla propriet\u00e0 intellettuale e sul \u201cbrevetto unitario\u201d. Della Corte c\u2019\u00e8 una sede centrale, a Parigi e due sedi specializzate, a Monaco (sulla meccanica) e a Londra (sulla chimica-farmaceutica): proprio quella su cui punta Milano, dopo la scelta inglese della Brexit. Pronta anche la sede che potrebbe ospitarla: uno spazio attrezzato in via San Barnaba, accanto al Palazzo di Giustizia.<\/p>\n<p>La rivendicazione italiana \u00e8 autorevole: la nostra \u00e8 tra le maggiori economie europee e l\u2019Italia \u00e8 il <strong>quarto paese<\/strong> Ue per numero di brevetti depositati. L\u2019arrivo del Tribunale, oltre che stimolare un indotto che vale alcune centinaia di milioni di euro all\u2019anno (congressi, convegni, studi legali, laboratori scientifici, sedi di imprese internazionali per seguire da vicino le pratiche legate ai brevetti) avrebbe un evidente peso tecnico, come nuovo stimolo all\u2019innovazione per imprese, universit\u00e0 e societ\u00e0 di ricerca ma anche un forte valore simbolico, di riconoscimento del ruolo di Milano come metropoli <em>hi tech<\/em> attrattiva e competitiva proprio nel mondo delle <em>life sciences<\/em> e di rilancio delle aspettative di sviluppo internazionale. E sanerebbe, anche se solo in parte, la delusione per la mancata assegnazione alla citt\u00e0 della sede dell\u2019Ema, l\u2019Agenzia europea del farmaco: nonostante un dossier brillante e solido, Milano era stata battuta al sorteggio da una\u00a0 Amsterdam poco preparata, pagando il costo di un mancato sostegno politico e governativo ben guidato. A guardare bene le cose, proprio quello politico, per\u00f2, potrebbe essere il punto debole della candidatura milanese: l\u2019attuale governo giallo-verde non ha certo risparmiato le occasioni per entrare in aperta polemica soprattutto con la Francia e la Germania, i due maggiori paesi Ue e sconta un certo isolamento nei confronti delle principali istituzioni di Bruxelles.<\/p>\n<p>La speranza diffusa, comunque, adesso \u00e8 che la partita per il Tribunale dei brevetti venga giocata con intelligenza ed equilibrio, nell\u2019interesse di tutto il sistema Paese.<\/p>\n<p>Di questa partita c\u2019\u00e8 stata un\u2019eco evidente anche durante la cerimonia di sabato scorso per l\u2019inaugurazione dell\u2019Anno Giudiziario a Milano. Non solo, naturalmente, nell\u2019intervento del presidente dell\u2019Ordine degli Avvocati Remo Danovi, ma nella stessa relazione del Primo Presidente della Corte d\u2019Appello Marina Tavassi.<\/p>\n<p>Una relazione, ancora una volta, documentata e centrata sulle questioni essenziali dell\u2019efficienza e dell\u2019efficacia della giustizia e sul rapporto fondamentale tra funzionamento della macchina giudiziaria e <strong>sviluppo economico<\/strong> e civile del territorio (un tema caro, nel corso degli ultimi anni, proprio ai rapporti assidui tra Palazzo di Giustizia e Assolombarda, sulle questioni della legalit\u00e0 come <em>asset <\/em>fondamentale di competitivit\u00e0).<\/p>\n<p>\u201cMilano potrebbe essere la sede ideale della Corte Centrale del Brevetto Unitario\u201d, ha detto la presidente Tavassi, ricordando che la citt\u00e0 \u00e8 gi\u00e0 sede di una divisione locale della Corte e che \u201cla Lombardia ha il primato dell\u2019innovazione in Italia e si colloca all\u201911\u00b0 posto per investimenti in ricerca e sviluppo, prima tra le Regioni italiane\u201d. Un primato da sottolineare: \u201cQui vengono registrati il 33% dei brevetti nazionali e si effettua il 27% della ricerca scientifica italiana maggiormente citata a livello globale, a fronte di un peso dell\u2019area, in termini di popolazione, pi\u00f9 contenuto (16,5%). La Regione presenta la percentuale pi\u00f9 alta di imprese che investono in ricerca e sviluppo (il 49,8%). Cos\u00ec come di startup <em>knowledge intensive<\/em>, con un tasso di crescita medio alto nel medio periodo (6,9%, insieme al Baden Wurttenberg). In questo contesto Milano sta vivendo un periodo di grande fermento\u201d.<\/p>\n<p>Proprio la <strong>giustizia<\/strong>, nelle dinamiche positive di crescita economica, ha un rilevante ruolo di stimolo.<\/p>\n<p>I tempi rapidi di risoluzione delle controversie, la diffusione di strumenti tempestivi ed efficaci di conciliazione e arbitrato (la Camera Arbitrale della Camera di Commercio di Milano \u00e8 un esempio di efficienza crescente e un punto di riferimento di tutte le Camere Arbitrali italiane), la qualit\u00e0 delle decisioni del Tribunale delle Imprese sono tutti elementi che incidono sull\u2019attrattivit\u00e0 di Milano per gli investimenti internazionali e per i progetti di sviluppo delle imprese migliori.<\/p>\n<p>Sono pi\u00f9 rapidi che altrove, a Milano, i tempi stessi della giustizia. La relazione della presidente Tavassi cita i dati dell\u2019indagine del ministero della Giustizia sulle <em>performance<\/em> degli uffici giudiziari sulle cause civili, da cui risulta una durata media dei procedimenti d\u2019appello di 1.061 giorni (due anni e undici mesi, cio\u00e8), il doppio del <em>benchmark<\/em> internazionale, mentre a Milano la durata media \u00e8 di 545 giorni, un anno e sei mesi, cio\u00e8, ancora minore dei 631 giorni della media internazionale. Milano, grande e complicato distretto giudiziario, \u00e8 dunque un caso esemplare.<\/p>\n<p>I risultati positivi sono stati raggiunti nonostante una grave crisi degli organici, denunciata ancora una volta sia dalla presidente della Corte d\u2019Appello Tavassi che dal Procuratore Generale Roberto D\u2019Alfonso (che ha anche molto insistito sui rischi di una crescente presenza della criminalit\u00e0 mafiosa): 674 magistrati, contro i 773 di Roma e i 693 di Napoli, 2 addetti del personale amministrativo (cancellieri, impiegati, segreterie) per ogni magistrato contro la media nazionale di 3,3 e la presenza di 4 unit\u00e0 per magistrato in alcune sedi giudiziarie (Roma, Napoli, Reggio Calabria, Palermo).<\/p>\n<p>Il commento della presidente Tavassi \u00e8 durissimo: \u201cE\u2019 legittimo chiedersi quali sono le ragioni di questo costante disinteresse per una sede giudiziaria che ha dimostrato il massimo impegno, che ha raggiunto risultati apprezzabili, che opera su un territorio strategico per l\u2019immagine del Paese e trainante per la sua economia. Vi \u00e8 forse l\u2019intento di ridurre le <em>performance<\/em> di Milano e di portarla a livello d\u2019intasamento e di ritardi propri di altre sedi giudiziarie?\u201d.<\/p>\n<p>Il ministero, insomma, \u201cignora le urgenze di Milano\u201d. La presa di posizione \u00e8 netta, esplicita. Al ministero della Giustizia l\u2019onere di una risposta adeguata, in termini di scelte, investimenti, attenzione. Conclude la relazione della presidente Tavassi: \u201cSappiamo che la complessit\u00e0 della giustizia e la durata dei processi costituiscono un significativo svantaggio per il nostro Paese nel contesto internazionale. Il funzionamento della giustizia \u00e8 infatti uno dei parametri di valutazione primari per misurare il grado di civilt\u00e0 di un Paese, con ricadute importanti sia per incoraggiare gli investimenti nazionali , sia per attrarre investimenti dall\u2019estero\u201d.<\/p>\n<p>La partita sulla giustizia, dunque, ancora una volta esce dall\u2019ambito dei palazzi giudiziari. Interpella direttamente il mondo delle imprese e del lavoro, l\u2019universit\u00e0, la comunit\u00e0 scientifica, i poteri amministrativi locali. Anche nella relazione giustizia-economia si gioca il futuro di Milano, metropoli dell\u2019innovazione.<\/p>","protected":false},"excerpt":{"rendered":"<p>Milano sede del Tribunale europeo dei brevetti. La candidatura, lanciata tempo fa dall\u2019Ordine degli Avvocati milanesi e subito sostenuta dal sindaco Beppe Sala e dal governatore della Regione Lombardia Attilio Fontana, ha avuto il sostegno ufficiale del Governo, con un impegno esplicito del ministero degli Esteri guidato da Enzo Moavero Milanesi. Un sostegno importante, visto [&hellip;]<\/p>\n","protected":false},"author":1,"featured_media":52993,"comment_status":"open","ping_status":"open","sticky":false,"template":"","format":"standard","meta":{"footnotes":""},"categories":[53,52],"tags":[],"class_list":["post-52992","post","type-post","status-publish","format-standard","has-post-thumbnail","hentry","category-blog","category-cultura-dimpresa"],"acf":[],"yoast_head":"<!-- This site is optimized with the Yoast SEO plugin v25.0 - https:\/\/yoast.com\/wordpress\/plugins\/seo\/ -->\n<title>Milano sede esemplare del Tribunale Ue dei Brevetti. L\u2019eco dell\u2019innovazione all\u2019apertura dell\u2019Anno Giudiziario \u00a0 - Fondazione Pirelli<\/title>\n<meta name=\"robots\" content=\"index, follow, max-snippet:-1, max-image-preview:large, max-video-preview:-1\" \/>\n<link rel=\"canonical\" href=\"https:\/\/www.fondazionepirelli.org\/it\/cultura-dimpresa\/milano-sede-esemplare-del-tribunale-ue-dei-brevetti-leco-dellinnovazione-allapertura-dellanno-giudiziario\/\" \/>\n<meta property=\"og:locale\" content=\"it_IT\" \/>\n<meta property=\"og:type\" content=\"article\" \/>\n<meta property=\"og:title\" content=\"Milano sede esemplare del Tribunale Ue dei Brevetti. L\u2019eco dell\u2019innovazione all\u2019apertura dell\u2019Anno Giudiziario \u00a0 - Fondazione Pirelli\" \/>\n<meta property=\"og:description\" content=\"Milano sede del Tribunale europeo dei brevetti. La candidatura, lanciata tempo fa dall\u2019Ordine degli Avvocati milanesi e subito sostenuta dal sindaco Beppe Sala e dal governatore della Regione Lombardia Attilio Fontana, ha avuto il sostegno ufficiale del Governo, con un impegno esplicito del ministero degli Esteri guidato da Enzo Moavero Milanesi. Un sostegno importante, visto [&hellip;]\" \/>\n<meta property=\"og:url\" content=\"https:\/\/www.fondazionepirelli.org\/it\/cultura-dimpresa\/milano-sede-esemplare-del-tribunale-ue-dei-brevetti-leco-dellinnovazione-allapertura-dellanno-giudiziario\/\" \/>\n<meta property=\"og:site_name\" content=\"Fondazione Pirelli\" \/>\n<meta property=\"article:published_time\" content=\"2019-01-29T00:00:00+00:00\" \/>\n<meta property=\"article:modified_time\" content=\"2019-05-08T10:26:24+00:00\" \/>\n<meta property=\"og:image\" content=\"https:\/\/wpsite-assets.fondazionepirelli.org\/wp-content\/uploads\/2019\/05\/20101130\/figura-introduttiva.jpg\" \/>\n\t<meta property=\"og:image:width\" content=\"942\" \/>\n\t<meta property=\"og:image:height\" content=\"693\" \/>\n\t<meta property=\"og:image:type\" content=\"image\/jpeg\" \/>\n<meta name=\"author\" content=\"fondadmin\" \/>\n<meta name=\"twitter:card\" content=\"summary_large_image\" \/>\n<meta name=\"twitter:label1\" content=\"Scritto da\" \/>\n\t<meta name=\"twitter:data1\" content=\"fondadmin\" \/>\n\t<meta name=\"twitter:label2\" content=\"Tempo di lettura stimato\" \/>\n\t<meta name=\"twitter:data2\" content=\"6 minuti\" \/>\n<script type=\"application\/ld+json\" class=\"yoast-schema-graph\">{\"@context\":\"https:\/\/schema.org\",\"@graph\":[{\"@type\":\"WebPage\",\"@id\":\"https:\/\/www.fondazionepirelli.org\/it\/cultura-dimpresa\/milano-sede-esemplare-del-tribunale-ue-dei-brevetti-leco-dellinnovazione-allapertura-dellanno-giudiziario\/\",\"url\":\"https:\/\/www.fondazionepirelli.org\/it\/cultura-dimpresa\/milano-sede-esemplare-del-tribunale-ue-dei-brevetti-leco-dellinnovazione-allapertura-dellanno-giudiziario\/\",\"name\":\"Milano sede esemplare del Tribunale Ue dei Brevetti. L\u2019eco dell\u2019innovazione all\u2019apertura dell\u2019Anno Giudiziario \u00a0 - Fondazione Pirelli\",\"isPartOf\":{\"@id\":\"https:\/\/www.fondazionepirelli.org\/it\/#website\"},\"primaryImageOfPage\":{\"@id\":\"https:\/\/www.fondazionepirelli.org\/it\/cultura-dimpresa\/milano-sede-esemplare-del-tribunale-ue-dei-brevetti-leco-dellinnovazione-allapertura-dellanno-giudiziario\/#primaryimage\"},\"image\":{\"@id\":\"https:\/\/www.fondazionepirelli.org\/it\/cultura-dimpresa\/milano-sede-esemplare-del-tribunale-ue-dei-brevetti-leco-dellinnovazione-allapertura-dellanno-giudiziario\/#primaryimage\"},\"thumbnailUrl\":\"https:\/\/wpsite-assets.fondazionepirelli.org\/wp-content\/uploads\/2019\/05\/20101130\/figura-introduttiva.jpg\",\"datePublished\":\"2019-01-29T00:00:00+00:00\",\"dateModified\":\"2019-05-08T10:26:24+00:00\",\"author\":{\"@id\":\"https:\/\/www.fondazionepirelli.org\/it\/#\/schema\/person\/f47d097000832c4a6e54538c791fdf25\"},\"breadcrumb\":{\"@id\":\"https:\/\/www.fondazionepirelli.org\/it\/cultura-dimpresa\/milano-sede-esemplare-del-tribunale-ue-dei-brevetti-leco-dellinnovazione-allapertura-dellanno-giudiziario\/#breadcrumb\"},\"inLanguage\":\"it-IT\",\"potentialAction\":[{\"@type\":\"ReadAction\",\"target\":[\"https:\/\/www.fondazionepirelli.org\/it\/cultura-dimpresa\/milano-sede-esemplare-del-tribunale-ue-dei-brevetti-leco-dellinnovazione-allapertura-dellanno-giudiziario\/\"]}]},{\"@type\":\"ImageObject\",\"inLanguage\":\"it-IT\",\"@id\":\"https:\/\/www.fondazionepirelli.org\/it\/cultura-dimpresa\/milano-sede-esemplare-del-tribunale-ue-dei-brevetti-leco-dellinnovazione-allapertura-dellanno-giudiziario\/#primaryimage\",\"url\":\"https:\/\/wpsite-assets.fondazionepirelli.org\/wp-content\/uploads\/2019\/05\/20101130\/figura-introduttiva.jpg\",\"contentUrl\":\"https:\/\/wpsite-assets.fondazionepirelli.org\/wp-content\/uploads\/2019\/05\/20101130\/figura-introduttiva.jpg\",\"width\":942,\"height\":693},{\"@type\":\"BreadcrumbList\",\"@id\":\"https:\/\/www.fondazionepirelli.org\/it\/cultura-dimpresa\/milano-sede-esemplare-del-tribunale-ue-dei-brevetti-leco-dellinnovazione-allapertura-dellanno-giudiziario\/#breadcrumb\",\"itemListElement\":[{\"@type\":\"ListItem\",\"position\":1,\"name\":\"Home\",\"item\":\"https:\/\/www.fondazionepirelli.org\/it\/\"},{\"@type\":\"ListItem\",\"position\":2,\"name\":\"Milano sede esemplare del Tribunale Ue dei Brevetti. L\u2019eco dell\u2019innovazione all\u2019apertura dell\u2019Anno Giudiziario \u00a0\"}]},{\"@type\":\"WebSite\",\"@id\":\"https:\/\/www.fondazionepirelli.org\/it\/#website\",\"url\":\"https:\/\/www.fondazionepirelli.org\/it\/\",\"name\":\"Fondazione Pirelli\",\"description\":\"\",\"potentialAction\":[{\"@type\":\"SearchAction\",\"target\":{\"@type\":\"EntryPoint\",\"urlTemplate\":\"https:\/\/www.fondazionepirelli.org\/it\/?s={search_term_string}\"},\"query-input\":{\"@type\":\"PropertyValueSpecification\",\"valueRequired\":true,\"valueName\":\"search_term_string\"}}],\"inLanguage\":\"it-IT\"},{\"@type\":\"Person\",\"@id\":\"https:\/\/www.fondazionepirelli.org\/it\/#\/schema\/person\/f47d097000832c4a6e54538c791fdf25\",\"name\":\"fondadmin\",\"image\":{\"@type\":\"ImageObject\",\"inLanguage\":\"it-IT\",\"@id\":\"https:\/\/www.fondazionepirelli.org\/it\/#\/schema\/person\/image\/\",\"url\":\"https:\/\/secure.gravatar.com\/avatar\/e69498a9175ca244966e51e53c88712c024fcebe41f9a05f75657f1bb25e489b?s=96&d=mm&r=g\",\"contentUrl\":\"https:\/\/secure.gravatar.com\/avatar\/e69498a9175ca244966e51e53c88712c024fcebe41f9a05f75657f1bb25e489b?s=96&d=mm&r=g\",\"caption\":\"fondadmin\"},\"url\":\"https:\/\/www.fondazionepirelli.org\/it\/author\/fondadmin\/\"}]}<\/script>\n<!-- \/ Yoast SEO plugin. -->","yoast_head_json":{"title":"Milano sede esemplare del Tribunale Ue dei Brevetti. L\u2019eco dell\u2019innovazione all\u2019apertura dell\u2019Anno Giudiziario \u00a0 - Fondazione Pirelli","robots":{"index":"index","follow":"follow","max-snippet":"max-snippet:-1","max-image-preview":"max-image-preview:large","max-video-preview":"max-video-preview:-1"},"canonical":"https:\/\/www.fondazionepirelli.org\/it\/cultura-dimpresa\/milano-sede-esemplare-del-tribunale-ue-dei-brevetti-leco-dellinnovazione-allapertura-dellanno-giudiziario\/","og_locale":"it_IT","og_type":"article","og_title":"Milano sede esemplare del Tribunale Ue dei Brevetti. L\u2019eco dell\u2019innovazione all\u2019apertura dell\u2019Anno Giudiziario \u00a0 - Fondazione Pirelli","og_description":"Milano sede del Tribunale europeo dei brevetti. La candidatura, lanciata tempo fa dall\u2019Ordine degli Avvocati milanesi e subito sostenuta dal sindaco Beppe Sala e dal governatore della Regione Lombardia Attilio Fontana, ha avuto il sostegno ufficiale del Governo, con un impegno esplicito del ministero degli Esteri guidato da Enzo Moavero Milanesi. Un sostegno importante, visto [&hellip;]","og_url":"https:\/\/www.fondazionepirelli.org\/it\/cultura-dimpresa\/milano-sede-esemplare-del-tribunale-ue-dei-brevetti-leco-dellinnovazione-allapertura-dellanno-giudiziario\/","og_site_name":"Fondazione Pirelli","article_published_time":"2019-01-29T00:00:00+00:00","article_modified_time":"2019-05-08T10:26:24+00:00","og_image":[{"width":942,"height":693,"url":"https:\/\/wpsite-assets.fondazionepirelli.org\/wp-content\/uploads\/2019\/05\/20101130\/figura-introduttiva.jpg","type":"image\/jpeg"}],"author":"fondadmin","twitter_card":"summary_large_image","twitter_misc":{"Scritto da":"fondadmin","Tempo di lettura stimato":"6 minuti"},"schema":{"@context":"https:\/\/schema.org","@graph":[{"@type":"WebPage","@id":"https:\/\/www.fondazionepirelli.org\/it\/cultura-dimpresa\/milano-sede-esemplare-del-tribunale-ue-dei-brevetti-leco-dellinnovazione-allapertura-dellanno-giudiziario\/","url":"https:\/\/www.fondazionepirelli.org\/it\/cultura-dimpresa\/milano-sede-esemplare-del-tribunale-ue-dei-brevetti-leco-dellinnovazione-allapertura-dellanno-giudiziario\/","name":"Milano sede esemplare del Tribunale Ue dei Brevetti. L\u2019eco dell\u2019innovazione all\u2019apertura dell\u2019Anno Giudiziario \u00a0 - Fondazione Pirelli","isPartOf":{"@id":"https:\/\/www.fondazionepirelli.org\/it\/#website"},"primaryImageOfPage":{"@id":"https:\/\/www.fondazionepirelli.org\/it\/cultura-dimpresa\/milano-sede-esemplare-del-tribunale-ue-dei-brevetti-leco-dellinnovazione-allapertura-dellanno-giudiziario\/#primaryimage"},"image":{"@id":"https:\/\/www.fondazionepirelli.org\/it\/cultura-dimpresa\/milano-sede-esemplare-del-tribunale-ue-dei-brevetti-leco-dellinnovazione-allapertura-dellanno-giudiziario\/#primaryimage"},"thumbnailUrl":"https:\/\/wpsite-assets.fondazionepirelli.org\/wp-content\/uploads\/2019\/05\/20101130\/figura-introduttiva.jpg","datePublished":"2019-01-29T00:00:00+00:00","dateModified":"2019-05-08T10:26:24+00:00","author":{"@id":"https:\/\/www.fondazionepirelli.org\/it\/#\/schema\/person\/f47d097000832c4a6e54538c791fdf25"},"breadcrumb":{"@id":"https:\/\/www.fondazionepirelli.org\/it\/cultura-dimpresa\/milano-sede-esemplare-del-tribunale-ue-dei-brevetti-leco-dellinnovazione-allapertura-dellanno-giudiziario\/#breadcrumb"},"inLanguage":"it-IT","potentialAction":[{"@type":"ReadAction","target":["https:\/\/www.fondazionepirelli.org\/it\/cultura-dimpresa\/milano-sede-esemplare-del-tribunale-ue-dei-brevetti-leco-dellinnovazione-allapertura-dellanno-giudiziario\/"]}]},{"@type":"ImageObject","inLanguage":"it-IT","@id":"https:\/\/www.fondazionepirelli.org\/it\/cultura-dimpresa\/milano-sede-esemplare-del-tribunale-ue-dei-brevetti-leco-dellinnovazione-allapertura-dellanno-giudiziario\/#primaryimage","url":"https:\/\/wpsite-assets.fondazionepirelli.org\/wp-content\/uploads\/2019\/05\/20101130\/figura-introduttiva.jpg","contentUrl":"https:\/\/wpsite-assets.fondazionepirelli.org\/wp-content\/uploads\/2019\/05\/20101130\/figura-introduttiva.jpg","width":942,"height":693},{"@type":"BreadcrumbList","@id":"https:\/\/www.fondazionepirelli.org\/it\/cultura-dimpresa\/milano-sede-esemplare-del-tribunale-ue-dei-brevetti-leco-dellinnovazione-allapertura-dellanno-giudiziario\/#breadcrumb","itemListElement":[{"@type":"ListItem","position":1,"name":"Home","item":"https:\/\/www.fondazionepirelli.org\/it\/"},{"@type":"ListItem","position":2,"name":"Milano sede esemplare del Tribunale Ue dei Brevetti. L\u2019eco dell\u2019innovazione all\u2019apertura dell\u2019Anno Giudiziario \u00a0"}]},{"@type":"WebSite","@id":"https:\/\/www.fondazionepirelli.org\/it\/#website","url":"https:\/\/www.fondazionepirelli.org\/it\/","name":"Fondazione Pirelli","description":"","potentialAction":[{"@type":"SearchAction","target":{"@type":"EntryPoint","urlTemplate":"https:\/\/www.fondazionepirelli.org\/it\/?s={search_term_string}"},"query-input":{"@type":"PropertyValueSpecification","valueRequired":true,"valueName":"search_term_string"}}],"inLanguage":"it-IT"},{"@type":"Person","@id":"https:\/\/www.fondazionepirelli.org\/it\/#\/schema\/person\/f47d097000832c4a6e54538c791fdf25","name":"fondadmin","image":{"@type":"ImageObject","inLanguage":"it-IT","@id":"https:\/\/www.fondazionepirelli.org\/it\/#\/schema\/person\/image\/","url":"https:\/\/secure.gravatar.com\/avatar\/e69498a9175ca244966e51e53c88712c024fcebe41f9a05f75657f1bb25e489b?s=96&d=mm&r=g","contentUrl":"https:\/\/secure.gravatar.com\/avatar\/e69498a9175ca244966e51e53c88712c024fcebe41f9a05f75657f1bb25e489b?s=96&d=mm&r=g","caption":"fondadmin"},"url":"https:\/\/www.fondazionepirelli.org\/it\/author\/fondadmin\/"}]}},"_links":{"self":[{"href":"https:\/\/www.fondazionepirelli.org\/it\/wp-json\/wp\/v2\/posts\/52992\/"}],"collection":[{"href":"https:\/\/www.fondazionepirelli.org\/it\/wp-json\/wp\/v2\/posts\/"}],"about":[{"href":"https:\/\/www.fondazionepirelli.org\/it\/wp-json\/wp\/v2\/types\/post\/"}],"author":[{"embeddable":true,"href":"https:\/\/www.fondazionepirelli.org\/it\/wp-json\/wp\/v2\/users\/1\/"}],"replies":[{"embeddable":true,"href":"https:\/\/www.fondazionepirelli.org\/it\/wp-json\/wp\/v2\/comments\/?post=52992"}],"version-history":[{"count":1,"href":"https:\/\/www.fondazionepirelli.org\/it\/wp-json\/wp\/v2\/posts\/52992\/revisions\/"}],"predecessor-version":[{"id":53182,"href":"https:\/\/www.fondazionepirelli.org\/it\/wp-json\/wp\/v2\/posts\/52992\/revisions\/53182\/"}],"wp:featuredmedia":[{"embeddable":true,"href":"https:\/\/www.fondazionepirelli.org\/it\/wp-json\/wp\/v2\/media\/52993\/"}],"wp:attachment":[{"href":"https:\/\/www.fondazionepirelli.org\/it\/wp-json\/wp\/v2\/media\/?parent=52992"}],"wp:term":[{"taxonomy":"category","embeddable":true,"href":"https:\/\/www.fondazionepirelli.org\/it\/wp-json\/wp\/v2\/categories\/?post=52992"},{"taxonomy":"post_tag","embeddable":true,"href":"https:\/\/www.fondazionepirelli.org\/it\/wp-json\/wp\/v2\/tags\/?post=52992"}],"curies":[{"name":"wp","href":"https:\/\/api.w.org\/{rel}","templated":true}]}}