{"id":52995,"date":"2019-01-29T00:00:00","date_gmt":"2019-01-29T00:00:00","guid":{"rendered":"http:\/\/www.fondazionepirelli.org\/fondazione-pirelli\/economia-e-non-solo-che-cosa-e-accaduto\/"},"modified":"2019-05-08T10:30:16","modified_gmt":"2019-05-08T10:30:16","slug":"economia-e-non-solo-che-cosa-e-accaduto","status":"publish","type":"post","link":"https:\/\/www.fondazionepirelli.org\/it\/cultura-dimpresa\/economia-e-non-solo-che-cosa-e-accaduto\/","title":{"rendered":"Economia e non solo. Che cosa \u00e8 accaduto?"},"content":{"rendered":"<p><em>L\u2019ultimo libro di Fabrizio Saccomanni racconta l\u2019evoluzione economica del mondo degli ultimi anni<\/em><\/p><p>Rischi globali. Il concetto \u00e8 ormai entrato nel linguaggio comune di imprenditori e <em>manager <\/em>ma anche della gente comune. Occorre per\u00f2 non abusarne e soprattutto capirne il significo vero e le varie articolazioni attraverso le quali pu\u00f2 esplicitarsi.<\/p>\n<p>A questo serve leggere l\u2019ultimo libro di Fabrizio Saccomanni \u2013 \u201cCrepe nel sistema\u201d -, appena pubblicato e frutto dell\u2019esperienza dell\u2019autore presso Banca d\u2019Italia ma anche come ministro dell\u2019economia e delle finanze e prima ancora in istituzioni come il Fondo monetario internazionale, la Banca europea per la ricostruzione e lo sviluppo, la Banca dei regolamenti internazionali, la Banca centrale europea.<\/p>\n<p>Saccomanni inizia il suo ragionamento da una constatazione: \u201cLa crisi \u00e8 stata un vero e proprio terremoto per l\u2019economia mondiale e si \u00e8 lasciata dietro uno \u00absciame\u00bb di scosse politiche, sociali, economiche e finanziarie tuttora in corso. La struttura della cooperazione internazionale, con le sue istituzioni e le sue regole, \u00e8 stata seriamente compromessa. Crepe profonde minano la tenuta del sistema della cooperazione internazionale. Ma la crisi non \u00e8 stata un \u00abflagello di Dio\u00bb dovuto alla malasorte. \u00c8 stata la conseguenza di errori di giudizio e di risposta da parte della autorit\u00e0 responsabili della politica economica e finanziaria e della politica <em>tout<\/em> <em>court<\/em>\u201d.<\/p>\n<p>Detto in altre parole, l\u2019eredit\u00e0 della crisi del 2008 si \u00e8 tradotta in una crescita inadeguata, disoccupazione, disuguaglianze nella distribuzione dei redditi, crollo degli investimenti pubblici. Le contromisure adottate dai governi sono state nel complesso inefficaci. Si \u00e8 evitata l\u2019implosione del sistema finanziario, ma si sono sottovalutate sia la natura strutturale della crisi, sia le gravi conseguenze sociali e politiche che essa avrebbe provocato. Si sono date risposte tardive, parziali, non coordinate a livello internazionale, mentre si \u00e8 aperta la strada al protezionismo commerciale e finanziario, svilendo il ruolo e le funzioni delle istituzioni della cooperazione multilaterale. La conseguenza di tutto questo, per Saccomanni, \u00e8 sintetizzata nel rischio di veder crollare il castello della cooperazione internazionale e quindi di vedere accentuato il rischio corrispondente di frammentazione del sistema globale dell\u2019economia. Con tutte le conseguenze del caso.<\/p>\n<p>Saccomanni, puntigliosamente ma con linguaggio piano e comprensibile, racconta tutto questo dividendo il libro in due parti ben distinte. \u201cNella prima \u2013 spiega lo stesso autore -, sono analizzate le strategie di gestione delle conseguenze della crisi\u201d; nella seconda \u201cvengono approfonditi alcuni temi specifici\u201d: il ruolo della moneta, quello dell\u2019Unione economica europea, gli aspetti legati alla cosiddetta <em>fintech,<\/em> la vicenda della regolamentazione finanziaria europea.<\/p>\n<p>Gli argomenti affrontati da Fabrizio Saccomanni non sono facili e spesso vengono resi ancora pi\u00f9 difficili (e incomprensibili) da un linguaggio \u00a0che fa di tutto per allontanare chi legge dalla comprensione vera di ci\u00f2 che legge. Saccomanni invece riesce nell\u2019impresa di spiegare passaggi cruciali per tutti noi in modo chiaro, comprensibile ed esatto. Mischiando economia e storia, cronaca ed esperienza personale, l\u2019autore prende per mano il lettore e lo porta a vedere da vicino cosa \u00e8 accaduto nel mondo negli ultimi anni. Buona lettura per una buona cultura (anche d\u2019impresa).<\/p><p><strong>Crepe nel sistema<\/strong><\/p>\n<p>Fabrizio Saccomanni<\/p>\n<p>il Mulino, 2018<\/p>\n","protected":false},"excerpt":{"rendered":"<p>L\u2019ultimo libro di Fabrizio Saccomanni racconta l\u2019evoluzione economica del mondo degli ultimi anniRischi globali. Il concetto \u00e8 ormai entrato nel linguaggio comune di imprenditori e manager ma anche della gente comune. Occorre per\u00f2 non abusarne e soprattutto capirne il significo vero e le varie articolazioni attraverso le quali pu\u00f2 esplicitarsi. A questo serve leggere l\u2019ultimo [&hellip;]<\/p>\n","protected":false},"author":1,"featured_media":52996,"comment_status":"open","ping_status":"open","sticky":false,"template":"","format":"standard","meta":{"footnotes":""},"categories":[52,58],"tags":[],"class_list":["post-52995","post","type-post","status-publish","format-standard","has-post-thumbnail","hentry","category-cultura-dimpresa","category-recensioni-libri"],"acf":[],"yoast_head":"<!-- This site is optimized with the Yoast SEO plugin v25.0 - https:\/\/yoast.com\/wordpress\/plugins\/seo\/ -->\n<title>Economia e non solo. Che cosa \u00e8 accaduto? - Fondazione Pirelli<\/title>\n<meta name=\"robots\" content=\"index, follow, max-snippet:-1, max-image-preview:large, max-video-preview:-1\" \/>\n<link rel=\"canonical\" href=\"https:\/\/www.fondazionepirelli.org\/it\/cultura-dimpresa\/economia-e-non-solo-che-cosa-e-accaduto\/\" \/>\n<meta property=\"og:locale\" content=\"it_IT\" \/>\n<meta property=\"og:type\" content=\"article\" \/>\n<meta property=\"og:title\" content=\"Economia e non solo. Che cosa \u00e8 accaduto? - Fondazione Pirelli\" \/>\n<meta property=\"og:description\" content=\"L\u2019ultimo libro di Fabrizio Saccomanni racconta l\u2019evoluzione economica del mondo degli ultimi anniRischi globali. Il concetto \u00e8 ormai entrato nel linguaggio comune di imprenditori e manager ma anche della gente comune. Occorre per\u00f2 non abusarne e soprattutto capirne il significo vero e le varie articolazioni attraverso le quali pu\u00f2 esplicitarsi. A questo serve leggere l\u2019ultimo [&hellip;]\" \/>\n<meta property=\"og:url\" content=\"https:\/\/www.fondazionepirelli.org\/it\/cultura-dimpresa\/economia-e-non-solo-che-cosa-e-accaduto\/\" \/>\n<meta property=\"og:site_name\" content=\"Fondazione Pirelli\" \/>\n<meta property=\"article:published_time\" content=\"2019-01-29T00:00:00+00:00\" \/>\n<meta property=\"article:modified_time\" content=\"2019-05-08T10:30:16+00:00\" \/>\n<meta property=\"og:image\" content=\"https:\/\/wpsite-assets.fondazionepirelli.org\/wp-content\/uploads\/2019\/05\/20101128\/crepe-nel-sistema.jpg\" \/>\n\t<meta property=\"og:image:width\" content=\"405\" \/>\n\t<meta property=\"og:image:height\" content=\"617\" \/>\n\t<meta property=\"og:image:type\" content=\"image\/jpeg\" \/>\n<meta name=\"author\" content=\"fondadmin\" \/>\n<meta name=\"twitter:card\" content=\"summary_large_image\" \/>\n<meta name=\"twitter:label1\" content=\"Scritto da\" \/>\n\t<meta name=\"twitter:data1\" content=\"fondadmin\" \/>\n\t<meta name=\"twitter:label2\" content=\"Tempo di lettura stimato\" \/>\n\t<meta name=\"twitter:data2\" content=\"3 minuti\" \/>\n<script type=\"application\/ld+json\" class=\"yoast-schema-graph\">{\"@context\":\"https:\/\/schema.org\",\"@graph\":[{\"@type\":\"WebPage\",\"@id\":\"https:\/\/www.fondazionepirelli.org\/it\/cultura-dimpresa\/economia-e-non-solo-che-cosa-e-accaduto\/\",\"url\":\"https:\/\/www.fondazionepirelli.org\/it\/cultura-dimpresa\/economia-e-non-solo-che-cosa-e-accaduto\/\",\"name\":\"Economia e non solo. Che cosa \u00e8 accaduto? - Fondazione Pirelli\",\"isPartOf\":{\"@id\":\"https:\/\/www.fondazionepirelli.org\/it\/#website\"},\"primaryImageOfPage\":{\"@id\":\"https:\/\/www.fondazionepirelli.org\/it\/cultura-dimpresa\/economia-e-non-solo-che-cosa-e-accaduto\/#primaryimage\"},\"image\":{\"@id\":\"https:\/\/www.fondazionepirelli.org\/it\/cultura-dimpresa\/economia-e-non-solo-che-cosa-e-accaduto\/#primaryimage\"},\"thumbnailUrl\":\"https:\/\/wpsite-assets.fondazionepirelli.org\/wp-content\/uploads\/2019\/05\/20101128\/crepe-nel-sistema.jpg\",\"datePublished\":\"2019-01-29T00:00:00+00:00\",\"dateModified\":\"2019-05-08T10:30:16+00:00\",\"author\":{\"@id\":\"https:\/\/www.fondazionepirelli.org\/it\/#\/schema\/person\/f47d097000832c4a6e54538c791fdf25\"},\"breadcrumb\":{\"@id\":\"https:\/\/www.fondazionepirelli.org\/it\/cultura-dimpresa\/economia-e-non-solo-che-cosa-e-accaduto\/#breadcrumb\"},\"inLanguage\":\"it-IT\",\"potentialAction\":[{\"@type\":\"ReadAction\",\"target\":[\"https:\/\/www.fondazionepirelli.org\/it\/cultura-dimpresa\/economia-e-non-solo-che-cosa-e-accaduto\/\"]}]},{\"@type\":\"ImageObject\",\"inLanguage\":\"it-IT\",\"@id\":\"https:\/\/www.fondazionepirelli.org\/it\/cultura-dimpresa\/economia-e-non-solo-che-cosa-e-accaduto\/#primaryimage\",\"url\":\"https:\/\/wpsite-assets.fondazionepirelli.org\/wp-content\/uploads\/2019\/05\/20101128\/crepe-nel-sistema.jpg\",\"contentUrl\":\"https:\/\/wpsite-assets.fondazionepirelli.org\/wp-content\/uploads\/2019\/05\/20101128\/crepe-nel-sistema.jpg\",\"width\":405,\"height\":617},{\"@type\":\"BreadcrumbList\",\"@id\":\"https:\/\/www.fondazionepirelli.org\/it\/cultura-dimpresa\/economia-e-non-solo-che-cosa-e-accaduto\/#breadcrumb\",\"itemListElement\":[{\"@type\":\"ListItem\",\"position\":1,\"name\":\"Home\",\"item\":\"https:\/\/www.fondazionepirelli.org\/it\/\"},{\"@type\":\"ListItem\",\"position\":2,\"name\":\"Economia e non solo. Che cosa \u00e8 accaduto?\"}]},{\"@type\":\"WebSite\",\"@id\":\"https:\/\/www.fondazionepirelli.org\/it\/#website\",\"url\":\"https:\/\/www.fondazionepirelli.org\/it\/\",\"name\":\"Fondazione Pirelli\",\"description\":\"\",\"potentialAction\":[{\"@type\":\"SearchAction\",\"target\":{\"@type\":\"EntryPoint\",\"urlTemplate\":\"https:\/\/www.fondazionepirelli.org\/it\/?s={search_term_string}\"},\"query-input\":{\"@type\":\"PropertyValueSpecification\",\"valueRequired\":true,\"valueName\":\"search_term_string\"}}],\"inLanguage\":\"it-IT\"},{\"@type\":\"Person\",\"@id\":\"https:\/\/www.fondazionepirelli.org\/it\/#\/schema\/person\/f47d097000832c4a6e54538c791fdf25\",\"name\":\"fondadmin\",\"image\":{\"@type\":\"ImageObject\",\"inLanguage\":\"it-IT\",\"@id\":\"https:\/\/www.fondazionepirelli.org\/it\/#\/schema\/person\/image\/\",\"url\":\"https:\/\/secure.gravatar.com\/avatar\/e69498a9175ca244966e51e53c88712c024fcebe41f9a05f75657f1bb25e489b?s=96&d=mm&r=g\",\"contentUrl\":\"https:\/\/secure.gravatar.com\/avatar\/e69498a9175ca244966e51e53c88712c024fcebe41f9a05f75657f1bb25e489b?s=96&d=mm&r=g\",\"caption\":\"fondadmin\"},\"url\":\"https:\/\/www.fondazionepirelli.org\/it\/author\/fondadmin\/\"}]}<\/script>\n<!-- \/ Yoast SEO plugin. -->","yoast_head_json":{"title":"Economia e non solo. Che cosa \u00e8 accaduto? - Fondazione Pirelli","robots":{"index":"index","follow":"follow","max-snippet":"max-snippet:-1","max-image-preview":"max-image-preview:large","max-video-preview":"max-video-preview:-1"},"canonical":"https:\/\/www.fondazionepirelli.org\/it\/cultura-dimpresa\/economia-e-non-solo-che-cosa-e-accaduto\/","og_locale":"it_IT","og_type":"article","og_title":"Economia e non solo. Che cosa \u00e8 accaduto? - Fondazione Pirelli","og_description":"L\u2019ultimo libro di Fabrizio Saccomanni racconta l\u2019evoluzione economica del mondo degli ultimi anniRischi globali. Il concetto \u00e8 ormai entrato nel linguaggio comune di imprenditori e manager ma anche della gente comune. Occorre per\u00f2 non abusarne e soprattutto capirne il significo vero e le varie articolazioni attraverso le quali pu\u00f2 esplicitarsi. A questo serve leggere l\u2019ultimo [&hellip;]","og_url":"https:\/\/www.fondazionepirelli.org\/it\/cultura-dimpresa\/economia-e-non-solo-che-cosa-e-accaduto\/","og_site_name":"Fondazione Pirelli","article_published_time":"2019-01-29T00:00:00+00:00","article_modified_time":"2019-05-08T10:30:16+00:00","og_image":[{"width":405,"height":617,"url":"https:\/\/wpsite-assets.fondazionepirelli.org\/wp-content\/uploads\/2019\/05\/20101128\/crepe-nel-sistema.jpg","type":"image\/jpeg"}],"author":"fondadmin","twitter_card":"summary_large_image","twitter_misc":{"Scritto da":"fondadmin","Tempo di lettura stimato":"3 minuti"},"schema":{"@context":"https:\/\/schema.org","@graph":[{"@type":"WebPage","@id":"https:\/\/www.fondazionepirelli.org\/it\/cultura-dimpresa\/economia-e-non-solo-che-cosa-e-accaduto\/","url":"https:\/\/www.fondazionepirelli.org\/it\/cultura-dimpresa\/economia-e-non-solo-che-cosa-e-accaduto\/","name":"Economia e non solo. Che cosa \u00e8 accaduto? - Fondazione Pirelli","isPartOf":{"@id":"https:\/\/www.fondazionepirelli.org\/it\/#website"},"primaryImageOfPage":{"@id":"https:\/\/www.fondazionepirelli.org\/it\/cultura-dimpresa\/economia-e-non-solo-che-cosa-e-accaduto\/#primaryimage"},"image":{"@id":"https:\/\/www.fondazionepirelli.org\/it\/cultura-dimpresa\/economia-e-non-solo-che-cosa-e-accaduto\/#primaryimage"},"thumbnailUrl":"https:\/\/wpsite-assets.fondazionepirelli.org\/wp-content\/uploads\/2019\/05\/20101128\/crepe-nel-sistema.jpg","datePublished":"2019-01-29T00:00:00+00:00","dateModified":"2019-05-08T10:30:16+00:00","author":{"@id":"https:\/\/www.fondazionepirelli.org\/it\/#\/schema\/person\/f47d097000832c4a6e54538c791fdf25"},"breadcrumb":{"@id":"https:\/\/www.fondazionepirelli.org\/it\/cultura-dimpresa\/economia-e-non-solo-che-cosa-e-accaduto\/#breadcrumb"},"inLanguage":"it-IT","potentialAction":[{"@type":"ReadAction","target":["https:\/\/www.fondazionepirelli.org\/it\/cultura-dimpresa\/economia-e-non-solo-che-cosa-e-accaduto\/"]}]},{"@type":"ImageObject","inLanguage":"it-IT","@id":"https:\/\/www.fondazionepirelli.org\/it\/cultura-dimpresa\/economia-e-non-solo-che-cosa-e-accaduto\/#primaryimage","url":"https:\/\/wpsite-assets.fondazionepirelli.org\/wp-content\/uploads\/2019\/05\/20101128\/crepe-nel-sistema.jpg","contentUrl":"https:\/\/wpsite-assets.fondazionepirelli.org\/wp-content\/uploads\/2019\/05\/20101128\/crepe-nel-sistema.jpg","width":405,"height":617},{"@type":"BreadcrumbList","@id":"https:\/\/www.fondazionepirelli.org\/it\/cultura-dimpresa\/economia-e-non-solo-che-cosa-e-accaduto\/#breadcrumb","itemListElement":[{"@type":"ListItem","position":1,"name":"Home","item":"https:\/\/www.fondazionepirelli.org\/it\/"},{"@type":"ListItem","position":2,"name":"Economia e non solo. Che cosa \u00e8 accaduto?"}]},{"@type":"WebSite","@id":"https:\/\/www.fondazionepirelli.org\/it\/#website","url":"https:\/\/www.fondazionepirelli.org\/it\/","name":"Fondazione Pirelli","description":"","potentialAction":[{"@type":"SearchAction","target":{"@type":"EntryPoint","urlTemplate":"https:\/\/www.fondazionepirelli.org\/it\/?s={search_term_string}"},"query-input":{"@type":"PropertyValueSpecification","valueRequired":true,"valueName":"search_term_string"}}],"inLanguage":"it-IT"},{"@type":"Person","@id":"https:\/\/www.fondazionepirelli.org\/it\/#\/schema\/person\/f47d097000832c4a6e54538c791fdf25","name":"fondadmin","image":{"@type":"ImageObject","inLanguage":"it-IT","@id":"https:\/\/www.fondazionepirelli.org\/it\/#\/schema\/person\/image\/","url":"https:\/\/secure.gravatar.com\/avatar\/e69498a9175ca244966e51e53c88712c024fcebe41f9a05f75657f1bb25e489b?s=96&d=mm&r=g","contentUrl":"https:\/\/secure.gravatar.com\/avatar\/e69498a9175ca244966e51e53c88712c024fcebe41f9a05f75657f1bb25e489b?s=96&d=mm&r=g","caption":"fondadmin"},"url":"https:\/\/www.fondazionepirelli.org\/it\/author\/fondadmin\/"}]}},"_links":{"self":[{"href":"https:\/\/www.fondazionepirelli.org\/it\/wp-json\/wp\/v2\/posts\/52995\/"}],"collection":[{"href":"https:\/\/www.fondazionepirelli.org\/it\/wp-json\/wp\/v2\/posts\/"}],"about":[{"href":"https:\/\/www.fondazionepirelli.org\/it\/wp-json\/wp\/v2\/types\/post\/"}],"author":[{"embeddable":true,"href":"https:\/\/www.fondazionepirelli.org\/it\/wp-json\/wp\/v2\/users\/1\/"}],"replies":[{"embeddable":true,"href":"https:\/\/www.fondazionepirelli.org\/it\/wp-json\/wp\/v2\/comments\/?post=52995"}],"version-history":[{"count":1,"href":"https:\/\/www.fondazionepirelli.org\/it\/wp-json\/wp\/v2\/posts\/52995\/revisions\/"}],"predecessor-version":[{"id":53186,"href":"https:\/\/www.fondazionepirelli.org\/it\/wp-json\/wp\/v2\/posts\/52995\/revisions\/53186\/"}],"wp:featuredmedia":[{"embeddable":true,"href":"https:\/\/www.fondazionepirelli.org\/it\/wp-json\/wp\/v2\/media\/52996\/"}],"wp:attachment":[{"href":"https:\/\/www.fondazionepirelli.org\/it\/wp-json\/wp\/v2\/media\/?parent=52995"}],"wp:term":[{"taxonomy":"category","embeddable":true,"href":"https:\/\/www.fondazionepirelli.org\/it\/wp-json\/wp\/v2\/categories\/?post=52995"},{"taxonomy":"post_tag","embeddable":true,"href":"https:\/\/www.fondazionepirelli.org\/it\/wp-json\/wp\/v2\/tags\/?post=52995"}],"curies":[{"name":"wp","href":"https:\/\/api.w.org\/{rel}","templated":true}]}}