{"id":53000,"date":"2019-01-22T00:00:00","date_gmt":"2019-01-22T00:00:00","guid":{"rendered":"http:\/\/www.fondazionepirelli.org\/fondazione-pirelli\/come-uscire-dalle-difficolta\/"},"modified":"2019-05-27T13:10:40","modified_gmt":"2019-05-27T13:10:40","slug":"come-uscire-dalle-difficolta","status":"publish","type":"post","link":"https:\/\/www.fondazionepirelli.org\/it\/cultura-dimpresa\/come-uscire-dalle-difficolta\/","title":{"rendered":"Come uscire dalle difficolt\u00e0"},"content":{"rendered":"<p><em>L\u2019ultimo libro di Ignazio Visco racconta il passato recente dell\u2019Italia e fornisce una prospettiva per il futuro<\/em><\/p><p>Avere cognizione affidabile del cammino percorso e di quello che occorre ancora fare, \u00e8 cosa buona per tutti, anche per le imprese e per chi le governa. E anche pensando non solo ai cammini individuali ma pure a quelli collettivi. L\u2019ultimo libro di Ignazio Visco \u00e8 un buon aiuto in questa direzione.<\/p>\n<p>Visco studia, in questa sua ultima fatica letteraria, quelli che dal titolo vengono gi\u00e0 individuati come \u201cAnni difficili\u201d, quelli \u201cpi\u00f9 difficili\u201d \u2013 stando all\u2019autore \u2013 che il Paese ha attraversato nella nostra storia economica in tempo di pace, anni contrassegnati da una doppia recessione, la prima provocata dalla crisi finanziaria globale e la seconda da quella dei debiti sovrani dell\u2019area dell\u2019euro.<\/p>\n<p>Visco quindi \u2013 sulla scorta del suo essere economista e Governatore della banca centrale italiana -, approfondisce le cause di questo lungo periodo critico, soffermandosi sulla pesante eredit\u00e0 lasciata sui conti pubblici, i bilanci delle banche, il mercato del lavoro, la struttura del sistema produttivo, per concentrarsi poi sulle sfide da affrontare per rendere la nostra economia pi\u00f9 dinamica e resistente.<\/p>\n<p>Tutto con un occhio non solo alla situazione di \u201ccasa nostra\u201d, ma anche e soprattutto a quella \u201cfuori casa nostra\u201d. Il contesto in cui l\u2019analisi viene condotta, infatti, \u00e8 quello che vede i fenomeni da governare con una scala globale: la crescente integrazione dei mercati, il rapido progresso tecnologico, l\u2019immigrazione, la finanza non possono essere gestiti nei ristretti confini nazionali.<\/p>\n<p>Su tutto quindi un\u2019indicazione importante: non ci pu\u00f2 essere sviluppo nell\u2019isolamento.<\/p>\n<p>E da tutto, l\u2019indicazione delle azioni che \u00e8 possibile intraprendere: la rimozione generale degli ostacoli all\u2019attivit\u00e0 di impresa, all\u2019innovazione, alla corretta allocazione delle risorse.<\/p>\n<p>Il libro di Visco ha il gran pregio di parlar chiaro e preciso e soprattutto quello di contenere un germe di positivit\u00e0, che si schiude in particolare nelle ultime pagine con il ragionare dei legami fra conoscenza e sviluppo, fra cultura e progresso (anche economico ma non solo economico). \u201cIn un mondo che cambia in modo cos\u00ec imprevedibile, dove la casualit\u00e0 e le non linearit\u00e0 hanno un ruolo cruciale, che per\u00f2 non sono, in buona parte, indipendenti dalle stesse decisioni umane (\u2026), in quali conoscenze \u00e8 bene investire?\u201d, si chiede Visco che continua: \u201cIn Italia vi \u00e8 certamente bisogno di superare una volta per tutte la barriera che ha a lungo separato la cosiddetta cultura \u00abumanistica\u00bb, da valorizzare, da quella \u00abtecnico-scientifica\u00bb, su cui investire. Una barriera che continua a pesare nelle discussioni sulla formazione dei giovani\u201d. Sottolinea quindi Visco: \u201cAccanto alle conoscenze tradizionali oggi occorre coltivare un nuovo insieme di competenze, che servano anche a far fronte a situazioni inedite, come l\u2019esercizio del pensiero critico, la propensione alla risoluzione dei problemi, la capacit\u00e0 di comunicare\u201d. \u00a0Cultura tecnica e umanistica insieme, dunque, come giusto insieme per superare anche la crisi economica. Cultura anche critica (Visco cita meravigliosamente Federico Caff\u00e8 che amava ricordare l\u2019importanza di coltivare il dubbio), ma pur sempre globale e non costretta entro vincoli artificiali. Proprio quella cultura della quale \u201cAnni difficili\u201d di Ignazio Visco \u00e8 esempio tutto da leggere.<\/p><p><strong>Anni difficili. Dalla crisi finanziaria alle nuove sfide per l\u2019economia<\/strong><\/p>\n<p>Ignazio Visco<\/p>\n<p>Il Mulino, 2019<\/p>\n","protected":false},"excerpt":{"rendered":"<p>L\u2019ultimo libro di Ignazio Visco racconta il passato recente dell\u2019Italia e fornisce una prospettiva per il futuroAvere cognizione affidabile del cammino percorso e di quello che occorre ancora fare, \u00e8 cosa buona per tutti, anche per le imprese e per chi le governa. E anche pensando non solo ai cammini individuali ma pure a quelli [&hellip;]<\/p>\n","protected":false},"author":1,"featured_media":53001,"comment_status":"open","ping_status":"open","sticky":false,"template":"","format":"standard","meta":{"footnotes":""},"categories":[52,58],"tags":[],"class_list":["post-53000","post","type-post","status-publish","format-standard","has-post-thumbnail","hentry","category-cultura-dimpresa","category-recensioni-libri"],"acf":[],"yoast_head":"<!-- This site is optimized with the Yoast SEO plugin v25.0 - https:\/\/yoast.com\/wordpress\/plugins\/seo\/ -->\n<title>Come uscire dalle difficolt\u00e0 - Fondazione Pirelli<\/title>\n<meta name=\"robots\" content=\"index, follow, max-snippet:-1, max-image-preview:large, max-video-preview:-1\" \/>\n<link rel=\"canonical\" href=\"https:\/\/www.fondazionepirelli.org\/it\/cultura-dimpresa\/come-uscire-dalle-difficolta\/\" \/>\n<meta property=\"og:locale\" content=\"it_IT\" \/>\n<meta property=\"og:type\" content=\"article\" \/>\n<meta property=\"og:title\" content=\"Come uscire dalle difficolt\u00e0 - Fondazione Pirelli\" \/>\n<meta property=\"og:description\" content=\"L\u2019ultimo libro di Ignazio Visco racconta il passato recente dell\u2019Italia e fornisce una prospettiva per il futuroAvere cognizione affidabile del cammino percorso e di quello che occorre ancora fare, \u00e8 cosa buona per tutti, anche per le imprese e per chi le governa. E anche pensando non solo ai cammini individuali ma pure a quelli [&hellip;]\" \/>\n<meta property=\"og:url\" content=\"https:\/\/127.0.0.1\/it\/cultura-dimpresa\/come-uscire-dalle-difficolta\/\" \/>\n<meta property=\"og:site_name\" content=\"Fondazione Pirelli\" \/>\n<meta property=\"article:published_time\" content=\"2019-01-22T00:00:00+00:00\" \/>\n<meta property=\"article:modified_time\" content=\"2019-05-27T13:10:40+00:00\" \/>\n<meta property=\"og:image\" content=\"https:\/\/wpsite-assets.fondazionepirelli.org\/wp-content\/uploads\/2019\/05\/20101128\/copertina-Visco-e1558962528430.jpg\" \/>\n\t<meta property=\"og:image:width\" content=\"600\" \/>\n\t<meta property=\"og:image:height\" content=\"949\" \/>\n\t<meta property=\"og:image:type\" content=\"image\/jpeg\" \/>\n<meta name=\"author\" content=\"fondadmin\" \/>\n<meta name=\"twitter:card\" content=\"summary_large_image\" \/>\n<meta name=\"twitter:label1\" content=\"Scritto da\" \/>\n\t<meta name=\"twitter:data1\" content=\"fondadmin\" \/>\n\t<meta name=\"twitter:label2\" content=\"Tempo di lettura stimato\" \/>\n\t<meta name=\"twitter:data2\" content=\"3 minuti\" \/>\n<script type=\"application\/ld+json\" class=\"yoast-schema-graph\">{\"@context\":\"https:\/\/schema.org\",\"@graph\":[{\"@type\":\"WebPage\",\"@id\":\"https:\/\/127.0.0.1\/it\/cultura-dimpresa\/come-uscire-dalle-difficolta\/\",\"url\":\"https:\/\/127.0.0.1\/it\/cultura-dimpresa\/come-uscire-dalle-difficolta\/\",\"name\":\"Come uscire dalle difficolt\u00e0 - Fondazione Pirelli\",\"isPartOf\":{\"@id\":\"https:\/\/www.fondazionepirelli.org\/it\/#website\"},\"primaryImageOfPage\":{\"@id\":\"https:\/\/127.0.0.1\/it\/cultura-dimpresa\/come-uscire-dalle-difficolta\/#primaryimage\"},\"image\":{\"@id\":\"https:\/\/127.0.0.1\/it\/cultura-dimpresa\/come-uscire-dalle-difficolta\/#primaryimage\"},\"thumbnailUrl\":\"https:\/\/wpsite-assets.fondazionepirelli.org\/wp-content\/uploads\/2019\/05\/20101128\/copertina-Visco-e1558962528430.jpg\",\"datePublished\":\"2019-01-22T00:00:00+00:00\",\"dateModified\":\"2019-05-27T13:10:40+00:00\",\"author\":{\"@id\":\"https:\/\/www.fondazionepirelli.org\/it\/#\/schema\/person\/f47d097000832c4a6e54538c791fdf25\"},\"breadcrumb\":{\"@id\":\"https:\/\/127.0.0.1\/it\/cultura-dimpresa\/come-uscire-dalle-difficolta\/#breadcrumb\"},\"inLanguage\":\"it-IT\",\"potentialAction\":[{\"@type\":\"ReadAction\",\"target\":[\"https:\/\/127.0.0.1\/it\/cultura-dimpresa\/come-uscire-dalle-difficolta\/\"]}]},{\"@type\":\"ImageObject\",\"inLanguage\":\"it-IT\",\"@id\":\"https:\/\/127.0.0.1\/it\/cultura-dimpresa\/come-uscire-dalle-difficolta\/#primaryimage\",\"url\":\"https:\/\/wpsite-assets.fondazionepirelli.org\/wp-content\/uploads\/2019\/05\/20101128\/copertina-Visco-e1558962528430.jpg\",\"contentUrl\":\"https:\/\/wpsite-assets.fondazionepirelli.org\/wp-content\/uploads\/2019\/05\/20101128\/copertina-Visco-e1558962528430.jpg\",\"width\":600,\"height\":949},{\"@type\":\"BreadcrumbList\",\"@id\":\"https:\/\/127.0.0.1\/it\/cultura-dimpresa\/come-uscire-dalle-difficolta\/#breadcrumb\",\"itemListElement\":[{\"@type\":\"ListItem\",\"position\":1,\"name\":\"Home\",\"item\":\"https:\/\/www.fondazionepirelli.org\/it\/\"},{\"@type\":\"ListItem\",\"position\":2,\"name\":\"Come uscire dalle difficolt\u00e0\"}]},{\"@type\":\"WebSite\",\"@id\":\"https:\/\/www.fondazionepirelli.org\/it\/#website\",\"url\":\"https:\/\/www.fondazionepirelli.org\/it\/\",\"name\":\"Fondazione Pirelli\",\"description\":\"\",\"potentialAction\":[{\"@type\":\"SearchAction\",\"target\":{\"@type\":\"EntryPoint\",\"urlTemplate\":\"https:\/\/www.fondazionepirelli.org\/it\/?s={search_term_string}\"},\"query-input\":{\"@type\":\"PropertyValueSpecification\",\"valueRequired\":true,\"valueName\":\"search_term_string\"}}],\"inLanguage\":\"it-IT\"},{\"@type\":\"Person\",\"@id\":\"https:\/\/www.fondazionepirelli.org\/it\/#\/schema\/person\/f47d097000832c4a6e54538c791fdf25\",\"name\":\"fondadmin\",\"image\":{\"@type\":\"ImageObject\",\"inLanguage\":\"it-IT\",\"@id\":\"https:\/\/www.fondazionepirelli.org\/it\/#\/schema\/person\/image\/\",\"url\":\"https:\/\/secure.gravatar.com\/avatar\/e69498a9175ca244966e51e53c88712c024fcebe41f9a05f75657f1bb25e489b?s=96&d=mm&r=g\",\"contentUrl\":\"https:\/\/secure.gravatar.com\/avatar\/e69498a9175ca244966e51e53c88712c024fcebe41f9a05f75657f1bb25e489b?s=96&d=mm&r=g\",\"caption\":\"fondadmin\"},\"url\":\"https:\/\/www.fondazionepirelli.org\/it\/author\/fondadmin\/\"}]}<\/script>\n<!-- \/ Yoast SEO plugin. -->","yoast_head_json":{"title":"Come uscire dalle difficolt\u00e0 - Fondazione Pirelli","robots":{"index":"index","follow":"follow","max-snippet":"max-snippet:-1","max-image-preview":"max-image-preview:large","max-video-preview":"max-video-preview:-1"},"canonical":"https:\/\/www.fondazionepirelli.org\/it\/cultura-dimpresa\/come-uscire-dalle-difficolta\/","og_locale":"it_IT","og_type":"article","og_title":"Come uscire dalle difficolt\u00e0 - Fondazione Pirelli","og_description":"L\u2019ultimo libro di Ignazio Visco racconta il passato recente dell\u2019Italia e fornisce una prospettiva per il futuroAvere cognizione affidabile del cammino percorso e di quello che occorre ancora fare, \u00e8 cosa buona per tutti, anche per le imprese e per chi le governa. E anche pensando non solo ai cammini individuali ma pure a quelli [&hellip;]","og_url":"https:\/\/127.0.0.1\/it\/cultura-dimpresa\/come-uscire-dalle-difficolta\/","og_site_name":"Fondazione Pirelli","article_published_time":"2019-01-22T00:00:00+00:00","article_modified_time":"2019-05-27T13:10:40+00:00","og_image":[{"width":600,"height":949,"url":"https:\/\/wpsite-assets.fondazionepirelli.org\/wp-content\/uploads\/2019\/05\/20101128\/copertina-Visco-e1558962528430.jpg","type":"image\/jpeg"}],"author":"fondadmin","twitter_card":"summary_large_image","twitter_misc":{"Scritto da":"fondadmin","Tempo di lettura stimato":"3 minuti"},"schema":{"@context":"https:\/\/schema.org","@graph":[{"@type":"WebPage","@id":"https:\/\/127.0.0.1\/it\/cultura-dimpresa\/come-uscire-dalle-difficolta\/","url":"https:\/\/127.0.0.1\/it\/cultura-dimpresa\/come-uscire-dalle-difficolta\/","name":"Come uscire dalle difficolt\u00e0 - Fondazione Pirelli","isPartOf":{"@id":"https:\/\/www.fondazionepirelli.org\/it\/#website"},"primaryImageOfPage":{"@id":"https:\/\/127.0.0.1\/it\/cultura-dimpresa\/come-uscire-dalle-difficolta\/#primaryimage"},"image":{"@id":"https:\/\/127.0.0.1\/it\/cultura-dimpresa\/come-uscire-dalle-difficolta\/#primaryimage"},"thumbnailUrl":"https:\/\/wpsite-assets.fondazionepirelli.org\/wp-content\/uploads\/2019\/05\/20101128\/copertina-Visco-e1558962528430.jpg","datePublished":"2019-01-22T00:00:00+00:00","dateModified":"2019-05-27T13:10:40+00:00","author":{"@id":"https:\/\/www.fondazionepirelli.org\/it\/#\/schema\/person\/f47d097000832c4a6e54538c791fdf25"},"breadcrumb":{"@id":"https:\/\/127.0.0.1\/it\/cultura-dimpresa\/come-uscire-dalle-difficolta\/#breadcrumb"},"inLanguage":"it-IT","potentialAction":[{"@type":"ReadAction","target":["https:\/\/127.0.0.1\/it\/cultura-dimpresa\/come-uscire-dalle-difficolta\/"]}]},{"@type":"ImageObject","inLanguage":"it-IT","@id":"https:\/\/127.0.0.1\/it\/cultura-dimpresa\/come-uscire-dalle-difficolta\/#primaryimage","url":"https:\/\/wpsite-assets.fondazionepirelli.org\/wp-content\/uploads\/2019\/05\/20101128\/copertina-Visco-e1558962528430.jpg","contentUrl":"https:\/\/wpsite-assets.fondazionepirelli.org\/wp-content\/uploads\/2019\/05\/20101128\/copertina-Visco-e1558962528430.jpg","width":600,"height":949},{"@type":"BreadcrumbList","@id":"https:\/\/127.0.0.1\/it\/cultura-dimpresa\/come-uscire-dalle-difficolta\/#breadcrumb","itemListElement":[{"@type":"ListItem","position":1,"name":"Home","item":"https:\/\/www.fondazionepirelli.org\/it\/"},{"@type":"ListItem","position":2,"name":"Come uscire dalle difficolt\u00e0"}]},{"@type":"WebSite","@id":"https:\/\/www.fondazionepirelli.org\/it\/#website","url":"https:\/\/www.fondazionepirelli.org\/it\/","name":"Fondazione Pirelli","description":"","potentialAction":[{"@type":"SearchAction","target":{"@type":"EntryPoint","urlTemplate":"https:\/\/www.fondazionepirelli.org\/it\/?s={search_term_string}"},"query-input":{"@type":"PropertyValueSpecification","valueRequired":true,"valueName":"search_term_string"}}],"inLanguage":"it-IT"},{"@type":"Person","@id":"https:\/\/www.fondazionepirelli.org\/it\/#\/schema\/person\/f47d097000832c4a6e54538c791fdf25","name":"fondadmin","image":{"@type":"ImageObject","inLanguage":"it-IT","@id":"https:\/\/www.fondazionepirelli.org\/it\/#\/schema\/person\/image\/","url":"https:\/\/secure.gravatar.com\/avatar\/e69498a9175ca244966e51e53c88712c024fcebe41f9a05f75657f1bb25e489b?s=96&d=mm&r=g","contentUrl":"https:\/\/secure.gravatar.com\/avatar\/e69498a9175ca244966e51e53c88712c024fcebe41f9a05f75657f1bb25e489b?s=96&d=mm&r=g","caption":"fondadmin"},"url":"https:\/\/www.fondazionepirelli.org\/it\/author\/fondadmin\/"}]}},"_links":{"self":[{"href":"https:\/\/www.fondazionepirelli.org\/it\/wp-json\/wp\/v2\/posts\/53000\/"}],"collection":[{"href":"https:\/\/www.fondazionepirelli.org\/it\/wp-json\/wp\/v2\/posts\/"}],"about":[{"href":"https:\/\/www.fondazionepirelli.org\/it\/wp-json\/wp\/v2\/types\/post\/"}],"author":[{"embeddable":true,"href":"https:\/\/www.fondazionepirelli.org\/it\/wp-json\/wp\/v2\/users\/1\/"}],"replies":[{"embeddable":true,"href":"https:\/\/www.fondazionepirelli.org\/it\/wp-json\/wp\/v2\/comments\/?post=53000"}],"version-history":[{"count":4,"href":"https:\/\/www.fondazionepirelli.org\/it\/wp-json\/wp\/v2\/posts\/53000\/revisions\/"}],"predecessor-version":[{"id":56202,"href":"https:\/\/www.fondazionepirelli.org\/it\/wp-json\/wp\/v2\/posts\/53000\/revisions\/56202\/"}],"wp:featuredmedia":[{"embeddable":true,"href":"https:\/\/www.fondazionepirelli.org\/it\/wp-json\/wp\/v2\/media\/53001\/"}],"wp:attachment":[{"href":"https:\/\/www.fondazionepirelli.org\/it\/wp-json\/wp\/v2\/media\/?parent=53000"}],"wp:term":[{"taxonomy":"category","embeddable":true,"href":"https:\/\/www.fondazionepirelli.org\/it\/wp-json\/wp\/v2\/categories\/?post=53000"},{"taxonomy":"post_tag","embeddable":true,"href":"https:\/\/www.fondazionepirelli.org\/it\/wp-json\/wp\/v2\/tags\/?post=53000"}],"curies":[{"name":"wp","href":"https:\/\/api.w.org\/{rel}","templated":true}]}}