{"id":57305,"date":"2015-02-09T00:00:00","date_gmt":"2015-02-09T00:00:00","guid":{"rendered":"http:\/\/www.fondazionepirelli.org\/lenergia-dellexpo-e-labitudine-italiana-a-produrre-allombra-dei-campanili-cose-belle-che-piacciono-al-mondo\/"},"modified":"2019-10-31T15:39:50","modified_gmt":"2019-10-31T13:39:50","slug":"lenergia-dellexpo-e-labitudine-italiana-a-produrre-allombra-dei-campanili-cose-belle-che-piacciono-al-mondo","status":"publish","type":"post","link":"https:\/\/www.fondazionepirelli.org\/it\/cultura-dimpresa\/lenergia-dellexpo-e-labitudine-italiana-a-produrre-allombra-dei-campanili-cose-belle-che-piacciono-al-mondo\/","title":{"rendered":"L\u2019energia dell\u2019Expo e l\u2019abitudine italiana \u201ca produrre all\u2019ombra dei campanili cose belle che piacciono al mondo\u201d"},"content":{"rendered":"<p>\u201c<strong>Energie per la vita<\/strong>\u201d, dice il programma di <strong>Expo 2015<\/strong> approfondendo l\u2019idea di \u201c<strong>nutrire il pianeta<\/strong>\u201d. Energie nel senso pi\u00f9 ampio del termine. Compresa quella creativit\u00e0 che traduce in prodotti e servizi le idee legate al senso di comunit\u00e0, alla partecipazione, alla sostenibilit\u00e0 ambientale e sociale, alla responsabilit\u00e0 civile (ricordandone l\u2019etimologia: civis, cittadino), alla qualit\u00e0 della vita per il maggior numero di persone. Il 2015 sar\u00e0 \u201cun anno felix\u201d, nel doppio senso di felice ma anche di \u201cfertile\u201d, ha detto il premier <strong>Matteo Renzi<\/strong> concludendo, sabato pomeriggio, all\u2019HangarBicocca di Pirelli, la giornata dedicata alle \u201cIdee per Expo\u201d e alla \u201c<strong>Carta di Milano<\/strong>\u201d, elaborata con il contributo attivo di 500 esperti riuniti in 42 \u201ctavoli tematici\u201d. Fertile di buone intenzioni, di ipotesi di \u201cbuona economia\u201d, ma anche di progetti concreti e iniziative che leghino politica, economia, corrette pratiche sociali. \u201cLa sostenibilit\u00e0 \u00e8 il capitalismo che incorpora il concetto del limite\u201d, sostiene il sociologo Aldo Bonomi, coordinatore d\u2019uno dei \u201ctavoli\u201d, su industria e qualit\u00e0 dello sviluppo.<\/p>\n<p>L\u2019Italia, sulla strada dell\u2019 &#8220;anno felix&#8221;, pu\u00f2 dare un ottimo contributo, innervando l\u2019ospitalit\u00e0 dell\u2019Expo, in una Milano accogliente e vitale (la tradizione di \u201ccitt\u00e0 aperta\u201d si rinnova\u2026) con la \u201c<strong>fertilit\u00e0<\/strong>\u201d di un ricco bagaglio di idee appunto sullo \u201csviluppo sostenibile\u201d. Portando a esempio le \u201c<strong>best practice<\/strong>\u201d della sua industria, per esempio. \u201cL\u2019Italia \u00e8 leader in Europa per eco-efficienza del suo sistema produttivo\u201d, ha ricordato a uno dei tavoli del dibattito Ermete Realacci, presidente di Symbola e della Commissione Ambiente della Camera: abbattimento delle emissioni nocive, energie rinnovabili, altissimo livello di riciclo dei rifiuti. E\u2019 la forza della \u201cgreen economy\u201d diventata uno degli asset principali della competitivit\u00e0 italiana. Buona cultura d\u2019impresa sostenibile, appunto.<\/p>\n<p>C\u2019\u00e8 la \u201c<strong>green economy<\/strong>\u201d, infatti, tra \u201cle dieci eccellenze per rilanciare l\u2019Italia\u201d, il dossier preparato da Symbola \u201cL\u2019Italia in 10 selfie\u201d, sulle strade per sfruttare bene l\u2019avvio ancora incerto della ripresa economica e costruire robuste ipotesi non solo di crescita economica ma di sviluppo pi\u00f9 in generale: cultura, turismo, industria meccanica e agro-alimentare, agricoltura biologica e \u201cgreen\u201d. \u201cL\u2019Italia \u00e8 quinta al mondo per surplus commerciale manifatturiero, con 113 miliardi di dollari nel 2012, che sono diventati pi\u00f9 di 130 nel 2014\u201d, sostiene Realacci, parlando di 935 prodotti, sui 5.100 su cui \u00e8 analizzato il commercio mondiale, in cui l\u2019Italia occupa una delle prime tre posizioni. Orgoglio industriale del bello e ben fatto, appunto. Grazie anche a fertili incroci: l\u2019industria del cibo (da primato internazionale) ma anche quella delle macchine agricole, delle macchine per produrre la pasta, delle macchine per l\u2019inscatolamento e l\u2019imbottigliamento. Macchine per fare macchine. L\u2019Italia meccanica si lega virtuosamente con l\u2019Italia alimentare. L\u2019industria \u00e8 un\u2019<strong>eccellenza italiana<\/strong> sulla platea del mondo. E l\u2019Expo ne offrir\u00e0 straordinarie testimonianze.<\/p>\n<p>E\u2019 un\u2019attitudine antica, che si rinnova, legando il radicamento nei territori densi di cultura e capacit\u00e0 manifatturiere alle propensioni internazionali. Tornano in mente le parole di <strong>Carlo M. Cipolla<\/strong> sull\u2019Italia \u201cabituata fin dal Medio Evo a produrre, all\u2019ombra dei campanili, cose belle che piacciono al mondo\u201d. Un lungimirante viatico.<\/p>\n","protected":false},"excerpt":{"rendered":"<p>\u201cEnergie per la vita\u201d, dice il programma di Expo 2015 approfondendo l\u2019idea di \u201cnutrire il pianeta\u201d. Energie nel senso pi\u00f9 ampio del termine. Compresa quella creativit\u00e0 che traduce in prodotti e servizi le idee legate al senso di comunit\u00e0, alla partecipazione, alla sostenibilit\u00e0 ambientale e sociale, alla responsabilit\u00e0 civile (ricordandone l\u2019etimologia: civis, cittadino), alla qualit\u00e0 [&hellip;]<\/p>\n","protected":false},"author":1,"featured_media":57306,"comment_status":"open","ping_status":"open","sticky":false,"template":"","format":"standard","meta":{"footnotes":""},"categories":[53,52],"tags":[],"class_list":["post-57305","post","type-post","status-publish","format-standard","has-post-thumbnail","hentry","category-blog","category-cultura-dimpresa"],"acf":[],"yoast_head":"<!-- This site is optimized with the Yoast SEO plugin v25.0 - https:\/\/yoast.com\/wordpress\/plugins\/seo\/ -->\n<title>L\u2019energia dell\u2019Expo e l\u2019abitudine italiana \u201ca produrre all\u2019ombra dei campanili cose belle che piacciono al mondo\u201d - Fondazione Pirelli<\/title>\n<meta name=\"robots\" content=\"index, follow, max-snippet:-1, max-image-preview:large, max-video-preview:-1\" \/>\n<link rel=\"canonical\" href=\"https:\/\/www.fondazionepirelli.org\/it\/cultura-dimpresa\/lenergia-dellexpo-e-labitudine-italiana-a-produrre-allombra-dei-campanili-cose-belle-che-piacciono-al-mondo\/\" \/>\n<meta property=\"og:locale\" content=\"it_IT\" \/>\n<meta property=\"og:type\" content=\"article\" \/>\n<meta property=\"og:title\" content=\"L\u2019energia dell\u2019Expo e l\u2019abitudine italiana \u201ca produrre all\u2019ombra dei campanili cose belle che piacciono al mondo\u201d - Fondazione Pirelli\" \/>\n<meta property=\"og:description\" content=\"\u201cEnergie per la vita\u201d, dice il programma di Expo 2015 approfondendo l\u2019idea di \u201cnutrire il pianeta\u201d. Energie nel senso pi\u00f9 ampio del termine. Compresa quella creativit\u00e0 che traduce in prodotti e servizi le idee legate al senso di comunit\u00e0, alla partecipazione, alla sostenibilit\u00e0 ambientale e sociale, alla responsabilit\u00e0 civile (ricordandone l\u2019etimologia: civis, cittadino), alla qualit\u00e0 [&hellip;]\" \/>\n<meta property=\"og:url\" content=\"https:\/\/www.fondazionepirelli.org\/it\/cultura-dimpresa\/lenergia-dellexpo-e-labitudine-italiana-a-produrre-allombra-dei-campanili-cose-belle-che-piacciono-al-mondo\/\" \/>\n<meta property=\"og:site_name\" content=\"Fondazione Pirelli\" \/>\n<meta property=\"article:published_time\" content=\"2015-02-09T00:00:00+00:00\" \/>\n<meta property=\"article:modified_time\" content=\"2019-10-31T13:39:50+00:00\" \/>\n<meta property=\"og:image\" content=\"https:\/\/wpsite-assets.fondazionepirelli.org\/wp-content\/uploads\/2019\/06\/03231943\/1423555642448780193.jpg\" \/>\n\t<meta property=\"og:image:width\" content=\"249\" \/>\n\t<meta property=\"og:image:height\" content=\"375\" \/>\n\t<meta property=\"og:image:type\" content=\"image\/jpeg\" \/>\n<meta name=\"author\" content=\"fondadmin\" \/>\n<meta name=\"twitter:card\" content=\"summary_large_image\" \/>\n<meta name=\"twitter:label1\" content=\"Scritto da\" \/>\n\t<meta name=\"twitter:data1\" content=\"fondadmin\" \/>\n\t<meta name=\"twitter:label2\" content=\"Tempo di lettura stimato\" \/>\n\t<meta name=\"twitter:data2\" content=\"3 minuti\" \/>\n<script type=\"application\/ld+json\" class=\"yoast-schema-graph\">{\"@context\":\"https:\/\/schema.org\",\"@graph\":[{\"@type\":\"WebPage\",\"@id\":\"https:\/\/www.fondazionepirelli.org\/it\/cultura-dimpresa\/lenergia-dellexpo-e-labitudine-italiana-a-produrre-allombra-dei-campanili-cose-belle-che-piacciono-al-mondo\/\",\"url\":\"https:\/\/www.fondazionepirelli.org\/it\/cultura-dimpresa\/lenergia-dellexpo-e-labitudine-italiana-a-produrre-allombra-dei-campanili-cose-belle-che-piacciono-al-mondo\/\",\"name\":\"L\u2019energia dell\u2019Expo e l\u2019abitudine italiana \u201ca produrre all\u2019ombra dei campanili cose belle che piacciono al mondo\u201d - Fondazione Pirelli\",\"isPartOf\":{\"@id\":\"https:\/\/www.fondazionepirelli.org\/it\/#website\"},\"primaryImageOfPage\":{\"@id\":\"https:\/\/www.fondazionepirelli.org\/it\/cultura-dimpresa\/lenergia-dellexpo-e-labitudine-italiana-a-produrre-allombra-dei-campanili-cose-belle-che-piacciono-al-mondo\/#primaryimage\"},\"image\":{\"@id\":\"https:\/\/www.fondazionepirelli.org\/it\/cultura-dimpresa\/lenergia-dellexpo-e-labitudine-italiana-a-produrre-allombra-dei-campanili-cose-belle-che-piacciono-al-mondo\/#primaryimage\"},\"thumbnailUrl\":\"https:\/\/wpsite-assets.fondazionepirelli.org\/wp-content\/uploads\/2019\/06\/03231943\/1423555642448780193.jpg\",\"datePublished\":\"2015-02-09T00:00:00+00:00\",\"dateModified\":\"2019-10-31T13:39:50+00:00\",\"author\":{\"@id\":\"https:\/\/www.fondazionepirelli.org\/it\/#\/schema\/person\/f47d097000832c4a6e54538c791fdf25\"},\"breadcrumb\":{\"@id\":\"https:\/\/www.fondazionepirelli.org\/it\/cultura-dimpresa\/lenergia-dellexpo-e-labitudine-italiana-a-produrre-allombra-dei-campanili-cose-belle-che-piacciono-al-mondo\/#breadcrumb\"},\"inLanguage\":\"it-IT\",\"potentialAction\":[{\"@type\":\"ReadAction\",\"target\":[\"https:\/\/www.fondazionepirelli.org\/it\/cultura-dimpresa\/lenergia-dellexpo-e-labitudine-italiana-a-produrre-allombra-dei-campanili-cose-belle-che-piacciono-al-mondo\/\"]}]},{\"@type\":\"ImageObject\",\"inLanguage\":\"it-IT\",\"@id\":\"https:\/\/www.fondazionepirelli.org\/it\/cultura-dimpresa\/lenergia-dellexpo-e-labitudine-italiana-a-produrre-allombra-dei-campanili-cose-belle-che-piacciono-al-mondo\/#primaryimage\",\"url\":\"https:\/\/wpsite-assets.fondazionepirelli.org\/wp-content\/uploads\/2019\/06\/03231943\/1423555642448780193.jpg\",\"contentUrl\":\"https:\/\/wpsite-assets.fondazionepirelli.org\/wp-content\/uploads\/2019\/06\/03231943\/1423555642448780193.jpg\",\"width\":249,\"height\":375},{\"@type\":\"BreadcrumbList\",\"@id\":\"https:\/\/www.fondazionepirelli.org\/it\/cultura-dimpresa\/lenergia-dellexpo-e-labitudine-italiana-a-produrre-allombra-dei-campanili-cose-belle-che-piacciono-al-mondo\/#breadcrumb\",\"itemListElement\":[{\"@type\":\"ListItem\",\"position\":1,\"name\":\"Home\",\"item\":\"https:\/\/www.fondazionepirelli.org\/it\/\"},{\"@type\":\"ListItem\",\"position\":2,\"name\":\"L\u2019energia dell\u2019Expo e l\u2019abitudine italiana \u201ca produrre all\u2019ombra dei campanili cose belle che piacciono al mondo\u201d\"}]},{\"@type\":\"WebSite\",\"@id\":\"https:\/\/www.fondazionepirelli.org\/it\/#website\",\"url\":\"https:\/\/www.fondazionepirelli.org\/it\/\",\"name\":\"Fondazione Pirelli\",\"description\":\"\",\"potentialAction\":[{\"@type\":\"SearchAction\",\"target\":{\"@type\":\"EntryPoint\",\"urlTemplate\":\"https:\/\/www.fondazionepirelli.org\/it\/?s={search_term_string}\"},\"query-input\":{\"@type\":\"PropertyValueSpecification\",\"valueRequired\":true,\"valueName\":\"search_term_string\"}}],\"inLanguage\":\"it-IT\"},{\"@type\":\"Person\",\"@id\":\"https:\/\/www.fondazionepirelli.org\/it\/#\/schema\/person\/f47d097000832c4a6e54538c791fdf25\",\"name\":\"fondadmin\",\"image\":{\"@type\":\"ImageObject\",\"inLanguage\":\"it-IT\",\"@id\":\"https:\/\/www.fondazionepirelli.org\/it\/#\/schema\/person\/image\/\",\"url\":\"https:\/\/secure.gravatar.com\/avatar\/e69498a9175ca244966e51e53c88712c024fcebe41f9a05f75657f1bb25e489b?s=96&d=mm&r=g\",\"contentUrl\":\"https:\/\/secure.gravatar.com\/avatar\/e69498a9175ca244966e51e53c88712c024fcebe41f9a05f75657f1bb25e489b?s=96&d=mm&r=g\",\"caption\":\"fondadmin\"},\"url\":\"https:\/\/www.fondazionepirelli.org\/it\/author\/fondadmin\/\"}]}<\/script>\n<!-- \/ Yoast SEO plugin. -->","yoast_head_json":{"title":"L\u2019energia dell\u2019Expo e l\u2019abitudine italiana \u201ca produrre all\u2019ombra dei campanili cose belle che piacciono al mondo\u201d - Fondazione Pirelli","robots":{"index":"index","follow":"follow","max-snippet":"max-snippet:-1","max-image-preview":"max-image-preview:large","max-video-preview":"max-video-preview:-1"},"canonical":"https:\/\/www.fondazionepirelli.org\/it\/cultura-dimpresa\/lenergia-dellexpo-e-labitudine-italiana-a-produrre-allombra-dei-campanili-cose-belle-che-piacciono-al-mondo\/","og_locale":"it_IT","og_type":"article","og_title":"L\u2019energia dell\u2019Expo e l\u2019abitudine italiana \u201ca produrre all\u2019ombra dei campanili cose belle che piacciono al mondo\u201d - Fondazione Pirelli","og_description":"\u201cEnergie per la vita\u201d, dice il programma di Expo 2015 approfondendo l\u2019idea di \u201cnutrire il pianeta\u201d. Energie nel senso pi\u00f9 ampio del termine. Compresa quella creativit\u00e0 che traduce in prodotti e servizi le idee legate al senso di comunit\u00e0, alla partecipazione, alla sostenibilit\u00e0 ambientale e sociale, alla responsabilit\u00e0 civile (ricordandone l\u2019etimologia: civis, cittadino), alla qualit\u00e0 [&hellip;]","og_url":"https:\/\/www.fondazionepirelli.org\/it\/cultura-dimpresa\/lenergia-dellexpo-e-labitudine-italiana-a-produrre-allombra-dei-campanili-cose-belle-che-piacciono-al-mondo\/","og_site_name":"Fondazione Pirelli","article_published_time":"2015-02-09T00:00:00+00:00","article_modified_time":"2019-10-31T13:39:50+00:00","og_image":[{"width":249,"height":375,"url":"https:\/\/wpsite-assets.fondazionepirelli.org\/wp-content\/uploads\/2019\/06\/03231943\/1423555642448780193.jpg","type":"image\/jpeg"}],"author":"fondadmin","twitter_card":"summary_large_image","twitter_misc":{"Scritto da":"fondadmin","Tempo di lettura stimato":"3 minuti"},"schema":{"@context":"https:\/\/schema.org","@graph":[{"@type":"WebPage","@id":"https:\/\/www.fondazionepirelli.org\/it\/cultura-dimpresa\/lenergia-dellexpo-e-labitudine-italiana-a-produrre-allombra-dei-campanili-cose-belle-che-piacciono-al-mondo\/","url":"https:\/\/www.fondazionepirelli.org\/it\/cultura-dimpresa\/lenergia-dellexpo-e-labitudine-italiana-a-produrre-allombra-dei-campanili-cose-belle-che-piacciono-al-mondo\/","name":"L\u2019energia dell\u2019Expo e l\u2019abitudine italiana \u201ca produrre all\u2019ombra dei campanili cose belle che piacciono al mondo\u201d - Fondazione Pirelli","isPartOf":{"@id":"https:\/\/www.fondazionepirelli.org\/it\/#website"},"primaryImageOfPage":{"@id":"https:\/\/www.fondazionepirelli.org\/it\/cultura-dimpresa\/lenergia-dellexpo-e-labitudine-italiana-a-produrre-allombra-dei-campanili-cose-belle-che-piacciono-al-mondo\/#primaryimage"},"image":{"@id":"https:\/\/www.fondazionepirelli.org\/it\/cultura-dimpresa\/lenergia-dellexpo-e-labitudine-italiana-a-produrre-allombra-dei-campanili-cose-belle-che-piacciono-al-mondo\/#primaryimage"},"thumbnailUrl":"https:\/\/wpsite-assets.fondazionepirelli.org\/wp-content\/uploads\/2019\/06\/03231943\/1423555642448780193.jpg","datePublished":"2015-02-09T00:00:00+00:00","dateModified":"2019-10-31T13:39:50+00:00","author":{"@id":"https:\/\/www.fondazionepirelli.org\/it\/#\/schema\/person\/f47d097000832c4a6e54538c791fdf25"},"breadcrumb":{"@id":"https:\/\/www.fondazionepirelli.org\/it\/cultura-dimpresa\/lenergia-dellexpo-e-labitudine-italiana-a-produrre-allombra-dei-campanili-cose-belle-che-piacciono-al-mondo\/#breadcrumb"},"inLanguage":"it-IT","potentialAction":[{"@type":"ReadAction","target":["https:\/\/www.fondazionepirelli.org\/it\/cultura-dimpresa\/lenergia-dellexpo-e-labitudine-italiana-a-produrre-allombra-dei-campanili-cose-belle-che-piacciono-al-mondo\/"]}]},{"@type":"ImageObject","inLanguage":"it-IT","@id":"https:\/\/www.fondazionepirelli.org\/it\/cultura-dimpresa\/lenergia-dellexpo-e-labitudine-italiana-a-produrre-allombra-dei-campanili-cose-belle-che-piacciono-al-mondo\/#primaryimage","url":"https:\/\/wpsite-assets.fondazionepirelli.org\/wp-content\/uploads\/2019\/06\/03231943\/1423555642448780193.jpg","contentUrl":"https:\/\/wpsite-assets.fondazionepirelli.org\/wp-content\/uploads\/2019\/06\/03231943\/1423555642448780193.jpg","width":249,"height":375},{"@type":"BreadcrumbList","@id":"https:\/\/www.fondazionepirelli.org\/it\/cultura-dimpresa\/lenergia-dellexpo-e-labitudine-italiana-a-produrre-allombra-dei-campanili-cose-belle-che-piacciono-al-mondo\/#breadcrumb","itemListElement":[{"@type":"ListItem","position":1,"name":"Home","item":"https:\/\/www.fondazionepirelli.org\/it\/"},{"@type":"ListItem","position":2,"name":"L\u2019energia dell\u2019Expo e l\u2019abitudine italiana \u201ca produrre all\u2019ombra dei campanili cose belle che piacciono al mondo\u201d"}]},{"@type":"WebSite","@id":"https:\/\/www.fondazionepirelli.org\/it\/#website","url":"https:\/\/www.fondazionepirelli.org\/it\/","name":"Fondazione Pirelli","description":"","potentialAction":[{"@type":"SearchAction","target":{"@type":"EntryPoint","urlTemplate":"https:\/\/www.fondazionepirelli.org\/it\/?s={search_term_string}"},"query-input":{"@type":"PropertyValueSpecification","valueRequired":true,"valueName":"search_term_string"}}],"inLanguage":"it-IT"},{"@type":"Person","@id":"https:\/\/www.fondazionepirelli.org\/it\/#\/schema\/person\/f47d097000832c4a6e54538c791fdf25","name":"fondadmin","image":{"@type":"ImageObject","inLanguage":"it-IT","@id":"https:\/\/www.fondazionepirelli.org\/it\/#\/schema\/person\/image\/","url":"https:\/\/secure.gravatar.com\/avatar\/e69498a9175ca244966e51e53c88712c024fcebe41f9a05f75657f1bb25e489b?s=96&d=mm&r=g","contentUrl":"https:\/\/secure.gravatar.com\/avatar\/e69498a9175ca244966e51e53c88712c024fcebe41f9a05f75657f1bb25e489b?s=96&d=mm&r=g","caption":"fondadmin"},"url":"https:\/\/www.fondazionepirelli.org\/it\/author\/fondadmin\/"}]}},"_links":{"self":[{"href":"https:\/\/www.fondazionepirelli.org\/it\/wp-json\/wp\/v2\/posts\/57305\/"}],"collection":[{"href":"https:\/\/www.fondazionepirelli.org\/it\/wp-json\/wp\/v2\/posts\/"}],"about":[{"href":"https:\/\/www.fondazionepirelli.org\/it\/wp-json\/wp\/v2\/types\/post\/"}],"author":[{"embeddable":true,"href":"https:\/\/www.fondazionepirelli.org\/it\/wp-json\/wp\/v2\/users\/1\/"}],"replies":[{"embeddable":true,"href":"https:\/\/www.fondazionepirelli.org\/it\/wp-json\/wp\/v2\/comments\/?post=57305"}],"version-history":[{"count":2,"href":"https:\/\/www.fondazionepirelli.org\/it\/wp-json\/wp\/v2\/posts\/57305\/revisions\/"}],"predecessor-version":[{"id":71241,"href":"https:\/\/www.fondazionepirelli.org\/it\/wp-json\/wp\/v2\/posts\/57305\/revisions\/71241\/"}],"wp:featuredmedia":[{"embeddable":true,"href":"https:\/\/www.fondazionepirelli.org\/it\/wp-json\/wp\/v2\/media\/57306\/"}],"wp:attachment":[{"href":"https:\/\/www.fondazionepirelli.org\/it\/wp-json\/wp\/v2\/media\/?parent=57305"}],"wp:term":[{"taxonomy":"category","embeddable":true,"href":"https:\/\/www.fondazionepirelli.org\/it\/wp-json\/wp\/v2\/categories\/?post=57305"},{"taxonomy":"post_tag","embeddable":true,"href":"https:\/\/www.fondazionepirelli.org\/it\/wp-json\/wp\/v2\/tags\/?post=57305"}],"curies":[{"name":"wp","href":"https:\/\/api.w.org\/{rel}","templated":true}]}}