{"id":57307,"date":"2015-02-16T00:00:00","date_gmt":"2015-02-16T00:00:00","guid":{"rendered":"http:\/\/www.fondazionepirelli.org\/torna-la-voglia-di-fare-impresa-ecco-le-start-up-dei-giovani-intraprendenti\/"},"modified":"2019-10-31T11:05:01","modified_gmt":"2019-10-31T09:05:01","slug":"torna-la-voglia-di-fare-impresa-ecco-le-start-up-dei-giovani-intraprendenti","status":"publish","type":"post","link":"https:\/\/www.fondazionepirelli.org\/it\/cultura-dimpresa\/torna-la-voglia-di-fare-impresa-ecco-le-start-up-dei-giovani-intraprendenti\/","title":{"rendered":"Torna la voglia di fare impresa: ecco le start up dei giovani intraprendenti"},"content":{"rendered":"<p>E\u2019 una stagione di passaggio, quella che stiamo vivendo: tra la coda lunga della crisi, con gli effetti negativi su lavoro, redditi e consumi, e i segnali, pur timidi, di ripresa. Stagione di selezioni: la crisi, rispettando la sua etimologia, sceglie e separa. E stagione di opportunit\u00e0: chi ha retto, crescer\u00e0 pi\u00f9 forte. Di sicuro si sa che \u201c<strong>rispunta la voglia di fare impresa<\/strong>\u201d, per dirla con il titolo che <strong>Il Sole 24Ore<\/strong> (4 febbraio) dedica alle rilevazioni di <strong>Unioncamere<\/strong> sull\u2019andamento delle imprese, registrando le differenze tra aperture e chiusure. Il saldo, infatti, \u00e8 positivo, per 30.718 unit\u00e0 (370.979 le nuove iscrizioni, 340.261 le cessazioni). Un\u2019impennata, dopo le 12mila del 2013. \u201cI segnali che vengono dall\u2019economia reale indicano che, a differenza delle tante false partenze registrate negli ani scorsi, stavolta forse siamo davanti a una reale opportunit\u00e0 di invertire la rotta\u201d, commenta Ferruccio Dardanello, presidente di Unioncamere.<\/p>\n<p><strong>Pi\u00f9 imprese<\/strong>. E pi\u00f9 solide, visto che aumentano le societ\u00e0 di capitali (il saldo attivo \u00e8 di 47.500 imprese) e diminuiscono le societ\u00e0 di persone e le imprese individuali. Un buon segno di maturit\u00e0 imprenditoriale, un maggior legame con una pi\u00f9 sofisticata cultura d\u2019impresa di mercato. Le societ\u00e0 di capitali, infatti, possono attrarre pi\u00f9 facilmente nuovi investitori finanziari e rivelano una propensione all\u2019intraprendere fuori dai vecchi costumi d\u2019un capitalismo molto individualista e, quando familiare, con venature di familismo (la famiglia che si chiude nei riti e dei miti della propriet\u00e0 assoluta&#8230;).<\/p>\n<p>Imprese di giovani intraprendenti, in gran parte. O di tecnici, manager e professionisti che, espulsi o usciti dalla dimensione del lavoro dipendente o della consulenza strutturata in grandi societ\u00e0, sperimentano (con tutti i rischi connessi) le possibilit\u00e0 del fare gli imprenditori. Societ\u00e0 in movimento, comunque. Un buon segno. Cui fa eco anche l\u2019Espresso, con una inchiesta sul mondo delle start up italiane. \u201cChi riaccende l\u2019Italia\u201d, \u00e8 il titolo: \u201cCentinaia di start up che mescolano creativit\u00e0 e tecnologia. Nate in tutto il paese, da Nord a Sud. Grazie a ragazze e ragazzi che hanno deciso di non andare all\u2019estero. E gi\u00e0 danno lavoro a tantissimi coetanei. Una sfida per loro, una speranza per tutti\u201d. Anche questo \u00e8 un buon segnale sulla strada che porta alla ripresa.<\/p>\n","protected":false},"excerpt":{"rendered":"<p>E\u2019 una stagione di passaggio, quella che stiamo vivendo: tra la coda lunga della crisi, con gli effetti negativi su lavoro, redditi e consumi, e i segnali, pur timidi, di ripresa. Stagione di selezioni: la crisi, rispettando la sua etimologia, sceglie e separa. E stagione di opportunit\u00e0: chi ha retto, crescer\u00e0 pi\u00f9 forte. Di sicuro [&hellip;]<\/p>\n","protected":false},"author":1,"featured_media":57308,"comment_status":"open","ping_status":"open","sticky":false,"template":"","format":"standard","meta":{"footnotes":""},"categories":[53,52],"tags":[],"class_list":["post-57307","post","type-post","status-publish","format-standard","has-post-thumbnail","hentry","category-blog","category-cultura-dimpresa"],"acf":[],"yoast_head":"<!-- This site is optimized with the Yoast SEO plugin v25.0 - https:\/\/yoast.com\/wordpress\/plugins\/seo\/ -->\n<title>Torna la voglia di fare impresa: ecco le start up dei giovani intraprendenti - Fondazione Pirelli<\/title>\n<meta name=\"robots\" content=\"index, follow, max-snippet:-1, max-image-preview:large, max-video-preview:-1\" \/>\n<link rel=\"canonical\" href=\"https:\/\/www.fondazionepirelli.org\/it\/cultura-dimpresa\/torna-la-voglia-di-fare-impresa-ecco-le-start-up-dei-giovani-intraprendenti\/\" \/>\n<meta property=\"og:locale\" content=\"it_IT\" \/>\n<meta property=\"og:type\" content=\"article\" \/>\n<meta property=\"og:title\" content=\"Torna la voglia di fare impresa: ecco le start up dei giovani intraprendenti - Fondazione Pirelli\" \/>\n<meta property=\"og:description\" content=\"E\u2019 una stagione di passaggio, quella che stiamo vivendo: tra la coda lunga della crisi, con gli effetti negativi su lavoro, redditi e consumi, e i segnali, pur timidi, di ripresa. Stagione di selezioni: la crisi, rispettando la sua etimologia, sceglie e separa. E stagione di opportunit\u00e0: chi ha retto, crescer\u00e0 pi\u00f9 forte. Di sicuro [&hellip;]\" \/>\n<meta property=\"og:url\" content=\"https:\/\/www.fondazionepirelli.org\/it\/cultura-dimpresa\/torna-la-voglia-di-fare-impresa-ecco-le-start-up-dei-giovani-intraprendenti\/\" \/>\n<meta property=\"og:site_name\" content=\"Fondazione Pirelli\" \/>\n<meta property=\"article:published_time\" content=\"2015-02-16T00:00:00+00:00\" \/>\n<meta property=\"article:modified_time\" content=\"2019-10-31T09:05:01+00:00\" \/>\n<meta property=\"og:image\" content=\"https:\/\/wpsite-assets.fondazionepirelli.org\/wp-content\/uploads\/2019\/06\/03231944\/14241652671876990979.jpg\" \/>\n\t<meta property=\"og:image:width\" content=\"249\" \/>\n\t<meta property=\"og:image:height\" content=\"375\" \/>\n\t<meta property=\"og:image:type\" content=\"image\/jpeg\" \/>\n<meta name=\"author\" content=\"fondadmin\" \/>\n<meta name=\"twitter:card\" content=\"summary_large_image\" \/>\n<meta name=\"twitter:label1\" content=\"Scritto da\" \/>\n\t<meta name=\"twitter:data1\" content=\"fondadmin\" \/>\n\t<meta name=\"twitter:label2\" content=\"Tempo di lettura stimato\" \/>\n\t<meta name=\"twitter:data2\" content=\"2 minuti\" \/>\n<script type=\"application\/ld+json\" class=\"yoast-schema-graph\">{\"@context\":\"https:\/\/schema.org\",\"@graph\":[{\"@type\":\"WebPage\",\"@id\":\"https:\/\/www.fondazionepirelli.org\/it\/cultura-dimpresa\/torna-la-voglia-di-fare-impresa-ecco-le-start-up-dei-giovani-intraprendenti\/\",\"url\":\"https:\/\/www.fondazionepirelli.org\/it\/cultura-dimpresa\/torna-la-voglia-di-fare-impresa-ecco-le-start-up-dei-giovani-intraprendenti\/\",\"name\":\"Torna la voglia di fare impresa: ecco le start up dei giovani intraprendenti - Fondazione Pirelli\",\"isPartOf\":{\"@id\":\"https:\/\/www.fondazionepirelli.org\/it\/#website\"},\"primaryImageOfPage\":{\"@id\":\"https:\/\/www.fondazionepirelli.org\/it\/cultura-dimpresa\/torna-la-voglia-di-fare-impresa-ecco-le-start-up-dei-giovani-intraprendenti\/#primaryimage\"},\"image\":{\"@id\":\"https:\/\/www.fondazionepirelli.org\/it\/cultura-dimpresa\/torna-la-voglia-di-fare-impresa-ecco-le-start-up-dei-giovani-intraprendenti\/#primaryimage\"},\"thumbnailUrl\":\"https:\/\/wpsite-assets.fondazionepirelli.org\/wp-content\/uploads\/2019\/06\/03231944\/14241652671876990979.jpg\",\"datePublished\":\"2015-02-16T00:00:00+00:00\",\"dateModified\":\"2019-10-31T09:05:01+00:00\",\"author\":{\"@id\":\"https:\/\/www.fondazionepirelli.org\/it\/#\/schema\/person\/f47d097000832c4a6e54538c791fdf25\"},\"breadcrumb\":{\"@id\":\"https:\/\/www.fondazionepirelli.org\/it\/cultura-dimpresa\/torna-la-voglia-di-fare-impresa-ecco-le-start-up-dei-giovani-intraprendenti\/#breadcrumb\"},\"inLanguage\":\"it-IT\",\"potentialAction\":[{\"@type\":\"ReadAction\",\"target\":[\"https:\/\/www.fondazionepirelli.org\/it\/cultura-dimpresa\/torna-la-voglia-di-fare-impresa-ecco-le-start-up-dei-giovani-intraprendenti\/\"]}]},{\"@type\":\"ImageObject\",\"inLanguage\":\"it-IT\",\"@id\":\"https:\/\/www.fondazionepirelli.org\/it\/cultura-dimpresa\/torna-la-voglia-di-fare-impresa-ecco-le-start-up-dei-giovani-intraprendenti\/#primaryimage\",\"url\":\"https:\/\/wpsite-assets.fondazionepirelli.org\/wp-content\/uploads\/2019\/06\/03231944\/14241652671876990979.jpg\",\"contentUrl\":\"https:\/\/wpsite-assets.fondazionepirelli.org\/wp-content\/uploads\/2019\/06\/03231944\/14241652671876990979.jpg\",\"width\":249,\"height\":375},{\"@type\":\"BreadcrumbList\",\"@id\":\"https:\/\/www.fondazionepirelli.org\/it\/cultura-dimpresa\/torna-la-voglia-di-fare-impresa-ecco-le-start-up-dei-giovani-intraprendenti\/#breadcrumb\",\"itemListElement\":[{\"@type\":\"ListItem\",\"position\":1,\"name\":\"Home\",\"item\":\"https:\/\/www.fondazionepirelli.org\/it\/\"},{\"@type\":\"ListItem\",\"position\":2,\"name\":\"Torna la voglia di fare impresa: ecco le start up dei giovani intraprendenti\"}]},{\"@type\":\"WebSite\",\"@id\":\"https:\/\/www.fondazionepirelli.org\/it\/#website\",\"url\":\"https:\/\/www.fondazionepirelli.org\/it\/\",\"name\":\"Fondazione Pirelli\",\"description\":\"\",\"potentialAction\":[{\"@type\":\"SearchAction\",\"target\":{\"@type\":\"EntryPoint\",\"urlTemplate\":\"https:\/\/www.fondazionepirelli.org\/it\/?s={search_term_string}\"},\"query-input\":{\"@type\":\"PropertyValueSpecification\",\"valueRequired\":true,\"valueName\":\"search_term_string\"}}],\"inLanguage\":\"it-IT\"},{\"@type\":\"Person\",\"@id\":\"https:\/\/www.fondazionepirelli.org\/it\/#\/schema\/person\/f47d097000832c4a6e54538c791fdf25\",\"name\":\"fondadmin\",\"image\":{\"@type\":\"ImageObject\",\"inLanguage\":\"it-IT\",\"@id\":\"https:\/\/www.fondazionepirelli.org\/it\/#\/schema\/person\/image\/\",\"url\":\"https:\/\/secure.gravatar.com\/avatar\/e69498a9175ca244966e51e53c88712c024fcebe41f9a05f75657f1bb25e489b?s=96&d=mm&r=g\",\"contentUrl\":\"https:\/\/secure.gravatar.com\/avatar\/e69498a9175ca244966e51e53c88712c024fcebe41f9a05f75657f1bb25e489b?s=96&d=mm&r=g\",\"caption\":\"fondadmin\"},\"url\":\"https:\/\/www.fondazionepirelli.org\/it\/author\/fondadmin\/\"}]}<\/script>\n<!-- \/ Yoast SEO plugin. -->","yoast_head_json":{"title":"Torna la voglia di fare impresa: ecco le start up dei giovani intraprendenti - Fondazione Pirelli","robots":{"index":"index","follow":"follow","max-snippet":"max-snippet:-1","max-image-preview":"max-image-preview:large","max-video-preview":"max-video-preview:-1"},"canonical":"https:\/\/www.fondazionepirelli.org\/it\/cultura-dimpresa\/torna-la-voglia-di-fare-impresa-ecco-le-start-up-dei-giovani-intraprendenti\/","og_locale":"it_IT","og_type":"article","og_title":"Torna la voglia di fare impresa: ecco le start up dei giovani intraprendenti - Fondazione Pirelli","og_description":"E\u2019 una stagione di passaggio, quella che stiamo vivendo: tra la coda lunga della crisi, con gli effetti negativi su lavoro, redditi e consumi, e i segnali, pur timidi, di ripresa. Stagione di selezioni: la crisi, rispettando la sua etimologia, sceglie e separa. E stagione di opportunit\u00e0: chi ha retto, crescer\u00e0 pi\u00f9 forte. Di sicuro [&hellip;]","og_url":"https:\/\/www.fondazionepirelli.org\/it\/cultura-dimpresa\/torna-la-voglia-di-fare-impresa-ecco-le-start-up-dei-giovani-intraprendenti\/","og_site_name":"Fondazione Pirelli","article_published_time":"2015-02-16T00:00:00+00:00","article_modified_time":"2019-10-31T09:05:01+00:00","og_image":[{"width":249,"height":375,"url":"https:\/\/wpsite-assets.fondazionepirelli.org\/wp-content\/uploads\/2019\/06\/03231944\/14241652671876990979.jpg","type":"image\/jpeg"}],"author":"fondadmin","twitter_card":"summary_large_image","twitter_misc":{"Scritto da":"fondadmin","Tempo di lettura stimato":"2 minuti"},"schema":{"@context":"https:\/\/schema.org","@graph":[{"@type":"WebPage","@id":"https:\/\/www.fondazionepirelli.org\/it\/cultura-dimpresa\/torna-la-voglia-di-fare-impresa-ecco-le-start-up-dei-giovani-intraprendenti\/","url":"https:\/\/www.fondazionepirelli.org\/it\/cultura-dimpresa\/torna-la-voglia-di-fare-impresa-ecco-le-start-up-dei-giovani-intraprendenti\/","name":"Torna la voglia di fare impresa: ecco le start up dei giovani intraprendenti - Fondazione Pirelli","isPartOf":{"@id":"https:\/\/www.fondazionepirelli.org\/it\/#website"},"primaryImageOfPage":{"@id":"https:\/\/www.fondazionepirelli.org\/it\/cultura-dimpresa\/torna-la-voglia-di-fare-impresa-ecco-le-start-up-dei-giovani-intraprendenti\/#primaryimage"},"image":{"@id":"https:\/\/www.fondazionepirelli.org\/it\/cultura-dimpresa\/torna-la-voglia-di-fare-impresa-ecco-le-start-up-dei-giovani-intraprendenti\/#primaryimage"},"thumbnailUrl":"https:\/\/wpsite-assets.fondazionepirelli.org\/wp-content\/uploads\/2019\/06\/03231944\/14241652671876990979.jpg","datePublished":"2015-02-16T00:00:00+00:00","dateModified":"2019-10-31T09:05:01+00:00","author":{"@id":"https:\/\/www.fondazionepirelli.org\/it\/#\/schema\/person\/f47d097000832c4a6e54538c791fdf25"},"breadcrumb":{"@id":"https:\/\/www.fondazionepirelli.org\/it\/cultura-dimpresa\/torna-la-voglia-di-fare-impresa-ecco-le-start-up-dei-giovani-intraprendenti\/#breadcrumb"},"inLanguage":"it-IT","potentialAction":[{"@type":"ReadAction","target":["https:\/\/www.fondazionepirelli.org\/it\/cultura-dimpresa\/torna-la-voglia-di-fare-impresa-ecco-le-start-up-dei-giovani-intraprendenti\/"]}]},{"@type":"ImageObject","inLanguage":"it-IT","@id":"https:\/\/www.fondazionepirelli.org\/it\/cultura-dimpresa\/torna-la-voglia-di-fare-impresa-ecco-le-start-up-dei-giovani-intraprendenti\/#primaryimage","url":"https:\/\/wpsite-assets.fondazionepirelli.org\/wp-content\/uploads\/2019\/06\/03231944\/14241652671876990979.jpg","contentUrl":"https:\/\/wpsite-assets.fondazionepirelli.org\/wp-content\/uploads\/2019\/06\/03231944\/14241652671876990979.jpg","width":249,"height":375},{"@type":"BreadcrumbList","@id":"https:\/\/www.fondazionepirelli.org\/it\/cultura-dimpresa\/torna-la-voglia-di-fare-impresa-ecco-le-start-up-dei-giovani-intraprendenti\/#breadcrumb","itemListElement":[{"@type":"ListItem","position":1,"name":"Home","item":"https:\/\/www.fondazionepirelli.org\/it\/"},{"@type":"ListItem","position":2,"name":"Torna la voglia di fare impresa: ecco le start up dei giovani intraprendenti"}]},{"@type":"WebSite","@id":"https:\/\/www.fondazionepirelli.org\/it\/#website","url":"https:\/\/www.fondazionepirelli.org\/it\/","name":"Fondazione Pirelli","description":"","potentialAction":[{"@type":"SearchAction","target":{"@type":"EntryPoint","urlTemplate":"https:\/\/www.fondazionepirelli.org\/it\/?s={search_term_string}"},"query-input":{"@type":"PropertyValueSpecification","valueRequired":true,"valueName":"search_term_string"}}],"inLanguage":"it-IT"},{"@type":"Person","@id":"https:\/\/www.fondazionepirelli.org\/it\/#\/schema\/person\/f47d097000832c4a6e54538c791fdf25","name":"fondadmin","image":{"@type":"ImageObject","inLanguage":"it-IT","@id":"https:\/\/www.fondazionepirelli.org\/it\/#\/schema\/person\/image\/","url":"https:\/\/secure.gravatar.com\/avatar\/e69498a9175ca244966e51e53c88712c024fcebe41f9a05f75657f1bb25e489b?s=96&d=mm&r=g","contentUrl":"https:\/\/secure.gravatar.com\/avatar\/e69498a9175ca244966e51e53c88712c024fcebe41f9a05f75657f1bb25e489b?s=96&d=mm&r=g","caption":"fondadmin"},"url":"https:\/\/www.fondazionepirelli.org\/it\/author\/fondadmin\/"}]}},"_links":{"self":[{"href":"https:\/\/www.fondazionepirelli.org\/it\/wp-json\/wp\/v2\/posts\/57307\/"}],"collection":[{"href":"https:\/\/www.fondazionepirelli.org\/it\/wp-json\/wp\/v2\/posts\/"}],"about":[{"href":"https:\/\/www.fondazionepirelli.org\/it\/wp-json\/wp\/v2\/types\/post\/"}],"author":[{"embeddable":true,"href":"https:\/\/www.fondazionepirelli.org\/it\/wp-json\/wp\/v2\/users\/1\/"}],"replies":[{"embeddable":true,"href":"https:\/\/www.fondazionepirelli.org\/it\/wp-json\/wp\/v2\/comments\/?post=57307"}],"version-history":[{"count":2,"href":"https:\/\/www.fondazionepirelli.org\/it\/wp-json\/wp\/v2\/posts\/57307\/revisions\/"}],"predecessor-version":[{"id":71180,"href":"https:\/\/www.fondazionepirelli.org\/it\/wp-json\/wp\/v2\/posts\/57307\/revisions\/71180\/"}],"wp:featuredmedia":[{"embeddable":true,"href":"https:\/\/www.fondazionepirelli.org\/it\/wp-json\/wp\/v2\/media\/57308\/"}],"wp:attachment":[{"href":"https:\/\/www.fondazionepirelli.org\/it\/wp-json\/wp\/v2\/media\/?parent=57307"}],"wp:term":[{"taxonomy":"category","embeddable":true,"href":"https:\/\/www.fondazionepirelli.org\/it\/wp-json\/wp\/v2\/categories\/?post=57307"},{"taxonomy":"post_tag","embeddable":true,"href":"https:\/\/www.fondazionepirelli.org\/it\/wp-json\/wp\/v2\/tags\/?post=57307"}],"curies":[{"name":"wp","href":"https:\/\/api.w.org\/{rel}","templated":true}]}}