{"id":57309,"date":"2015-02-23T00:00:00","date_gmt":"2015-02-23T00:00:00","guid":{"rendered":"http:\/\/www.fondazionepirelli.org\/brand-milano-metropoli-aperta-allinnovazione-alla-cultura-e-allaccoglienza\/"},"modified":"2019-10-31T11:01:11","modified_gmt":"2019-10-31T09:01:11","slug":"brand-milano-metropoli-aperta-allinnovazione-alla-cultura-e-allaccoglienza","status":"publish","type":"post","link":"https:\/\/www.fondazionepirelli.org\/it\/cultura-dimpresa\/brand-milano-metropoli-aperta-allinnovazione-alla-cultura-e-allaccoglienza\/","title":{"rendered":"Brand Milano, metropoli aperta all\u2019innovazione, alla cultura e all\u2019accoglienza"},"content":{"rendered":"<p>Qual \u00e8, oggi, il racconto di <strong>Milano<\/strong>? Come definirne anima, tensioni, funzioni, speranze? E come costruire un \u201c<strong>brand<\/strong>\u201d che ne sia simbolo? Se ne \u00e8 discusso per un\u2019intera giornata, venerd\u00ec scorso, all\u2019Universit\u00e0 Statale, per iniziativa del \u201c<strong>Forum Brand Milano<\/strong>\u201d, coordinato da <strong>Stefano Rolando<\/strong>, analizzando i risultati di oltre un anno di lavoro, tra analisi, ricerche, discussioni, pubblicazioni e rilanciando il dibattito sul futuro della Milano metropoli.<\/p>\n<p>Citt\u00e0 molteplice e complessa. Densa anche di contrasti e contraddizioni. Un incrocio felix, fertile cio\u00e8, tra radici storiche (il carattere dei luoghi) e contemporaneit\u00e0. Tra un\u2019anima e un progetto. Una citt\u00e0 \u00e8, infatti, un\u2019identit\u00e0 orgogliosa ma aperta. La \u201c<strong>Milano grande<\/strong>\u201d che sa guardarsi oltre la cerchia storica delle Mura Spagnole e intende riscoprire una pur controversa centralit\u00e0 come \u201cmid land\u201d, nel cuore d\u2019un territorio tra il Mediterraneo e l\u2019Europa continentale. E\u2019 una scelta che ha sapore di storia. E di trasformazioni. Metropoli comunque aperta. E attiva, vivace, internazionale. Densa di buona cultura. Anche di cultura d\u2019impresa.<\/p>\n<p>Una Milano \u201c<strong>hub della conoscenza<\/strong>\u201d, dunque, nell\u2019incrocio tra manifattura, servizi, ricerca &amp; innovazione, formazione di alto livello (otto universit\u00e0, 180mila studenti, di cui 13mila stranieri), editoria e comunicazione, luoghi della cultura e dell\u2019arte. Milano <strong>cuore d\u2019un territorio<\/strong>, tra Nord Italia e Germania, che \u00e8 cardine della migliore industria europea. Milano capitale d\u2019una metamorfosi produttiva che lavora sulle ibridazioni tra l\u2019attitudine \u201ca fare cose belle che piacciono al mondo\u201d e la ricerca di qualit\u00e0 dello \u201csviluppo sostenibile\u201d. Milano, insomma, laboratorio e neo-fabbrica.<\/p>\n<p>Sono utili, in questa ricerca di senso e destino d\u2019una metropoli che vuole fare da \u201clocomotiva d\u2019Italia\u201d ma anche da pilastro della crescita economica e sociale europea, le riflessioni di due leader d\u2019impresa.<\/p>\n<p>Sostiene <strong>Marco Tronchetti Provera<\/strong>, presidente <strong>Pirelli<\/strong>, nella sua testimonianza al \u201cForum Brand Milano\u201d: \u201cIl cuore industriale dell\u2019Europa ha Milano, tra i suoi pilastri. E lo sviluppo dell\u2019Italia in chiave europea non pu\u00f2 non passare da una metropoli in cui si concentrano tutte le leve essenziali della crescita economica: la manifattura pi\u00f9 competitiva e orientata all\u2019export, i servizi pi\u00f9 sofisticati per l\u2019impresa, i centri qualificati di ricerca e innovazione, le universit\u00e0 di prestigio internazionale, la comunicazione e la cultura. Una Grande Milano, nonostante tutto, creativa, attiva, aperta e intraprendente, consapevole della sua storia ma anche proiettata verso un futuro sostenibile da costruire. E l\u2019Expo ne valorizza le qualit\u00e0 migliori: un\u2019energia vitale, un forte senso di responsabilit\u00e0 generale\u201d.<\/p>\n<p>Spiega Gianfelice Rocca, presidente di Assolombarda, sempre per il \u201cForum Brand Milano\u201d: \u201cPer secoli la citt\u00e0 dove l\u2019Italia si faceva mondo \u00e8 stata Milano, <strong>aperta agli sviluppi industriali,<\/strong> sociali e culturali dei paesi pi\u00f9 avanzati. Ora la sfida \u00e8 opposta: Milano deve essere sempre pi\u00f9 la grande citt\u00e0 metropolitana in cui il mondo diventa Italia. Ci\u00f2 significa essenzialmente quattro cose. Deve offrire sempre pi\u00f9 attrattivit\u00e0 economica, a idee d\u2019impresa, capitali e multinazionali che da fuori Italia identifichino qui l\u2019ambiente ideale per svilupparsi e crescere. Attrattivit\u00e0 del capitale umano, diventando sempre pi\u00f9 \u201cil\u201d centro che attira nelle sue otto universit\u00e0 un numero crescente di talenti dall\u2019estero. Attrattivit\u00e0 del suo modello sociale, fondato su una forza senza eguali in Italia di privato sociale, dalla ricerca all\u2019assistenza sanitaria fino al social housing, e con una forte presenza di non profit. Attrattivit\u00e0 verso le altre culture, valorizzando il particolare mix di Milano citta <strong>S.T.E.A.M<\/strong>. che integra le eccellenze di scienza, tecnologia, ingegneria e meccanica con l\u2019arte\u201d. \u201cMilano &#8211; conclude Rocca- dove il mondo diventa Italia. Sar\u00e0 un brand di successo se tutti i milanesi avvertiranno intorno a s\u00e9 che, con il loro impegno, Milano ha ripreso a volare\u201d.<\/p>\n","protected":false},"excerpt":{"rendered":"<p>Qual \u00e8, oggi, il racconto di Milano? Come definirne anima, tensioni, funzioni, speranze? E come costruire un \u201cbrand\u201d che ne sia simbolo? Se ne \u00e8 discusso per un\u2019intera giornata, venerd\u00ec scorso, all\u2019Universit\u00e0 Statale, per iniziativa del \u201cForum Brand Milano\u201d, coordinato da Stefano Rolando, analizzando i risultati di oltre un anno di lavoro, tra analisi, ricerche, [&hellip;]<\/p>\n","protected":false},"author":1,"featured_media":57310,"comment_status":"open","ping_status":"open","sticky":false,"template":"","format":"standard","meta":{"footnotes":""},"categories":[53,52],"tags":[],"class_list":["post-57309","post","type-post","status-publish","format-standard","has-post-thumbnail","hentry","category-blog","category-cultura-dimpresa"],"acf":[],"yoast_head":"<!-- This site is optimized with the Yoast SEO plugin v25.0 - https:\/\/yoast.com\/wordpress\/plugins\/seo\/ -->\n<title>Brand Milano, metropoli aperta all\u2019innovazione, alla cultura e all\u2019accoglienza - Fondazione Pirelli<\/title>\n<meta name=\"robots\" content=\"index, follow, max-snippet:-1, max-image-preview:large, max-video-preview:-1\" \/>\n<link rel=\"canonical\" href=\"https:\/\/www.fondazionepirelli.org\/it\/cultura-dimpresa\/brand-milano-metropoli-aperta-allinnovazione-alla-cultura-e-allaccoglienza\/\" \/>\n<meta property=\"og:locale\" content=\"it_IT\" \/>\n<meta property=\"og:type\" content=\"article\" \/>\n<meta property=\"og:title\" content=\"Brand Milano, metropoli aperta all\u2019innovazione, alla cultura e all\u2019accoglienza - Fondazione Pirelli\" \/>\n<meta property=\"og:description\" content=\"Qual \u00e8, oggi, il racconto di Milano? Come definirne anima, tensioni, funzioni, speranze? E come costruire un \u201cbrand\u201d che ne sia simbolo? Se ne \u00e8 discusso per un\u2019intera giornata, venerd\u00ec scorso, all\u2019Universit\u00e0 Statale, per iniziativa del \u201cForum Brand Milano\u201d, coordinato da Stefano Rolando, analizzando i risultati di oltre un anno di lavoro, tra analisi, ricerche, [&hellip;]\" \/>\n<meta property=\"og:url\" content=\"https:\/\/127.0.0.1\/it\/cultura-dimpresa\/brand-milano-metropoli-aperta-allinnovazione-alla-cultura-e-allaccoglienza\/\" \/>\n<meta property=\"og:site_name\" content=\"Fondazione Pirelli\" \/>\n<meta property=\"article:published_time\" content=\"2015-02-23T00:00:00+00:00\" \/>\n<meta property=\"article:modified_time\" content=\"2019-10-31T09:01:11+00:00\" \/>\n<meta property=\"og:image\" content=\"https:\/\/wpsite-assets.fondazionepirelli.org\/wp-content\/uploads\/2019\/06\/03231944\/1424766323528159460.jpg\" \/>\n\t<meta property=\"og:image:width\" content=\"249\" \/>\n\t<meta property=\"og:image:height\" content=\"375\" \/>\n\t<meta property=\"og:image:type\" content=\"image\/jpeg\" \/>\n<meta name=\"author\" content=\"fondadmin\" \/>\n<meta name=\"twitter:card\" content=\"summary_large_image\" \/>\n<meta name=\"twitter:label1\" content=\"Scritto da\" \/>\n\t<meta name=\"twitter:data1\" content=\"fondadmin\" \/>\n\t<meta name=\"twitter:label2\" content=\"Tempo di lettura stimato\" \/>\n\t<meta name=\"twitter:data2\" content=\"3 minuti\" \/>\n<script type=\"application\/ld+json\" class=\"yoast-schema-graph\">{\"@context\":\"https:\/\/schema.org\",\"@graph\":[{\"@type\":\"WebPage\",\"@id\":\"https:\/\/127.0.0.1\/it\/cultura-dimpresa\/brand-milano-metropoli-aperta-allinnovazione-alla-cultura-e-allaccoglienza\/\",\"url\":\"https:\/\/127.0.0.1\/it\/cultura-dimpresa\/brand-milano-metropoli-aperta-allinnovazione-alla-cultura-e-allaccoglienza\/\",\"name\":\"Brand Milano, metropoli aperta all\u2019innovazione, alla cultura e all\u2019accoglienza - Fondazione Pirelli\",\"isPartOf\":{\"@id\":\"https:\/\/www.fondazionepirelli.org\/it\/#website\"},\"primaryImageOfPage\":{\"@id\":\"https:\/\/127.0.0.1\/it\/cultura-dimpresa\/brand-milano-metropoli-aperta-allinnovazione-alla-cultura-e-allaccoglienza\/#primaryimage\"},\"image\":{\"@id\":\"https:\/\/127.0.0.1\/it\/cultura-dimpresa\/brand-milano-metropoli-aperta-allinnovazione-alla-cultura-e-allaccoglienza\/#primaryimage\"},\"thumbnailUrl\":\"https:\/\/wpsite-assets.fondazionepirelli.org\/wp-content\/uploads\/2019\/06\/03231944\/1424766323528159460.jpg\",\"datePublished\":\"2015-02-23T00:00:00+00:00\",\"dateModified\":\"2019-10-31T09:01:11+00:00\",\"author\":{\"@id\":\"https:\/\/www.fondazionepirelli.org\/it\/#\/schema\/person\/f47d097000832c4a6e54538c791fdf25\"},\"breadcrumb\":{\"@id\":\"https:\/\/127.0.0.1\/it\/cultura-dimpresa\/brand-milano-metropoli-aperta-allinnovazione-alla-cultura-e-allaccoglienza\/#breadcrumb\"},\"inLanguage\":\"it-IT\",\"potentialAction\":[{\"@type\":\"ReadAction\",\"target\":[\"https:\/\/127.0.0.1\/it\/cultura-dimpresa\/brand-milano-metropoli-aperta-allinnovazione-alla-cultura-e-allaccoglienza\/\"]}]},{\"@type\":\"ImageObject\",\"inLanguage\":\"it-IT\",\"@id\":\"https:\/\/127.0.0.1\/it\/cultura-dimpresa\/brand-milano-metropoli-aperta-allinnovazione-alla-cultura-e-allaccoglienza\/#primaryimage\",\"url\":\"https:\/\/wpsite-assets.fondazionepirelli.org\/wp-content\/uploads\/2019\/06\/03231944\/1424766323528159460.jpg\",\"contentUrl\":\"https:\/\/wpsite-assets.fondazionepirelli.org\/wp-content\/uploads\/2019\/06\/03231944\/1424766323528159460.jpg\",\"width\":249,\"height\":375},{\"@type\":\"BreadcrumbList\",\"@id\":\"https:\/\/127.0.0.1\/it\/cultura-dimpresa\/brand-milano-metropoli-aperta-allinnovazione-alla-cultura-e-allaccoglienza\/#breadcrumb\",\"itemListElement\":[{\"@type\":\"ListItem\",\"position\":1,\"name\":\"Home\",\"item\":\"https:\/\/www.fondazionepirelli.org\/it\/\"},{\"@type\":\"ListItem\",\"position\":2,\"name\":\"Brand Milano, metropoli aperta all\u2019innovazione, alla cultura e all\u2019accoglienza\"}]},{\"@type\":\"WebSite\",\"@id\":\"https:\/\/www.fondazionepirelli.org\/it\/#website\",\"url\":\"https:\/\/www.fondazionepirelli.org\/it\/\",\"name\":\"Fondazione Pirelli\",\"description\":\"\",\"potentialAction\":[{\"@type\":\"SearchAction\",\"target\":{\"@type\":\"EntryPoint\",\"urlTemplate\":\"https:\/\/www.fondazionepirelli.org\/it\/?s={search_term_string}\"},\"query-input\":{\"@type\":\"PropertyValueSpecification\",\"valueRequired\":true,\"valueName\":\"search_term_string\"}}],\"inLanguage\":\"it-IT\"},{\"@type\":\"Person\",\"@id\":\"https:\/\/www.fondazionepirelli.org\/it\/#\/schema\/person\/f47d097000832c4a6e54538c791fdf25\",\"name\":\"fondadmin\",\"image\":{\"@type\":\"ImageObject\",\"inLanguage\":\"it-IT\",\"@id\":\"https:\/\/www.fondazionepirelli.org\/it\/#\/schema\/person\/image\/\",\"url\":\"https:\/\/secure.gravatar.com\/avatar\/e69498a9175ca244966e51e53c88712c024fcebe41f9a05f75657f1bb25e489b?s=96&d=mm&r=g\",\"contentUrl\":\"https:\/\/secure.gravatar.com\/avatar\/e69498a9175ca244966e51e53c88712c024fcebe41f9a05f75657f1bb25e489b?s=96&d=mm&r=g\",\"caption\":\"fondadmin\"},\"url\":\"https:\/\/www.fondazionepirelli.org\/it\/author\/fondadmin\/\"}]}<\/script>\n<!-- \/ Yoast SEO plugin. -->","yoast_head_json":{"title":"Brand Milano, metropoli aperta all\u2019innovazione, alla cultura e all\u2019accoglienza - Fondazione Pirelli","robots":{"index":"index","follow":"follow","max-snippet":"max-snippet:-1","max-image-preview":"max-image-preview:large","max-video-preview":"max-video-preview:-1"},"canonical":"https:\/\/www.fondazionepirelli.org\/it\/cultura-dimpresa\/brand-milano-metropoli-aperta-allinnovazione-alla-cultura-e-allaccoglienza\/","og_locale":"it_IT","og_type":"article","og_title":"Brand Milano, metropoli aperta all\u2019innovazione, alla cultura e all\u2019accoglienza - Fondazione Pirelli","og_description":"Qual \u00e8, oggi, il racconto di Milano? Come definirne anima, tensioni, funzioni, speranze? E come costruire un \u201cbrand\u201d che ne sia simbolo? Se ne \u00e8 discusso per un\u2019intera giornata, venerd\u00ec scorso, all\u2019Universit\u00e0 Statale, per iniziativa del \u201cForum Brand Milano\u201d, coordinato da Stefano Rolando, analizzando i risultati di oltre un anno di lavoro, tra analisi, ricerche, [&hellip;]","og_url":"https:\/\/127.0.0.1\/it\/cultura-dimpresa\/brand-milano-metropoli-aperta-allinnovazione-alla-cultura-e-allaccoglienza\/","og_site_name":"Fondazione Pirelli","article_published_time":"2015-02-23T00:00:00+00:00","article_modified_time":"2019-10-31T09:01:11+00:00","og_image":[{"width":249,"height":375,"url":"https:\/\/wpsite-assets.fondazionepirelli.org\/wp-content\/uploads\/2019\/06\/03231944\/1424766323528159460.jpg","type":"image\/jpeg"}],"author":"fondadmin","twitter_card":"summary_large_image","twitter_misc":{"Scritto da":"fondadmin","Tempo di lettura stimato":"3 minuti"},"schema":{"@context":"https:\/\/schema.org","@graph":[{"@type":"WebPage","@id":"https:\/\/127.0.0.1\/it\/cultura-dimpresa\/brand-milano-metropoli-aperta-allinnovazione-alla-cultura-e-allaccoglienza\/","url":"https:\/\/127.0.0.1\/it\/cultura-dimpresa\/brand-milano-metropoli-aperta-allinnovazione-alla-cultura-e-allaccoglienza\/","name":"Brand Milano, metropoli aperta all\u2019innovazione, alla cultura e all\u2019accoglienza - Fondazione Pirelli","isPartOf":{"@id":"https:\/\/www.fondazionepirelli.org\/it\/#website"},"primaryImageOfPage":{"@id":"https:\/\/127.0.0.1\/it\/cultura-dimpresa\/brand-milano-metropoli-aperta-allinnovazione-alla-cultura-e-allaccoglienza\/#primaryimage"},"image":{"@id":"https:\/\/127.0.0.1\/it\/cultura-dimpresa\/brand-milano-metropoli-aperta-allinnovazione-alla-cultura-e-allaccoglienza\/#primaryimage"},"thumbnailUrl":"https:\/\/wpsite-assets.fondazionepirelli.org\/wp-content\/uploads\/2019\/06\/03231944\/1424766323528159460.jpg","datePublished":"2015-02-23T00:00:00+00:00","dateModified":"2019-10-31T09:01:11+00:00","author":{"@id":"https:\/\/www.fondazionepirelli.org\/it\/#\/schema\/person\/f47d097000832c4a6e54538c791fdf25"},"breadcrumb":{"@id":"https:\/\/127.0.0.1\/it\/cultura-dimpresa\/brand-milano-metropoli-aperta-allinnovazione-alla-cultura-e-allaccoglienza\/#breadcrumb"},"inLanguage":"it-IT","potentialAction":[{"@type":"ReadAction","target":["https:\/\/127.0.0.1\/it\/cultura-dimpresa\/brand-milano-metropoli-aperta-allinnovazione-alla-cultura-e-allaccoglienza\/"]}]},{"@type":"ImageObject","inLanguage":"it-IT","@id":"https:\/\/127.0.0.1\/it\/cultura-dimpresa\/brand-milano-metropoli-aperta-allinnovazione-alla-cultura-e-allaccoglienza\/#primaryimage","url":"https:\/\/wpsite-assets.fondazionepirelli.org\/wp-content\/uploads\/2019\/06\/03231944\/1424766323528159460.jpg","contentUrl":"https:\/\/wpsite-assets.fondazionepirelli.org\/wp-content\/uploads\/2019\/06\/03231944\/1424766323528159460.jpg","width":249,"height":375},{"@type":"BreadcrumbList","@id":"https:\/\/127.0.0.1\/it\/cultura-dimpresa\/brand-milano-metropoli-aperta-allinnovazione-alla-cultura-e-allaccoglienza\/#breadcrumb","itemListElement":[{"@type":"ListItem","position":1,"name":"Home","item":"https:\/\/www.fondazionepirelli.org\/it\/"},{"@type":"ListItem","position":2,"name":"Brand Milano, metropoli aperta all\u2019innovazione, alla cultura e all\u2019accoglienza"}]},{"@type":"WebSite","@id":"https:\/\/www.fondazionepirelli.org\/it\/#website","url":"https:\/\/www.fondazionepirelli.org\/it\/","name":"Fondazione Pirelli","description":"","potentialAction":[{"@type":"SearchAction","target":{"@type":"EntryPoint","urlTemplate":"https:\/\/www.fondazionepirelli.org\/it\/?s={search_term_string}"},"query-input":{"@type":"PropertyValueSpecification","valueRequired":true,"valueName":"search_term_string"}}],"inLanguage":"it-IT"},{"@type":"Person","@id":"https:\/\/www.fondazionepirelli.org\/it\/#\/schema\/person\/f47d097000832c4a6e54538c791fdf25","name":"fondadmin","image":{"@type":"ImageObject","inLanguage":"it-IT","@id":"https:\/\/www.fondazionepirelli.org\/it\/#\/schema\/person\/image\/","url":"https:\/\/secure.gravatar.com\/avatar\/e69498a9175ca244966e51e53c88712c024fcebe41f9a05f75657f1bb25e489b?s=96&d=mm&r=g","contentUrl":"https:\/\/secure.gravatar.com\/avatar\/e69498a9175ca244966e51e53c88712c024fcebe41f9a05f75657f1bb25e489b?s=96&d=mm&r=g","caption":"fondadmin"},"url":"https:\/\/www.fondazionepirelli.org\/it\/author\/fondadmin\/"}]}},"_links":{"self":[{"href":"https:\/\/www.fondazionepirelli.org\/it\/wp-json\/wp\/v2\/posts\/57309\/"}],"collection":[{"href":"https:\/\/www.fondazionepirelli.org\/it\/wp-json\/wp\/v2\/posts\/"}],"about":[{"href":"https:\/\/www.fondazionepirelli.org\/it\/wp-json\/wp\/v2\/types\/post\/"}],"author":[{"embeddable":true,"href":"https:\/\/www.fondazionepirelli.org\/it\/wp-json\/wp\/v2\/users\/1\/"}],"replies":[{"embeddable":true,"href":"https:\/\/www.fondazionepirelli.org\/it\/wp-json\/wp\/v2\/comments\/?post=57309"}],"version-history":[{"count":2,"href":"https:\/\/www.fondazionepirelli.org\/it\/wp-json\/wp\/v2\/posts\/57309\/revisions\/"}],"predecessor-version":[{"id":71178,"href":"https:\/\/www.fondazionepirelli.org\/it\/wp-json\/wp\/v2\/posts\/57309\/revisions\/71178\/"}],"wp:featuredmedia":[{"embeddable":true,"href":"https:\/\/www.fondazionepirelli.org\/it\/wp-json\/wp\/v2\/media\/57310\/"}],"wp:attachment":[{"href":"https:\/\/www.fondazionepirelli.org\/it\/wp-json\/wp\/v2\/media\/?parent=57309"}],"wp:term":[{"taxonomy":"category","embeddable":true,"href":"https:\/\/www.fondazionepirelli.org\/it\/wp-json\/wp\/v2\/categories\/?post=57309"},{"taxonomy":"post_tag","embeddable":true,"href":"https:\/\/www.fondazionepirelli.org\/it\/wp-json\/wp\/v2\/tags\/?post=57309"}],"curies":[{"name":"wp","href":"https:\/\/api.w.org\/{rel}","templated":true}]}}