{"id":57321,"date":"2015-03-30T00:00:00","date_gmt":"2015-03-30T00:00:00","guid":{"rendered":"http:\/\/www.fondazionepirelli.org\/i-talenti-e-le-imprese-tra-formazione-deccellenza-e-opportunita-di-un-buon-lavoro\/"},"modified":"2020-03-04T16:35:51","modified_gmt":"2020-03-04T15:35:51","slug":"i-talenti-e-le-imprese-tra-formazione-deccellenza-e-opportunita-di-un-buon-lavoro","status":"publish","type":"post","link":"https:\/\/www.fondazionepirelli.org\/it\/cultura-dimpresa\/i-talenti-e-le-imprese-tra-formazione-deccellenza-e-opportunita-di-un-buon-lavoro\/","title":{"rendered":"I talenti e le imprese, tra formazione d\u2019eccellenza e <br>opportunit\u00e0 di un buon lavoro"},"content":{"rendered":"<p>Si fa della buona formazione, in Italia, attenta alla sintesi tra cultura (nella sua dimensione essenziale di sguardo analitico e critico) e competenze. E ci sono dei luoghi d\u2019eccellenza, oramai di respiro europeo, a cominciare dai Politecnici di Torino e Milano e da altre strutture universitarie sempre pi\u00f9 qualificate per gli studi superiori e i master, soprattutto nell\u2019area del Nord Ovest, che continua ad attrarre \u201c<strong>talenti<\/strong>\u201d in cerca di buona formazione e solida qualificazione.<\/p>\n<p>Una riprova \u00e8 anche la <strong>Scuola di Alta Formazione al Management<\/strong> (Safm), nata cinque anni fa per iniziativa della Fondazione Pirelli, della Fondazione Agnelli e della Fondazione Garrone, in collaborazione con il Coll\u00e8ge des Ing\u00e9nieurs di Parigi (venerd\u00ec, a Milano, la festa dell\u2019anniversario, \u201cSafm\u2019s got talents\u201d e un convegno su formazione e \u201ctalenti\u201d, con lo sguardo rivolto alle imprese e alle leve dello sviluppo economico).<\/p>\n<p>Ma cosa vuol dire, \u201ctalento\u201d, per un\u2019impresa? Le parole chiave sono: <strong>capacit\u00e0 di pensare diverso<\/strong> e <strong>vedere oltre<\/strong>, <strong>attitudine<\/strong> a cercare e affrontare il cambiamento e le sfide, non mollando e puntando all\u2019eccellenza. Sono concetti che emergono da un\u2019indagine di Manageritalia, condotta con la collaborazione tecnica di AstraRicerche e, appunto, in partnership con la Safm e Kilpatrick International Executive Search e presentata venerd\u00ec. Secondo gli intervistati (1000 persone, tra manager italiani, esteri e studenti) il talento \u00e8 dato da <strong>dedizione<\/strong>, <strong>impegno<\/strong>, determinazione e tenacia. A seguire competenza e professionalit\u00e0; adattabilit\u00e0, flessibilit\u00e0 e versatilit\u00e0; <strong>curiosit\u00e0<\/strong>; creativit\u00e0 e ingegno e visione.<\/p>\n<p>La convinzione dei manager intervistati \u00e8 che il talento che serve per emergere nel mondo del lavoro \u00e8 soprattutto favorito da un contesto familiare e sociale ricco di stimoli e sfide (86,5%), da ottimi studi (76,7%) e dal rapporto col mondo del lavoro durante gli studi (64,8%). Poi c\u2019\u00e8 anche una componente innata, una vera predisposizione dalla nascita (60,7%). Minoritario il contributo delle scuole dove quella pubblica (20,9%) prevale su quella privata (12,3%).<\/p>\n<p>Quasi a conferma che per un giovane talento \u00abfuggire\u00bb all\u2019estero per finire gli studi e iniziare a lavorare \u00e8 una scelta fondamentale, un \u201cmust\u201d, studio e lavoro all\u2019estero sono per il 90,6% degli intervistati il principale fattore per favorire il talento di un giovane che vuole inserirsi nel mondo del lavoro. A seguire, ecco tutti i vari livelli di istruzione: ottimi studi universitari (90,3%), alle superiori (83%), post-universitari (70,3%) e alle elementari\/medie (67,3%).<\/p>\n<p>Gli intervistati non hanno un\u2019opinione esaltante dello stato e delle prospettive della scuola italiana. Su tutto prevale l\u2019affermazione che la scuola (secondaria superiore e Universit\u00e0) italiana non \u00e8 al passo con i tempi e deve rinnovarsi (79,8%), che le Universit\u00e0 non devono limitarsi a valutare i giovani esame per esame, ma dovrebbero certificare caratteristiche e competenze dei giovani a 360\u00b0 (69,4%). Non si pensa che l\u2019Universit\u00e0 sia una \u201cfabbrica\u201d che deve sfornare lavoratori pronti all\u2019uso, ma deve dare solide e ampie basi (72,4%). Si riconosce un mondo universitario fatto di luci e ombre: alcune Universit\u00e0 italiane sono tra le migliori al mondo (64,2%), ma alcune che vantano un \u201cbel nome\u201d sono deludenti, perch\u00e9 hanno perso la capacit\u00e0 di formare giovani adatti al mondo del lavoro odierno (59,3%).<\/p>\n<p>L\u2019accusa \u00e8 anche autodiretta. Infatti, si sostiene che le aziende dovrebbero aprirsi maggiormente agli stage formativi degli studenti universitari (91,5%) e contribuire alla formazione degli studenti dedicando parte del tempo dei loro management a lezioni in aula o a interi corsi (81,3%).<\/p>\n<p>Come migliorare la situazione? La maggioranza degli intervistati sostiene che ogni Universit\u00e0 dovrebbe avere un pool di aziende sostenitrici (in modo esplicito e trasparente), con un coordinamento continuo e forte sulla formazione degli studenti negli ultimi anni (78,9%) e che le aziende e le loro associazioni dovrebbero investire di pi\u00f9 nel rapporto con le Universit\u00e0, nel dare indicazioni sulle loro esigenze (88,6%).<\/p>\n<p>Si aggiunge che le aziende dovrebbero individuare e seguire gli studenti ancor prima che terminino gli studi negli ultimi anni di formazione (72,1%). Ma si chiarisce anche che le Universit\u00e0 dovrebbero avere programmi molto pi\u00f9 dinamici, in grado di seguire le tendenze a breve-medio periodo del mondo del lavoro (73,4%).<\/p>\n<p>Peraltro, si nega che un rapporto stretto tra Universit\u00e0 e mondo del lavoro rischi di ridurre le competenze generali a favore di quelle specifiche (lo nega il 64,2%) e che sia meglio interrompere gli studi per fare prima esperienza in azienda (74,2%).<\/p>\n<p>Come migliorare l\u2019ingresso degli studenti nel mondo del lavoro e valorizzare, fin dall\u2019inizio, i \u201ctalenti\u201d? Per i manager intervistati l\u2019azienda deve avere un sistema evoluto di ricerca e selezione del personale in grado di far emergere i talenti (51,3%). Anche perch\u00e9, si spiega, non basta cercare talenti, ma si devono creare con il contatto con il mondo formativo (88%). I manager aggiungono comunque che \u00e8 in azienda, pi\u00f9 che in Universit\u00e0, che si scoprono i talenti (75,6%), anche se ammettono che spesso in azienda il talento \u00e8 \u201cschiacciato\u201d, ingabbiato e limitato (61,9%). Problema aperto, insomma. Dimensione conflittuale tra interessi diversi. Da comporre, con una buona cultura d\u2019impresa aperta, critica, inclusiva.<\/p>\n<p>\u00abDall\u2019indagine emerge chiaro il<strong> senso del talento<\/strong> dei giovani nel mondo del lavoro, che, ci dicono i manager, non \u00e8 solo innato, ma <strong>va formato<\/strong>, coltivato e aiutato a esprimersi a favore di tutti. E in questo la formazione e il dialogo con il mondo del lavoro hanno un ruolo chiave\u00bb, commenta il presidente di Manageritalia Guido Carella. E aggiunge: \u00abLa scuola deve aggiornarsi, l\u2019Universit\u00e0 deve dialogare di pi\u00f9 con il mondo del lavoro. E le imprese devono aprirsi, entrare nelle universit\u00e0 e fare massima sinergia. Perch\u00e9 i giovani e il talento, quello loro e di tutti, sono patrimoni determinanti per la crescita e lo sviluppo futuro. Quindi, \u00e8 opportuno che tutti \u2013 istituzioni, scuola e Universit\u00e0, aziende, manager ecc. \u2013 lavoriamo da subito per creare quei ponti e quel dialogo che servono perch\u00e9 il talento non venga sprecato e sia invece messo a fattor comune. Anche perch\u00e9 se \u00e8 un bene che ci sia la fuga dei cervelli, dobbiamo essere capaci di creare un ecosistema che attiri cervelli e talenti dall\u2019estero e favorisca la crescita e il ritorno di quelli di casa nostra\u00bb.<\/p>\n","protected":false},"excerpt":{"rendered":"<p>Si fa della buona formazione, in Italia, attenta alla sintesi tra cultura (nella sua dimensione essenziale di sguardo analitico e critico) e competenze. E ci sono dei luoghi d\u2019eccellenza, oramai di respiro europeo, a cominciare dai Politecnici di Torino e Milano e da altre strutture universitarie sempre pi\u00f9 qualificate per gli studi superiori e i [&hellip;]<\/p>\n","protected":false},"author":1,"featured_media":75292,"comment_status":"open","ping_status":"open","sticky":false,"template":"","format":"standard","meta":{"footnotes":""},"categories":[53,52],"tags":[],"class_list":["post-57321","post","type-post","status-publish","format-standard","has-post-thumbnail","hentry","category-blog","category-cultura-dimpresa"],"acf":[],"yoast_head":"<!-- This site is optimized with the Yoast SEO plugin v25.0 - https:\/\/yoast.com\/wordpress\/plugins\/seo\/ -->\n<title>I talenti e le imprese, tra formazione d\u2019eccellenza e opportunit\u00e0 di un buon lavoro - Fondazione Pirelli<\/title>\n<meta name=\"robots\" content=\"index, follow, max-snippet:-1, max-image-preview:large, max-video-preview:-1\" \/>\n<link rel=\"canonical\" href=\"https:\/\/www.fondazionepirelli.org\/it\/cultura-dimpresa\/i-talenti-e-le-imprese-tra-formazione-deccellenza-e-opportunita-di-un-buon-lavoro\/\" \/>\n<meta property=\"og:locale\" content=\"it_IT\" \/>\n<meta property=\"og:type\" content=\"article\" \/>\n<meta property=\"og:title\" content=\"I talenti e le imprese, tra formazione d\u2019eccellenza e opportunit\u00e0 di un buon lavoro - Fondazione Pirelli\" \/>\n<meta property=\"og:description\" content=\"Si fa della buona formazione, in Italia, attenta alla sintesi tra cultura (nella sua dimensione essenziale di sguardo analitico e critico) e competenze. E ci sono dei luoghi d\u2019eccellenza, oramai di respiro europeo, a cominciare dai Politecnici di Torino e Milano e da altre strutture universitarie sempre pi\u00f9 qualificate per gli studi superiori e i [&hellip;]\" \/>\n<meta property=\"og:url\" content=\"https:\/\/127.0.0.1\/it\/cultura-dimpresa\/i-talenti-e-le-imprese-tra-formazione-deccellenza-e-opportunita-di-un-buon-lavoro\/\" \/>\n<meta property=\"og:site_name\" content=\"Fondazione Pirelli\" \/>\n<meta property=\"article:published_time\" content=\"2015-03-30T00:00:00+00:00\" \/>\n<meta property=\"article:modified_time\" content=\"2020-03-04T15:35:51+00:00\" \/>\n<meta property=\"og:image\" content=\"https:\/\/wpsite-assets.fondazionepirelli.org\/wp-content\/uploads\/2015\/03\/04163542\/Corbis-42-26225132.jpg\" \/>\n\t<meta property=\"og:image:width\" content=\"358\" \/>\n\t<meta property=\"og:image:height\" content=\"480\" \/>\n\t<meta property=\"og:image:type\" content=\"image\/jpeg\" \/>\n<meta name=\"author\" content=\"fondadmin\" \/>\n<meta name=\"twitter:card\" content=\"summary_large_image\" \/>\n<meta name=\"twitter:label1\" content=\"Scritto da\" \/>\n\t<meta name=\"twitter:data1\" content=\"fondadmin\" \/>\n\t<meta name=\"twitter:label2\" content=\"Tempo di lettura stimato\" \/>\n\t<meta name=\"twitter:data2\" content=\"5 minuti\" \/>\n<script type=\"application\/ld+json\" class=\"yoast-schema-graph\">{\"@context\":\"https:\/\/schema.org\",\"@graph\":[{\"@type\":\"WebPage\",\"@id\":\"https:\/\/127.0.0.1\/it\/cultura-dimpresa\/i-talenti-e-le-imprese-tra-formazione-deccellenza-e-opportunita-di-un-buon-lavoro\/\",\"url\":\"https:\/\/127.0.0.1\/it\/cultura-dimpresa\/i-talenti-e-le-imprese-tra-formazione-deccellenza-e-opportunita-di-un-buon-lavoro\/\",\"name\":\"I talenti e le imprese, tra formazione d\u2019eccellenza e opportunit\u00e0 di un buon lavoro - Fondazione Pirelli\",\"isPartOf\":{\"@id\":\"https:\/\/www.fondazionepirelli.org\/it\/#website\"},\"primaryImageOfPage\":{\"@id\":\"https:\/\/127.0.0.1\/it\/cultura-dimpresa\/i-talenti-e-le-imprese-tra-formazione-deccellenza-e-opportunita-di-un-buon-lavoro\/#primaryimage\"},\"image\":{\"@id\":\"https:\/\/127.0.0.1\/it\/cultura-dimpresa\/i-talenti-e-le-imprese-tra-formazione-deccellenza-e-opportunita-di-un-buon-lavoro\/#primaryimage\"},\"thumbnailUrl\":\"https:\/\/wpsite-assets.fondazionepirelli.org\/wp-content\/uploads\/2015\/03\/04163542\/Corbis-42-26225132.jpg\",\"datePublished\":\"2015-03-30T00:00:00+00:00\",\"dateModified\":\"2020-03-04T15:35:51+00:00\",\"author\":{\"@id\":\"https:\/\/www.fondazionepirelli.org\/it\/#\/schema\/person\/f47d097000832c4a6e54538c791fdf25\"},\"breadcrumb\":{\"@id\":\"https:\/\/127.0.0.1\/it\/cultura-dimpresa\/i-talenti-e-le-imprese-tra-formazione-deccellenza-e-opportunita-di-un-buon-lavoro\/#breadcrumb\"},\"inLanguage\":\"it-IT\",\"potentialAction\":[{\"@type\":\"ReadAction\",\"target\":[\"https:\/\/127.0.0.1\/it\/cultura-dimpresa\/i-talenti-e-le-imprese-tra-formazione-deccellenza-e-opportunita-di-un-buon-lavoro\/\"]}]},{\"@type\":\"ImageObject\",\"inLanguage\":\"it-IT\",\"@id\":\"https:\/\/127.0.0.1\/it\/cultura-dimpresa\/i-talenti-e-le-imprese-tra-formazione-deccellenza-e-opportunita-di-un-buon-lavoro\/#primaryimage\",\"url\":\"https:\/\/wpsite-assets.fondazionepirelli.org\/wp-content\/uploads\/2015\/03\/04163542\/Corbis-42-26225132.jpg\",\"contentUrl\":\"https:\/\/wpsite-assets.fondazionepirelli.org\/wp-content\/uploads\/2015\/03\/04163542\/Corbis-42-26225132.jpg\",\"width\":358,\"height\":480,\"caption\":\"A figurative head with a tree of shapes within --- Image by \u00a9 ImageZoo\/Corbis\"},{\"@type\":\"BreadcrumbList\",\"@id\":\"https:\/\/127.0.0.1\/it\/cultura-dimpresa\/i-talenti-e-le-imprese-tra-formazione-deccellenza-e-opportunita-di-un-buon-lavoro\/#breadcrumb\",\"itemListElement\":[{\"@type\":\"ListItem\",\"position\":1,\"name\":\"Home\",\"item\":\"https:\/\/www.fondazionepirelli.org\/it\/\"},{\"@type\":\"ListItem\",\"position\":2,\"name\":\"I talenti e le imprese, tra formazione d\u2019eccellenza e opportunit\u00e0 di un buon lavoro\"}]},{\"@type\":\"WebSite\",\"@id\":\"https:\/\/www.fondazionepirelli.org\/it\/#website\",\"url\":\"https:\/\/www.fondazionepirelli.org\/it\/\",\"name\":\"Fondazione Pirelli\",\"description\":\"\",\"potentialAction\":[{\"@type\":\"SearchAction\",\"target\":{\"@type\":\"EntryPoint\",\"urlTemplate\":\"https:\/\/www.fondazionepirelli.org\/it\/?s={search_term_string}\"},\"query-input\":{\"@type\":\"PropertyValueSpecification\",\"valueRequired\":true,\"valueName\":\"search_term_string\"}}],\"inLanguage\":\"it-IT\"},{\"@type\":\"Person\",\"@id\":\"https:\/\/www.fondazionepirelli.org\/it\/#\/schema\/person\/f47d097000832c4a6e54538c791fdf25\",\"name\":\"fondadmin\",\"image\":{\"@type\":\"ImageObject\",\"inLanguage\":\"it-IT\",\"@id\":\"https:\/\/www.fondazionepirelli.org\/it\/#\/schema\/person\/image\/\",\"url\":\"https:\/\/secure.gravatar.com\/avatar\/e69498a9175ca244966e51e53c88712c024fcebe41f9a05f75657f1bb25e489b?s=96&d=mm&r=g\",\"contentUrl\":\"https:\/\/secure.gravatar.com\/avatar\/e69498a9175ca244966e51e53c88712c024fcebe41f9a05f75657f1bb25e489b?s=96&d=mm&r=g\",\"caption\":\"fondadmin\"},\"url\":\"https:\/\/www.fondazionepirelli.org\/it\/author\/fondadmin\/\"}]}<\/script>\n<!-- \/ Yoast SEO plugin. -->","yoast_head_json":{"title":"I talenti e le imprese, tra formazione d\u2019eccellenza e opportunit\u00e0 di un buon lavoro - Fondazione Pirelli","robots":{"index":"index","follow":"follow","max-snippet":"max-snippet:-1","max-image-preview":"max-image-preview:large","max-video-preview":"max-video-preview:-1"},"canonical":"https:\/\/www.fondazionepirelli.org\/it\/cultura-dimpresa\/i-talenti-e-le-imprese-tra-formazione-deccellenza-e-opportunita-di-un-buon-lavoro\/","og_locale":"it_IT","og_type":"article","og_title":"I talenti e le imprese, tra formazione d\u2019eccellenza e opportunit\u00e0 di un buon lavoro - Fondazione Pirelli","og_description":"Si fa della buona formazione, in Italia, attenta alla sintesi tra cultura (nella sua dimensione essenziale di sguardo analitico e critico) e competenze. E ci sono dei luoghi d\u2019eccellenza, oramai di respiro europeo, a cominciare dai Politecnici di Torino e Milano e da altre strutture universitarie sempre pi\u00f9 qualificate per gli studi superiori e i [&hellip;]","og_url":"https:\/\/127.0.0.1\/it\/cultura-dimpresa\/i-talenti-e-le-imprese-tra-formazione-deccellenza-e-opportunita-di-un-buon-lavoro\/","og_site_name":"Fondazione Pirelli","article_published_time":"2015-03-30T00:00:00+00:00","article_modified_time":"2020-03-04T15:35:51+00:00","og_image":[{"width":358,"height":480,"url":"https:\/\/wpsite-assets.fondazionepirelli.org\/wp-content\/uploads\/2015\/03\/04163542\/Corbis-42-26225132.jpg","type":"image\/jpeg"}],"author":"fondadmin","twitter_card":"summary_large_image","twitter_misc":{"Scritto da":"fondadmin","Tempo di lettura stimato":"5 minuti"},"schema":{"@context":"https:\/\/schema.org","@graph":[{"@type":"WebPage","@id":"https:\/\/127.0.0.1\/it\/cultura-dimpresa\/i-talenti-e-le-imprese-tra-formazione-deccellenza-e-opportunita-di-un-buon-lavoro\/","url":"https:\/\/127.0.0.1\/it\/cultura-dimpresa\/i-talenti-e-le-imprese-tra-formazione-deccellenza-e-opportunita-di-un-buon-lavoro\/","name":"I talenti e le imprese, tra formazione d\u2019eccellenza e opportunit\u00e0 di un buon lavoro - Fondazione Pirelli","isPartOf":{"@id":"https:\/\/www.fondazionepirelli.org\/it\/#website"},"primaryImageOfPage":{"@id":"https:\/\/127.0.0.1\/it\/cultura-dimpresa\/i-talenti-e-le-imprese-tra-formazione-deccellenza-e-opportunita-di-un-buon-lavoro\/#primaryimage"},"image":{"@id":"https:\/\/127.0.0.1\/it\/cultura-dimpresa\/i-talenti-e-le-imprese-tra-formazione-deccellenza-e-opportunita-di-un-buon-lavoro\/#primaryimage"},"thumbnailUrl":"https:\/\/wpsite-assets.fondazionepirelli.org\/wp-content\/uploads\/2015\/03\/04163542\/Corbis-42-26225132.jpg","datePublished":"2015-03-30T00:00:00+00:00","dateModified":"2020-03-04T15:35:51+00:00","author":{"@id":"https:\/\/www.fondazionepirelli.org\/it\/#\/schema\/person\/f47d097000832c4a6e54538c791fdf25"},"breadcrumb":{"@id":"https:\/\/127.0.0.1\/it\/cultura-dimpresa\/i-talenti-e-le-imprese-tra-formazione-deccellenza-e-opportunita-di-un-buon-lavoro\/#breadcrumb"},"inLanguage":"it-IT","potentialAction":[{"@type":"ReadAction","target":["https:\/\/127.0.0.1\/it\/cultura-dimpresa\/i-talenti-e-le-imprese-tra-formazione-deccellenza-e-opportunita-di-un-buon-lavoro\/"]}]},{"@type":"ImageObject","inLanguage":"it-IT","@id":"https:\/\/127.0.0.1\/it\/cultura-dimpresa\/i-talenti-e-le-imprese-tra-formazione-deccellenza-e-opportunita-di-un-buon-lavoro\/#primaryimage","url":"https:\/\/wpsite-assets.fondazionepirelli.org\/wp-content\/uploads\/2015\/03\/04163542\/Corbis-42-26225132.jpg","contentUrl":"https:\/\/wpsite-assets.fondazionepirelli.org\/wp-content\/uploads\/2015\/03\/04163542\/Corbis-42-26225132.jpg","width":358,"height":480,"caption":"A figurative head with a tree of shapes within --- Image by \u00a9 ImageZoo\/Corbis"},{"@type":"BreadcrumbList","@id":"https:\/\/127.0.0.1\/it\/cultura-dimpresa\/i-talenti-e-le-imprese-tra-formazione-deccellenza-e-opportunita-di-un-buon-lavoro\/#breadcrumb","itemListElement":[{"@type":"ListItem","position":1,"name":"Home","item":"https:\/\/www.fondazionepirelli.org\/it\/"},{"@type":"ListItem","position":2,"name":"I talenti e le imprese, tra formazione d\u2019eccellenza e opportunit\u00e0 di un buon lavoro"}]},{"@type":"WebSite","@id":"https:\/\/www.fondazionepirelli.org\/it\/#website","url":"https:\/\/www.fondazionepirelli.org\/it\/","name":"Fondazione Pirelli","description":"","potentialAction":[{"@type":"SearchAction","target":{"@type":"EntryPoint","urlTemplate":"https:\/\/www.fondazionepirelli.org\/it\/?s={search_term_string}"},"query-input":{"@type":"PropertyValueSpecification","valueRequired":true,"valueName":"search_term_string"}}],"inLanguage":"it-IT"},{"@type":"Person","@id":"https:\/\/www.fondazionepirelli.org\/it\/#\/schema\/person\/f47d097000832c4a6e54538c791fdf25","name":"fondadmin","image":{"@type":"ImageObject","inLanguage":"it-IT","@id":"https:\/\/www.fondazionepirelli.org\/it\/#\/schema\/person\/image\/","url":"https:\/\/secure.gravatar.com\/avatar\/e69498a9175ca244966e51e53c88712c024fcebe41f9a05f75657f1bb25e489b?s=96&d=mm&r=g","contentUrl":"https:\/\/secure.gravatar.com\/avatar\/e69498a9175ca244966e51e53c88712c024fcebe41f9a05f75657f1bb25e489b?s=96&d=mm&r=g","caption":"fondadmin"},"url":"https:\/\/www.fondazionepirelli.org\/it\/author\/fondadmin\/"}]}},"_links":{"self":[{"href":"https:\/\/www.fondazionepirelli.org\/it\/wp-json\/wp\/v2\/posts\/57321\/"}],"collection":[{"href":"https:\/\/www.fondazionepirelli.org\/it\/wp-json\/wp\/v2\/posts\/"}],"about":[{"href":"https:\/\/www.fondazionepirelli.org\/it\/wp-json\/wp\/v2\/types\/post\/"}],"author":[{"embeddable":true,"href":"https:\/\/www.fondazionepirelli.org\/it\/wp-json\/wp\/v2\/users\/1\/"}],"replies":[{"embeddable":true,"href":"https:\/\/www.fondazionepirelli.org\/it\/wp-json\/wp\/v2\/comments\/?post=57321"}],"version-history":[{"count":5,"href":"https:\/\/www.fondazionepirelli.org\/it\/wp-json\/wp\/v2\/posts\/57321\/revisions\/"}],"predecessor-version":[{"id":75294,"href":"https:\/\/www.fondazionepirelli.org\/it\/wp-json\/wp\/v2\/posts\/57321\/revisions\/75294\/"}],"wp:featuredmedia":[{"embeddable":true,"href":"https:\/\/www.fondazionepirelli.org\/it\/wp-json\/wp\/v2\/media\/75292\/"}],"wp:attachment":[{"href":"https:\/\/www.fondazionepirelli.org\/it\/wp-json\/wp\/v2\/media\/?parent=57321"}],"wp:term":[{"taxonomy":"category","embeddable":true,"href":"https:\/\/www.fondazionepirelli.org\/it\/wp-json\/wp\/v2\/categories\/?post=57321"},{"taxonomy":"post_tag","embeddable":true,"href":"https:\/\/www.fondazionepirelli.org\/it\/wp-json\/wp\/v2\/tags\/?post=57321"}],"curies":[{"name":"wp","href":"https:\/\/api.w.org\/{rel}","templated":true}]}}