{"id":57323,"date":"2015-04-13T00:00:00","date_gmt":"2015-04-13T00:00:00","guid":{"rendered":"http:\/\/www.fondazionepirelli.org\/distretti-e-poli-industriali-trainano-la-ripresa-e-la-cultura-della-collaborazione-competitiva\/"},"modified":"2019-10-31T10:34:56","modified_gmt":"2019-10-31T08:34:56","slug":"distretti-e-poli-industriali-trainano-la-ripresa-e-la-cultura-della-collaborazione-competitiva","status":"publish","type":"post","link":"https:\/\/www.fondazionepirelli.org\/it\/cultura-dimpresa\/distretti-e-poli-industriali-trainano-la-ripresa-e-la-cultura-della-collaborazione-competitiva\/","title":{"rendered":"Distretti e poli industriali trainano la ripresa: \u00e8 la cultura della \u201ccollaborazione competitiva\u201d"},"content":{"rendered":"<p>Sono i <strong>distretti industriali<\/strong> a guidare la <strong>ripresa<\/strong> manifatturiera italiana. Crescono, <strong>innovano<\/strong>, conquistano spazi crescenti sui mercati internazionali. E mostrano come il miglioramento della competitivit\u00e0 dell\u2019industria italiana dipenda dalla originale combinazione tra radicamento territoriale (la forza della tradizione per la qualit\u00e0) e sguardo aperto al mondo. Cultura d\u2019impresa d\u2019eccellenza, insomma. Con la solida consapevolezza del significato pi\u00f9 profondo della parola \u201ccompetizione\u201d, da rilanciare facendo buon uso della memoria delle sue origini: il latino \u201ccum petere\u201d, camminare insieme verso un obiettivo comune (ne abbiamo fatto cenno altre volte, in questi nostri blog).<\/p>\n<p>Le stime di crescita dei distretti industriali (la punta pi\u00f9 dinamica dell\u2019industria italiana, con una aumentata capacit\u00e0 di innovazione, non solo per prodotti e produzione, ma anche per servizio), vengono dalle recenti indagini del Centro Studi di Intesa Sanpaolo (febbraio 2015), dicono che l\u2019export \u00e8 cresciuto del 3,5% tra gennaio e sempre 2014, pi\u00f9 che in Germania. E le previsioni sul fatturato sono positive anche per 2015 e 2016. In testa, i distretti del mobile, con una crescita attesa del 4% circa nel 2015 e del 3,7% nel 2016, rispetto a una media generale appena superiore al 3%. Poi, la meccanica, i prodotti in metallo, l\u2019alimentare e il sistema moda. \u201cRicerca e reshoring spingono i distretti\u201d, commenta Il Sole24Ore, insistendo sull\u2019innovazione, ma anche sulla recente tendenza di molte imprese a tornare a produrre in Italia, \u201c<strong>rimpatriando<\/strong>\u201d molte produzioni che nel corso degli anni 80 e 90 del Novecento erano state spostate all\u2019estero. Un \u201creshoring\u201d legato alla pi\u00f9 matura consapevolezza che la competitivit\u00e0 si gioca sull\u2019alta qualit\u00e0, nelle nicchie ad alto valore aggiunto e non pu\u00f2 raggiungere alta qualit\u00e0 se non valorizzando le capacit\u00e0 del cosiddetto \u201cbello e ben fatto\u201d, le competenze della migliore manifattura \u201cmade in Italy\u201d, le sintesi tra design e funzionalit\u00e0.<\/p>\n<p>E\u2019 la lezione che viene anche dalle filiere e dalle piattaforme produttive, una meta-organizzazione tipica dell\u2019industria italiana che trova, appunto nello \u201cstare insieme\u201d, la chiave per superare le angustie e i limiti delle piccole dimensioni e, sulla dinamicit\u00e0 delle relazioni tra piccole e medie imprese specializzate, costruisce le ragioni d\u2019una migliore competitivit\u00e0,<\/p>\n<p>Oltre ai distretti, sempre secondo la ricerca di Intesa Sanpaolo, vanno bene anche tre poli tecnologici (aeronautico, farmaceutico e biomedicale) che sono cresciuti anche negli anni pi\u00f9 duri e seletivi della crisi. Anche per questi poli, vale la pena insistere sulle caratteristiche distintive italiane: \u201ccollaborazione competitiva\u201d, legami con strutture d\u2019eccellenza dei territori (le migliori universit\u00e0, i centri di ricerca pubblici e privati), cross fertilization delle esperienze, intelligente utilizzo del capitale umano.<\/p>\n<p>Nasce anche ad queste considerazioni la necessit\u00e0 di una <strong>politica industriale mirata<\/strong>, costruita cio\u00e8 sul sostegno a ricerca, innovazione, trasferimento tecnologico, formazione, stimolo ai nuovi investimenti, anche internazionali. E supporto alle collaborazioni pure nel mondo dei servizi, dalla logistica alla finanza, dalla distribuzione al miglioramento del capitale umano, anche con solidi innesti manageriali. Dinamismo. E trasformazione.<\/p>\n","protected":false},"excerpt":{"rendered":"<p>Sono i distretti industriali a guidare la ripresa manifatturiera italiana. Crescono, innovano, conquistano spazi crescenti sui mercati internazionali. E mostrano come il miglioramento della competitivit\u00e0 dell\u2019industria italiana dipenda dalla originale combinazione tra radicamento territoriale (la forza della tradizione per la qualit\u00e0) e sguardo aperto al mondo. Cultura d\u2019impresa d\u2019eccellenza, insomma. Con la solida consapevolezza del [&hellip;]<\/p>\n","protected":false},"author":1,"featured_media":57324,"comment_status":"open","ping_status":"open","sticky":false,"template":"","format":"standard","meta":{"footnotes":""},"categories":[53,52],"tags":[],"class_list":["post-57323","post","type-post","status-publish","format-standard","has-post-thumbnail","hentry","category-blog","category-cultura-dimpresa"],"acf":[],"yoast_head":"<!-- This site is optimized with the Yoast SEO plugin v25.0 - https:\/\/yoast.com\/wordpress\/plugins\/seo\/ -->\n<title>Distretti e poli industriali trainano la ripresa: \u00e8 la cultura della \u201ccollaborazione competitiva\u201d - Fondazione Pirelli<\/title>\n<meta name=\"robots\" content=\"index, follow, max-snippet:-1, max-image-preview:large, max-video-preview:-1\" \/>\n<link rel=\"canonical\" href=\"https:\/\/www.fondazionepirelli.org\/it\/cultura-dimpresa\/distretti-e-poli-industriali-trainano-la-ripresa-e-la-cultura-della-collaborazione-competitiva\/\" \/>\n<meta property=\"og:locale\" content=\"it_IT\" \/>\n<meta property=\"og:type\" content=\"article\" \/>\n<meta property=\"og:title\" content=\"Distretti e poli industriali trainano la ripresa: \u00e8 la cultura della \u201ccollaborazione competitiva\u201d - Fondazione Pirelli\" \/>\n<meta property=\"og:description\" content=\"Sono i distretti industriali a guidare la ripresa manifatturiera italiana. Crescono, innovano, conquistano spazi crescenti sui mercati internazionali. E mostrano come il miglioramento della competitivit\u00e0 dell\u2019industria italiana dipenda dalla originale combinazione tra radicamento territoriale (la forza della tradizione per la qualit\u00e0) e sguardo aperto al mondo. Cultura d\u2019impresa d\u2019eccellenza, insomma. Con la solida consapevolezza del [&hellip;]\" \/>\n<meta property=\"og:url\" content=\"https:\/\/127.0.0.1\/it\/cultura-dimpresa\/distretti-e-poli-industriali-trainano-la-ripresa-e-la-cultura-della-collaborazione-competitiva\/\" \/>\n<meta property=\"og:site_name\" content=\"Fondazione Pirelli\" \/>\n<meta property=\"article:published_time\" content=\"2015-04-13T00:00:00+00:00\" \/>\n<meta property=\"article:modified_time\" content=\"2019-10-31T08:34:56+00:00\" \/>\n<meta property=\"og:image\" content=\"https:\/\/wpsite-assets.fondazionepirelli.org\/wp-content\/uploads\/2019\/06\/03231948\/1428998162703677768.jpg\" \/>\n\t<meta property=\"og:image:width\" content=\"249\" \/>\n\t<meta property=\"og:image:height\" content=\"375\" \/>\n\t<meta property=\"og:image:type\" content=\"image\/jpeg\" \/>\n<meta name=\"author\" content=\"fondadmin\" \/>\n<meta name=\"twitter:card\" content=\"summary_large_image\" \/>\n<meta name=\"twitter:label1\" content=\"Scritto da\" \/>\n\t<meta name=\"twitter:data1\" content=\"fondadmin\" \/>\n\t<meta name=\"twitter:label2\" content=\"Tempo di lettura stimato\" \/>\n\t<meta name=\"twitter:data2\" content=\"2 minuti\" \/>\n<script type=\"application\/ld+json\" class=\"yoast-schema-graph\">{\"@context\":\"https:\/\/schema.org\",\"@graph\":[{\"@type\":\"WebPage\",\"@id\":\"https:\/\/127.0.0.1\/it\/cultura-dimpresa\/distretti-e-poli-industriali-trainano-la-ripresa-e-la-cultura-della-collaborazione-competitiva\/\",\"url\":\"https:\/\/127.0.0.1\/it\/cultura-dimpresa\/distretti-e-poli-industriali-trainano-la-ripresa-e-la-cultura-della-collaborazione-competitiva\/\",\"name\":\"Distretti e poli industriali trainano la ripresa: \u00e8 la cultura della \u201ccollaborazione competitiva\u201d - Fondazione Pirelli\",\"isPartOf\":{\"@id\":\"https:\/\/www.fondazionepirelli.org\/it\/#website\"},\"primaryImageOfPage\":{\"@id\":\"https:\/\/127.0.0.1\/it\/cultura-dimpresa\/distretti-e-poli-industriali-trainano-la-ripresa-e-la-cultura-della-collaborazione-competitiva\/#primaryimage\"},\"image\":{\"@id\":\"https:\/\/127.0.0.1\/it\/cultura-dimpresa\/distretti-e-poli-industriali-trainano-la-ripresa-e-la-cultura-della-collaborazione-competitiva\/#primaryimage\"},\"thumbnailUrl\":\"https:\/\/wpsite-assets.fondazionepirelli.org\/wp-content\/uploads\/2019\/06\/03231948\/1428998162703677768.jpg\",\"datePublished\":\"2015-04-13T00:00:00+00:00\",\"dateModified\":\"2019-10-31T08:34:56+00:00\",\"author\":{\"@id\":\"https:\/\/www.fondazionepirelli.org\/it\/#\/schema\/person\/f47d097000832c4a6e54538c791fdf25\"},\"breadcrumb\":{\"@id\":\"https:\/\/127.0.0.1\/it\/cultura-dimpresa\/distretti-e-poli-industriali-trainano-la-ripresa-e-la-cultura-della-collaborazione-competitiva\/#breadcrumb\"},\"inLanguage\":\"it-IT\",\"potentialAction\":[{\"@type\":\"ReadAction\",\"target\":[\"https:\/\/127.0.0.1\/it\/cultura-dimpresa\/distretti-e-poli-industriali-trainano-la-ripresa-e-la-cultura-della-collaborazione-competitiva\/\"]}]},{\"@type\":\"ImageObject\",\"inLanguage\":\"it-IT\",\"@id\":\"https:\/\/127.0.0.1\/it\/cultura-dimpresa\/distretti-e-poli-industriali-trainano-la-ripresa-e-la-cultura-della-collaborazione-competitiva\/#primaryimage\",\"url\":\"https:\/\/wpsite-assets.fondazionepirelli.org\/wp-content\/uploads\/2019\/06\/03231948\/1428998162703677768.jpg\",\"contentUrl\":\"https:\/\/wpsite-assets.fondazionepirelli.org\/wp-content\/uploads\/2019\/06\/03231948\/1428998162703677768.jpg\",\"width\":249,\"height\":375},{\"@type\":\"BreadcrumbList\",\"@id\":\"https:\/\/127.0.0.1\/it\/cultura-dimpresa\/distretti-e-poli-industriali-trainano-la-ripresa-e-la-cultura-della-collaborazione-competitiva\/#breadcrumb\",\"itemListElement\":[{\"@type\":\"ListItem\",\"position\":1,\"name\":\"Home\",\"item\":\"https:\/\/www.fondazionepirelli.org\/it\/\"},{\"@type\":\"ListItem\",\"position\":2,\"name\":\"Distretti e poli industriali trainano la ripresa: \u00e8 la cultura della \u201ccollaborazione competitiva\u201d\"}]},{\"@type\":\"WebSite\",\"@id\":\"https:\/\/www.fondazionepirelli.org\/it\/#website\",\"url\":\"https:\/\/www.fondazionepirelli.org\/it\/\",\"name\":\"Fondazione Pirelli\",\"description\":\"\",\"potentialAction\":[{\"@type\":\"SearchAction\",\"target\":{\"@type\":\"EntryPoint\",\"urlTemplate\":\"https:\/\/www.fondazionepirelli.org\/it\/?s={search_term_string}\"},\"query-input\":{\"@type\":\"PropertyValueSpecification\",\"valueRequired\":true,\"valueName\":\"search_term_string\"}}],\"inLanguage\":\"it-IT\"},{\"@type\":\"Person\",\"@id\":\"https:\/\/www.fondazionepirelli.org\/it\/#\/schema\/person\/f47d097000832c4a6e54538c791fdf25\",\"name\":\"fondadmin\",\"image\":{\"@type\":\"ImageObject\",\"inLanguage\":\"it-IT\",\"@id\":\"https:\/\/www.fondazionepirelli.org\/it\/#\/schema\/person\/image\/\",\"url\":\"https:\/\/secure.gravatar.com\/avatar\/e69498a9175ca244966e51e53c88712c024fcebe41f9a05f75657f1bb25e489b?s=96&d=mm&r=g\",\"contentUrl\":\"https:\/\/secure.gravatar.com\/avatar\/e69498a9175ca244966e51e53c88712c024fcebe41f9a05f75657f1bb25e489b?s=96&d=mm&r=g\",\"caption\":\"fondadmin\"},\"url\":\"https:\/\/www.fondazionepirelli.org\/it\/author\/fondadmin\/\"}]}<\/script>\n<!-- \/ Yoast SEO plugin. -->","yoast_head_json":{"title":"Distretti e poli industriali trainano la ripresa: \u00e8 la cultura della \u201ccollaborazione competitiva\u201d - Fondazione Pirelli","robots":{"index":"index","follow":"follow","max-snippet":"max-snippet:-1","max-image-preview":"max-image-preview:large","max-video-preview":"max-video-preview:-1"},"canonical":"https:\/\/www.fondazionepirelli.org\/it\/cultura-dimpresa\/distretti-e-poli-industriali-trainano-la-ripresa-e-la-cultura-della-collaborazione-competitiva\/","og_locale":"it_IT","og_type":"article","og_title":"Distretti e poli industriali trainano la ripresa: \u00e8 la cultura della \u201ccollaborazione competitiva\u201d - Fondazione Pirelli","og_description":"Sono i distretti industriali a guidare la ripresa manifatturiera italiana. Crescono, innovano, conquistano spazi crescenti sui mercati internazionali. E mostrano come il miglioramento della competitivit\u00e0 dell\u2019industria italiana dipenda dalla originale combinazione tra radicamento territoriale (la forza della tradizione per la qualit\u00e0) e sguardo aperto al mondo. Cultura d\u2019impresa d\u2019eccellenza, insomma. Con la solida consapevolezza del [&hellip;]","og_url":"https:\/\/127.0.0.1\/it\/cultura-dimpresa\/distretti-e-poli-industriali-trainano-la-ripresa-e-la-cultura-della-collaborazione-competitiva\/","og_site_name":"Fondazione Pirelli","article_published_time":"2015-04-13T00:00:00+00:00","article_modified_time":"2019-10-31T08:34:56+00:00","og_image":[{"width":249,"height":375,"url":"https:\/\/wpsite-assets.fondazionepirelli.org\/wp-content\/uploads\/2019\/06\/03231948\/1428998162703677768.jpg","type":"image\/jpeg"}],"author":"fondadmin","twitter_card":"summary_large_image","twitter_misc":{"Scritto da":"fondadmin","Tempo di lettura stimato":"2 minuti"},"schema":{"@context":"https:\/\/schema.org","@graph":[{"@type":"WebPage","@id":"https:\/\/127.0.0.1\/it\/cultura-dimpresa\/distretti-e-poli-industriali-trainano-la-ripresa-e-la-cultura-della-collaborazione-competitiva\/","url":"https:\/\/127.0.0.1\/it\/cultura-dimpresa\/distretti-e-poli-industriali-trainano-la-ripresa-e-la-cultura-della-collaborazione-competitiva\/","name":"Distretti e poli industriali trainano la ripresa: \u00e8 la cultura della \u201ccollaborazione competitiva\u201d - Fondazione Pirelli","isPartOf":{"@id":"https:\/\/www.fondazionepirelli.org\/it\/#website"},"primaryImageOfPage":{"@id":"https:\/\/127.0.0.1\/it\/cultura-dimpresa\/distretti-e-poli-industriali-trainano-la-ripresa-e-la-cultura-della-collaborazione-competitiva\/#primaryimage"},"image":{"@id":"https:\/\/127.0.0.1\/it\/cultura-dimpresa\/distretti-e-poli-industriali-trainano-la-ripresa-e-la-cultura-della-collaborazione-competitiva\/#primaryimage"},"thumbnailUrl":"https:\/\/wpsite-assets.fondazionepirelli.org\/wp-content\/uploads\/2019\/06\/03231948\/1428998162703677768.jpg","datePublished":"2015-04-13T00:00:00+00:00","dateModified":"2019-10-31T08:34:56+00:00","author":{"@id":"https:\/\/www.fondazionepirelli.org\/it\/#\/schema\/person\/f47d097000832c4a6e54538c791fdf25"},"breadcrumb":{"@id":"https:\/\/127.0.0.1\/it\/cultura-dimpresa\/distretti-e-poli-industriali-trainano-la-ripresa-e-la-cultura-della-collaborazione-competitiva\/#breadcrumb"},"inLanguage":"it-IT","potentialAction":[{"@type":"ReadAction","target":["https:\/\/127.0.0.1\/it\/cultura-dimpresa\/distretti-e-poli-industriali-trainano-la-ripresa-e-la-cultura-della-collaborazione-competitiva\/"]}]},{"@type":"ImageObject","inLanguage":"it-IT","@id":"https:\/\/127.0.0.1\/it\/cultura-dimpresa\/distretti-e-poli-industriali-trainano-la-ripresa-e-la-cultura-della-collaborazione-competitiva\/#primaryimage","url":"https:\/\/wpsite-assets.fondazionepirelli.org\/wp-content\/uploads\/2019\/06\/03231948\/1428998162703677768.jpg","contentUrl":"https:\/\/wpsite-assets.fondazionepirelli.org\/wp-content\/uploads\/2019\/06\/03231948\/1428998162703677768.jpg","width":249,"height":375},{"@type":"BreadcrumbList","@id":"https:\/\/127.0.0.1\/it\/cultura-dimpresa\/distretti-e-poli-industriali-trainano-la-ripresa-e-la-cultura-della-collaborazione-competitiva\/#breadcrumb","itemListElement":[{"@type":"ListItem","position":1,"name":"Home","item":"https:\/\/www.fondazionepirelli.org\/it\/"},{"@type":"ListItem","position":2,"name":"Distretti e poli industriali trainano la ripresa: \u00e8 la cultura della \u201ccollaborazione competitiva\u201d"}]},{"@type":"WebSite","@id":"https:\/\/www.fondazionepirelli.org\/it\/#website","url":"https:\/\/www.fondazionepirelli.org\/it\/","name":"Fondazione Pirelli","description":"","potentialAction":[{"@type":"SearchAction","target":{"@type":"EntryPoint","urlTemplate":"https:\/\/www.fondazionepirelli.org\/it\/?s={search_term_string}"},"query-input":{"@type":"PropertyValueSpecification","valueRequired":true,"valueName":"search_term_string"}}],"inLanguage":"it-IT"},{"@type":"Person","@id":"https:\/\/www.fondazionepirelli.org\/it\/#\/schema\/person\/f47d097000832c4a6e54538c791fdf25","name":"fondadmin","image":{"@type":"ImageObject","inLanguage":"it-IT","@id":"https:\/\/www.fondazionepirelli.org\/it\/#\/schema\/person\/image\/","url":"https:\/\/secure.gravatar.com\/avatar\/e69498a9175ca244966e51e53c88712c024fcebe41f9a05f75657f1bb25e489b?s=96&d=mm&r=g","contentUrl":"https:\/\/secure.gravatar.com\/avatar\/e69498a9175ca244966e51e53c88712c024fcebe41f9a05f75657f1bb25e489b?s=96&d=mm&r=g","caption":"fondadmin"},"url":"https:\/\/www.fondazionepirelli.org\/it\/author\/fondadmin\/"}]}},"_links":{"self":[{"href":"https:\/\/www.fondazionepirelli.org\/it\/wp-json\/wp\/v2\/posts\/57323\/"}],"collection":[{"href":"https:\/\/www.fondazionepirelli.org\/it\/wp-json\/wp\/v2\/posts\/"}],"about":[{"href":"https:\/\/www.fondazionepirelli.org\/it\/wp-json\/wp\/v2\/types\/post\/"}],"author":[{"embeddable":true,"href":"https:\/\/www.fondazionepirelli.org\/it\/wp-json\/wp\/v2\/users\/1\/"}],"replies":[{"embeddable":true,"href":"https:\/\/www.fondazionepirelli.org\/it\/wp-json\/wp\/v2\/comments\/?post=57323"}],"version-history":[{"count":2,"href":"https:\/\/www.fondazionepirelli.org\/it\/wp-json\/wp\/v2\/posts\/57323\/revisions\/"}],"predecessor-version":[{"id":71161,"href":"https:\/\/www.fondazionepirelli.org\/it\/wp-json\/wp\/v2\/posts\/57323\/revisions\/71161\/"}],"wp:featuredmedia":[{"embeddable":true,"href":"https:\/\/www.fondazionepirelli.org\/it\/wp-json\/wp\/v2\/media\/57324\/"}],"wp:attachment":[{"href":"https:\/\/www.fondazionepirelli.org\/it\/wp-json\/wp\/v2\/media\/?parent=57323"}],"wp:term":[{"taxonomy":"category","embeddable":true,"href":"https:\/\/www.fondazionepirelli.org\/it\/wp-json\/wp\/v2\/categories\/?post=57323"},{"taxonomy":"post_tag","embeddable":true,"href":"https:\/\/www.fondazionepirelli.org\/it\/wp-json\/wp\/v2\/tags\/?post=57323"}],"curies":[{"name":"wp","href":"https:\/\/api.w.org\/{rel}","templated":true}]}}