{"id":57325,"date":"2015-04-20T00:00:00","date_gmt":"2015-04-20T00:00:00","guid":{"rendered":"http:\/\/www.fondazionepirelli.org\/il-capitale-territoriale-del-centro-nord-vale-quello-tedesco-ma-senza-industria-il-mezzogiorno-aggrava-il-degrado-verso-la-grecia\/"},"modified":"2019-10-31T10:33:56","modified_gmt":"2019-10-31T08:33:56","slug":"il-capitale-territoriale-del-centro-nord-vale-quello-tedesco-ma-senza-industria-il-mezzogiorno-aggrava-il-degrado-verso-la-grecia","status":"publish","type":"post","link":"https:\/\/www.fondazionepirelli.org\/it\/cultura-dimpresa\/il-capitale-territoriale-del-centro-nord-vale-quello-tedesco-ma-senza-industria-il-mezzogiorno-aggrava-il-degrado-verso-la-grecia\/","title":{"rendered":"Il \u201ccapitale territoriale\u201d del Centro Nord vale quello tedesco, ma senza industria il Mezzogiorno aggrava il degrado verso la Grecia"},"content":{"rendered":"<p>Dici Europa, come un tutt\u2019uno, un grande spazio politico ed economico con scambi aperti, regole comuni, un\u2019unica moneta. Ma poi guardi meglio alle sue diverse aree, al di l\u00e0 dei confini nazionali, e scopri tante, forse troppe differenze economiche e sociali. Lo rileva, tra gli altri, <strong>Aldo Bonomi<\/strong>, in un recente \u201c<strong>Microcosmo<\/strong>\u201d su \u201cIl Sole24Ore\u201d, scrivendo che \u201cil capitale territoriale del Centro Nord italiano vale quello tedesco\u201d, mentre invece \u201cil Mezzogiorno si avvicina alla Grecia\u201d. <strong>Divari crescenti<\/strong>. Che pongono sempre maggiori problemi non solo economici, ma anche di coesione sociale, di fiducia e, perch\u00e9 no? di tenuta delle stesse prospettive di solida e ben vissuta democrazia.<\/p>\n<p>Cos\u2019\u00e8 il \u201c<strong>capitale territoriale<\/strong>\u201d? Il concetto, introdotto dall\u2019Ocse, riguarda tutti gli elementi che formano la ricchezza di un territorio, con una visione pi\u00f9 ampia del Pil e cio\u00e8, ricorda Bonomi, \u201cl\u2019homo faber, le imprese, il <strong>capitale produttivo<\/strong>, la <strong>produttivit\u00e0 del lavoro nell\u2019industria<\/strong>\u201d, i livelli e la qualit\u00e0 della formazione, il tasso di occupazione femminile, il capitale umano e il capitale sociale, cio\u00e8. La sua analisi mostra \u201cun\u2019interessante geografia territoriale dell\u2019Europa dell\u2019euro\u201d: in cima, la Germania, in mezzo la Francia, in coda Portogallo, Italia, Spagna e Grecia, il Mediterraneo, cio\u00e8. Ma, ecco il dato rilevante, Lombardia ed Emilia Romagna tengono il passo con la Germania, il Sud italiano invece sprofonda: \u201cAppaiono due Italie, una tedesca e una greca\u201d, una dell\u2019industria e dei servizi innovativi, delle buone universit\u00e0 e dei collegamenti con il cuore pi\u00f9 attivo dell\u2019Europa, l\u2019altra sempre pi\u00f9 marginale, desolata.<\/p>\n<p>Sono dimensioni gi\u00e0 note, in gran parte. Lo documentano da tempo le statistiche sulla \u201cqualit\u00e0 della vita\u201d nelle province italiane, pubblicate ogni anno da \u201cIl Sole24Ore\u201d, che vedono in testa le aree pi\u00f9 industrializzate del Centro Nord (industria, ricchezza, benessere\u2026) ma anche le \u201cMappe del tesoro\u201d elaborate da Roberto Cartocci, politologo dell\u2019Universit\u00e0 di Bologna (suo un interessante \u201cAtlante del capitale sociale\u201d pubblicato da Il Mulino nel 2007) che mostrano le relazioni tra dinamismo economico legato all\u2019industria, coesione sociale e diffusione della partecipazione e delle \u201cvirt\u00f9 civiche\u201d) o, ancora, le indagini di Symbola sulla relazione positiva tra territori produttivi del \u201cbello e ben fatto\u201d e benessere diffuso. In sintesi: alla dinamicit\u00e0 del tessuto economico delle imprese manifatturiere corrisponde un alto livello dei redditi e della qualit\u00e0 della vita, ma anche un\u2019importante consapevolezza della responsabilit\u00e0 dell\u2019essere un protagonista sociale attivo, un imprenditore, un lavoratore qualificato e apprezzato, un ricercatore, un cittadino conscio del legame tra cultura, industria, sviluppo, cittadinanza (ne abbiamo parlato molte volte, in questo blog, negli ultimi anni).<\/p>\n<p>Adesso le analisi di Bonomi aggiungono nuove considerazioni. Ponendo questioni economiche, legate alle scelte di politica industriale Ue. Ma anche questioni sociali (lavorare con politiche territoriali europee di coesione). Sfide agli Stati nazione (usare bene i fondi Ue, che l\u2019Italia utilizza poco e male e soprattutto le regioni del Sud ignorano o sprecano; ma anche riformare per tagliare radicalmente la spesa pubblica improduttiva e clientelare e investire massicciamente su industria, ricerca, formazione). E appelli all\u2019imprenditorialit\u00e0, anche nel Mezzogiorno. Senza impresa, infatti, senza buona cultura d\u2019impresa, non ci sono n\u00e9 ricchezza, n\u00e9 lavoro, n\u00e9 crescita economica e sociale. E il capitale territoriale del Sud non pu\u00f2 che continuare a degradarsi.<\/p>","protected":false},"excerpt":{"rendered":"<p>Dici Europa, come un tutt\u2019uno, un grande spazio politico ed economico con scambi aperti, regole comuni, un\u2019unica moneta. Ma poi guardi meglio alle sue diverse aree, al di l\u00e0 dei confini nazionali, e scopri tante, forse troppe differenze economiche e sociali. Lo rileva, tra gli altri, Aldo Bonomi, in un recente \u201cMicrocosmo\u201d su \u201cIl Sole24Ore\u201d, [&hellip;]<\/p>\n","protected":false},"author":1,"featured_media":57326,"comment_status":"open","ping_status":"open","sticky":false,"template":"","format":"standard","meta":{"footnotes":""},"categories":[53,52],"tags":[],"class_list":["post-57325","post","type-post","status-publish","format-standard","has-post-thumbnail","hentry","category-blog","category-cultura-dimpresa"],"acf":[],"yoast_head":"<!-- This site is optimized with the Yoast SEO plugin v25.0 - https:\/\/yoast.com\/wordpress\/plugins\/seo\/ -->\n<title>Il \u201ccapitale territoriale\u201d del Centro Nord vale quello tedesco, ma senza industria il Mezzogiorno aggrava il degrado verso la Grecia - Fondazione Pirelli<\/title>\n<meta name=\"robots\" content=\"index, follow, max-snippet:-1, max-image-preview:large, max-video-preview:-1\" \/>\n<link rel=\"canonical\" href=\"https:\/\/www.fondazionepirelli.org\/it\/cultura-dimpresa\/il-capitale-territoriale-del-centro-nord-vale-quello-tedesco-ma-senza-industria-il-mezzogiorno-aggrava-il-degrado-verso-la-grecia\/\" \/>\n<meta property=\"og:locale\" content=\"it_IT\" \/>\n<meta property=\"og:type\" content=\"article\" \/>\n<meta property=\"og:title\" content=\"Il \u201ccapitale territoriale\u201d del Centro Nord vale quello tedesco, ma senza industria il Mezzogiorno aggrava il degrado verso la Grecia - Fondazione Pirelli\" \/>\n<meta property=\"og:description\" content=\"Dici Europa, come un tutt\u2019uno, un grande spazio politico ed economico con scambi aperti, regole comuni, un\u2019unica moneta. Ma poi guardi meglio alle sue diverse aree, al di l\u00e0 dei confini nazionali, e scopri tante, forse troppe differenze economiche e sociali. Lo rileva, tra gli altri, Aldo Bonomi, in un recente \u201cMicrocosmo\u201d su \u201cIl Sole24Ore\u201d, [&hellip;]\" \/>\n<meta property=\"og:url\" content=\"https:\/\/127.0.0.1\/it\/cultura-dimpresa\/il-capitale-territoriale-del-centro-nord-vale-quello-tedesco-ma-senza-industria-il-mezzogiorno-aggrava-il-degrado-verso-la-grecia\/\" \/>\n<meta property=\"og:site_name\" content=\"Fondazione Pirelli\" \/>\n<meta property=\"article:published_time\" content=\"2015-04-20T00:00:00+00:00\" \/>\n<meta property=\"article:modified_time\" content=\"2019-10-31T08:33:56+00:00\" \/>\n<meta property=\"og:image\" content=\"https:\/\/wpsite-assets.fondazionepirelli.org\/wp-content\/uploads\/2019\/06\/03231949\/1429598245433606600.jpg\" \/>\n\t<meta property=\"og:image:width\" content=\"249\" \/>\n\t<meta property=\"og:image:height\" content=\"375\" \/>\n\t<meta property=\"og:image:type\" content=\"image\/jpeg\" \/>\n<meta name=\"author\" content=\"fondadmin\" \/>\n<meta name=\"twitter:card\" content=\"summary_large_image\" \/>\n<meta name=\"twitter:label1\" content=\"Scritto da\" \/>\n\t<meta name=\"twitter:data1\" content=\"fondadmin\" \/>\n\t<meta name=\"twitter:label2\" content=\"Tempo di lettura stimato\" \/>\n\t<meta name=\"twitter:data2\" content=\"3 minuti\" \/>\n<script type=\"application\/ld+json\" class=\"yoast-schema-graph\">{\"@context\":\"https:\/\/schema.org\",\"@graph\":[{\"@type\":\"WebPage\",\"@id\":\"https:\/\/127.0.0.1\/it\/cultura-dimpresa\/il-capitale-territoriale-del-centro-nord-vale-quello-tedesco-ma-senza-industria-il-mezzogiorno-aggrava-il-degrado-verso-la-grecia\/\",\"url\":\"https:\/\/127.0.0.1\/it\/cultura-dimpresa\/il-capitale-territoriale-del-centro-nord-vale-quello-tedesco-ma-senza-industria-il-mezzogiorno-aggrava-il-degrado-verso-la-grecia\/\",\"name\":\"Il \u201ccapitale territoriale\u201d del Centro Nord vale quello tedesco, ma senza industria il Mezzogiorno aggrava il degrado verso la Grecia - Fondazione Pirelli\",\"isPartOf\":{\"@id\":\"https:\/\/www.fondazionepirelli.org\/it\/#website\"},\"primaryImageOfPage\":{\"@id\":\"https:\/\/127.0.0.1\/it\/cultura-dimpresa\/il-capitale-territoriale-del-centro-nord-vale-quello-tedesco-ma-senza-industria-il-mezzogiorno-aggrava-il-degrado-verso-la-grecia\/#primaryimage\"},\"image\":{\"@id\":\"https:\/\/127.0.0.1\/it\/cultura-dimpresa\/il-capitale-territoriale-del-centro-nord-vale-quello-tedesco-ma-senza-industria-il-mezzogiorno-aggrava-il-degrado-verso-la-grecia\/#primaryimage\"},\"thumbnailUrl\":\"https:\/\/wpsite-assets.fondazionepirelli.org\/wp-content\/uploads\/2019\/06\/03231949\/1429598245433606600.jpg\",\"datePublished\":\"2015-04-20T00:00:00+00:00\",\"dateModified\":\"2019-10-31T08:33:56+00:00\",\"author\":{\"@id\":\"https:\/\/www.fondazionepirelli.org\/it\/#\/schema\/person\/f47d097000832c4a6e54538c791fdf25\"},\"breadcrumb\":{\"@id\":\"https:\/\/127.0.0.1\/it\/cultura-dimpresa\/il-capitale-territoriale-del-centro-nord-vale-quello-tedesco-ma-senza-industria-il-mezzogiorno-aggrava-il-degrado-verso-la-grecia\/#breadcrumb\"},\"inLanguage\":\"it-IT\",\"potentialAction\":[{\"@type\":\"ReadAction\",\"target\":[\"https:\/\/127.0.0.1\/it\/cultura-dimpresa\/il-capitale-territoriale-del-centro-nord-vale-quello-tedesco-ma-senza-industria-il-mezzogiorno-aggrava-il-degrado-verso-la-grecia\/\"]}]},{\"@type\":\"ImageObject\",\"inLanguage\":\"it-IT\",\"@id\":\"https:\/\/127.0.0.1\/it\/cultura-dimpresa\/il-capitale-territoriale-del-centro-nord-vale-quello-tedesco-ma-senza-industria-il-mezzogiorno-aggrava-il-degrado-verso-la-grecia\/#primaryimage\",\"url\":\"https:\/\/wpsite-assets.fondazionepirelli.org\/wp-content\/uploads\/2019\/06\/03231949\/1429598245433606600.jpg\",\"contentUrl\":\"https:\/\/wpsite-assets.fondazionepirelli.org\/wp-content\/uploads\/2019\/06\/03231949\/1429598245433606600.jpg\",\"width\":249,\"height\":375},{\"@type\":\"BreadcrumbList\",\"@id\":\"https:\/\/127.0.0.1\/it\/cultura-dimpresa\/il-capitale-territoriale-del-centro-nord-vale-quello-tedesco-ma-senza-industria-il-mezzogiorno-aggrava-il-degrado-verso-la-grecia\/#breadcrumb\",\"itemListElement\":[{\"@type\":\"ListItem\",\"position\":1,\"name\":\"Home\",\"item\":\"https:\/\/www.fondazionepirelli.org\/it\/\"},{\"@type\":\"ListItem\",\"position\":2,\"name\":\"Il \u201ccapitale territoriale\u201d del Centro Nord vale quello tedesco, ma senza industria il Mezzogiorno aggrava il degrado verso la Grecia\"}]},{\"@type\":\"WebSite\",\"@id\":\"https:\/\/www.fondazionepirelli.org\/it\/#website\",\"url\":\"https:\/\/www.fondazionepirelli.org\/it\/\",\"name\":\"Fondazione Pirelli\",\"description\":\"\",\"potentialAction\":[{\"@type\":\"SearchAction\",\"target\":{\"@type\":\"EntryPoint\",\"urlTemplate\":\"https:\/\/www.fondazionepirelli.org\/it\/?s={search_term_string}\"},\"query-input\":{\"@type\":\"PropertyValueSpecification\",\"valueRequired\":true,\"valueName\":\"search_term_string\"}}],\"inLanguage\":\"it-IT\"},{\"@type\":\"Person\",\"@id\":\"https:\/\/www.fondazionepirelli.org\/it\/#\/schema\/person\/f47d097000832c4a6e54538c791fdf25\",\"name\":\"fondadmin\",\"image\":{\"@type\":\"ImageObject\",\"inLanguage\":\"it-IT\",\"@id\":\"https:\/\/www.fondazionepirelli.org\/it\/#\/schema\/person\/image\/\",\"url\":\"https:\/\/secure.gravatar.com\/avatar\/e69498a9175ca244966e51e53c88712c024fcebe41f9a05f75657f1bb25e489b?s=96&d=mm&r=g\",\"contentUrl\":\"https:\/\/secure.gravatar.com\/avatar\/e69498a9175ca244966e51e53c88712c024fcebe41f9a05f75657f1bb25e489b?s=96&d=mm&r=g\",\"caption\":\"fondadmin\"},\"url\":\"https:\/\/www.fondazionepirelli.org\/it\/author\/fondadmin\/\"}]}<\/script>\n<!-- \/ Yoast SEO plugin. -->","yoast_head_json":{"title":"Il \u201ccapitale territoriale\u201d del Centro Nord vale quello tedesco, ma senza industria il Mezzogiorno aggrava il degrado verso la Grecia - Fondazione Pirelli","robots":{"index":"index","follow":"follow","max-snippet":"max-snippet:-1","max-image-preview":"max-image-preview:large","max-video-preview":"max-video-preview:-1"},"canonical":"https:\/\/www.fondazionepirelli.org\/it\/cultura-dimpresa\/il-capitale-territoriale-del-centro-nord-vale-quello-tedesco-ma-senza-industria-il-mezzogiorno-aggrava-il-degrado-verso-la-grecia\/","og_locale":"it_IT","og_type":"article","og_title":"Il \u201ccapitale territoriale\u201d del Centro Nord vale quello tedesco, ma senza industria il Mezzogiorno aggrava il degrado verso la Grecia - Fondazione Pirelli","og_description":"Dici Europa, come un tutt\u2019uno, un grande spazio politico ed economico con scambi aperti, regole comuni, un\u2019unica moneta. Ma poi guardi meglio alle sue diverse aree, al di l\u00e0 dei confini nazionali, e scopri tante, forse troppe differenze economiche e sociali. Lo rileva, tra gli altri, Aldo Bonomi, in un recente \u201cMicrocosmo\u201d su \u201cIl Sole24Ore\u201d, [&hellip;]","og_url":"https:\/\/127.0.0.1\/it\/cultura-dimpresa\/il-capitale-territoriale-del-centro-nord-vale-quello-tedesco-ma-senza-industria-il-mezzogiorno-aggrava-il-degrado-verso-la-grecia\/","og_site_name":"Fondazione Pirelli","article_published_time":"2015-04-20T00:00:00+00:00","article_modified_time":"2019-10-31T08:33:56+00:00","og_image":[{"width":249,"height":375,"url":"https:\/\/wpsite-assets.fondazionepirelli.org\/wp-content\/uploads\/2019\/06\/03231949\/1429598245433606600.jpg","type":"image\/jpeg"}],"author":"fondadmin","twitter_card":"summary_large_image","twitter_misc":{"Scritto da":"fondadmin","Tempo di lettura stimato":"3 minuti"},"schema":{"@context":"https:\/\/schema.org","@graph":[{"@type":"WebPage","@id":"https:\/\/127.0.0.1\/it\/cultura-dimpresa\/il-capitale-territoriale-del-centro-nord-vale-quello-tedesco-ma-senza-industria-il-mezzogiorno-aggrava-il-degrado-verso-la-grecia\/","url":"https:\/\/127.0.0.1\/it\/cultura-dimpresa\/il-capitale-territoriale-del-centro-nord-vale-quello-tedesco-ma-senza-industria-il-mezzogiorno-aggrava-il-degrado-verso-la-grecia\/","name":"Il \u201ccapitale territoriale\u201d del Centro Nord vale quello tedesco, ma senza industria il Mezzogiorno aggrava il degrado verso la Grecia - Fondazione Pirelli","isPartOf":{"@id":"https:\/\/www.fondazionepirelli.org\/it\/#website"},"primaryImageOfPage":{"@id":"https:\/\/127.0.0.1\/it\/cultura-dimpresa\/il-capitale-territoriale-del-centro-nord-vale-quello-tedesco-ma-senza-industria-il-mezzogiorno-aggrava-il-degrado-verso-la-grecia\/#primaryimage"},"image":{"@id":"https:\/\/127.0.0.1\/it\/cultura-dimpresa\/il-capitale-territoriale-del-centro-nord-vale-quello-tedesco-ma-senza-industria-il-mezzogiorno-aggrava-il-degrado-verso-la-grecia\/#primaryimage"},"thumbnailUrl":"https:\/\/wpsite-assets.fondazionepirelli.org\/wp-content\/uploads\/2019\/06\/03231949\/1429598245433606600.jpg","datePublished":"2015-04-20T00:00:00+00:00","dateModified":"2019-10-31T08:33:56+00:00","author":{"@id":"https:\/\/www.fondazionepirelli.org\/it\/#\/schema\/person\/f47d097000832c4a6e54538c791fdf25"},"breadcrumb":{"@id":"https:\/\/127.0.0.1\/it\/cultura-dimpresa\/il-capitale-territoriale-del-centro-nord-vale-quello-tedesco-ma-senza-industria-il-mezzogiorno-aggrava-il-degrado-verso-la-grecia\/#breadcrumb"},"inLanguage":"it-IT","potentialAction":[{"@type":"ReadAction","target":["https:\/\/127.0.0.1\/it\/cultura-dimpresa\/il-capitale-territoriale-del-centro-nord-vale-quello-tedesco-ma-senza-industria-il-mezzogiorno-aggrava-il-degrado-verso-la-grecia\/"]}]},{"@type":"ImageObject","inLanguage":"it-IT","@id":"https:\/\/127.0.0.1\/it\/cultura-dimpresa\/il-capitale-territoriale-del-centro-nord-vale-quello-tedesco-ma-senza-industria-il-mezzogiorno-aggrava-il-degrado-verso-la-grecia\/#primaryimage","url":"https:\/\/wpsite-assets.fondazionepirelli.org\/wp-content\/uploads\/2019\/06\/03231949\/1429598245433606600.jpg","contentUrl":"https:\/\/wpsite-assets.fondazionepirelli.org\/wp-content\/uploads\/2019\/06\/03231949\/1429598245433606600.jpg","width":249,"height":375},{"@type":"BreadcrumbList","@id":"https:\/\/127.0.0.1\/it\/cultura-dimpresa\/il-capitale-territoriale-del-centro-nord-vale-quello-tedesco-ma-senza-industria-il-mezzogiorno-aggrava-il-degrado-verso-la-grecia\/#breadcrumb","itemListElement":[{"@type":"ListItem","position":1,"name":"Home","item":"https:\/\/www.fondazionepirelli.org\/it\/"},{"@type":"ListItem","position":2,"name":"Il \u201ccapitale territoriale\u201d del Centro Nord vale quello tedesco, ma senza industria il Mezzogiorno aggrava il degrado verso la Grecia"}]},{"@type":"WebSite","@id":"https:\/\/www.fondazionepirelli.org\/it\/#website","url":"https:\/\/www.fondazionepirelli.org\/it\/","name":"Fondazione Pirelli","description":"","potentialAction":[{"@type":"SearchAction","target":{"@type":"EntryPoint","urlTemplate":"https:\/\/www.fondazionepirelli.org\/it\/?s={search_term_string}"},"query-input":{"@type":"PropertyValueSpecification","valueRequired":true,"valueName":"search_term_string"}}],"inLanguage":"it-IT"},{"@type":"Person","@id":"https:\/\/www.fondazionepirelli.org\/it\/#\/schema\/person\/f47d097000832c4a6e54538c791fdf25","name":"fondadmin","image":{"@type":"ImageObject","inLanguage":"it-IT","@id":"https:\/\/www.fondazionepirelli.org\/it\/#\/schema\/person\/image\/","url":"https:\/\/secure.gravatar.com\/avatar\/e69498a9175ca244966e51e53c88712c024fcebe41f9a05f75657f1bb25e489b?s=96&d=mm&r=g","contentUrl":"https:\/\/secure.gravatar.com\/avatar\/e69498a9175ca244966e51e53c88712c024fcebe41f9a05f75657f1bb25e489b?s=96&d=mm&r=g","caption":"fondadmin"},"url":"https:\/\/www.fondazionepirelli.org\/it\/author\/fondadmin\/"}]}},"_links":{"self":[{"href":"https:\/\/www.fondazionepirelli.org\/it\/wp-json\/wp\/v2\/posts\/57325\/"}],"collection":[{"href":"https:\/\/www.fondazionepirelli.org\/it\/wp-json\/wp\/v2\/posts\/"}],"about":[{"href":"https:\/\/www.fondazionepirelli.org\/it\/wp-json\/wp\/v2\/types\/post\/"}],"author":[{"embeddable":true,"href":"https:\/\/www.fondazionepirelli.org\/it\/wp-json\/wp\/v2\/users\/1\/"}],"replies":[{"embeddable":true,"href":"https:\/\/www.fondazionepirelli.org\/it\/wp-json\/wp\/v2\/comments\/?post=57325"}],"version-history":[{"count":2,"href":"https:\/\/www.fondazionepirelli.org\/it\/wp-json\/wp\/v2\/posts\/57325\/revisions\/"}],"predecessor-version":[{"id":71160,"href":"https:\/\/www.fondazionepirelli.org\/it\/wp-json\/wp\/v2\/posts\/57325\/revisions\/71160\/"}],"wp:featuredmedia":[{"embeddable":true,"href":"https:\/\/www.fondazionepirelli.org\/it\/wp-json\/wp\/v2\/media\/57326\/"}],"wp:attachment":[{"href":"https:\/\/www.fondazionepirelli.org\/it\/wp-json\/wp\/v2\/media\/?parent=57325"}],"wp:term":[{"taxonomy":"category","embeddable":true,"href":"https:\/\/www.fondazionepirelli.org\/it\/wp-json\/wp\/v2\/categories\/?post=57325"},{"taxonomy":"post_tag","embeddable":true,"href":"https:\/\/www.fondazionepirelli.org\/it\/wp-json\/wp\/v2\/tags\/?post=57325"}],"curies":[{"name":"wp","href":"https:\/\/api.w.org\/{rel}","templated":true}]}}