{"id":57333,"date":"2015-05-18T00:00:00","date_gmt":"2015-05-18T00:00:00","guid":{"rendered":"http:\/\/www.fondazionepirelli.org\/ecco-la-buona-cultura-dimpresa-e-mercato-litalia-torna-al-centro-delleconomia-internazionale\/"},"modified":"2020-03-04T17:25:00","modified_gmt":"2020-03-04T16:25:00","slug":"ecco-la-buona-cultura-dimpresa-e-mercato-litalia-torna-al-centro-delleconomia-internazionale","status":"publish","type":"post","link":"https:\/\/www.fondazionepirelli.org\/it\/cultura-dimpresa\/ecco-la-buona-cultura-dimpresa-e-mercato-litalia-torna-al-centro-delleconomia-internazionale\/","title":{"rendered":"Ecco la buona cultura d\u2019impresa e mercato: l\u2019Italia torna al centro dell\u2019economia internazionale"},"content":{"rendered":"<p>L\u2019Italia \u00e8 di nuovo al <strong>centro<\/strong> dei grandi flussi dell\u2019economia globale. Merito, innanzitutto, delle nostre imprese, che hanno sviluppato una crescente cultura del mercato e della competitivit\u00e0. Sono diventate, infatti, sempre pi\u00f9 attraenti per gli <strong>investimenti internazionali<\/strong>, ma hanno anche sviluppato una forte <strong>intraprendenza estera<\/strong>, ampliando gli investimenti diretti su parecchi mercati, dagli Usa al Brasile, dalla Cina alle altre nazioni pi\u00f9 dinamiche. \u201cL\u2019Italia torna all\u2019estero: acquisizioni per 9,3 miliardi\u201d, titola in prima pagina \u201cIl Sole24Ore\u201d di domenica, con un documentato articolo di Paolo Bricco che racconta come \u201cil nostro capitalismo sta esprimendo all\u2019estero un buon dinamismo\u201d anche se \u201cil processo di internazionalizzazione dell\u2019economia italiana continua ad avere dimensioni strutturalmente minori rispetto agli standard europei\u201d: siamo ancora in coda negli investimenti esteri, a confronto con i grandi paesi Ue (Germania e Gran Bretagna, innanzitutto) anche per gravi limiti di sistema (eccesso di burocrazia e regolazione formale, fisco esoso e complesso, corruzione diffusa, lentezze della giustizia, gravi carenze nelle infrastrutture, etc.) e le nostre imprese, dinamiche ma piccole rispetto ai mercati esteri, fanno poche acquisizioni.<\/p>\n<p>Il panorama difficile sta comunque cambiando. Qualcosa si muove. E vale dunque la pena darne conto. Quei 9,3 miliardi di investimenti all\u2019estero di cui parla \u201cIl Sole24Ore\u201d riguardano le acquisizioni fatte da imprese italiane nel primo quadrimestre del 2015. Un ottimo dato, anche rispetto ai 12,2 miliardi di tutto il 2014, comunque in gran progresso rispetto alle cifre minime dal 2010 (appena 1,7 miliardi) al 2013 (4,3 miliardi). Ci si avvicina a quei 13,7 miliardi del 2009, quando ancora la Grande Crisi non aveva fatto sentire tutto il suo peso. \u201cLe <strong>nuove rotte<\/strong>? Soprattutto gli <strong>Usa<\/strong>, e non solo per Fiat-Chrysler\u201d, nota Bricco. \u201cAprirsi ai mercati globali \u00e8 la soluzione anche per le piccole e medie imprese\u201d, aggiunge Luca Orlando, sempre sul \u201cSole\u201d.<\/p>\n<p>Buoni dati pure per gli investimenti esteri in Italia, che si stanno concentrando sulla manifattura, abbandonando parzialmente finanza e immobiliare. I dati sono chiari: 16,8 miliardi nel 2014, dopo due anni difficili (6,2 nel 2012 e 10,7 nel 2013) e allo stesso livello del 2011. C\u2019\u00e8 da fare molto di pi\u00f9, naturalmente, rendendo l\u2019Italia sempre pi\u00f9 accogliente e competitiva. Ma ci si muove (poco, per\u00f2, stando agli appena 2,4 miliardi del primo trimestre 2015).<\/p>\n<p>Cosa piace delle nostre imprese? Il loro <strong>dinamismo<\/strong>. La solida cultura del \u201c<strong>bello e ben fatto<\/strong>\u201d. Le capacit\u00e0 d\u2019innovazione adattativa, soprattutto nel medium tech manifatturiero. La <strong>flessibilit\u00e0<\/strong>. La qualit\u00e0 delle risorse umane. La disponibilit\u00e0 del management a interpretare con intelligenza e originalit\u00e0 le evoluzioni dei mercati. La nostra buona \u201ccultura d\u2019impresa politecnica\u201d, insomma. Una vera e propria forza competitiva. Da continuare a spendere bene.<\/p>\n","protected":false},"excerpt":{"rendered":"<p>L\u2019Italia \u00e8 di nuovo al centro dei grandi flussi dell\u2019economia globale. Merito, innanzitutto, delle nostre imprese, che hanno sviluppato una crescente cultura del mercato e della competitivit\u00e0. Sono diventate, infatti, sempre pi\u00f9 attraenti per gli investimenti internazionali, ma hanno anche sviluppato una forte intraprendenza estera, ampliando gli investimenti diretti su parecchi mercati, dagli Usa al [&hellip;]<\/p>\n","protected":false},"author":1,"featured_media":75321,"comment_status":"open","ping_status":"open","sticky":false,"template":"","format":"standard","meta":{"footnotes":""},"categories":[53,52],"tags":[],"class_list":["post-57333","post","type-post","status-publish","format-standard","has-post-thumbnail","hentry","category-blog","category-cultura-dimpresa"],"acf":[],"yoast_head":"<!-- This site is optimized with the Yoast SEO plugin v25.0 - https:\/\/yoast.com\/wordpress\/plugins\/seo\/ -->\n<title>Ecco la buona cultura d\u2019impresa e mercato: l\u2019Italia torna al centro dell\u2019economia internazionale - Fondazione Pirelli<\/title>\n<meta name=\"robots\" content=\"index, follow, max-snippet:-1, max-image-preview:large, max-video-preview:-1\" \/>\n<link rel=\"canonical\" href=\"https:\/\/www.fondazionepirelli.org\/it\/cultura-dimpresa\/ecco-la-buona-cultura-dimpresa-e-mercato-litalia-torna-al-centro-delleconomia-internazionale\/\" \/>\n<meta property=\"og:locale\" content=\"it_IT\" \/>\n<meta property=\"og:type\" content=\"article\" \/>\n<meta property=\"og:title\" content=\"Ecco la buona cultura d\u2019impresa e mercato: l\u2019Italia torna al centro dell\u2019economia internazionale - Fondazione Pirelli\" \/>\n<meta property=\"og:description\" content=\"L\u2019Italia \u00e8 di nuovo al centro dei grandi flussi dell\u2019economia globale. Merito, innanzitutto, delle nostre imprese, che hanno sviluppato una crescente cultura del mercato e della competitivit\u00e0. Sono diventate, infatti, sempre pi\u00f9 attraenti per gli investimenti internazionali, ma hanno anche sviluppato una forte intraprendenza estera, ampliando gli investimenti diretti su parecchi mercati, dagli Usa al [&hellip;]\" \/>\n<meta property=\"og:url\" content=\"https:\/\/127.0.0.1\/it\/cultura-dimpresa\/ecco-la-buona-cultura-dimpresa-e-mercato-litalia-torna-al-centro-delleconomia-internazionale\/\" \/>\n<meta property=\"og:site_name\" content=\"Fondazione Pirelli\" \/>\n<meta property=\"article:published_time\" content=\"2015-05-18T00:00:00+00:00\" \/>\n<meta property=\"article:modified_time\" content=\"2020-03-04T16:25:00+00:00\" \/>\n<meta property=\"og:image\" content=\"https:\/\/wpsite-assets.fondazionepirelli.org\/wp-content\/uploads\/2015\/05\/04172356\/Corbis-42-26584183-e1583339089614.jpg\" \/>\n\t<meta property=\"og:image:width\" content=\"320\" \/>\n\t<meta property=\"og:image:height\" content=\"416\" \/>\n\t<meta property=\"og:image:type\" content=\"image\/jpeg\" \/>\n<meta name=\"author\" content=\"fondadmin\" \/>\n<meta name=\"twitter:card\" content=\"summary_large_image\" \/>\n<meta name=\"twitter:label1\" content=\"Scritto da\" \/>\n\t<meta name=\"twitter:data1\" content=\"fondadmin\" \/>\n\t<meta name=\"twitter:label2\" content=\"Tempo di lettura stimato\" \/>\n\t<meta name=\"twitter:data2\" content=\"2 minuti\" \/>\n<script type=\"application\/ld+json\" class=\"yoast-schema-graph\">{\"@context\":\"https:\/\/schema.org\",\"@graph\":[{\"@type\":\"WebPage\",\"@id\":\"https:\/\/127.0.0.1\/it\/cultura-dimpresa\/ecco-la-buona-cultura-dimpresa-e-mercato-litalia-torna-al-centro-delleconomia-internazionale\/\",\"url\":\"https:\/\/127.0.0.1\/it\/cultura-dimpresa\/ecco-la-buona-cultura-dimpresa-e-mercato-litalia-torna-al-centro-delleconomia-internazionale\/\",\"name\":\"Ecco la buona cultura d\u2019impresa e mercato: l\u2019Italia torna al centro dell\u2019economia internazionale - Fondazione Pirelli\",\"isPartOf\":{\"@id\":\"https:\/\/www.fondazionepirelli.org\/it\/#website\"},\"primaryImageOfPage\":{\"@id\":\"https:\/\/127.0.0.1\/it\/cultura-dimpresa\/ecco-la-buona-cultura-dimpresa-e-mercato-litalia-torna-al-centro-delleconomia-internazionale\/#primaryimage\"},\"image\":{\"@id\":\"https:\/\/127.0.0.1\/it\/cultura-dimpresa\/ecco-la-buona-cultura-dimpresa-e-mercato-litalia-torna-al-centro-delleconomia-internazionale\/#primaryimage\"},\"thumbnailUrl\":\"https:\/\/wpsite-assets.fondazionepirelli.org\/wp-content\/uploads\/2015\/05\/04172356\/Corbis-42-26584183-e1583339089614.jpg\",\"datePublished\":\"2015-05-18T00:00:00+00:00\",\"dateModified\":\"2020-03-04T16:25:00+00:00\",\"author\":{\"@id\":\"https:\/\/www.fondazionepirelli.org\/it\/#\/schema\/person\/f47d097000832c4a6e54538c791fdf25\"},\"breadcrumb\":{\"@id\":\"https:\/\/127.0.0.1\/it\/cultura-dimpresa\/ecco-la-buona-cultura-dimpresa-e-mercato-litalia-torna-al-centro-delleconomia-internazionale\/#breadcrumb\"},\"inLanguage\":\"it-IT\",\"potentialAction\":[{\"@type\":\"ReadAction\",\"target\":[\"https:\/\/127.0.0.1\/it\/cultura-dimpresa\/ecco-la-buona-cultura-dimpresa-e-mercato-litalia-torna-al-centro-delleconomia-internazionale\/\"]}]},{\"@type\":\"ImageObject\",\"inLanguage\":\"it-IT\",\"@id\":\"https:\/\/127.0.0.1\/it\/cultura-dimpresa\/ecco-la-buona-cultura-dimpresa-e-mercato-litalia-torna-al-centro-delleconomia-internazionale\/#primaryimage\",\"url\":\"https:\/\/wpsite-assets.fondazionepirelli.org\/wp-content\/uploads\/2015\/05\/04172356\/Corbis-42-26584183-e1583339089614.jpg\",\"contentUrl\":\"https:\/\/wpsite-assets.fondazionepirelli.org\/wp-content\/uploads\/2015\/05\/04172356\/Corbis-42-26584183-e1583339089614.jpg\",\"width\":320,\"height\":416,\"caption\":\"Large hand holding small factory --- Image by \u00a9 Ikon Images\/Corbis\"},{\"@type\":\"BreadcrumbList\",\"@id\":\"https:\/\/127.0.0.1\/it\/cultura-dimpresa\/ecco-la-buona-cultura-dimpresa-e-mercato-litalia-torna-al-centro-delleconomia-internazionale\/#breadcrumb\",\"itemListElement\":[{\"@type\":\"ListItem\",\"position\":1,\"name\":\"Home\",\"item\":\"https:\/\/www.fondazionepirelli.org\/it\/\"},{\"@type\":\"ListItem\",\"position\":2,\"name\":\"Ecco la buona cultura d\u2019impresa e mercato: l\u2019Italia torna al centro dell\u2019economia internazionale\"}]},{\"@type\":\"WebSite\",\"@id\":\"https:\/\/www.fondazionepirelli.org\/it\/#website\",\"url\":\"https:\/\/www.fondazionepirelli.org\/it\/\",\"name\":\"Fondazione Pirelli\",\"description\":\"\",\"potentialAction\":[{\"@type\":\"SearchAction\",\"target\":{\"@type\":\"EntryPoint\",\"urlTemplate\":\"https:\/\/www.fondazionepirelli.org\/it\/?s={search_term_string}\"},\"query-input\":{\"@type\":\"PropertyValueSpecification\",\"valueRequired\":true,\"valueName\":\"search_term_string\"}}],\"inLanguage\":\"it-IT\"},{\"@type\":\"Person\",\"@id\":\"https:\/\/www.fondazionepirelli.org\/it\/#\/schema\/person\/f47d097000832c4a6e54538c791fdf25\",\"name\":\"fondadmin\",\"image\":{\"@type\":\"ImageObject\",\"inLanguage\":\"it-IT\",\"@id\":\"https:\/\/www.fondazionepirelli.org\/it\/#\/schema\/person\/image\/\",\"url\":\"https:\/\/secure.gravatar.com\/avatar\/e69498a9175ca244966e51e53c88712c024fcebe41f9a05f75657f1bb25e489b?s=96&d=mm&r=g\",\"contentUrl\":\"https:\/\/secure.gravatar.com\/avatar\/e69498a9175ca244966e51e53c88712c024fcebe41f9a05f75657f1bb25e489b?s=96&d=mm&r=g\",\"caption\":\"fondadmin\"},\"url\":\"https:\/\/www.fondazionepirelli.org\/it\/author\/fondadmin\/\"}]}<\/script>\n<!-- \/ Yoast SEO plugin. -->","yoast_head_json":{"title":"Ecco la buona cultura d\u2019impresa e mercato: l\u2019Italia torna al centro dell\u2019economia internazionale - Fondazione Pirelli","robots":{"index":"index","follow":"follow","max-snippet":"max-snippet:-1","max-image-preview":"max-image-preview:large","max-video-preview":"max-video-preview:-1"},"canonical":"https:\/\/www.fondazionepirelli.org\/it\/cultura-dimpresa\/ecco-la-buona-cultura-dimpresa-e-mercato-litalia-torna-al-centro-delleconomia-internazionale\/","og_locale":"it_IT","og_type":"article","og_title":"Ecco la buona cultura d\u2019impresa e mercato: l\u2019Italia torna al centro dell\u2019economia internazionale - Fondazione Pirelli","og_description":"L\u2019Italia \u00e8 di nuovo al centro dei grandi flussi dell\u2019economia globale. Merito, innanzitutto, delle nostre imprese, che hanno sviluppato una crescente cultura del mercato e della competitivit\u00e0. Sono diventate, infatti, sempre pi\u00f9 attraenti per gli investimenti internazionali, ma hanno anche sviluppato una forte intraprendenza estera, ampliando gli investimenti diretti su parecchi mercati, dagli Usa al [&hellip;]","og_url":"https:\/\/127.0.0.1\/it\/cultura-dimpresa\/ecco-la-buona-cultura-dimpresa-e-mercato-litalia-torna-al-centro-delleconomia-internazionale\/","og_site_name":"Fondazione Pirelli","article_published_time":"2015-05-18T00:00:00+00:00","article_modified_time":"2020-03-04T16:25:00+00:00","og_image":[{"width":320,"height":416,"url":"https:\/\/wpsite-assets.fondazionepirelli.org\/wp-content\/uploads\/2015\/05\/04172356\/Corbis-42-26584183-e1583339089614.jpg","type":"image\/jpeg"}],"author":"fondadmin","twitter_card":"summary_large_image","twitter_misc":{"Scritto da":"fondadmin","Tempo di lettura stimato":"2 minuti"},"schema":{"@context":"https:\/\/schema.org","@graph":[{"@type":"WebPage","@id":"https:\/\/127.0.0.1\/it\/cultura-dimpresa\/ecco-la-buona-cultura-dimpresa-e-mercato-litalia-torna-al-centro-delleconomia-internazionale\/","url":"https:\/\/127.0.0.1\/it\/cultura-dimpresa\/ecco-la-buona-cultura-dimpresa-e-mercato-litalia-torna-al-centro-delleconomia-internazionale\/","name":"Ecco la buona cultura d\u2019impresa e mercato: l\u2019Italia torna al centro dell\u2019economia internazionale - Fondazione Pirelli","isPartOf":{"@id":"https:\/\/www.fondazionepirelli.org\/it\/#website"},"primaryImageOfPage":{"@id":"https:\/\/127.0.0.1\/it\/cultura-dimpresa\/ecco-la-buona-cultura-dimpresa-e-mercato-litalia-torna-al-centro-delleconomia-internazionale\/#primaryimage"},"image":{"@id":"https:\/\/127.0.0.1\/it\/cultura-dimpresa\/ecco-la-buona-cultura-dimpresa-e-mercato-litalia-torna-al-centro-delleconomia-internazionale\/#primaryimage"},"thumbnailUrl":"https:\/\/wpsite-assets.fondazionepirelli.org\/wp-content\/uploads\/2015\/05\/04172356\/Corbis-42-26584183-e1583339089614.jpg","datePublished":"2015-05-18T00:00:00+00:00","dateModified":"2020-03-04T16:25:00+00:00","author":{"@id":"https:\/\/www.fondazionepirelli.org\/it\/#\/schema\/person\/f47d097000832c4a6e54538c791fdf25"},"breadcrumb":{"@id":"https:\/\/127.0.0.1\/it\/cultura-dimpresa\/ecco-la-buona-cultura-dimpresa-e-mercato-litalia-torna-al-centro-delleconomia-internazionale\/#breadcrumb"},"inLanguage":"it-IT","potentialAction":[{"@type":"ReadAction","target":["https:\/\/127.0.0.1\/it\/cultura-dimpresa\/ecco-la-buona-cultura-dimpresa-e-mercato-litalia-torna-al-centro-delleconomia-internazionale\/"]}]},{"@type":"ImageObject","inLanguage":"it-IT","@id":"https:\/\/127.0.0.1\/it\/cultura-dimpresa\/ecco-la-buona-cultura-dimpresa-e-mercato-litalia-torna-al-centro-delleconomia-internazionale\/#primaryimage","url":"https:\/\/wpsite-assets.fondazionepirelli.org\/wp-content\/uploads\/2015\/05\/04172356\/Corbis-42-26584183-e1583339089614.jpg","contentUrl":"https:\/\/wpsite-assets.fondazionepirelli.org\/wp-content\/uploads\/2015\/05\/04172356\/Corbis-42-26584183-e1583339089614.jpg","width":320,"height":416,"caption":"Large hand holding small factory --- Image by \u00a9 Ikon Images\/Corbis"},{"@type":"BreadcrumbList","@id":"https:\/\/127.0.0.1\/it\/cultura-dimpresa\/ecco-la-buona-cultura-dimpresa-e-mercato-litalia-torna-al-centro-delleconomia-internazionale\/#breadcrumb","itemListElement":[{"@type":"ListItem","position":1,"name":"Home","item":"https:\/\/www.fondazionepirelli.org\/it\/"},{"@type":"ListItem","position":2,"name":"Ecco la buona cultura d\u2019impresa e mercato: l\u2019Italia torna al centro dell\u2019economia internazionale"}]},{"@type":"WebSite","@id":"https:\/\/www.fondazionepirelli.org\/it\/#website","url":"https:\/\/www.fondazionepirelli.org\/it\/","name":"Fondazione Pirelli","description":"","potentialAction":[{"@type":"SearchAction","target":{"@type":"EntryPoint","urlTemplate":"https:\/\/www.fondazionepirelli.org\/it\/?s={search_term_string}"},"query-input":{"@type":"PropertyValueSpecification","valueRequired":true,"valueName":"search_term_string"}}],"inLanguage":"it-IT"},{"@type":"Person","@id":"https:\/\/www.fondazionepirelli.org\/it\/#\/schema\/person\/f47d097000832c4a6e54538c791fdf25","name":"fondadmin","image":{"@type":"ImageObject","inLanguage":"it-IT","@id":"https:\/\/www.fondazionepirelli.org\/it\/#\/schema\/person\/image\/","url":"https:\/\/secure.gravatar.com\/avatar\/e69498a9175ca244966e51e53c88712c024fcebe41f9a05f75657f1bb25e489b?s=96&d=mm&r=g","contentUrl":"https:\/\/secure.gravatar.com\/avatar\/e69498a9175ca244966e51e53c88712c024fcebe41f9a05f75657f1bb25e489b?s=96&d=mm&r=g","caption":"fondadmin"},"url":"https:\/\/www.fondazionepirelli.org\/it\/author\/fondadmin\/"}]}},"_links":{"self":[{"href":"https:\/\/www.fondazionepirelli.org\/it\/wp-json\/wp\/v2\/posts\/57333\/"}],"collection":[{"href":"https:\/\/www.fondazionepirelli.org\/it\/wp-json\/wp\/v2\/posts\/"}],"about":[{"href":"https:\/\/www.fondazionepirelli.org\/it\/wp-json\/wp\/v2\/types\/post\/"}],"author":[{"embeddable":true,"href":"https:\/\/www.fondazionepirelli.org\/it\/wp-json\/wp\/v2\/users\/1\/"}],"replies":[{"embeddable":true,"href":"https:\/\/www.fondazionepirelli.org\/it\/wp-json\/wp\/v2\/comments\/?post=57333"}],"version-history":[{"count":3,"href":"https:\/\/www.fondazionepirelli.org\/it\/wp-json\/wp\/v2\/posts\/57333\/revisions\/"}],"predecessor-version":[{"id":75320,"href":"https:\/\/www.fondazionepirelli.org\/it\/wp-json\/wp\/v2\/posts\/57333\/revisions\/75320\/"}],"wp:featuredmedia":[{"embeddable":true,"href":"https:\/\/www.fondazionepirelli.org\/it\/wp-json\/wp\/v2\/media\/75321\/"}],"wp:attachment":[{"href":"https:\/\/www.fondazionepirelli.org\/it\/wp-json\/wp\/v2\/media\/?parent=57333"}],"wp:term":[{"taxonomy":"category","embeddable":true,"href":"https:\/\/www.fondazionepirelli.org\/it\/wp-json\/wp\/v2\/categories\/?post=57333"},{"taxonomy":"post_tag","embeddable":true,"href":"https:\/\/www.fondazionepirelli.org\/it\/wp-json\/wp\/v2\/tags\/?post=57333"}],"curies":[{"name":"wp","href":"https:\/\/api.w.org\/{rel}","templated":true}]}}