{"id":57347,"date":"2015-06-29T00:00:00","date_gmt":"2015-06-29T00:00:00","guid":{"rendered":"http:\/\/www.fondazionepirelli.org\/symbola-lorgoglio-dellindustria-da-far-crescere-e-il-pregiudizio-sul-declino-da-combattere\/"},"modified":"2020-03-04T17:58:10","modified_gmt":"2020-03-04T16:58:10","slug":"symbola-lorgoglio-dellindustria-da-far-crescere-e-il-pregiudizio-sul-declino-da-combattere","status":"publish","type":"post","link":"https:\/\/www.fondazionepirelli.org\/it\/cultura-dimpresa\/symbola-lorgoglio-dellindustria-da-far-crescere-e-il-pregiudizio-sul-declino-da-combattere\/","title":{"rendered":"Symbola: l\u2019orgoglio dell\u2019industria da far crescere e il pregiudizio sul declino da combattere"},"content":{"rendered":"<p>L\u2019evocazione \u00e8 letteraria: \u201cOrgoglio e pregiudizio\u201d. Ma l\u2019indicazione programmatica \u00e8 molto concreta: \u201cPerch\u00e9 l\u2019Italia deve fare l\u2019Italia\u201d. Il luogo \u00e8 Treia, un bellissimo borgo sulle colline di Macerata (ambiente naturale ben conservato, cultura diffusa, agricoltura efficiente, industria manifatturiera di qualit\u00e0: a due passi, nella piana di Tolentino, ci sono anche gli stabilimenti di Poltrona Frau, un\u2019eccellenza internazionale del made in Italy). L\u2019occasione, nello scorso fine settimana, \u00e8 il XIII Seminario Estivo di <strong>Symbola<\/strong>, la dinamica associazione della \u201c<strong>soft economy<\/strong>\u201d presieduta da Ermete Realacci. Nella sala del Teatro Comunale, ministri, politici, imprenditori e manager, economisti, uomini e donne di cultura e di scienza. L\u2019<strong>orgoglio<\/strong> \u00e8 quello del \u201cbello e ben fatto\u201d. Il <strong>pregiudizio<\/strong> \u00e8 una convinzione diffusa d\u2019essere di fronte all\u2019irreversibile declino dell\u2019Italia. Tutt\u2019altro, si \u00e8 detto e documentato. Quel pregiudizio \u00e8 da sfatare. I dati del \u201cRapporto Italia \u2013 Geografie del nuovo made in Italy\u201d (realizzato da Symbola con Unioncamere e Fondazione Edison) testimoniano infatti che ci sono quasi mille prodotti \u201c<strong>da podio mondiale nell\u2019export<\/strong>\u201d, con un saldo commerciale attivo da record, punto di forza di un Paese che \u00e8 i primi cinque al mondo a vantare un surplus manifatturiero superiore ai 100 miliardi di dollari (in buona compagnia con Cina, Germania, Giappone e Corea). E secondo un sondaggio Ipsos, circa l\u201980% degli americani e dei cinesi associa al made in Italy un valore positivo\u201d. C\u2019\u00e8 una domanda mondiale di qualit\u00e0 italiana da soddisfare. Ed eccole, dunque, le eccellenze su cui puntare: la nostra manifattura, nelle \u201c<strong>4A<\/strong>\u201d di automazione industriale, agro-industria, arredamento e abbigliamento, ma anche l\u2019automotive (grandi apprezzamenti per il rilancio dell\u2019Alfa Romeo, con la nuova Giulia), la chimica, la gomma, la plastica, il farmaceutico, la meccatronica e la domotica, etc. Dunque, \u00e8 necessario fare crescere la nostra industria di qualit\u00e0. Pi\u00f9 Italia nel mondo. E pi\u00f9 mondo in Italia (Expo e dopo Expo possono ben aiutare).<\/p>\n<p>I dati sul Pil dicono che siano in ripresa, pur debole e fragile. E cresce, anche se timidamente, la fiducia di imprese e consumatori. Sono condizioni da valorizzare, dopo una lunghissima e deprimente stagione di crisi. Ma anche da rafforzare. Vale la pena dare ascolto alle indicazioni di Giorgio Squinzi, presidente di Confindustria, al recente convegno dei Cavalieri del Lavoro, sabato, a Milano: &#8220;L&#8217;andamento declinante della nostra economia si \u00e8 interrotto quest&#8217;anno con un piccolo ma significativo incremento nell&#8217;andamento del Pil. Ma questi decimali di punto non diventeranno pi\u00f9 robusti se non vi saranno interventi incisivi in termini di una vera policy per l&#8217; industria&#8221;, oltre alle riforme per modernizzare il sistema Paese, troppo a lungo rinviate e ancora troppo timidamente avviate, per avere risultati stabili ci vuole una visione di politica industriale, delle regole moderne che favoriscano gli investimenti e politiche con strumenti affidabili e di cui si possano misurare i risultati nel tempo, correggendo gli errori\u201d. Si torna dunque a parlare, dopo anni, di politica industriale, sia in Italia che a livello europeo. Con una netta modifica rispetto al passato. Non pi\u00f9 contributi, incentivi, sostegni settoriali. Ma la costruzione di un ambiente favorevole alle imprese, alla crescita, agli investimenti interni e internazionali. Come? Puntando su innovazione, ricerca, formazione, semplificazione amministrativa, efficienza di fisco e giustizia civile, regole efficaci per aumentare la concorrenza, infrastrutture (la banda larga). Una miscela virtuosa, appunto, di riforme e \u201cpolicy per l\u2019industria\u201d. In Italia, come abbiamo visto dai dati di Symbola, c\u2019\u00e8 un patrimonio di imprenditorialit\u00e0 e una grande forza delle imprese. Una leva essenziale, per lo sviluppo. Da usare bene. Un compito per la buona politica, no?<\/p>\n","protected":false},"excerpt":{"rendered":"<p>L\u2019evocazione \u00e8 letteraria: \u201cOrgoglio e pregiudizio\u201d. Ma l\u2019indicazione programmatica \u00e8 molto concreta: \u201cPerch\u00e9 l\u2019Italia deve fare l\u2019Italia\u201d. Il luogo \u00e8 Treia, un bellissimo borgo sulle colline di Macerata (ambiente naturale ben conservato, cultura diffusa, agricoltura efficiente, industria manifatturiera di qualit\u00e0: a due passi, nella piana di Tolentino, ci sono anche gli stabilimenti di Poltrona Frau, [&hellip;]<\/p>\n","protected":false},"author":1,"featured_media":75353,"comment_status":"open","ping_status":"open","sticky":false,"template":"","format":"standard","meta":{"footnotes":""},"categories":[53,52],"tags":[],"class_list":["post-57347","post","type-post","status-publish","format-standard","has-post-thumbnail","hentry","category-blog","category-cultura-dimpresa"],"acf":[],"yoast_head":"<!-- This site is optimized with the Yoast SEO plugin v25.0 - https:\/\/yoast.com\/wordpress\/plugins\/seo\/ -->\n<title>Symbola: l\u2019orgoglio dell\u2019industria da far crescere e il pregiudizio sul declino da combattere - Fondazione Pirelli<\/title>\n<meta name=\"robots\" content=\"index, follow, max-snippet:-1, max-image-preview:large, max-video-preview:-1\" \/>\n<link rel=\"canonical\" href=\"https:\/\/www.fondazionepirelli.org\/it\/cultura-dimpresa\/symbola-lorgoglio-dellindustria-da-far-crescere-e-il-pregiudizio-sul-declino-da-combattere\/\" \/>\n<meta property=\"og:locale\" content=\"it_IT\" \/>\n<meta property=\"og:type\" content=\"article\" \/>\n<meta property=\"og:title\" content=\"Symbola: l\u2019orgoglio dell\u2019industria da far crescere e il pregiudizio sul declino da combattere - Fondazione Pirelli\" \/>\n<meta property=\"og:description\" content=\"L\u2019evocazione \u00e8 letteraria: \u201cOrgoglio e pregiudizio\u201d. Ma l\u2019indicazione programmatica \u00e8 molto concreta: \u201cPerch\u00e9 l\u2019Italia deve fare l\u2019Italia\u201d. Il luogo \u00e8 Treia, un bellissimo borgo sulle colline di Macerata (ambiente naturale ben conservato, cultura diffusa, agricoltura efficiente, industria manifatturiera di qualit\u00e0: a due passi, nella piana di Tolentino, ci sono anche gli stabilimenti di Poltrona Frau, [&hellip;]\" \/>\n<meta property=\"og:url\" content=\"https:\/\/127.0.0.1\/it\/cultura-dimpresa\/symbola-lorgoglio-dellindustria-da-far-crescere-e-il-pregiudizio-sul-declino-da-combattere\/\" \/>\n<meta property=\"og:site_name\" content=\"Fondazione Pirelli\" \/>\n<meta property=\"article:published_time\" content=\"2015-06-29T00:00:00+00:00\" \/>\n<meta property=\"article:modified_time\" content=\"2020-03-04T16:58:10+00:00\" \/>\n<meta property=\"og:image\" content=\"https:\/\/wpsite-assets.fondazionepirelli.org\/wp-content\/uploads\/2015\/06\/04175757\/symbola-sabato-18.jpg\" \/>\n\t<meta property=\"og:image:width\" content=\"1024\" \/>\n\t<meta property=\"og:image:height\" content=\"682\" \/>\n\t<meta property=\"og:image:type\" content=\"image\/jpeg\" \/>\n<meta name=\"author\" content=\"fondadmin\" \/>\n<meta name=\"twitter:card\" content=\"summary_large_image\" \/>\n<meta name=\"twitter:label1\" content=\"Scritto da\" \/>\n\t<meta name=\"twitter:data1\" content=\"fondadmin\" \/>\n\t<meta name=\"twitter:label2\" content=\"Tempo di lettura stimato\" \/>\n\t<meta name=\"twitter:data2\" content=\"3 minuti\" \/>\n<script type=\"application\/ld+json\" class=\"yoast-schema-graph\">{\"@context\":\"https:\/\/schema.org\",\"@graph\":[{\"@type\":\"WebPage\",\"@id\":\"https:\/\/127.0.0.1\/it\/cultura-dimpresa\/symbola-lorgoglio-dellindustria-da-far-crescere-e-il-pregiudizio-sul-declino-da-combattere\/\",\"url\":\"https:\/\/127.0.0.1\/it\/cultura-dimpresa\/symbola-lorgoglio-dellindustria-da-far-crescere-e-il-pregiudizio-sul-declino-da-combattere\/\",\"name\":\"Symbola: l\u2019orgoglio dell\u2019industria da far crescere e il pregiudizio sul declino da combattere - Fondazione Pirelli\",\"isPartOf\":{\"@id\":\"https:\/\/www.fondazionepirelli.org\/it\/#website\"},\"primaryImageOfPage\":{\"@id\":\"https:\/\/127.0.0.1\/it\/cultura-dimpresa\/symbola-lorgoglio-dellindustria-da-far-crescere-e-il-pregiudizio-sul-declino-da-combattere\/#primaryimage\"},\"image\":{\"@id\":\"https:\/\/127.0.0.1\/it\/cultura-dimpresa\/symbola-lorgoglio-dellindustria-da-far-crescere-e-il-pregiudizio-sul-declino-da-combattere\/#primaryimage\"},\"thumbnailUrl\":\"https:\/\/wpsite-assets.fondazionepirelli.org\/wp-content\/uploads\/2015\/06\/04175757\/symbola-sabato-18.jpg\",\"datePublished\":\"2015-06-29T00:00:00+00:00\",\"dateModified\":\"2020-03-04T16:58:10+00:00\",\"author\":{\"@id\":\"https:\/\/www.fondazionepirelli.org\/it\/#\/schema\/person\/f47d097000832c4a6e54538c791fdf25\"},\"breadcrumb\":{\"@id\":\"https:\/\/127.0.0.1\/it\/cultura-dimpresa\/symbola-lorgoglio-dellindustria-da-far-crescere-e-il-pregiudizio-sul-declino-da-combattere\/#breadcrumb\"},\"inLanguage\":\"it-IT\",\"potentialAction\":[{\"@type\":\"ReadAction\",\"target\":[\"https:\/\/127.0.0.1\/it\/cultura-dimpresa\/symbola-lorgoglio-dellindustria-da-far-crescere-e-il-pregiudizio-sul-declino-da-combattere\/\"]}]},{\"@type\":\"ImageObject\",\"inLanguage\":\"it-IT\",\"@id\":\"https:\/\/127.0.0.1\/it\/cultura-dimpresa\/symbola-lorgoglio-dellindustria-da-far-crescere-e-il-pregiudizio-sul-declino-da-combattere\/#primaryimage\",\"url\":\"https:\/\/wpsite-assets.fondazionepirelli.org\/wp-content\/uploads\/2015\/06\/04175757\/symbola-sabato-18.jpg\",\"contentUrl\":\"https:\/\/wpsite-assets.fondazionepirelli.org\/wp-content\/uploads\/2015\/06\/04175757\/symbola-sabato-18.jpg\",\"width\":1024,\"height\":682},{\"@type\":\"BreadcrumbList\",\"@id\":\"https:\/\/127.0.0.1\/it\/cultura-dimpresa\/symbola-lorgoglio-dellindustria-da-far-crescere-e-il-pregiudizio-sul-declino-da-combattere\/#breadcrumb\",\"itemListElement\":[{\"@type\":\"ListItem\",\"position\":1,\"name\":\"Home\",\"item\":\"https:\/\/www.fondazionepirelli.org\/it\/\"},{\"@type\":\"ListItem\",\"position\":2,\"name\":\"Symbola: l\u2019orgoglio dell\u2019industria da far crescere e il pregiudizio sul declino da combattere\"}]},{\"@type\":\"WebSite\",\"@id\":\"https:\/\/www.fondazionepirelli.org\/it\/#website\",\"url\":\"https:\/\/www.fondazionepirelli.org\/it\/\",\"name\":\"Fondazione Pirelli\",\"description\":\"\",\"potentialAction\":[{\"@type\":\"SearchAction\",\"target\":{\"@type\":\"EntryPoint\",\"urlTemplate\":\"https:\/\/www.fondazionepirelli.org\/it\/?s={search_term_string}\"},\"query-input\":{\"@type\":\"PropertyValueSpecification\",\"valueRequired\":true,\"valueName\":\"search_term_string\"}}],\"inLanguage\":\"it-IT\"},{\"@type\":\"Person\",\"@id\":\"https:\/\/www.fondazionepirelli.org\/it\/#\/schema\/person\/f47d097000832c4a6e54538c791fdf25\",\"name\":\"fondadmin\",\"image\":{\"@type\":\"ImageObject\",\"inLanguage\":\"it-IT\",\"@id\":\"https:\/\/www.fondazionepirelli.org\/it\/#\/schema\/person\/image\/\",\"url\":\"https:\/\/secure.gravatar.com\/avatar\/e69498a9175ca244966e51e53c88712c024fcebe41f9a05f75657f1bb25e489b?s=96&d=mm&r=g\",\"contentUrl\":\"https:\/\/secure.gravatar.com\/avatar\/e69498a9175ca244966e51e53c88712c024fcebe41f9a05f75657f1bb25e489b?s=96&d=mm&r=g\",\"caption\":\"fondadmin\"},\"url\":\"https:\/\/www.fondazionepirelli.org\/it\/author\/fondadmin\/\"}]}<\/script>\n<!-- \/ Yoast SEO plugin. -->","yoast_head_json":{"title":"Symbola: l\u2019orgoglio dell\u2019industria da far crescere e il pregiudizio sul declino da combattere - Fondazione Pirelli","robots":{"index":"index","follow":"follow","max-snippet":"max-snippet:-1","max-image-preview":"max-image-preview:large","max-video-preview":"max-video-preview:-1"},"canonical":"https:\/\/www.fondazionepirelli.org\/it\/cultura-dimpresa\/symbola-lorgoglio-dellindustria-da-far-crescere-e-il-pregiudizio-sul-declino-da-combattere\/","og_locale":"it_IT","og_type":"article","og_title":"Symbola: l\u2019orgoglio dell\u2019industria da far crescere e il pregiudizio sul declino da combattere - Fondazione Pirelli","og_description":"L\u2019evocazione \u00e8 letteraria: \u201cOrgoglio e pregiudizio\u201d. Ma l\u2019indicazione programmatica \u00e8 molto concreta: \u201cPerch\u00e9 l\u2019Italia deve fare l\u2019Italia\u201d. Il luogo \u00e8 Treia, un bellissimo borgo sulle colline di Macerata (ambiente naturale ben conservato, cultura diffusa, agricoltura efficiente, industria manifatturiera di qualit\u00e0: a due passi, nella piana di Tolentino, ci sono anche gli stabilimenti di Poltrona Frau, [&hellip;]","og_url":"https:\/\/127.0.0.1\/it\/cultura-dimpresa\/symbola-lorgoglio-dellindustria-da-far-crescere-e-il-pregiudizio-sul-declino-da-combattere\/","og_site_name":"Fondazione Pirelli","article_published_time":"2015-06-29T00:00:00+00:00","article_modified_time":"2020-03-04T16:58:10+00:00","og_image":[{"width":1024,"height":682,"url":"https:\/\/wpsite-assets.fondazionepirelli.org\/wp-content\/uploads\/2015\/06\/04175757\/symbola-sabato-18.jpg","type":"image\/jpeg"}],"author":"fondadmin","twitter_card":"summary_large_image","twitter_misc":{"Scritto da":"fondadmin","Tempo di lettura stimato":"3 minuti"},"schema":{"@context":"https:\/\/schema.org","@graph":[{"@type":"WebPage","@id":"https:\/\/127.0.0.1\/it\/cultura-dimpresa\/symbola-lorgoglio-dellindustria-da-far-crescere-e-il-pregiudizio-sul-declino-da-combattere\/","url":"https:\/\/127.0.0.1\/it\/cultura-dimpresa\/symbola-lorgoglio-dellindustria-da-far-crescere-e-il-pregiudizio-sul-declino-da-combattere\/","name":"Symbola: l\u2019orgoglio dell\u2019industria da far crescere e il pregiudizio sul declino da combattere - Fondazione Pirelli","isPartOf":{"@id":"https:\/\/www.fondazionepirelli.org\/it\/#website"},"primaryImageOfPage":{"@id":"https:\/\/127.0.0.1\/it\/cultura-dimpresa\/symbola-lorgoglio-dellindustria-da-far-crescere-e-il-pregiudizio-sul-declino-da-combattere\/#primaryimage"},"image":{"@id":"https:\/\/127.0.0.1\/it\/cultura-dimpresa\/symbola-lorgoglio-dellindustria-da-far-crescere-e-il-pregiudizio-sul-declino-da-combattere\/#primaryimage"},"thumbnailUrl":"https:\/\/wpsite-assets.fondazionepirelli.org\/wp-content\/uploads\/2015\/06\/04175757\/symbola-sabato-18.jpg","datePublished":"2015-06-29T00:00:00+00:00","dateModified":"2020-03-04T16:58:10+00:00","author":{"@id":"https:\/\/www.fondazionepirelli.org\/it\/#\/schema\/person\/f47d097000832c4a6e54538c791fdf25"},"breadcrumb":{"@id":"https:\/\/127.0.0.1\/it\/cultura-dimpresa\/symbola-lorgoglio-dellindustria-da-far-crescere-e-il-pregiudizio-sul-declino-da-combattere\/#breadcrumb"},"inLanguage":"it-IT","potentialAction":[{"@type":"ReadAction","target":["https:\/\/127.0.0.1\/it\/cultura-dimpresa\/symbola-lorgoglio-dellindustria-da-far-crescere-e-il-pregiudizio-sul-declino-da-combattere\/"]}]},{"@type":"ImageObject","inLanguage":"it-IT","@id":"https:\/\/127.0.0.1\/it\/cultura-dimpresa\/symbola-lorgoglio-dellindustria-da-far-crescere-e-il-pregiudizio-sul-declino-da-combattere\/#primaryimage","url":"https:\/\/wpsite-assets.fondazionepirelli.org\/wp-content\/uploads\/2015\/06\/04175757\/symbola-sabato-18.jpg","contentUrl":"https:\/\/wpsite-assets.fondazionepirelli.org\/wp-content\/uploads\/2015\/06\/04175757\/symbola-sabato-18.jpg","width":1024,"height":682},{"@type":"BreadcrumbList","@id":"https:\/\/127.0.0.1\/it\/cultura-dimpresa\/symbola-lorgoglio-dellindustria-da-far-crescere-e-il-pregiudizio-sul-declino-da-combattere\/#breadcrumb","itemListElement":[{"@type":"ListItem","position":1,"name":"Home","item":"https:\/\/www.fondazionepirelli.org\/it\/"},{"@type":"ListItem","position":2,"name":"Symbola: l\u2019orgoglio dell\u2019industria da far crescere e il pregiudizio sul declino da combattere"}]},{"@type":"WebSite","@id":"https:\/\/www.fondazionepirelli.org\/it\/#website","url":"https:\/\/www.fondazionepirelli.org\/it\/","name":"Fondazione Pirelli","description":"","potentialAction":[{"@type":"SearchAction","target":{"@type":"EntryPoint","urlTemplate":"https:\/\/www.fondazionepirelli.org\/it\/?s={search_term_string}"},"query-input":{"@type":"PropertyValueSpecification","valueRequired":true,"valueName":"search_term_string"}}],"inLanguage":"it-IT"},{"@type":"Person","@id":"https:\/\/www.fondazionepirelli.org\/it\/#\/schema\/person\/f47d097000832c4a6e54538c791fdf25","name":"fondadmin","image":{"@type":"ImageObject","inLanguage":"it-IT","@id":"https:\/\/www.fondazionepirelli.org\/it\/#\/schema\/person\/image\/","url":"https:\/\/secure.gravatar.com\/avatar\/e69498a9175ca244966e51e53c88712c024fcebe41f9a05f75657f1bb25e489b?s=96&d=mm&r=g","contentUrl":"https:\/\/secure.gravatar.com\/avatar\/e69498a9175ca244966e51e53c88712c024fcebe41f9a05f75657f1bb25e489b?s=96&d=mm&r=g","caption":"fondadmin"},"url":"https:\/\/www.fondazionepirelli.org\/it\/author\/fondadmin\/"}]}},"_links":{"self":[{"href":"https:\/\/www.fondazionepirelli.org\/it\/wp-json\/wp\/v2\/posts\/57347\/"}],"collection":[{"href":"https:\/\/www.fondazionepirelli.org\/it\/wp-json\/wp\/v2\/posts\/"}],"about":[{"href":"https:\/\/www.fondazionepirelli.org\/it\/wp-json\/wp\/v2\/types\/post\/"}],"author":[{"embeddable":true,"href":"https:\/\/www.fondazionepirelli.org\/it\/wp-json\/wp\/v2\/users\/1\/"}],"replies":[{"embeddable":true,"href":"https:\/\/www.fondazionepirelli.org\/it\/wp-json\/wp\/v2\/comments\/?post=57347"}],"version-history":[{"count":3,"href":"https:\/\/www.fondazionepirelli.org\/it\/wp-json\/wp\/v2\/posts\/57347\/revisions\/"}],"predecessor-version":[{"id":75352,"href":"https:\/\/www.fondazionepirelli.org\/it\/wp-json\/wp\/v2\/posts\/57347\/revisions\/75352\/"}],"wp:featuredmedia":[{"embeddable":true,"href":"https:\/\/www.fondazionepirelli.org\/it\/wp-json\/wp\/v2\/media\/75353\/"}],"wp:attachment":[{"href":"https:\/\/www.fondazionepirelli.org\/it\/wp-json\/wp\/v2\/media\/?parent=57347"}],"wp:term":[{"taxonomy":"category","embeddable":true,"href":"https:\/\/www.fondazionepirelli.org\/it\/wp-json\/wp\/v2\/categories\/?post=57347"},{"taxonomy":"post_tag","embeddable":true,"href":"https:\/\/www.fondazionepirelli.org\/it\/wp-json\/wp\/v2\/tags\/?post=57347"}],"curies":[{"name":"wp","href":"https:\/\/api.w.org\/{rel}","templated":true}]}}