{"id":57351,"date":"2015-07-13T00:00:00","date_gmt":"2015-07-13T00:00:00","guid":{"rendered":"http:\/\/www.fondazionepirelli.org\/starts-i-progetti-ue-per-il-dialogo-tra-scienza-e-arte-e-l-ulisse-politecnico\/"},"modified":"2020-03-06T16:46:04","modified_gmt":"2020-03-06T15:46:04","slug":"starts-i-progetti-ue-per-il-dialogo-tra-scienza-e-arte-e-l-ulisse-politecnico","status":"publish","type":"post","link":"https:\/\/www.fondazionepirelli.org\/it\/cultura-dimpresa\/starts-i-progetti-ue-per-il-dialogo-tra-scienza-e-arte-e-l-ulisse-politecnico\/","title":{"rendered":"Starts, i progetti Ue per il dialogo tra scienza e arte: \u00e8 l\u2019 &#8220;Ulisse politecnico&#8221;"},"content":{"rendered":"<p>Il progetto si chiama <strong>Starts<\/strong>. Nasce negli uffici della Ue. Riguarda l\u2019<strong>innovazione<\/strong>. E al di l\u00e0 del pertinente significato letterale (le partenze, gli avvii, sono un\u2019essenziale condizione, appunto, per innovare), il suo vero fascino sta nell\u2019essere un acronimo di parole dense di senso e valore: <strong>science, technology e arts<\/strong>. Ne ha parlato nei giorni scorsi Pierluigi Sacco su \u201cIl Sole24Ore\u201d, raccontando d\u2019un incontro, a fine giugno, organizzato dalla Direzione Generale \u201cConnect\u201d della Commissione di Bruxelles, dove si sono confrontate societ\u00e0 e istituzioni di primo piano, come Ars Electronica di Linz, il Dipartimento Strat\u00e9gie Interactive di Dassault Syst\u00e8mes, Trasmediale, l\u2019Ircam, Ubiquitous Commons, Superglue, etc. Il tema: <strong>esplorare il vero potenziale nel dialogo tra arte, cultura e tecnologia<\/strong>, capire come creare spazi perch\u00e9 questo dialogo trovi espressione adeguata nelle strategie della Ue e, in particolare, nei programmi rivolti alla ricerca e all\u2019innovazione come Horizon 2020.<\/p>\n<p>Bene, che a Bruxelles se ne siano accorti. \u00c8 il valore dell\u2019\u201d<strong>Ulisse politecnico<\/strong>\u201d raccontato pi\u00f9 volte in questo blog, della necessit\u00e0, cio\u00e8, per le imprese, d\u2019avere come prezioso capitale umano gli <strong>ingegneri-filosofi<\/strong> capaci di sguardo ampio e competenze tecniche profonde e, pi\u00f9 in generale, per la societ\u00e0 italiana, di sanare la frattura tra le \u201cdue culture\u201d e di recuperare i valori, cari peraltro alla nostra storia, delle sintesi tra pensiero umanistico e pensiero scientifico, ricostruendo, in tempi di diffusione, di sofisticati saperi hi tech, una vera e propria \u201ccultura politecnica\u201d che rende Italia ed Europa pi\u00f9 colte, pi\u00f9 civili e, grazie a queste sintesi, pi\u00f9 competitive.<\/p>\n<p>Al lavori di Starts hanno partecipato anche scienziati americani, come Roger Malina, astrofisico di primo piano e direttore di \u201cLeonardo Publications\u201d del Mit di Boston: segno d\u2019un possibile, fruttuoso dialogo tra Ue e Usa. Commenta Sacco: \u201cL\u2019esito dei giorni di riflessione \u00e8 molto incoraggiante e prevede, come prossimo passo, l\u2019elaborazione di<strong> modelli di cooperazione tra artisti e scienziati<\/strong> che possano essere testati e progressivamente affinati, in modo da creare una nuova \u2018cassetta degli attrezzi\u2019 progettuale interamente finalizzata al lavoro trans-disciplinare. Si apre cos\u00ec la fase di sviluppo di Starts, che porter\u00e0 all\u2019apertura di vari cantieri di progettazione e che prelude al lancio dei primi prototipi progettuali. La risposta entusiastica e convinta sia sul versante degli scienziati che su quello degli artisti, dalle arti visive al teatro, dai media digitali alla musica, lascia pensare che non dovremo attendere a lungo per vedere i primi risultati\u201d.<\/p>\n<p>Su questo piano l\u2019Italia pu\u00f2 dare un grande contributo. Non solo per memoria. Ma anche per attualit\u00e0. Lo mostrano le relazioni tra impresa, ricerca scientifica e cultura umanistica (Eni,<strong> Pirelli<\/strong>, l\u2019Olivetti di Adriano, l\u2019Italcementi del dialogo con i grandi architetti, ma anche le esperienze di molte altre imprese pur medie e piccole). I recenti intensi confronti tra artisti contemporanei e tecnologi nei laboratori R&amp;D di Pirelli per le attivit\u00e0 della <strong>Fondazione Pirelli<\/strong> e dell\u2019HangarBicocca, il lavoro dei due grandi Politecnici di Milano e Torino, etc.<\/p>\n<p>Una strategia competitiva di ampio respiro. Rilanciata, di recente, anche da Assolombarda, che, per iniziativa del suo presidente Gianfelice Rocca, ha individuato la chiave competitiva di Milano nel suo essere una \u201c<strong>metropoli steam<\/strong>\u201d, secondo un acronimo che parla di science, technology, engineering, arts e mathematics. Sono termini analoghi a quello di Starts. Innovazione nel senso pi\u00f9 ampio del termine, insomma. In cui le competenze italiane in arts sono un tratto distintivo fortissimo. Nuove energie per uno sviluppo di qualit\u00e0.<\/p>\n","protected":false},"excerpt":{"rendered":"<p>Il progetto si chiama Starts. Nasce negli uffici della Ue. Riguarda l\u2019innovazione. E al di l\u00e0 del pertinente significato letterale (le partenze, gli avvii, sono un\u2019essenziale condizione, appunto, per innovare), il suo vero fascino sta nell\u2019essere un acronimo di parole dense di senso e valore: science, technology e arts. Ne ha parlato nei giorni scorsi [&hellip;]<\/p>\n","protected":false},"author":1,"featured_media":75391,"comment_status":"open","ping_status":"open","sticky":false,"template":"","format":"standard","meta":{"footnotes":""},"categories":[53,52],"tags":[],"class_list":["post-57351","post","type-post","status-publish","format-standard","has-post-thumbnail","hentry","category-blog","category-cultura-dimpresa"],"acf":[],"yoast_head":"<!-- This site is optimized with the Yoast SEO plugin v25.0 - https:\/\/yoast.com\/wordpress\/plugins\/seo\/ -->\n<title>Starts, i progetti Ue per il dialogo tra scienza e arte: \u00e8 l\u2019 &quot;Ulisse politecnico&quot; - Fondazione Pirelli<\/title>\n<meta name=\"robots\" content=\"index, follow, max-snippet:-1, max-image-preview:large, max-video-preview:-1\" \/>\n<link rel=\"canonical\" href=\"https:\/\/www.fondazionepirelli.org\/it\/cultura-dimpresa\/starts-i-progetti-ue-per-il-dialogo-tra-scienza-e-arte-e-l-ulisse-politecnico\/\" \/>\n<meta property=\"og:locale\" content=\"it_IT\" \/>\n<meta property=\"og:type\" content=\"article\" \/>\n<meta property=\"og:title\" content=\"Starts, i progetti Ue per il dialogo tra scienza e arte: \u00e8 l\u2019 &quot;Ulisse politecnico&quot; - Fondazione Pirelli\" \/>\n<meta property=\"og:description\" content=\"Il progetto si chiama Starts. Nasce negli uffici della Ue. Riguarda l\u2019innovazione. E al di l\u00e0 del pertinente significato letterale (le partenze, gli avvii, sono un\u2019essenziale condizione, appunto, per innovare), il suo vero fascino sta nell\u2019essere un acronimo di parole dense di senso e valore: science, technology e arts. Ne ha parlato nei giorni scorsi [&hellip;]\" \/>\n<meta property=\"og:url\" content=\"https:\/\/127.0.0.1\/it\/cultura-dimpresa\/starts-i-progetti-ue-per-il-dialogo-tra-scienza-e-arte-e-l-ulisse-politecnico\/\" \/>\n<meta property=\"og:site_name\" content=\"Fondazione Pirelli\" \/>\n<meta property=\"article:published_time\" content=\"2015-07-13T00:00:00+00:00\" \/>\n<meta property=\"article:modified_time\" content=\"2020-03-06T15:46:04+00:00\" \/>\n<meta property=\"og:image\" content=\"https:\/\/wpsite-assets.fondazionepirelli.org\/wp-content\/uploads\/2015\/07\/06164532\/Corbis-42-16396613-e1583509550984.jpg\" \/>\n\t<meta property=\"og:image:width\" content=\"381\" \/>\n\t<meta property=\"og:image:height\" content=\"399\" \/>\n\t<meta property=\"og:image:type\" content=\"image\/jpeg\" \/>\n<meta name=\"author\" content=\"fondadmin\" \/>\n<meta name=\"twitter:card\" content=\"summary_large_image\" \/>\n<meta name=\"twitter:label1\" content=\"Scritto da\" \/>\n\t<meta name=\"twitter:data1\" content=\"fondadmin\" \/>\n\t<meta name=\"twitter:label2\" content=\"Tempo di lettura stimato\" \/>\n\t<meta name=\"twitter:data2\" content=\"3 minuti\" \/>\n<script type=\"application\/ld+json\" class=\"yoast-schema-graph\">{\"@context\":\"https:\/\/schema.org\",\"@graph\":[{\"@type\":\"WebPage\",\"@id\":\"https:\/\/127.0.0.1\/it\/cultura-dimpresa\/starts-i-progetti-ue-per-il-dialogo-tra-scienza-e-arte-e-l-ulisse-politecnico\/\",\"url\":\"https:\/\/127.0.0.1\/it\/cultura-dimpresa\/starts-i-progetti-ue-per-il-dialogo-tra-scienza-e-arte-e-l-ulisse-politecnico\/\",\"name\":\"Starts, i progetti Ue per il dialogo tra scienza e arte: \u00e8 l\u2019 \\\"Ulisse politecnico\\\" - Fondazione Pirelli\",\"isPartOf\":{\"@id\":\"https:\/\/www.fondazionepirelli.org\/it\/#website\"},\"primaryImageOfPage\":{\"@id\":\"https:\/\/127.0.0.1\/it\/cultura-dimpresa\/starts-i-progetti-ue-per-il-dialogo-tra-scienza-e-arte-e-l-ulisse-politecnico\/#primaryimage\"},\"image\":{\"@id\":\"https:\/\/127.0.0.1\/it\/cultura-dimpresa\/starts-i-progetti-ue-per-il-dialogo-tra-scienza-e-arte-e-l-ulisse-politecnico\/#primaryimage\"},\"thumbnailUrl\":\"https:\/\/wpsite-assets.fondazionepirelli.org\/wp-content\/uploads\/2015\/07\/06164532\/Corbis-42-16396613-e1583509550984.jpg\",\"datePublished\":\"2015-07-13T00:00:00+00:00\",\"dateModified\":\"2020-03-06T15:46:04+00:00\",\"author\":{\"@id\":\"https:\/\/www.fondazionepirelli.org\/it\/#\/schema\/person\/f47d097000832c4a6e54538c791fdf25\"},\"breadcrumb\":{\"@id\":\"https:\/\/127.0.0.1\/it\/cultura-dimpresa\/starts-i-progetti-ue-per-il-dialogo-tra-scienza-e-arte-e-l-ulisse-politecnico\/#breadcrumb\"},\"inLanguage\":\"it-IT\",\"potentialAction\":[{\"@type\":\"ReadAction\",\"target\":[\"https:\/\/127.0.0.1\/it\/cultura-dimpresa\/starts-i-progetti-ue-per-il-dialogo-tra-scienza-e-arte-e-l-ulisse-politecnico\/\"]}]},{\"@type\":\"ImageObject\",\"inLanguage\":\"it-IT\",\"@id\":\"https:\/\/127.0.0.1\/it\/cultura-dimpresa\/starts-i-progetti-ue-per-il-dialogo-tra-scienza-e-arte-e-l-ulisse-politecnico\/#primaryimage\",\"url\":\"https:\/\/wpsite-assets.fondazionepirelli.org\/wp-content\/uploads\/2015\/07\/06164532\/Corbis-42-16396613-e1583509550984.jpg\",\"contentUrl\":\"https:\/\/wpsite-assets.fondazionepirelli.org\/wp-content\/uploads\/2015\/07\/06164532\/Corbis-42-16396613-e1583509550984.jpg\",\"width\":381,\"height\":399,\"caption\":\"1492 --- DaVinci drawing of body of man --- Image by \u00a9 Tetra Images\/Corbis\"},{\"@type\":\"BreadcrumbList\",\"@id\":\"https:\/\/127.0.0.1\/it\/cultura-dimpresa\/starts-i-progetti-ue-per-il-dialogo-tra-scienza-e-arte-e-l-ulisse-politecnico\/#breadcrumb\",\"itemListElement\":[{\"@type\":\"ListItem\",\"position\":1,\"name\":\"Home\",\"item\":\"https:\/\/www.fondazionepirelli.org\/it\/\"},{\"@type\":\"ListItem\",\"position\":2,\"name\":\"Starts, i progetti Ue per il dialogo tra scienza e arte: \u00e8 l\u2019 &#8220;Ulisse politecnico&#8221;\"}]},{\"@type\":\"WebSite\",\"@id\":\"https:\/\/www.fondazionepirelli.org\/it\/#website\",\"url\":\"https:\/\/www.fondazionepirelli.org\/it\/\",\"name\":\"Fondazione Pirelli\",\"description\":\"\",\"potentialAction\":[{\"@type\":\"SearchAction\",\"target\":{\"@type\":\"EntryPoint\",\"urlTemplate\":\"https:\/\/www.fondazionepirelli.org\/it\/?s={search_term_string}\"},\"query-input\":{\"@type\":\"PropertyValueSpecification\",\"valueRequired\":true,\"valueName\":\"search_term_string\"}}],\"inLanguage\":\"it-IT\"},{\"@type\":\"Person\",\"@id\":\"https:\/\/www.fondazionepirelli.org\/it\/#\/schema\/person\/f47d097000832c4a6e54538c791fdf25\",\"name\":\"fondadmin\",\"image\":{\"@type\":\"ImageObject\",\"inLanguage\":\"it-IT\",\"@id\":\"https:\/\/www.fondazionepirelli.org\/it\/#\/schema\/person\/image\/\",\"url\":\"https:\/\/secure.gravatar.com\/avatar\/e69498a9175ca244966e51e53c88712c024fcebe41f9a05f75657f1bb25e489b?s=96&d=mm&r=g\",\"contentUrl\":\"https:\/\/secure.gravatar.com\/avatar\/e69498a9175ca244966e51e53c88712c024fcebe41f9a05f75657f1bb25e489b?s=96&d=mm&r=g\",\"caption\":\"fondadmin\"},\"url\":\"https:\/\/www.fondazionepirelli.org\/it\/author\/fondadmin\/\"}]}<\/script>\n<!-- \/ Yoast SEO plugin. -->","yoast_head_json":{"title":"Starts, i progetti Ue per il dialogo tra scienza e arte: \u00e8 l\u2019 \"Ulisse politecnico\" - Fondazione Pirelli","robots":{"index":"index","follow":"follow","max-snippet":"max-snippet:-1","max-image-preview":"max-image-preview:large","max-video-preview":"max-video-preview:-1"},"canonical":"https:\/\/www.fondazionepirelli.org\/it\/cultura-dimpresa\/starts-i-progetti-ue-per-il-dialogo-tra-scienza-e-arte-e-l-ulisse-politecnico\/","og_locale":"it_IT","og_type":"article","og_title":"Starts, i progetti Ue per il dialogo tra scienza e arte: \u00e8 l\u2019 \"Ulisse politecnico\" - Fondazione Pirelli","og_description":"Il progetto si chiama Starts. Nasce negli uffici della Ue. Riguarda l\u2019innovazione. E al di l\u00e0 del pertinente significato letterale (le partenze, gli avvii, sono un\u2019essenziale condizione, appunto, per innovare), il suo vero fascino sta nell\u2019essere un acronimo di parole dense di senso e valore: science, technology e arts. Ne ha parlato nei giorni scorsi [&hellip;]","og_url":"https:\/\/127.0.0.1\/it\/cultura-dimpresa\/starts-i-progetti-ue-per-il-dialogo-tra-scienza-e-arte-e-l-ulisse-politecnico\/","og_site_name":"Fondazione Pirelli","article_published_time":"2015-07-13T00:00:00+00:00","article_modified_time":"2020-03-06T15:46:04+00:00","og_image":[{"width":381,"height":399,"url":"https:\/\/wpsite-assets.fondazionepirelli.org\/wp-content\/uploads\/2015\/07\/06164532\/Corbis-42-16396613-e1583509550984.jpg","type":"image\/jpeg"}],"author":"fondadmin","twitter_card":"summary_large_image","twitter_misc":{"Scritto da":"fondadmin","Tempo di lettura stimato":"3 minuti"},"schema":{"@context":"https:\/\/schema.org","@graph":[{"@type":"WebPage","@id":"https:\/\/127.0.0.1\/it\/cultura-dimpresa\/starts-i-progetti-ue-per-il-dialogo-tra-scienza-e-arte-e-l-ulisse-politecnico\/","url":"https:\/\/127.0.0.1\/it\/cultura-dimpresa\/starts-i-progetti-ue-per-il-dialogo-tra-scienza-e-arte-e-l-ulisse-politecnico\/","name":"Starts, i progetti Ue per il dialogo tra scienza e arte: \u00e8 l\u2019 \"Ulisse politecnico\" - Fondazione Pirelli","isPartOf":{"@id":"https:\/\/www.fondazionepirelli.org\/it\/#website"},"primaryImageOfPage":{"@id":"https:\/\/127.0.0.1\/it\/cultura-dimpresa\/starts-i-progetti-ue-per-il-dialogo-tra-scienza-e-arte-e-l-ulisse-politecnico\/#primaryimage"},"image":{"@id":"https:\/\/127.0.0.1\/it\/cultura-dimpresa\/starts-i-progetti-ue-per-il-dialogo-tra-scienza-e-arte-e-l-ulisse-politecnico\/#primaryimage"},"thumbnailUrl":"https:\/\/wpsite-assets.fondazionepirelli.org\/wp-content\/uploads\/2015\/07\/06164532\/Corbis-42-16396613-e1583509550984.jpg","datePublished":"2015-07-13T00:00:00+00:00","dateModified":"2020-03-06T15:46:04+00:00","author":{"@id":"https:\/\/www.fondazionepirelli.org\/it\/#\/schema\/person\/f47d097000832c4a6e54538c791fdf25"},"breadcrumb":{"@id":"https:\/\/127.0.0.1\/it\/cultura-dimpresa\/starts-i-progetti-ue-per-il-dialogo-tra-scienza-e-arte-e-l-ulisse-politecnico\/#breadcrumb"},"inLanguage":"it-IT","potentialAction":[{"@type":"ReadAction","target":["https:\/\/127.0.0.1\/it\/cultura-dimpresa\/starts-i-progetti-ue-per-il-dialogo-tra-scienza-e-arte-e-l-ulisse-politecnico\/"]}]},{"@type":"ImageObject","inLanguage":"it-IT","@id":"https:\/\/127.0.0.1\/it\/cultura-dimpresa\/starts-i-progetti-ue-per-il-dialogo-tra-scienza-e-arte-e-l-ulisse-politecnico\/#primaryimage","url":"https:\/\/wpsite-assets.fondazionepirelli.org\/wp-content\/uploads\/2015\/07\/06164532\/Corbis-42-16396613-e1583509550984.jpg","contentUrl":"https:\/\/wpsite-assets.fondazionepirelli.org\/wp-content\/uploads\/2015\/07\/06164532\/Corbis-42-16396613-e1583509550984.jpg","width":381,"height":399,"caption":"1492 --- DaVinci drawing of body of man --- Image by \u00a9 Tetra Images\/Corbis"},{"@type":"BreadcrumbList","@id":"https:\/\/127.0.0.1\/it\/cultura-dimpresa\/starts-i-progetti-ue-per-il-dialogo-tra-scienza-e-arte-e-l-ulisse-politecnico\/#breadcrumb","itemListElement":[{"@type":"ListItem","position":1,"name":"Home","item":"https:\/\/www.fondazionepirelli.org\/it\/"},{"@type":"ListItem","position":2,"name":"Starts, i progetti Ue per il dialogo tra scienza e arte: \u00e8 l\u2019 &#8220;Ulisse politecnico&#8221;"}]},{"@type":"WebSite","@id":"https:\/\/www.fondazionepirelli.org\/it\/#website","url":"https:\/\/www.fondazionepirelli.org\/it\/","name":"Fondazione Pirelli","description":"","potentialAction":[{"@type":"SearchAction","target":{"@type":"EntryPoint","urlTemplate":"https:\/\/www.fondazionepirelli.org\/it\/?s={search_term_string}"},"query-input":{"@type":"PropertyValueSpecification","valueRequired":true,"valueName":"search_term_string"}}],"inLanguage":"it-IT"},{"@type":"Person","@id":"https:\/\/www.fondazionepirelli.org\/it\/#\/schema\/person\/f47d097000832c4a6e54538c791fdf25","name":"fondadmin","image":{"@type":"ImageObject","inLanguage":"it-IT","@id":"https:\/\/www.fondazionepirelli.org\/it\/#\/schema\/person\/image\/","url":"https:\/\/secure.gravatar.com\/avatar\/e69498a9175ca244966e51e53c88712c024fcebe41f9a05f75657f1bb25e489b?s=96&d=mm&r=g","contentUrl":"https:\/\/secure.gravatar.com\/avatar\/e69498a9175ca244966e51e53c88712c024fcebe41f9a05f75657f1bb25e489b?s=96&d=mm&r=g","caption":"fondadmin"},"url":"https:\/\/www.fondazionepirelli.org\/it\/author\/fondadmin\/"}]}},"_links":{"self":[{"href":"https:\/\/www.fondazionepirelli.org\/it\/wp-json\/wp\/v2\/posts\/57351\/"}],"collection":[{"href":"https:\/\/www.fondazionepirelli.org\/it\/wp-json\/wp\/v2\/posts\/"}],"about":[{"href":"https:\/\/www.fondazionepirelli.org\/it\/wp-json\/wp\/v2\/types\/post\/"}],"author":[{"embeddable":true,"href":"https:\/\/www.fondazionepirelli.org\/it\/wp-json\/wp\/v2\/users\/1\/"}],"replies":[{"embeddable":true,"href":"https:\/\/www.fondazionepirelli.org\/it\/wp-json\/wp\/v2\/comments\/?post=57351"}],"version-history":[{"count":3,"href":"https:\/\/www.fondazionepirelli.org\/it\/wp-json\/wp\/v2\/posts\/57351\/revisions\/"}],"predecessor-version":[{"id":75393,"href":"https:\/\/www.fondazionepirelli.org\/it\/wp-json\/wp\/v2\/posts\/57351\/revisions\/75393\/"}],"wp:featuredmedia":[{"embeddable":true,"href":"https:\/\/www.fondazionepirelli.org\/it\/wp-json\/wp\/v2\/media\/75391\/"}],"wp:attachment":[{"href":"https:\/\/www.fondazionepirelli.org\/it\/wp-json\/wp\/v2\/media\/?parent=57351"}],"wp:term":[{"taxonomy":"category","embeddable":true,"href":"https:\/\/www.fondazionepirelli.org\/it\/wp-json\/wp\/v2\/categories\/?post=57351"},{"taxonomy":"post_tag","embeddable":true,"href":"https:\/\/www.fondazionepirelli.org\/it\/wp-json\/wp\/v2\/tags\/?post=57351"}],"curies":[{"name":"wp","href":"https:\/\/api.w.org\/{rel}","templated":true}]}}