{"id":57372,"date":"2015-10-12T00:00:00","date_gmt":"2015-10-12T00:00:00","guid":{"rendered":"http:\/\/www.fondazionepirelli.org\/scandalo-volkswagen-un-sondaggio-ipsos-mette-in-discussione-lindustria-e-chiede-una-vera-operazione-fiducia\/"},"modified":"2020-03-06T17:08:31","modified_gmt":"2020-03-06T16:08:31","slug":"scandalo-volkswagen-un-sondaggio-ipsos-mette-in-discussione-lindustria-e-chiede-una-vera-operazione-fiducia","status":"publish","type":"post","link":"https:\/\/www.fondazionepirelli.org\/it\/cultura-dimpresa\/scandalo-volkswagen-un-sondaggio-ipsos-mette-in-discussione-lindustria-e-chiede-una-vera-operazione-fiducia\/","title":{"rendered":"Scandalo Volkswagen, un sondaggio Ipsos mette in discussione \u201cl\u2019industria\u201d e chiede una vera \u201coperazione fiducia\u201d"},"content":{"rendered":"<p>Sono \u201cfatti loro\u201d, dei costruttori d\u2019auto tedeschi, gli sviluppi e le conseguenze dello scandalo Volkswagen? O, a parte le responsabilit\u00e0 specifiche di persone al vertice dell\u2019impresa per le \u201ccentraline truccate\u201d, la vicenda, in generale, riguarda in un modo o nell\u2019altro coloro che vivono e lavorano nell\u2019industria europea? La storia pone a tutti il tema della credibilit\u00e0 dell\u2019impresa, della ferita alla fiducia dei consumatori e, pi\u00f9 in generale, dei cittadini? Per capire meglio quali siano le reazioni del pubblico, Ipsos (l\u2019autorevole istituto di sondaggi diretto da Nando Pagnoncelli) ha appena fatto un\u2019interessante indagine, di cui vale la pena leggere i risultati.<\/p>\n<p>La vicenda Volkswagen, naturalmente, ha avuto una notevole eco: il 72% degli italiani l\u2019ha seguita con attenzione e un ulteriore 20% ne ha sentito parlare. Tra gli informati, ben il 70% dichiara di aver peggiorato la propria opinione su Volkswagen. Problema di reputazione tedesco, sin qui.<\/p>\n<p>Ma il sondaggio va avanti. E a distanza di due settimane dallo scandalo (quando viene effettuato), sembra che a essere colpito sia tutto il settore automobilistico e industriale in generale. A fronte di un 18% di italiani che ritiene che Volkswagen sia incappata in un \u201cincidente di percorso\u201d, il 19% attribuisce alla sola azienda la responsabilit\u00e0 completa nella vicenda. Per quasi la met\u00e0 del campione, questo \u00e8 un comportamento abituale di tutte le aziende del settore automobilistico (25%) o delle aziende industriali (25%) in genere.<\/p>\n<p>Dunque un intervistato su due ritiene che l\u2019industria si comporti male, sia inaffidabile, non rispetti i consumatori. Un dato allarmante. Che porta a rilevare come la questione riguardi l\u2019intero mondo dell\u2019impresa e chieda risposte urgenti, serie, in termini di impegni e di comportanti. Di affidabile e rigorosa cultura d\u2019impresa. Guai, naturalmente, a far passare una grande impresa come la Volkswagen per un covo di truffatori. E a dimenticare che nel mondo dell\u2019impresa italiana ed europea ci sono moltissime imprese serie, affidabili, responsabili, \u201cgreen\u201d, coerenti con i valori di sostenibilit\u00e0 e fiducia. Ma la questione \u00e8 comunque aperta. E merita risposte.<\/p>\n<p>Vale la pena tenere in considerazione anche una recente dichiarazione di Giacomo Vaciago, economista, che conosce bene il mondo dell\u2019economia italiana e internazionale: \u201cDi questi tempi, di scandali ne abbiamo visti tanti nel capitalismo finanziario. E ci eravamo forse illusi che la \u201cqualit\u00e0\u201c del mercato dei beni industriali fosse molto migliore, che ci fossero pi\u00f9 trasparenza, migliore competitivit\u00e0\u201d. Dopo la Grande Crisi, le critiche si sono infatti concentrate sulla \u201crapacit\u00e0 finanziaria\u201d, sulle tensioni speculative, sulla fragilit\u00e0 e sull\u2019avidit\u00e0 della cosiddetta \u201ceconomia di carta\u201d. Ed \u00e8 stata contemporaneamente rilanciata \u201cl\u2019economia reale\u201d, l\u2019industria, la manifattura, la fabbrica, con i loro valori. Lo scandalo Volkswagen, al di l\u00e0 degli accertamenti delle responsabilit\u00e0 specifiche, impone d\u2019avere uno sguardo critico anche verso \u201cl\u2019economia reale\u201d. E le reazioni dei cittadini-consumatori, appunto come quelli intervistati da Ipsos, interpellano severamente le imprese e chiedono che la loro responsabilit\u00e0 sociale sia severa, coerente, intransigente. Una sfida impegnativa. Che non si pu\u00f2 non cogliere.<\/p>\n","protected":false},"excerpt":{"rendered":"<p>Sono \u201cfatti loro\u201d, dei costruttori d\u2019auto tedeschi, gli sviluppi e le conseguenze dello scandalo Volkswagen? O, a parte le responsabilit\u00e0 specifiche di persone al vertice dell\u2019impresa per le \u201ccentraline truccate\u201d, la vicenda, in generale, riguarda in un modo o nell\u2019altro coloro che vivono e lavorano nell\u2019industria europea? La storia pone a tutti il tema della [&hellip;]<\/p>\n","protected":false},"author":1,"featured_media":75428,"comment_status":"open","ping_status":"open","sticky":false,"template":"","format":"standard","meta":{"footnotes":""},"categories":[53,52],"tags":[],"class_list":["post-57372","post","type-post","status-publish","format-standard","has-post-thumbnail","hentry","category-blog","category-cultura-dimpresa"],"acf":[],"yoast_head":"<!-- This site is optimized with the Yoast SEO plugin v25.0 - https:\/\/yoast.com\/wordpress\/plugins\/seo\/ -->\n<title>Scandalo Volkswagen, un sondaggio Ipsos mette in discussione \u201cl\u2019industria\u201d e chiede una vera \u201coperazione fiducia\u201d - Fondazione Pirelli<\/title>\n<meta name=\"robots\" content=\"index, follow, max-snippet:-1, max-image-preview:large, max-video-preview:-1\" \/>\n<link rel=\"canonical\" href=\"https:\/\/www.fondazionepirelli.org\/it\/cultura-dimpresa\/scandalo-volkswagen-un-sondaggio-ipsos-mette-in-discussione-lindustria-e-chiede-una-vera-operazione-fiducia\/\" \/>\n<meta property=\"og:locale\" content=\"it_IT\" \/>\n<meta property=\"og:type\" content=\"article\" \/>\n<meta property=\"og:title\" content=\"Scandalo Volkswagen, un sondaggio Ipsos mette in discussione \u201cl\u2019industria\u201d e chiede una vera \u201coperazione fiducia\u201d - Fondazione Pirelli\" \/>\n<meta property=\"og:description\" content=\"Sono \u201cfatti loro\u201d, dei costruttori d\u2019auto tedeschi, gli sviluppi e le conseguenze dello scandalo Volkswagen? O, a parte le responsabilit\u00e0 specifiche di persone al vertice dell\u2019impresa per le \u201ccentraline truccate\u201d, la vicenda, in generale, riguarda in un modo o nell\u2019altro coloro che vivono e lavorano nell\u2019industria europea? La storia pone a tutti il tema della [&hellip;]\" \/>\n<meta property=\"og:url\" content=\"https:\/\/www.fondazionepirelli.org\/it\/cultura-dimpresa\/scandalo-volkswagen-un-sondaggio-ipsos-mette-in-discussione-lindustria-e-chiede-una-vera-operazione-fiducia\/\" \/>\n<meta property=\"og:site_name\" content=\"Fondazione Pirelli\" \/>\n<meta property=\"article:published_time\" content=\"2015-10-12T00:00:00+00:00\" \/>\n<meta property=\"article:modified_time\" content=\"2020-03-06T16:08:31+00:00\" \/>\n<meta property=\"og:image\" content=\"https:\/\/wpsite-assets.fondazionepirelli.org\/wp-content\/uploads\/2015\/10\/06170823\/Corbis-42-21729653.jpg\" \/>\n\t<meta property=\"og:image:width\" content=\"480\" \/>\n\t<meta property=\"og:image:height\" content=\"480\" \/>\n\t<meta property=\"og:image:type\" content=\"image\/jpeg\" \/>\n<meta name=\"author\" content=\"fondadmin\" \/>\n<meta name=\"twitter:card\" content=\"summary_large_image\" \/>\n<meta name=\"twitter:label1\" content=\"Scritto da\" \/>\n\t<meta name=\"twitter:data1\" content=\"fondadmin\" \/>\n\t<meta name=\"twitter:label2\" content=\"Tempo di lettura stimato\" \/>\n\t<meta name=\"twitter:data2\" content=\"2 minuti\" \/>\n<script type=\"application\/ld+json\" class=\"yoast-schema-graph\">{\"@context\":\"https:\/\/schema.org\",\"@graph\":[{\"@type\":\"WebPage\",\"@id\":\"https:\/\/www.fondazionepirelli.org\/it\/cultura-dimpresa\/scandalo-volkswagen-un-sondaggio-ipsos-mette-in-discussione-lindustria-e-chiede-una-vera-operazione-fiducia\/\",\"url\":\"https:\/\/www.fondazionepirelli.org\/it\/cultura-dimpresa\/scandalo-volkswagen-un-sondaggio-ipsos-mette-in-discussione-lindustria-e-chiede-una-vera-operazione-fiducia\/\",\"name\":\"Scandalo Volkswagen, un sondaggio Ipsos mette in discussione \u201cl\u2019industria\u201d e chiede una vera \u201coperazione fiducia\u201d - Fondazione Pirelli\",\"isPartOf\":{\"@id\":\"https:\/\/www.fondazionepirelli.org\/it\/#website\"},\"primaryImageOfPage\":{\"@id\":\"https:\/\/www.fondazionepirelli.org\/it\/cultura-dimpresa\/scandalo-volkswagen-un-sondaggio-ipsos-mette-in-discussione-lindustria-e-chiede-una-vera-operazione-fiducia\/#primaryimage\"},\"image\":{\"@id\":\"https:\/\/www.fondazionepirelli.org\/it\/cultura-dimpresa\/scandalo-volkswagen-un-sondaggio-ipsos-mette-in-discussione-lindustria-e-chiede-una-vera-operazione-fiducia\/#primaryimage\"},\"thumbnailUrl\":\"https:\/\/wpsite-assets.fondazionepirelli.org\/wp-content\/uploads\/2015\/10\/06170823\/Corbis-42-21729653.jpg\",\"datePublished\":\"2015-10-12T00:00:00+00:00\",\"dateModified\":\"2020-03-06T16:08:31+00:00\",\"author\":{\"@id\":\"https:\/\/www.fondazionepirelli.org\/it\/#\/schema\/person\/f47d097000832c4a6e54538c791fdf25\"},\"breadcrumb\":{\"@id\":\"https:\/\/www.fondazionepirelli.org\/it\/cultura-dimpresa\/scandalo-volkswagen-un-sondaggio-ipsos-mette-in-discussione-lindustria-e-chiede-una-vera-operazione-fiducia\/#breadcrumb\"},\"inLanguage\":\"it-IT\",\"potentialAction\":[{\"@type\":\"ReadAction\",\"target\":[\"https:\/\/www.fondazionepirelli.org\/it\/cultura-dimpresa\/scandalo-volkswagen-un-sondaggio-ipsos-mette-in-discussione-lindustria-e-chiede-una-vera-operazione-fiducia\/\"]}]},{\"@type\":\"ImageObject\",\"inLanguage\":\"it-IT\",\"@id\":\"https:\/\/www.fondazionepirelli.org\/it\/cultura-dimpresa\/scandalo-volkswagen-un-sondaggio-ipsos-mette-in-discussione-lindustria-e-chiede-una-vera-operazione-fiducia\/#primaryimage\",\"url\":\"https:\/\/wpsite-assets.fondazionepirelli.org\/wp-content\/uploads\/2015\/10\/06170823\/Corbis-42-21729653.jpg\",\"contentUrl\":\"https:\/\/wpsite-assets.fondazionepirelli.org\/wp-content\/uploads\/2015\/10\/06170823\/Corbis-42-21729653.jpg\",\"width\":480,\"height\":480,\"caption\":\"Tree in Head --- Image by \u00a9 Corbis\"},{\"@type\":\"BreadcrumbList\",\"@id\":\"https:\/\/www.fondazionepirelli.org\/it\/cultura-dimpresa\/scandalo-volkswagen-un-sondaggio-ipsos-mette-in-discussione-lindustria-e-chiede-una-vera-operazione-fiducia\/#breadcrumb\",\"itemListElement\":[{\"@type\":\"ListItem\",\"position\":1,\"name\":\"Home\",\"item\":\"https:\/\/www.fondazionepirelli.org\/it\/\"},{\"@type\":\"ListItem\",\"position\":2,\"name\":\"Scandalo Volkswagen, un sondaggio Ipsos mette in discussione \u201cl\u2019industria\u201d e chiede una vera \u201coperazione fiducia\u201d\"}]},{\"@type\":\"WebSite\",\"@id\":\"https:\/\/www.fondazionepirelli.org\/it\/#website\",\"url\":\"https:\/\/www.fondazionepirelli.org\/it\/\",\"name\":\"Fondazione Pirelli\",\"description\":\"\",\"potentialAction\":[{\"@type\":\"SearchAction\",\"target\":{\"@type\":\"EntryPoint\",\"urlTemplate\":\"https:\/\/www.fondazionepirelli.org\/it\/?s={search_term_string}\"},\"query-input\":{\"@type\":\"PropertyValueSpecification\",\"valueRequired\":true,\"valueName\":\"search_term_string\"}}],\"inLanguage\":\"it-IT\"},{\"@type\":\"Person\",\"@id\":\"https:\/\/www.fondazionepirelli.org\/it\/#\/schema\/person\/f47d097000832c4a6e54538c791fdf25\",\"name\":\"fondadmin\",\"image\":{\"@type\":\"ImageObject\",\"inLanguage\":\"it-IT\",\"@id\":\"https:\/\/www.fondazionepirelli.org\/it\/#\/schema\/person\/image\/\",\"url\":\"https:\/\/secure.gravatar.com\/avatar\/e69498a9175ca244966e51e53c88712c024fcebe41f9a05f75657f1bb25e489b?s=96&d=mm&r=g\",\"contentUrl\":\"https:\/\/secure.gravatar.com\/avatar\/e69498a9175ca244966e51e53c88712c024fcebe41f9a05f75657f1bb25e489b?s=96&d=mm&r=g\",\"caption\":\"fondadmin\"},\"url\":\"https:\/\/www.fondazionepirelli.org\/it\/author\/fondadmin\/\"}]}<\/script>\n<!-- \/ Yoast SEO plugin. -->","yoast_head_json":{"title":"Scandalo Volkswagen, un sondaggio Ipsos mette in discussione \u201cl\u2019industria\u201d e chiede una vera \u201coperazione fiducia\u201d - Fondazione Pirelli","robots":{"index":"index","follow":"follow","max-snippet":"max-snippet:-1","max-image-preview":"max-image-preview:large","max-video-preview":"max-video-preview:-1"},"canonical":"https:\/\/www.fondazionepirelli.org\/it\/cultura-dimpresa\/scandalo-volkswagen-un-sondaggio-ipsos-mette-in-discussione-lindustria-e-chiede-una-vera-operazione-fiducia\/","og_locale":"it_IT","og_type":"article","og_title":"Scandalo Volkswagen, un sondaggio Ipsos mette in discussione \u201cl\u2019industria\u201d e chiede una vera \u201coperazione fiducia\u201d - Fondazione Pirelli","og_description":"Sono \u201cfatti loro\u201d, dei costruttori d\u2019auto tedeschi, gli sviluppi e le conseguenze dello scandalo Volkswagen? O, a parte le responsabilit\u00e0 specifiche di persone al vertice dell\u2019impresa per le \u201ccentraline truccate\u201d, la vicenda, in generale, riguarda in un modo o nell\u2019altro coloro che vivono e lavorano nell\u2019industria europea? La storia pone a tutti il tema della [&hellip;]","og_url":"https:\/\/www.fondazionepirelli.org\/it\/cultura-dimpresa\/scandalo-volkswagen-un-sondaggio-ipsos-mette-in-discussione-lindustria-e-chiede-una-vera-operazione-fiducia\/","og_site_name":"Fondazione Pirelli","article_published_time":"2015-10-12T00:00:00+00:00","article_modified_time":"2020-03-06T16:08:31+00:00","og_image":[{"width":480,"height":480,"url":"https:\/\/wpsite-assets.fondazionepirelli.org\/wp-content\/uploads\/2015\/10\/06170823\/Corbis-42-21729653.jpg","type":"image\/jpeg"}],"author":"fondadmin","twitter_card":"summary_large_image","twitter_misc":{"Scritto da":"fondadmin","Tempo di lettura stimato":"2 minuti"},"schema":{"@context":"https:\/\/schema.org","@graph":[{"@type":"WebPage","@id":"https:\/\/www.fondazionepirelli.org\/it\/cultura-dimpresa\/scandalo-volkswagen-un-sondaggio-ipsos-mette-in-discussione-lindustria-e-chiede-una-vera-operazione-fiducia\/","url":"https:\/\/www.fondazionepirelli.org\/it\/cultura-dimpresa\/scandalo-volkswagen-un-sondaggio-ipsos-mette-in-discussione-lindustria-e-chiede-una-vera-operazione-fiducia\/","name":"Scandalo Volkswagen, un sondaggio Ipsos mette in discussione \u201cl\u2019industria\u201d e chiede una vera \u201coperazione fiducia\u201d - Fondazione Pirelli","isPartOf":{"@id":"https:\/\/www.fondazionepirelli.org\/it\/#website"},"primaryImageOfPage":{"@id":"https:\/\/www.fondazionepirelli.org\/it\/cultura-dimpresa\/scandalo-volkswagen-un-sondaggio-ipsos-mette-in-discussione-lindustria-e-chiede-una-vera-operazione-fiducia\/#primaryimage"},"image":{"@id":"https:\/\/www.fondazionepirelli.org\/it\/cultura-dimpresa\/scandalo-volkswagen-un-sondaggio-ipsos-mette-in-discussione-lindustria-e-chiede-una-vera-operazione-fiducia\/#primaryimage"},"thumbnailUrl":"https:\/\/wpsite-assets.fondazionepirelli.org\/wp-content\/uploads\/2015\/10\/06170823\/Corbis-42-21729653.jpg","datePublished":"2015-10-12T00:00:00+00:00","dateModified":"2020-03-06T16:08:31+00:00","author":{"@id":"https:\/\/www.fondazionepirelli.org\/it\/#\/schema\/person\/f47d097000832c4a6e54538c791fdf25"},"breadcrumb":{"@id":"https:\/\/www.fondazionepirelli.org\/it\/cultura-dimpresa\/scandalo-volkswagen-un-sondaggio-ipsos-mette-in-discussione-lindustria-e-chiede-una-vera-operazione-fiducia\/#breadcrumb"},"inLanguage":"it-IT","potentialAction":[{"@type":"ReadAction","target":["https:\/\/www.fondazionepirelli.org\/it\/cultura-dimpresa\/scandalo-volkswagen-un-sondaggio-ipsos-mette-in-discussione-lindustria-e-chiede-una-vera-operazione-fiducia\/"]}]},{"@type":"ImageObject","inLanguage":"it-IT","@id":"https:\/\/www.fondazionepirelli.org\/it\/cultura-dimpresa\/scandalo-volkswagen-un-sondaggio-ipsos-mette-in-discussione-lindustria-e-chiede-una-vera-operazione-fiducia\/#primaryimage","url":"https:\/\/wpsite-assets.fondazionepirelli.org\/wp-content\/uploads\/2015\/10\/06170823\/Corbis-42-21729653.jpg","contentUrl":"https:\/\/wpsite-assets.fondazionepirelli.org\/wp-content\/uploads\/2015\/10\/06170823\/Corbis-42-21729653.jpg","width":480,"height":480,"caption":"Tree in Head --- Image by \u00a9 Corbis"},{"@type":"BreadcrumbList","@id":"https:\/\/www.fondazionepirelli.org\/it\/cultura-dimpresa\/scandalo-volkswagen-un-sondaggio-ipsos-mette-in-discussione-lindustria-e-chiede-una-vera-operazione-fiducia\/#breadcrumb","itemListElement":[{"@type":"ListItem","position":1,"name":"Home","item":"https:\/\/www.fondazionepirelli.org\/it\/"},{"@type":"ListItem","position":2,"name":"Scandalo Volkswagen, un sondaggio Ipsos mette in discussione \u201cl\u2019industria\u201d e chiede una vera \u201coperazione fiducia\u201d"}]},{"@type":"WebSite","@id":"https:\/\/www.fondazionepirelli.org\/it\/#website","url":"https:\/\/www.fondazionepirelli.org\/it\/","name":"Fondazione Pirelli","description":"","potentialAction":[{"@type":"SearchAction","target":{"@type":"EntryPoint","urlTemplate":"https:\/\/www.fondazionepirelli.org\/it\/?s={search_term_string}"},"query-input":{"@type":"PropertyValueSpecification","valueRequired":true,"valueName":"search_term_string"}}],"inLanguage":"it-IT"},{"@type":"Person","@id":"https:\/\/www.fondazionepirelli.org\/it\/#\/schema\/person\/f47d097000832c4a6e54538c791fdf25","name":"fondadmin","image":{"@type":"ImageObject","inLanguage":"it-IT","@id":"https:\/\/www.fondazionepirelli.org\/it\/#\/schema\/person\/image\/","url":"https:\/\/secure.gravatar.com\/avatar\/e69498a9175ca244966e51e53c88712c024fcebe41f9a05f75657f1bb25e489b?s=96&d=mm&r=g","contentUrl":"https:\/\/secure.gravatar.com\/avatar\/e69498a9175ca244966e51e53c88712c024fcebe41f9a05f75657f1bb25e489b?s=96&d=mm&r=g","caption":"fondadmin"},"url":"https:\/\/www.fondazionepirelli.org\/it\/author\/fondadmin\/"}]}},"_links":{"self":[{"href":"https:\/\/www.fondazionepirelli.org\/it\/wp-json\/wp\/v2\/posts\/57372\/"}],"collection":[{"href":"https:\/\/www.fondazionepirelli.org\/it\/wp-json\/wp\/v2\/posts\/"}],"about":[{"href":"https:\/\/www.fondazionepirelli.org\/it\/wp-json\/wp\/v2\/types\/post\/"}],"author":[{"embeddable":true,"href":"https:\/\/www.fondazionepirelli.org\/it\/wp-json\/wp\/v2\/users\/1\/"}],"replies":[{"embeddable":true,"href":"https:\/\/www.fondazionepirelli.org\/it\/wp-json\/wp\/v2\/comments\/?post=57372"}],"version-history":[{"count":3,"href":"https:\/\/www.fondazionepirelli.org\/it\/wp-json\/wp\/v2\/posts\/57372\/revisions\/"}],"predecessor-version":[{"id":75430,"href":"https:\/\/www.fondazionepirelli.org\/it\/wp-json\/wp\/v2\/posts\/57372\/revisions\/75430\/"}],"wp:featuredmedia":[{"embeddable":true,"href":"https:\/\/www.fondazionepirelli.org\/it\/wp-json\/wp\/v2\/media\/75428\/"}],"wp:attachment":[{"href":"https:\/\/www.fondazionepirelli.org\/it\/wp-json\/wp\/v2\/media\/?parent=57372"}],"wp:term":[{"taxonomy":"category","embeddable":true,"href":"https:\/\/www.fondazionepirelli.org\/it\/wp-json\/wp\/v2\/categories\/?post=57372"},{"taxonomy":"post_tag","embeddable":true,"href":"https:\/\/www.fondazionepirelli.org\/it\/wp-json\/wp\/v2\/tags\/?post=57372"}],"curies":[{"name":"wp","href":"https:\/\/api.w.org\/{rel}","templated":true}]}}