{"id":57374,"date":"2015-10-19T00:00:00","date_gmt":"2015-10-19T00:00:00","guid":{"rendered":"http:\/\/www.fondazionepirelli.org\/gli-addetti-scientifici-della-farnesina-e-la-migliore-competitivita-delle-imprese\/"},"modified":"2020-03-06T17:10:56","modified_gmt":"2020-03-06T16:10:56","slug":"gli-addetti-scientifici-della-farnesina-e-la-migliore-competitivita-delle-imprese","status":"publish","type":"post","link":"https:\/\/www.fondazionepirelli.org\/it\/cultura-dimpresa\/gli-addetti-scientifici-della-farnesina-e-la-migliore-competitivita-delle-imprese\/","title":{"rendered":"Gli Addetti Scientifici della Farnesina e la migliore competitivit\u00e0 delle imprese"},"content":{"rendered":"<p>Come stimolare e rafforzare l\u2019innovazione del sistema Italia, a vantaggio dello sviluppo del Paese e della competitivit\u00e0 delle sue imprese? Anche attraverso un coinvolgimento pi\u00f9 assiduo e puntuale degli <strong>Addetti Scientifici<\/strong> presso le ambasciate nei vari paesi del mondo: una \u201c<strong>diplomazia della scienza<\/strong>\u201d che ha forti implicazioni culturali ed economiche e pu\u00f2 ben lavorare in due direzioni: un cross over tecnologico tra Italia e mondo, ma anche un lavoro costante di miglioramento delle conoscenze hi tech a tutto vantaggio delle nostre imprese.<\/p>\n<p>Se ne \u00e8 discusso a lungo, per un\u2019intera giornata, marted\u00ec scorso a Roma, nella grande <strong>Sala delle Conferenze Internazionali della Farnesina<\/strong>, il Ministero degli Esteri, con la partecipazione di membri del Governo, diplomatici, rappresentanti dei principali enti di ricerca italiani e di Confindustria e, naturalmente, una trentina di Addetti Scientifici (a Washington, Brasilia, Tel Aviv, Pechino, Londra, Berlino, Seul, Ginevra, Mosca, Tokyo, etc.).<\/p>\n<p>Gli obiettivi di fondo: fare un <strong>confronto di esperienze<\/strong> e di <strong>modelli di attivit\u00e0<\/strong> legati a scienza e tecnologia sui mercati globali, discutere dell\u2019eredit\u00e0 di Expo in chiave di valorizzazione delle innovazioni che dal mondo dell\u2019alimentazione investono scienza e imprese, definire metodi e obiettivi per una sempre pi\u00f9 efficace relazione tra istituzioni pubbliche, ricerca e industria.<\/p>\n<p>Una buona iniziativa, dunque. Che ha messo in evidenza la necessit\u00e0 di un <strong>rafforzamento<\/strong> di un circuito virtuoso tra quattro grandi soggetti: le istituzioni pubbliche, appunto, gli enti e le istituzioni della ricerca pubblici e privati, le universit\u00e0 e le imprese.<\/p>\n<p>L\u2019Italia, com\u2019\u00e8 noto, investe poco in \u201c<strong>ricerca e innovazione<\/strong>\u201d, appena l\u20191,2% del Pil, molto meno della media Ue e degli altri grandi paesi industriali (accurata la mappatura fatta dalla Farnesina in preparazione della riunione degli Addetti Scientifici): il 2,9 della Germania, il 2,2% della Francia, il 3% della Svizzera, il 3,5% del Giappone, il 4,15% della Corea, per non dire di Usa e Cina. E\u2019 vero, quella percentuale non rappresenta realmente quanto l\u2019Italia investa, perch\u00e9 le imprese, soprattutto le piccole e medie, spesso citano gli investimenti per l\u2019innovazione sotto altra voce in bilancio e hanno la tendenza a brevettare poco, fanno innovazione combinatoria e adattativa scarsamente documentabile (la riprova di quella sottorappresentazione sta in un altro dato: il miglioramento crescente dell\u2019export, soprattutto nelle nicchie a maggior valore aggiunto. Una crescita che non ci sarebbe senza una robusta capacit\u00e0 innovativa di prodotti e produzioni). Resta comunque vero un fatto: o l\u2019Italia migliora la sua competitivit\u00e0, proprio con tutti gli strumenti dell\u2019innovazione o la sua crescita rester\u00e0 asfittica.<\/p>\n<p>Le imprese investono e, naturalmente, potrebbero fare di pi\u00f9 (il credito d\u2019imposta mirato \u00e8 uno stimolo quanto mai opportuno). Ma tocca soprattutto alla mano pubblica investire di pi\u00f9 e meglio. E usare con maggior efficienza ed efficacia gli strumenti che gi\u00e0 ci sono. Come gli Addetti scientifici, appunto. Antenne sensibili, a favore delle imprese, degli enti di ricerca e del sistema Paese, su quanto sia maturando nelle capitali e nelle grandi citt\u00e0 in cui operano. Promotori di migliori relazioni tra le eccellenze hi tech e medium tech e il mondo industriale italiano che sta rafforzando i suoi investimenti all\u2019estero e ha bisogno di stabilire buone relazioni con universit\u00e0 e centri dei paesi in cui stringe joint ventures e apre stabilimenti produttivi. Diffusori delle eccellenze scientifiche e tecnologiche italiane, della nostra ottima \u201c<strong>cultura politecnica<\/strong>\u201d nei circoli scientifici e imprenditoriali del resto del mondo.<\/p>\n<p>Sono compiti impegnativi, naturalmente. Ma ai quali la Farnesina continua a dimostrarsi sempre pi\u00f9 sensibile. Una buona prospettiva, per la competitivit\u00e0 italiana.<\/p>","protected":false},"excerpt":{"rendered":"<p>Come stimolare e rafforzare l\u2019innovazione del sistema Italia, a vantaggio dello sviluppo del Paese e della competitivit\u00e0 delle sue imprese? Anche attraverso un coinvolgimento pi\u00f9 assiduo e puntuale degli Addetti Scientifici presso le ambasciate nei vari paesi del mondo: una \u201cdiplomazia della scienza\u201d che ha forti implicazioni culturali ed economiche e pu\u00f2 ben lavorare in [&hellip;]<\/p>\n","protected":false},"author":1,"featured_media":75433,"comment_status":"open","ping_status":"open","sticky":false,"template":"","format":"standard","meta":{"footnotes":""},"categories":[53,52],"tags":[],"class_list":["post-57374","post","type-post","status-publish","format-standard","has-post-thumbnail","hentry","category-blog","category-cultura-dimpresa"],"acf":[],"yoast_head":"<!-- This site is optimized with the Yoast SEO plugin v25.0 - https:\/\/yoast.com\/wordpress\/plugins\/seo\/ -->\n<title>Gli Addetti Scientifici della Farnesina e la migliore competitivit\u00e0 delle imprese - Fondazione Pirelli<\/title>\n<meta name=\"robots\" content=\"index, follow, max-snippet:-1, max-image-preview:large, max-video-preview:-1\" \/>\n<link rel=\"canonical\" href=\"https:\/\/www.fondazionepirelli.org\/it\/cultura-dimpresa\/gli-addetti-scientifici-della-farnesina-e-la-migliore-competitivita-delle-imprese\/\" \/>\n<meta property=\"og:locale\" content=\"it_IT\" \/>\n<meta property=\"og:type\" content=\"article\" \/>\n<meta property=\"og:title\" content=\"Gli Addetti Scientifici della Farnesina e la migliore competitivit\u00e0 delle imprese - Fondazione Pirelli\" \/>\n<meta property=\"og:description\" content=\"Come stimolare e rafforzare l\u2019innovazione del sistema Italia, a vantaggio dello sviluppo del Paese e della competitivit\u00e0 delle sue imprese? Anche attraverso un coinvolgimento pi\u00f9 assiduo e puntuale degli Addetti Scientifici presso le ambasciate nei vari paesi del mondo: una \u201cdiplomazia della scienza\u201d che ha forti implicazioni culturali ed economiche e pu\u00f2 ben lavorare in [&hellip;]\" \/>\n<meta property=\"og:url\" content=\"https:\/\/127.0.0.1\/it\/cultura-dimpresa\/gli-addetti-scientifici-della-farnesina-e-la-migliore-competitivita-delle-imprese\/\" \/>\n<meta property=\"og:site_name\" content=\"Fondazione Pirelli\" \/>\n<meta property=\"article:published_time\" content=\"2015-10-19T00:00:00+00:00\" \/>\n<meta property=\"article:modified_time\" content=\"2020-03-06T16:10:56+00:00\" \/>\n<meta property=\"og:image\" content=\"https:\/\/wpsite-assets.fondazionepirelli.org\/wp-content\/uploads\/2015\/10\/06171031\/Corbis-42-27940622-e1583511043321.jpg\" \/>\n\t<meta property=\"og:image:width\" content=\"385\" \/>\n\t<meta property=\"og:image:height\" content=\"388\" \/>\n\t<meta property=\"og:image:type\" content=\"image\/jpeg\" \/>\n<meta name=\"author\" content=\"fondadmin\" \/>\n<meta name=\"twitter:card\" content=\"summary_large_image\" \/>\n<meta name=\"twitter:label1\" content=\"Scritto da\" \/>\n\t<meta name=\"twitter:data1\" content=\"fondadmin\" \/>\n\t<meta name=\"twitter:label2\" content=\"Tempo di lettura stimato\" \/>\n\t<meta name=\"twitter:data2\" content=\"3 minuti\" \/>\n<script type=\"application\/ld+json\" class=\"yoast-schema-graph\">{\"@context\":\"https:\/\/schema.org\",\"@graph\":[{\"@type\":\"WebPage\",\"@id\":\"https:\/\/127.0.0.1\/it\/cultura-dimpresa\/gli-addetti-scientifici-della-farnesina-e-la-migliore-competitivita-delle-imprese\/\",\"url\":\"https:\/\/127.0.0.1\/it\/cultura-dimpresa\/gli-addetti-scientifici-della-farnesina-e-la-migliore-competitivita-delle-imprese\/\",\"name\":\"Gli Addetti Scientifici della Farnesina e la migliore competitivit\u00e0 delle imprese - Fondazione Pirelli\",\"isPartOf\":{\"@id\":\"https:\/\/www.fondazionepirelli.org\/it\/#website\"},\"primaryImageOfPage\":{\"@id\":\"https:\/\/127.0.0.1\/it\/cultura-dimpresa\/gli-addetti-scientifici-della-farnesina-e-la-migliore-competitivita-delle-imprese\/#primaryimage\"},\"image\":{\"@id\":\"https:\/\/127.0.0.1\/it\/cultura-dimpresa\/gli-addetti-scientifici-della-farnesina-e-la-migliore-competitivita-delle-imprese\/#primaryimage\"},\"thumbnailUrl\":\"https:\/\/wpsite-assets.fondazionepirelli.org\/wp-content\/uploads\/2015\/10\/06171031\/Corbis-42-27940622-e1583511043321.jpg\",\"datePublished\":\"2015-10-19T00:00:00+00:00\",\"dateModified\":\"2020-03-06T16:10:56+00:00\",\"author\":{\"@id\":\"https:\/\/www.fondazionepirelli.org\/it\/#\/schema\/person\/f47d097000832c4a6e54538c791fdf25\"},\"breadcrumb\":{\"@id\":\"https:\/\/127.0.0.1\/it\/cultura-dimpresa\/gli-addetti-scientifici-della-farnesina-e-la-migliore-competitivita-delle-imprese\/#breadcrumb\"},\"inLanguage\":\"it-IT\",\"potentialAction\":[{\"@type\":\"ReadAction\",\"target\":[\"https:\/\/127.0.0.1\/it\/cultura-dimpresa\/gli-addetti-scientifici-della-farnesina-e-la-migliore-competitivita-delle-imprese\/\"]}]},{\"@type\":\"ImageObject\",\"inLanguage\":\"it-IT\",\"@id\":\"https:\/\/127.0.0.1\/it\/cultura-dimpresa\/gli-addetti-scientifici-della-farnesina-e-la-migliore-competitivita-delle-imprese\/#primaryimage\",\"url\":\"https:\/\/wpsite-assets.fondazionepirelli.org\/wp-content\/uploads\/2015\/10\/06171031\/Corbis-42-27940622-e1583511043321.jpg\",\"contentUrl\":\"https:\/\/wpsite-assets.fondazionepirelli.org\/wp-content\/uploads\/2015\/10\/06171031\/Corbis-42-27940622-e1583511043321.jpg\",\"width\":385,\"height\":388,\"caption\":\"Businessman using a wrench to turn giant gears --- Image by \u00a9 ImageZoo\/Corbis\"},{\"@type\":\"BreadcrumbList\",\"@id\":\"https:\/\/127.0.0.1\/it\/cultura-dimpresa\/gli-addetti-scientifici-della-farnesina-e-la-migliore-competitivita-delle-imprese\/#breadcrumb\",\"itemListElement\":[{\"@type\":\"ListItem\",\"position\":1,\"name\":\"Home\",\"item\":\"https:\/\/www.fondazionepirelli.org\/it\/\"},{\"@type\":\"ListItem\",\"position\":2,\"name\":\"Gli Addetti Scientifici della Farnesina e la migliore competitivit\u00e0 delle imprese\"}]},{\"@type\":\"WebSite\",\"@id\":\"https:\/\/www.fondazionepirelli.org\/it\/#website\",\"url\":\"https:\/\/www.fondazionepirelli.org\/it\/\",\"name\":\"Fondazione Pirelli\",\"description\":\"\",\"potentialAction\":[{\"@type\":\"SearchAction\",\"target\":{\"@type\":\"EntryPoint\",\"urlTemplate\":\"https:\/\/www.fondazionepirelli.org\/it\/?s={search_term_string}\"},\"query-input\":{\"@type\":\"PropertyValueSpecification\",\"valueRequired\":true,\"valueName\":\"search_term_string\"}}],\"inLanguage\":\"it-IT\"},{\"@type\":\"Person\",\"@id\":\"https:\/\/www.fondazionepirelli.org\/it\/#\/schema\/person\/f47d097000832c4a6e54538c791fdf25\",\"name\":\"fondadmin\",\"image\":{\"@type\":\"ImageObject\",\"inLanguage\":\"it-IT\",\"@id\":\"https:\/\/www.fondazionepirelli.org\/it\/#\/schema\/person\/image\/\",\"url\":\"https:\/\/secure.gravatar.com\/avatar\/e69498a9175ca244966e51e53c88712c024fcebe41f9a05f75657f1bb25e489b?s=96&d=mm&r=g\",\"contentUrl\":\"https:\/\/secure.gravatar.com\/avatar\/e69498a9175ca244966e51e53c88712c024fcebe41f9a05f75657f1bb25e489b?s=96&d=mm&r=g\",\"caption\":\"fondadmin\"},\"url\":\"https:\/\/www.fondazionepirelli.org\/it\/author\/fondadmin\/\"}]}<\/script>\n<!-- \/ Yoast SEO plugin. -->","yoast_head_json":{"title":"Gli Addetti Scientifici della Farnesina e la migliore competitivit\u00e0 delle imprese - Fondazione Pirelli","robots":{"index":"index","follow":"follow","max-snippet":"max-snippet:-1","max-image-preview":"max-image-preview:large","max-video-preview":"max-video-preview:-1"},"canonical":"https:\/\/www.fondazionepirelli.org\/it\/cultura-dimpresa\/gli-addetti-scientifici-della-farnesina-e-la-migliore-competitivita-delle-imprese\/","og_locale":"it_IT","og_type":"article","og_title":"Gli Addetti Scientifici della Farnesina e la migliore competitivit\u00e0 delle imprese - Fondazione Pirelli","og_description":"Come stimolare e rafforzare l\u2019innovazione del sistema Italia, a vantaggio dello sviluppo del Paese e della competitivit\u00e0 delle sue imprese? Anche attraverso un coinvolgimento pi\u00f9 assiduo e puntuale degli Addetti Scientifici presso le ambasciate nei vari paesi del mondo: una \u201cdiplomazia della scienza\u201d che ha forti implicazioni culturali ed economiche e pu\u00f2 ben lavorare in [&hellip;]","og_url":"https:\/\/127.0.0.1\/it\/cultura-dimpresa\/gli-addetti-scientifici-della-farnesina-e-la-migliore-competitivita-delle-imprese\/","og_site_name":"Fondazione Pirelli","article_published_time":"2015-10-19T00:00:00+00:00","article_modified_time":"2020-03-06T16:10:56+00:00","og_image":[{"width":385,"height":388,"url":"https:\/\/wpsite-assets.fondazionepirelli.org\/wp-content\/uploads\/2015\/10\/06171031\/Corbis-42-27940622-e1583511043321.jpg","type":"image\/jpeg"}],"author":"fondadmin","twitter_card":"summary_large_image","twitter_misc":{"Scritto da":"fondadmin","Tempo di lettura stimato":"3 minuti"},"schema":{"@context":"https:\/\/schema.org","@graph":[{"@type":"WebPage","@id":"https:\/\/127.0.0.1\/it\/cultura-dimpresa\/gli-addetti-scientifici-della-farnesina-e-la-migliore-competitivita-delle-imprese\/","url":"https:\/\/127.0.0.1\/it\/cultura-dimpresa\/gli-addetti-scientifici-della-farnesina-e-la-migliore-competitivita-delle-imprese\/","name":"Gli Addetti Scientifici della Farnesina e la migliore competitivit\u00e0 delle imprese - Fondazione Pirelli","isPartOf":{"@id":"https:\/\/www.fondazionepirelli.org\/it\/#website"},"primaryImageOfPage":{"@id":"https:\/\/127.0.0.1\/it\/cultura-dimpresa\/gli-addetti-scientifici-della-farnesina-e-la-migliore-competitivita-delle-imprese\/#primaryimage"},"image":{"@id":"https:\/\/127.0.0.1\/it\/cultura-dimpresa\/gli-addetti-scientifici-della-farnesina-e-la-migliore-competitivita-delle-imprese\/#primaryimage"},"thumbnailUrl":"https:\/\/wpsite-assets.fondazionepirelli.org\/wp-content\/uploads\/2015\/10\/06171031\/Corbis-42-27940622-e1583511043321.jpg","datePublished":"2015-10-19T00:00:00+00:00","dateModified":"2020-03-06T16:10:56+00:00","author":{"@id":"https:\/\/www.fondazionepirelli.org\/it\/#\/schema\/person\/f47d097000832c4a6e54538c791fdf25"},"breadcrumb":{"@id":"https:\/\/127.0.0.1\/it\/cultura-dimpresa\/gli-addetti-scientifici-della-farnesina-e-la-migliore-competitivita-delle-imprese\/#breadcrumb"},"inLanguage":"it-IT","potentialAction":[{"@type":"ReadAction","target":["https:\/\/127.0.0.1\/it\/cultura-dimpresa\/gli-addetti-scientifici-della-farnesina-e-la-migliore-competitivita-delle-imprese\/"]}]},{"@type":"ImageObject","inLanguage":"it-IT","@id":"https:\/\/127.0.0.1\/it\/cultura-dimpresa\/gli-addetti-scientifici-della-farnesina-e-la-migliore-competitivita-delle-imprese\/#primaryimage","url":"https:\/\/wpsite-assets.fondazionepirelli.org\/wp-content\/uploads\/2015\/10\/06171031\/Corbis-42-27940622-e1583511043321.jpg","contentUrl":"https:\/\/wpsite-assets.fondazionepirelli.org\/wp-content\/uploads\/2015\/10\/06171031\/Corbis-42-27940622-e1583511043321.jpg","width":385,"height":388,"caption":"Businessman using a wrench to turn giant gears --- Image by \u00a9 ImageZoo\/Corbis"},{"@type":"BreadcrumbList","@id":"https:\/\/127.0.0.1\/it\/cultura-dimpresa\/gli-addetti-scientifici-della-farnesina-e-la-migliore-competitivita-delle-imprese\/#breadcrumb","itemListElement":[{"@type":"ListItem","position":1,"name":"Home","item":"https:\/\/www.fondazionepirelli.org\/it\/"},{"@type":"ListItem","position":2,"name":"Gli Addetti Scientifici della Farnesina e la migliore competitivit\u00e0 delle imprese"}]},{"@type":"WebSite","@id":"https:\/\/www.fondazionepirelli.org\/it\/#website","url":"https:\/\/www.fondazionepirelli.org\/it\/","name":"Fondazione Pirelli","description":"","potentialAction":[{"@type":"SearchAction","target":{"@type":"EntryPoint","urlTemplate":"https:\/\/www.fondazionepirelli.org\/it\/?s={search_term_string}"},"query-input":{"@type":"PropertyValueSpecification","valueRequired":true,"valueName":"search_term_string"}}],"inLanguage":"it-IT"},{"@type":"Person","@id":"https:\/\/www.fondazionepirelli.org\/it\/#\/schema\/person\/f47d097000832c4a6e54538c791fdf25","name":"fondadmin","image":{"@type":"ImageObject","inLanguage":"it-IT","@id":"https:\/\/www.fondazionepirelli.org\/it\/#\/schema\/person\/image\/","url":"https:\/\/secure.gravatar.com\/avatar\/e69498a9175ca244966e51e53c88712c024fcebe41f9a05f75657f1bb25e489b?s=96&d=mm&r=g","contentUrl":"https:\/\/secure.gravatar.com\/avatar\/e69498a9175ca244966e51e53c88712c024fcebe41f9a05f75657f1bb25e489b?s=96&d=mm&r=g","caption":"fondadmin"},"url":"https:\/\/www.fondazionepirelli.org\/it\/author\/fondadmin\/"}]}},"_links":{"self":[{"href":"https:\/\/www.fondazionepirelli.org\/it\/wp-json\/wp\/v2\/posts\/57374\/"}],"collection":[{"href":"https:\/\/www.fondazionepirelli.org\/it\/wp-json\/wp\/v2\/posts\/"}],"about":[{"href":"https:\/\/www.fondazionepirelli.org\/it\/wp-json\/wp\/v2\/types\/post\/"}],"author":[{"embeddable":true,"href":"https:\/\/www.fondazionepirelli.org\/it\/wp-json\/wp\/v2\/users\/1\/"}],"replies":[{"embeddable":true,"href":"https:\/\/www.fondazionepirelli.org\/it\/wp-json\/wp\/v2\/comments\/?post=57374"}],"version-history":[{"count":3,"href":"https:\/\/www.fondazionepirelli.org\/it\/wp-json\/wp\/v2\/posts\/57374\/revisions\/"}],"predecessor-version":[{"id":75435,"href":"https:\/\/www.fondazionepirelli.org\/it\/wp-json\/wp\/v2\/posts\/57374\/revisions\/75435\/"}],"wp:featuredmedia":[{"embeddable":true,"href":"https:\/\/www.fondazionepirelli.org\/it\/wp-json\/wp\/v2\/media\/75433\/"}],"wp:attachment":[{"href":"https:\/\/www.fondazionepirelli.org\/it\/wp-json\/wp\/v2\/media\/?parent=57374"}],"wp:term":[{"taxonomy":"category","embeddable":true,"href":"https:\/\/www.fondazionepirelli.org\/it\/wp-json\/wp\/v2\/categories\/?post=57374"},{"taxonomy":"post_tag","embeddable":true,"href":"https:\/\/www.fondazionepirelli.org\/it\/wp-json\/wp\/v2\/tags\/?post=57374"}],"curies":[{"name":"wp","href":"https:\/\/api.w.org\/{rel}","templated":true}]}}