{"id":57376,"date":"2015-10-26T00:00:00","date_gmt":"2015-10-26T00:00:00","guid":{"rendered":"http:\/\/www.fondazionepirelli.org\/imprese-femminili-piu-inclusive-e-virtuose-gli-stimoli-della-merkel-laffidabilita-nel-credito\/"},"modified":"2020-03-06T17:13:47","modified_gmt":"2020-03-06T16:13:47","slug":"imprese-femminili-piu-inclusive-e-virtuose-gli-stimoli-della-merkel-laffidabilita-nel-credito","status":"publish","type":"post","link":"https:\/\/www.fondazionepirelli.org\/it\/cultura-dimpresa\/imprese-femminili-piu-inclusive-e-virtuose-gli-stimoli-della-merkel-laffidabilita-nel-credito\/","title":{"rendered":"Imprese femminili pi\u00f9 inclusive e \u201cvirtuose\u201d. Gli stimoli della Merkel, l\u2019affidabilit\u00e0 nel credito"},"content":{"rendered":"<p>\u201cI Paesi con maggiore leadership e partecipazione delle donne alla vita economica, politica e civile tendono a essere pi\u00f9 inclusivi e democratici e ad avere un maggior grado di sviluppo economico\u201d. Sono parole di Angela Merkel, Cancelliere tedesca. Che alcune settimane fa, a met\u00e0 settembre, nell\u2019ambito del G7, ha riunito a Berlino cinquanta donne leader internazionali, per ragionare insieme su qualit\u00e0 dello sviluppo, partecipazione, miglioramento delle condizioni di vita e di lavoro ma anche pi\u00f9 solide prospettive di sostenibilit\u00e0 ambientale e sociale della crescita. Di cui appunto \u201cl\u2019economia in rosa\u201d \u00e8 cardine essenziale.<\/p>\n<p>Il giudizio della Merkel \u00e8 confermato da Emma Marcegaglia, presidente dell\u2019Eni ma anche dell\u2019Associazione delle Confindustrie europee, presente pure lei al vertice di Berlino: \u201cLa parit\u00e0 d\u2019accesso \u00e8 certamente un diritto, ma \u00e8 anche uno dei modi pi\u00f9 efficaci per tornare a crescere. E quindi bisogna lavorare, insieme ai governi, alle aziende, alle associazioni, per spingere su una maggiore presenza femminile nel mondo del lvoro\u201d.<\/p>\n<p>Tema chiave, questo (parecchie volte sottolineato, nelle pagine di questo blog). E per fortuna sempre pi\u00f9 in evidenza nelle agende della politica e delle imprese, anche se non con il rilievo che sarebbe necessario.<\/p>\n<p>Nonostante le donne siano la met\u00e0 della popolazione mondiale, solo il 55% partecipa al mercato del lavoro, e molto spesso in posizione subordinata, nonostante le elevate qualificazioni o comunque la stessa capacit\u00e0 di lavoro rispetto agli uomini. Salari pi\u00f9 bassi. Discriminazioni evidenti. Carriere bloccate man mano che si va verso i vertici di imprese e organizzazioni. Con un grandissimo spreco di capitale umano e di opportunit\u00e0 generali di sviluppo, naturalmente. \u201cDiscriminare non solo non \u00e8 giusto. Ma non conviene\u201d, ha insegnato il premio Nobel per l\u2019economia Gary Becker, dimostrando che le politiche di esclusione (per genere, ma anche per religione, razza, orientamenti culturali e sociali) impediscono la \u201cscelta dei migliori\u201d, con conseguenti pesanti danni a economia e societ\u00e0 (oltre che alle persone discriminate).<\/p>\n<p>A conforto, si possono citare dei dati di prospettiva. Se ci fosse una maggiore occupazione femminile, analoga alle prentuali maschili, s\u2019\u00e8 detto al G7 di Berlino, il Pil Usa potrebbe crescere del 5%, ma quello dell\u2019Egitto del 35%, analogamente a quel che acadrebbe in paesi in cui la discriminazione delle donne \u00e8 particolarmente evidente.<\/p>\n<p>E in Italia? C\u2019\u00e8 il tasso di partecipazione femminile al lavoro pi\u00f9 basso tra i paesi sviluppati (il 52,2%, anche dopo Spagna, 69,8% e Grecia, 59%). E se quel tasso salisse al livello maschile, il 74,7%, il nostro Pil potrebbe migliorare di un buon 1% all\u2019anno, almeno 15 miliardi, cio\u00e8. C\u2019\u00e8 un gran lavoro da fare, insomma. Migliorando le condizioni di accesso allo studio e all\u2019occupazione e insistendo su riforme (come quella sulle \u201cquote rosa\u201d) che stanno dando buoni risultati.<\/p>\n<p>Una conferma sulla positivit\u00e0 dell\u2019impegno femminile viene anche da una ricerca condotta da una grande banca, la Bpm (la Popolare di Milano) su credito e imprese femminili e presentata \u00a0alla fine di settembre: \u201cLe imprese rosa sono pi\u00f9 virtuose\u201d. La percentuale dei \u201ccrediti deteriorati\u201d \u2013 documenta l\u2019indagine condotta tra i clienti dell\u2019istituto \u2013 \u00e8 minore nelle imprese a guida femminili che in quelle \u201cmaschili\u201d. L\u2019affidabilit\u00e0 come debitrici \u00e8 maggiore. La gestione del rischio pi\u00f9 attenta e responsabile. E la qualit\u00e0 della crescita aziendale pi\u00f9 solida e migliore. Grazie anche a una cultura dell\u2019apertura verso nuove partecipazioni e nuovi stili di governance e di gestione: preferenza per le societ\u00e0 di capitale invece che per le societ\u00e0 individuali, maggiore predisposizione ad accogliere nuovi soci e ad organizzare l\u2019impresa secondo prospettive di crescita. Impresa femminile, insomma, come pi\u00f9 dinamica, inclusiva, innovativa. Dimensioni e sfide di cui c\u2019\u00e8 un gran bisogno.<\/p>\n","protected":false},"excerpt":{"rendered":"<p>\u201cI Paesi con maggiore leadership e partecipazione delle donne alla vita economica, politica e civile tendono a essere pi\u00f9 inclusivi e democratici e ad avere un maggior grado di sviluppo economico\u201d. Sono parole di Angela Merkel, Cancelliere tedesca. Che alcune settimane fa, a met\u00e0 settembre, nell\u2019ambito del G7, ha riunito a Berlino cinquanta donne leader [&hellip;]<\/p>\n","protected":false},"author":1,"featured_media":75438,"comment_status":"open","ping_status":"open","sticky":false,"template":"","format":"standard","meta":{"footnotes":""},"categories":[53,52],"tags":[],"class_list":["post-57376","post","type-post","status-publish","format-standard","has-post-thumbnail","hentry","category-blog","category-cultura-dimpresa"],"acf":[],"yoast_head":"<!-- This site is optimized with the Yoast SEO plugin v25.0 - https:\/\/yoast.com\/wordpress\/plugins\/seo\/ -->\n<title>Imprese femminili pi\u00f9 inclusive e \u201cvirtuose\u201d. Gli stimoli della Merkel, l\u2019affidabilit\u00e0 nel credito - Fondazione Pirelli<\/title>\n<meta name=\"robots\" content=\"index, follow, max-snippet:-1, max-image-preview:large, max-video-preview:-1\" \/>\n<link rel=\"canonical\" href=\"https:\/\/www.fondazionepirelli.org\/it\/cultura-dimpresa\/imprese-femminili-piu-inclusive-e-virtuose-gli-stimoli-della-merkel-laffidabilita-nel-credito\/\" \/>\n<meta property=\"og:locale\" content=\"it_IT\" \/>\n<meta property=\"og:type\" content=\"article\" \/>\n<meta property=\"og:title\" content=\"Imprese femminili pi\u00f9 inclusive e \u201cvirtuose\u201d. Gli stimoli della Merkel, l\u2019affidabilit\u00e0 nel credito - Fondazione Pirelli\" \/>\n<meta property=\"og:description\" content=\"\u201cI Paesi con maggiore leadership e partecipazione delle donne alla vita economica, politica e civile tendono a essere pi\u00f9 inclusivi e democratici e ad avere un maggior grado di sviluppo economico\u201d. Sono parole di Angela Merkel, Cancelliere tedesca. Che alcune settimane fa, a met\u00e0 settembre, nell\u2019ambito del G7, ha riunito a Berlino cinquanta donne leader [&hellip;]\" \/>\n<meta property=\"og:url\" content=\"https:\/\/127.0.0.1\/it\/cultura-dimpresa\/imprese-femminili-piu-inclusive-e-virtuose-gli-stimoli-della-merkel-laffidabilita-nel-credito\/\" \/>\n<meta property=\"og:site_name\" content=\"Fondazione Pirelli\" \/>\n<meta property=\"article:published_time\" content=\"2015-10-26T00:00:00+00:00\" \/>\n<meta property=\"article:modified_time\" content=\"2020-03-06T16:13:47+00:00\" \/>\n<meta property=\"og:image\" content=\"https:\/\/wpsite-assets.fondazionepirelli.org\/wp-content\/uploads\/2015\/10\/06171326\/Corbis-42-26202439-e1583511219271.jpg\" \/>\n\t<meta property=\"og:image:width\" content=\"357\" \/>\n\t<meta property=\"og:image:height\" content=\"354\" \/>\n\t<meta property=\"og:image:type\" content=\"image\/jpeg\" \/>\n<meta name=\"author\" content=\"fondadmin\" \/>\n<meta name=\"twitter:card\" content=\"summary_large_image\" \/>\n<meta name=\"twitter:label1\" content=\"Scritto da\" \/>\n\t<meta name=\"twitter:data1\" content=\"fondadmin\" \/>\n\t<meta name=\"twitter:label2\" content=\"Tempo di lettura stimato\" \/>\n\t<meta name=\"twitter:data2\" content=\"3 minuti\" \/>\n<script type=\"application\/ld+json\" class=\"yoast-schema-graph\">{\"@context\":\"https:\/\/schema.org\",\"@graph\":[{\"@type\":\"WebPage\",\"@id\":\"https:\/\/127.0.0.1\/it\/cultura-dimpresa\/imprese-femminili-piu-inclusive-e-virtuose-gli-stimoli-della-merkel-laffidabilita-nel-credito\/\",\"url\":\"https:\/\/127.0.0.1\/it\/cultura-dimpresa\/imprese-femminili-piu-inclusive-e-virtuose-gli-stimoli-della-merkel-laffidabilita-nel-credito\/\",\"name\":\"Imprese femminili pi\u00f9 inclusive e \u201cvirtuose\u201d. Gli stimoli della Merkel, l\u2019affidabilit\u00e0 nel credito - Fondazione Pirelli\",\"isPartOf\":{\"@id\":\"https:\/\/www.fondazionepirelli.org\/it\/#website\"},\"primaryImageOfPage\":{\"@id\":\"https:\/\/127.0.0.1\/it\/cultura-dimpresa\/imprese-femminili-piu-inclusive-e-virtuose-gli-stimoli-della-merkel-laffidabilita-nel-credito\/#primaryimage\"},\"image\":{\"@id\":\"https:\/\/127.0.0.1\/it\/cultura-dimpresa\/imprese-femminili-piu-inclusive-e-virtuose-gli-stimoli-della-merkel-laffidabilita-nel-credito\/#primaryimage\"},\"thumbnailUrl\":\"https:\/\/wpsite-assets.fondazionepirelli.org\/wp-content\/uploads\/2015\/10\/06171326\/Corbis-42-26202439-e1583511219271.jpg\",\"datePublished\":\"2015-10-26T00:00:00+00:00\",\"dateModified\":\"2020-03-06T16:13:47+00:00\",\"author\":{\"@id\":\"https:\/\/www.fondazionepirelli.org\/it\/#\/schema\/person\/f47d097000832c4a6e54538c791fdf25\"},\"breadcrumb\":{\"@id\":\"https:\/\/127.0.0.1\/it\/cultura-dimpresa\/imprese-femminili-piu-inclusive-e-virtuose-gli-stimoli-della-merkel-laffidabilita-nel-credito\/#breadcrumb\"},\"inLanguage\":\"it-IT\",\"potentialAction\":[{\"@type\":\"ReadAction\",\"target\":[\"https:\/\/127.0.0.1\/it\/cultura-dimpresa\/imprese-femminili-piu-inclusive-e-virtuose-gli-stimoli-della-merkel-laffidabilita-nel-credito\/\"]}]},{\"@type\":\"ImageObject\",\"inLanguage\":\"it-IT\",\"@id\":\"https:\/\/127.0.0.1\/it\/cultura-dimpresa\/imprese-femminili-piu-inclusive-e-virtuose-gli-stimoli-della-merkel-laffidabilita-nel-credito\/#primaryimage\",\"url\":\"https:\/\/wpsite-assets.fondazionepirelli.org\/wp-content\/uploads\/2015\/10\/06171326\/Corbis-42-26202439-e1583511219271.jpg\",\"contentUrl\":\"https:\/\/wpsite-assets.fondazionepirelli.org\/wp-content\/uploads\/2015\/10\/06171326\/Corbis-42-26202439-e1583511219271.jpg\",\"width\":357,\"height\":354,\"caption\":\"A businesswoman conducting puzzle pieces --- Image by \u00a9 ImageZoo\/Corbis\"},{\"@type\":\"BreadcrumbList\",\"@id\":\"https:\/\/127.0.0.1\/it\/cultura-dimpresa\/imprese-femminili-piu-inclusive-e-virtuose-gli-stimoli-della-merkel-laffidabilita-nel-credito\/#breadcrumb\",\"itemListElement\":[{\"@type\":\"ListItem\",\"position\":1,\"name\":\"Home\",\"item\":\"https:\/\/www.fondazionepirelli.org\/it\/\"},{\"@type\":\"ListItem\",\"position\":2,\"name\":\"Imprese femminili pi\u00f9 inclusive e \u201cvirtuose\u201d. Gli stimoli della Merkel, l\u2019affidabilit\u00e0 nel credito\"}]},{\"@type\":\"WebSite\",\"@id\":\"https:\/\/www.fondazionepirelli.org\/it\/#website\",\"url\":\"https:\/\/www.fondazionepirelli.org\/it\/\",\"name\":\"Fondazione Pirelli\",\"description\":\"\",\"potentialAction\":[{\"@type\":\"SearchAction\",\"target\":{\"@type\":\"EntryPoint\",\"urlTemplate\":\"https:\/\/www.fondazionepirelli.org\/it\/?s={search_term_string}\"},\"query-input\":{\"@type\":\"PropertyValueSpecification\",\"valueRequired\":true,\"valueName\":\"search_term_string\"}}],\"inLanguage\":\"it-IT\"},{\"@type\":\"Person\",\"@id\":\"https:\/\/www.fondazionepirelli.org\/it\/#\/schema\/person\/f47d097000832c4a6e54538c791fdf25\",\"name\":\"fondadmin\",\"image\":{\"@type\":\"ImageObject\",\"inLanguage\":\"it-IT\",\"@id\":\"https:\/\/www.fondazionepirelli.org\/it\/#\/schema\/person\/image\/\",\"url\":\"https:\/\/secure.gravatar.com\/avatar\/e69498a9175ca244966e51e53c88712c024fcebe41f9a05f75657f1bb25e489b?s=96&d=mm&r=g\",\"contentUrl\":\"https:\/\/secure.gravatar.com\/avatar\/e69498a9175ca244966e51e53c88712c024fcebe41f9a05f75657f1bb25e489b?s=96&d=mm&r=g\",\"caption\":\"fondadmin\"},\"url\":\"https:\/\/www.fondazionepirelli.org\/it\/author\/fondadmin\/\"}]}<\/script>\n<!-- \/ Yoast SEO plugin. -->","yoast_head_json":{"title":"Imprese femminili pi\u00f9 inclusive e \u201cvirtuose\u201d. Gli stimoli della Merkel, l\u2019affidabilit\u00e0 nel credito - Fondazione Pirelli","robots":{"index":"index","follow":"follow","max-snippet":"max-snippet:-1","max-image-preview":"max-image-preview:large","max-video-preview":"max-video-preview:-1"},"canonical":"https:\/\/www.fondazionepirelli.org\/it\/cultura-dimpresa\/imprese-femminili-piu-inclusive-e-virtuose-gli-stimoli-della-merkel-laffidabilita-nel-credito\/","og_locale":"it_IT","og_type":"article","og_title":"Imprese femminili pi\u00f9 inclusive e \u201cvirtuose\u201d. Gli stimoli della Merkel, l\u2019affidabilit\u00e0 nel credito - Fondazione Pirelli","og_description":"\u201cI Paesi con maggiore leadership e partecipazione delle donne alla vita economica, politica e civile tendono a essere pi\u00f9 inclusivi e democratici e ad avere un maggior grado di sviluppo economico\u201d. Sono parole di Angela Merkel, Cancelliere tedesca. Che alcune settimane fa, a met\u00e0 settembre, nell\u2019ambito del G7, ha riunito a Berlino cinquanta donne leader [&hellip;]","og_url":"https:\/\/127.0.0.1\/it\/cultura-dimpresa\/imprese-femminili-piu-inclusive-e-virtuose-gli-stimoli-della-merkel-laffidabilita-nel-credito\/","og_site_name":"Fondazione Pirelli","article_published_time":"2015-10-26T00:00:00+00:00","article_modified_time":"2020-03-06T16:13:47+00:00","og_image":[{"width":357,"height":354,"url":"https:\/\/wpsite-assets.fondazionepirelli.org\/wp-content\/uploads\/2015\/10\/06171326\/Corbis-42-26202439-e1583511219271.jpg","type":"image\/jpeg"}],"author":"fondadmin","twitter_card":"summary_large_image","twitter_misc":{"Scritto da":"fondadmin","Tempo di lettura stimato":"3 minuti"},"schema":{"@context":"https:\/\/schema.org","@graph":[{"@type":"WebPage","@id":"https:\/\/127.0.0.1\/it\/cultura-dimpresa\/imprese-femminili-piu-inclusive-e-virtuose-gli-stimoli-della-merkel-laffidabilita-nel-credito\/","url":"https:\/\/127.0.0.1\/it\/cultura-dimpresa\/imprese-femminili-piu-inclusive-e-virtuose-gli-stimoli-della-merkel-laffidabilita-nel-credito\/","name":"Imprese femminili pi\u00f9 inclusive e \u201cvirtuose\u201d. Gli stimoli della Merkel, l\u2019affidabilit\u00e0 nel credito - Fondazione Pirelli","isPartOf":{"@id":"https:\/\/www.fondazionepirelli.org\/it\/#website"},"primaryImageOfPage":{"@id":"https:\/\/127.0.0.1\/it\/cultura-dimpresa\/imprese-femminili-piu-inclusive-e-virtuose-gli-stimoli-della-merkel-laffidabilita-nel-credito\/#primaryimage"},"image":{"@id":"https:\/\/127.0.0.1\/it\/cultura-dimpresa\/imprese-femminili-piu-inclusive-e-virtuose-gli-stimoli-della-merkel-laffidabilita-nel-credito\/#primaryimage"},"thumbnailUrl":"https:\/\/wpsite-assets.fondazionepirelli.org\/wp-content\/uploads\/2015\/10\/06171326\/Corbis-42-26202439-e1583511219271.jpg","datePublished":"2015-10-26T00:00:00+00:00","dateModified":"2020-03-06T16:13:47+00:00","author":{"@id":"https:\/\/www.fondazionepirelli.org\/it\/#\/schema\/person\/f47d097000832c4a6e54538c791fdf25"},"breadcrumb":{"@id":"https:\/\/127.0.0.1\/it\/cultura-dimpresa\/imprese-femminili-piu-inclusive-e-virtuose-gli-stimoli-della-merkel-laffidabilita-nel-credito\/#breadcrumb"},"inLanguage":"it-IT","potentialAction":[{"@type":"ReadAction","target":["https:\/\/127.0.0.1\/it\/cultura-dimpresa\/imprese-femminili-piu-inclusive-e-virtuose-gli-stimoli-della-merkel-laffidabilita-nel-credito\/"]}]},{"@type":"ImageObject","inLanguage":"it-IT","@id":"https:\/\/127.0.0.1\/it\/cultura-dimpresa\/imprese-femminili-piu-inclusive-e-virtuose-gli-stimoli-della-merkel-laffidabilita-nel-credito\/#primaryimage","url":"https:\/\/wpsite-assets.fondazionepirelli.org\/wp-content\/uploads\/2015\/10\/06171326\/Corbis-42-26202439-e1583511219271.jpg","contentUrl":"https:\/\/wpsite-assets.fondazionepirelli.org\/wp-content\/uploads\/2015\/10\/06171326\/Corbis-42-26202439-e1583511219271.jpg","width":357,"height":354,"caption":"A businesswoman conducting puzzle pieces --- Image by \u00a9 ImageZoo\/Corbis"},{"@type":"BreadcrumbList","@id":"https:\/\/127.0.0.1\/it\/cultura-dimpresa\/imprese-femminili-piu-inclusive-e-virtuose-gli-stimoli-della-merkel-laffidabilita-nel-credito\/#breadcrumb","itemListElement":[{"@type":"ListItem","position":1,"name":"Home","item":"https:\/\/www.fondazionepirelli.org\/it\/"},{"@type":"ListItem","position":2,"name":"Imprese femminili pi\u00f9 inclusive e \u201cvirtuose\u201d. Gli stimoli della Merkel, l\u2019affidabilit\u00e0 nel credito"}]},{"@type":"WebSite","@id":"https:\/\/www.fondazionepirelli.org\/it\/#website","url":"https:\/\/www.fondazionepirelli.org\/it\/","name":"Fondazione Pirelli","description":"","potentialAction":[{"@type":"SearchAction","target":{"@type":"EntryPoint","urlTemplate":"https:\/\/www.fondazionepirelli.org\/it\/?s={search_term_string}"},"query-input":{"@type":"PropertyValueSpecification","valueRequired":true,"valueName":"search_term_string"}}],"inLanguage":"it-IT"},{"@type":"Person","@id":"https:\/\/www.fondazionepirelli.org\/it\/#\/schema\/person\/f47d097000832c4a6e54538c791fdf25","name":"fondadmin","image":{"@type":"ImageObject","inLanguage":"it-IT","@id":"https:\/\/www.fondazionepirelli.org\/it\/#\/schema\/person\/image\/","url":"https:\/\/secure.gravatar.com\/avatar\/e69498a9175ca244966e51e53c88712c024fcebe41f9a05f75657f1bb25e489b?s=96&d=mm&r=g","contentUrl":"https:\/\/secure.gravatar.com\/avatar\/e69498a9175ca244966e51e53c88712c024fcebe41f9a05f75657f1bb25e489b?s=96&d=mm&r=g","caption":"fondadmin"},"url":"https:\/\/www.fondazionepirelli.org\/it\/author\/fondadmin\/"}]}},"_links":{"self":[{"href":"https:\/\/www.fondazionepirelli.org\/it\/wp-json\/wp\/v2\/posts\/57376\/"}],"collection":[{"href":"https:\/\/www.fondazionepirelli.org\/it\/wp-json\/wp\/v2\/posts\/"}],"about":[{"href":"https:\/\/www.fondazionepirelli.org\/it\/wp-json\/wp\/v2\/types\/post\/"}],"author":[{"embeddable":true,"href":"https:\/\/www.fondazionepirelli.org\/it\/wp-json\/wp\/v2\/users\/1\/"}],"replies":[{"embeddable":true,"href":"https:\/\/www.fondazionepirelli.org\/it\/wp-json\/wp\/v2\/comments\/?post=57376"}],"version-history":[{"count":3,"href":"https:\/\/www.fondazionepirelli.org\/it\/wp-json\/wp\/v2\/posts\/57376\/revisions\/"}],"predecessor-version":[{"id":75440,"href":"https:\/\/www.fondazionepirelli.org\/it\/wp-json\/wp\/v2\/posts\/57376\/revisions\/75440\/"}],"wp:featuredmedia":[{"embeddable":true,"href":"https:\/\/www.fondazionepirelli.org\/it\/wp-json\/wp\/v2\/media\/75438\/"}],"wp:attachment":[{"href":"https:\/\/www.fondazionepirelli.org\/it\/wp-json\/wp\/v2\/media\/?parent=57376"}],"wp:term":[{"taxonomy":"category","embeddable":true,"href":"https:\/\/www.fondazionepirelli.org\/it\/wp-json\/wp\/v2\/categories\/?post=57376"},{"taxonomy":"post_tag","embeddable":true,"href":"https:\/\/www.fondazionepirelli.org\/it\/wp-json\/wp\/v2\/tags\/?post=57376"}],"curies":[{"name":"wp","href":"https:\/\/api.w.org\/{rel}","templated":true}]}}