{"id":57382,"date":"2015-11-16T00:00:00","date_gmt":"2015-11-16T00:00:00","guid":{"rendered":"http:\/\/www.fondazionepirelli.org\/nelle-imprese-porte-aperte-anche-alle-scuole-per-il-pmi-day-confindustria\/"},"modified":"2020-03-06T17:19:55","modified_gmt":"2020-03-06T16:19:55","slug":"nelle-imprese-porte-aperte-anche-alle-scuole-per-il-pmi-day-confindustria","status":"publish","type":"post","link":"https:\/\/www.fondazionepirelli.org\/it\/cultura-dimpresa\/nelle-imprese-porte-aperte-anche-alle-scuole-per-il-pmi-day-confindustria\/","title":{"rendered":"Nelle imprese porte aperte anche alle scuole per il Pmi Day Confindustria"},"content":{"rendered":"<p>Imprese, <strong>porte aperte<\/strong>. Agli studenti e ai loro professori. Alle famiglie e agli amici dei dipendenti. A tutti gli abitanti dei paesi e delle citt\u00e0 in cui hanno sede fabbriche e uffici, laboratori e centri di servizi. Tutti in <strong>fabbrica<\/strong>, per vedere come si lavora, dove si producono ricchezza, occupazione, solidariet\u00e0 sociale. E\u2019 il \u201c<strong>Pmi day<\/strong>\u201d, il giorno dedicato alle piccole e medie aziende nell\u2019ambito della <strong>Settimana della cultura d\u2019impresa<\/strong> di Confindustria. Una ricorrenza formale, per sottolineare la centralit\u00e0 del soggetto dell\u2019iniziativa. E un utile promemoria per i pubblici amministratori, sia nazionali che locali: senza impresa non c\u2019\u00e8 ripresa, ma nemmeno tenuta del tessuto sociale, della coesione e, in molte aree, degli stessi sistemi di welfare che, a poco a poco, dall\u2019impresa si allargano al territorio (ce ne sono ottimi esempi, soprattutto nelle regioni del Nord industriale e possono fare da riferimento pure per una nuova politica di relazioni industriali, per una contrattazione che venga incontro alle esigenze dei lavoratori-cittadini alle prese con problemi che investono la salute, l\u2019assistenza, la previdenza integrativa, la formazione dei figli, il sostegno ai parenti anziani).<\/p>\n<p>E\u2019 andato bene, quest\u2019anno, il Pmi Day, venerd\u00ec 13 novembre. 850 aziende coinvolte (il 20% in pi\u00f9 dello scorso anno), 34mila partecipanti (+12%), 64 associazioni di Confindustria coinvolte, in 78 province. \u201cPiccole imprese motore di sviluppo\u201d, commenta soddisfatto <strong>Alberto Baban<\/strong>, presidente della Piccola industria di Confindustria.<\/p>\n<p>L\u2019idea di aprire i cancelli al pubblico era nata molti anni fa in Federchimica: per rispondere ai pregiudizi diffusi in ampi settori dell\u2019opinione pubblica sulle fabbriche chimiche inquinanti e irrispettose dell\u2019ambiente e delle popolazioni (un pregiudizio che aveva comunque buone radici, in pagine oscure di pessime imprese), si \u00e8 deciso di fare una politica di trasparenza e accoglienza. Uno strumento di verit\u00e0. Ma anche un impegno per le imprese stesse, a rispettare in modo evidente, visibile, verificabile, standard \u201cgreen\u201d (nel tempo, vocazione \u201cgreen\u201d e scelte di sostenibilit\u00e0 ambientale e sociale sono diventate fattori reali di competitivit\u00e0 delle imprese, alle prese con mercati sempre pi\u00f9 esigenti).<\/p>\n<p>Adesso, da qualche anno, i \u201c<strong>cancelli aperti<\/strong>\u201d sono una buona pratica diffusa, che va anche oltre il Pmi day e coinvolge aziende grandi e medie (Pirelli ne \u00e8 un esempio da tempo, soprattutto verso le scuole e le universit\u00e0, ma anche Ferrarelle, in Campania, tanto per fare solo un altro nome).<\/p>\n<p>Essenziale, il <strong>rapporto con le scuole<\/strong> (in Fondazione Pirelli, gi\u00e0 all\u2019inizio di ogni anno scolastico, c\u2019\u00e8 un fitto elenco di prenotazioni, che va avanti per parecchi mesi). \u201cDa sempre sosteniamo la necessit\u00e0 di un contatto pi\u00f9 forte tra scuola e lavoro\u201d, dice Baban.<\/p>\n<p>L\u2019obiettivo \u00e8 duplice. Innanzitutto, fare crescere, nel paese, la consapevolezza del ruolo positivo delle imprese, della buona manifattura italiana (dando anche ai giovani l\u2019opportunit\u00e0 di uno sguardo consapevole sulle possibilit\u00e0 del loro futuro e migliorando gli effetti dell\u2019impegno crescente per \u201cl\u2019alternanza scuola lavoro\u201d). E poi, fare crescere, nelle <strong>imprese<\/strong>, la consapevolezza di essere <strong>attori sociali positivi<\/strong> per lo sviluppo, di avere un ruolo essenziale da \u201c<strong>creatori di futuro\u201d<\/strong>. Impresa, formazione, cultura, appunto.<\/p>\n","protected":false},"excerpt":{"rendered":"<p>Imprese, porte aperte. Agli studenti e ai loro professori. Alle famiglie e agli amici dei dipendenti. A tutti gli abitanti dei paesi e delle citt\u00e0 in cui hanno sede fabbriche e uffici, laboratori e centri di servizi. Tutti in fabbrica, per vedere come si lavora, dove si producono ricchezza, occupazione, solidariet\u00e0 sociale. E\u2019 il \u201cPmi [&hellip;]<\/p>\n","protected":false},"author":1,"featured_media":75451,"comment_status":"open","ping_status":"open","sticky":false,"template":"","format":"standard","meta":{"footnotes":""},"categories":[53,52],"tags":[],"class_list":["post-57382","post","type-post","status-publish","format-standard","has-post-thumbnail","hentry","category-blog","category-cultura-dimpresa"],"acf":[],"yoast_head":"<!-- This site is optimized with the Yoast SEO plugin v25.0 - https:\/\/yoast.com\/wordpress\/plugins\/seo\/ -->\n<title>Nelle imprese porte aperte anche alle scuole per il Pmi Day Confindustria - Fondazione Pirelli<\/title>\n<meta name=\"robots\" content=\"index, follow, max-snippet:-1, max-image-preview:large, max-video-preview:-1\" \/>\n<link rel=\"canonical\" href=\"https:\/\/www.fondazionepirelli.org\/it\/cultura-dimpresa\/nelle-imprese-porte-aperte-anche-alle-scuole-per-il-pmi-day-confindustria\/\" \/>\n<meta property=\"og:locale\" content=\"it_IT\" \/>\n<meta property=\"og:type\" content=\"article\" \/>\n<meta property=\"og:title\" content=\"Nelle imprese porte aperte anche alle scuole per il Pmi Day Confindustria - Fondazione Pirelli\" \/>\n<meta property=\"og:description\" content=\"Imprese, porte aperte. Agli studenti e ai loro professori. Alle famiglie e agli amici dei dipendenti. A tutti gli abitanti dei paesi e delle citt\u00e0 in cui hanno sede fabbriche e uffici, laboratori e centri di servizi. Tutti in fabbrica, per vedere come si lavora, dove si producono ricchezza, occupazione, solidariet\u00e0 sociale. E\u2019 il \u201cPmi [&hellip;]\" \/>\n<meta property=\"og:url\" content=\"https:\/\/www.fondazionepirelli.org\/it\/cultura-dimpresa\/nelle-imprese-porte-aperte-anche-alle-scuole-per-il-pmi-day-confindustria\/\" \/>\n<meta property=\"og:site_name\" content=\"Fondazione Pirelli\" \/>\n<meta property=\"article:published_time\" content=\"2015-11-16T00:00:00+00:00\" \/>\n<meta property=\"article:modified_time\" content=\"2020-03-06T16:19:55+00:00\" \/>\n<meta property=\"og:image\" content=\"https:\/\/wpsite-assets.fondazionepirelli.org\/wp-content\/uploads\/2015\/11\/06171948\/Corbis-42-18121478.jpg\" \/>\n\t<meta property=\"og:image:width\" content=\"256\" \/>\n\t<meta property=\"og:image:height\" content=\"350\" \/>\n\t<meta property=\"og:image:type\" content=\"image\/jpeg\" \/>\n<meta name=\"author\" content=\"fondadmin\" \/>\n<meta name=\"twitter:card\" content=\"summary_large_image\" \/>\n<meta name=\"twitter:label1\" content=\"Scritto da\" \/>\n\t<meta name=\"twitter:data1\" content=\"fondadmin\" \/>\n\t<meta name=\"twitter:label2\" content=\"Tempo di lettura stimato\" \/>\n\t<meta name=\"twitter:data2\" content=\"3 minuti\" \/>\n<script type=\"application\/ld+json\" class=\"yoast-schema-graph\">{\"@context\":\"https:\/\/schema.org\",\"@graph\":[{\"@type\":\"WebPage\",\"@id\":\"https:\/\/www.fondazionepirelli.org\/it\/cultura-dimpresa\/nelle-imprese-porte-aperte-anche-alle-scuole-per-il-pmi-day-confindustria\/\",\"url\":\"https:\/\/www.fondazionepirelli.org\/it\/cultura-dimpresa\/nelle-imprese-porte-aperte-anche-alle-scuole-per-il-pmi-day-confindustria\/\",\"name\":\"Nelle imprese porte aperte anche alle scuole per il Pmi Day Confindustria - Fondazione Pirelli\",\"isPartOf\":{\"@id\":\"https:\/\/www.fondazionepirelli.org\/it\/#website\"},\"primaryImageOfPage\":{\"@id\":\"https:\/\/www.fondazionepirelli.org\/it\/cultura-dimpresa\/nelle-imprese-porte-aperte-anche-alle-scuole-per-il-pmi-day-confindustria\/#primaryimage\"},\"image\":{\"@id\":\"https:\/\/www.fondazionepirelli.org\/it\/cultura-dimpresa\/nelle-imprese-porte-aperte-anche-alle-scuole-per-il-pmi-day-confindustria\/#primaryimage\"},\"thumbnailUrl\":\"https:\/\/wpsite-assets.fondazionepirelli.org\/wp-content\/uploads\/2015\/11\/06171948\/Corbis-42-18121478.jpg\",\"datePublished\":\"2015-11-16T00:00:00+00:00\",\"dateModified\":\"2020-03-06T16:19:55+00:00\",\"author\":{\"@id\":\"https:\/\/www.fondazionepirelli.org\/it\/#\/schema\/person\/f47d097000832c4a6e54538c791fdf25\"},\"breadcrumb\":{\"@id\":\"https:\/\/www.fondazionepirelli.org\/it\/cultura-dimpresa\/nelle-imprese-porte-aperte-anche-alle-scuole-per-il-pmi-day-confindustria\/#breadcrumb\"},\"inLanguage\":\"it-IT\",\"potentialAction\":[{\"@type\":\"ReadAction\",\"target\":[\"https:\/\/www.fondazionepirelli.org\/it\/cultura-dimpresa\/nelle-imprese-porte-aperte-anche-alle-scuole-per-il-pmi-day-confindustria\/\"]}]},{\"@type\":\"ImageObject\",\"inLanguage\":\"it-IT\",\"@id\":\"https:\/\/www.fondazionepirelli.org\/it\/cultura-dimpresa\/nelle-imprese-porte-aperte-anche-alle-scuole-per-il-pmi-day-confindustria\/#primaryimage\",\"url\":\"https:\/\/wpsite-assets.fondazionepirelli.org\/wp-content\/uploads\/2015\/11\/06171948\/Corbis-42-18121478.jpg\",\"contentUrl\":\"https:\/\/wpsite-assets.fondazionepirelli.org\/wp-content\/uploads\/2015\/11\/06171948\/Corbis-42-18121478.jpg\",\"width\":256,\"height\":350},{\"@type\":\"BreadcrumbList\",\"@id\":\"https:\/\/www.fondazionepirelli.org\/it\/cultura-dimpresa\/nelle-imprese-porte-aperte-anche-alle-scuole-per-il-pmi-day-confindustria\/#breadcrumb\",\"itemListElement\":[{\"@type\":\"ListItem\",\"position\":1,\"name\":\"Home\",\"item\":\"https:\/\/www.fondazionepirelli.org\/it\/\"},{\"@type\":\"ListItem\",\"position\":2,\"name\":\"Nelle imprese porte aperte anche alle scuole per il Pmi Day Confindustria\"}]},{\"@type\":\"WebSite\",\"@id\":\"https:\/\/www.fondazionepirelli.org\/it\/#website\",\"url\":\"https:\/\/www.fondazionepirelli.org\/it\/\",\"name\":\"Fondazione Pirelli\",\"description\":\"\",\"potentialAction\":[{\"@type\":\"SearchAction\",\"target\":{\"@type\":\"EntryPoint\",\"urlTemplate\":\"https:\/\/www.fondazionepirelli.org\/it\/?s={search_term_string}\"},\"query-input\":{\"@type\":\"PropertyValueSpecification\",\"valueRequired\":true,\"valueName\":\"search_term_string\"}}],\"inLanguage\":\"it-IT\"},{\"@type\":\"Person\",\"@id\":\"https:\/\/www.fondazionepirelli.org\/it\/#\/schema\/person\/f47d097000832c4a6e54538c791fdf25\",\"name\":\"fondadmin\",\"image\":{\"@type\":\"ImageObject\",\"inLanguage\":\"it-IT\",\"@id\":\"https:\/\/www.fondazionepirelli.org\/it\/#\/schema\/person\/image\/\",\"url\":\"https:\/\/secure.gravatar.com\/avatar\/e69498a9175ca244966e51e53c88712c024fcebe41f9a05f75657f1bb25e489b?s=96&d=mm&r=g\",\"contentUrl\":\"https:\/\/secure.gravatar.com\/avatar\/e69498a9175ca244966e51e53c88712c024fcebe41f9a05f75657f1bb25e489b?s=96&d=mm&r=g\",\"caption\":\"fondadmin\"},\"url\":\"https:\/\/www.fondazionepirelli.org\/it\/author\/fondadmin\/\"}]}<\/script>\n<!-- \/ Yoast SEO plugin. -->","yoast_head_json":{"title":"Nelle imprese porte aperte anche alle scuole per il Pmi Day Confindustria - Fondazione Pirelli","robots":{"index":"index","follow":"follow","max-snippet":"max-snippet:-1","max-image-preview":"max-image-preview:large","max-video-preview":"max-video-preview:-1"},"canonical":"https:\/\/www.fondazionepirelli.org\/it\/cultura-dimpresa\/nelle-imprese-porte-aperte-anche-alle-scuole-per-il-pmi-day-confindustria\/","og_locale":"it_IT","og_type":"article","og_title":"Nelle imprese porte aperte anche alle scuole per il Pmi Day Confindustria - Fondazione Pirelli","og_description":"Imprese, porte aperte. Agli studenti e ai loro professori. Alle famiglie e agli amici dei dipendenti. A tutti gli abitanti dei paesi e delle citt\u00e0 in cui hanno sede fabbriche e uffici, laboratori e centri di servizi. Tutti in fabbrica, per vedere come si lavora, dove si producono ricchezza, occupazione, solidariet\u00e0 sociale. E\u2019 il \u201cPmi [&hellip;]","og_url":"https:\/\/www.fondazionepirelli.org\/it\/cultura-dimpresa\/nelle-imprese-porte-aperte-anche-alle-scuole-per-il-pmi-day-confindustria\/","og_site_name":"Fondazione Pirelli","article_published_time":"2015-11-16T00:00:00+00:00","article_modified_time":"2020-03-06T16:19:55+00:00","og_image":[{"width":256,"height":350,"url":"https:\/\/wpsite-assets.fondazionepirelli.org\/wp-content\/uploads\/2015\/11\/06171948\/Corbis-42-18121478.jpg","type":"image\/jpeg"}],"author":"fondadmin","twitter_card":"summary_large_image","twitter_misc":{"Scritto da":"fondadmin","Tempo di lettura stimato":"3 minuti"},"schema":{"@context":"https:\/\/schema.org","@graph":[{"@type":"WebPage","@id":"https:\/\/www.fondazionepirelli.org\/it\/cultura-dimpresa\/nelle-imprese-porte-aperte-anche-alle-scuole-per-il-pmi-day-confindustria\/","url":"https:\/\/www.fondazionepirelli.org\/it\/cultura-dimpresa\/nelle-imprese-porte-aperte-anche-alle-scuole-per-il-pmi-day-confindustria\/","name":"Nelle imprese porte aperte anche alle scuole per il Pmi Day Confindustria - Fondazione Pirelli","isPartOf":{"@id":"https:\/\/www.fondazionepirelli.org\/it\/#website"},"primaryImageOfPage":{"@id":"https:\/\/www.fondazionepirelli.org\/it\/cultura-dimpresa\/nelle-imprese-porte-aperte-anche-alle-scuole-per-il-pmi-day-confindustria\/#primaryimage"},"image":{"@id":"https:\/\/www.fondazionepirelli.org\/it\/cultura-dimpresa\/nelle-imprese-porte-aperte-anche-alle-scuole-per-il-pmi-day-confindustria\/#primaryimage"},"thumbnailUrl":"https:\/\/wpsite-assets.fondazionepirelli.org\/wp-content\/uploads\/2015\/11\/06171948\/Corbis-42-18121478.jpg","datePublished":"2015-11-16T00:00:00+00:00","dateModified":"2020-03-06T16:19:55+00:00","author":{"@id":"https:\/\/www.fondazionepirelli.org\/it\/#\/schema\/person\/f47d097000832c4a6e54538c791fdf25"},"breadcrumb":{"@id":"https:\/\/www.fondazionepirelli.org\/it\/cultura-dimpresa\/nelle-imprese-porte-aperte-anche-alle-scuole-per-il-pmi-day-confindustria\/#breadcrumb"},"inLanguage":"it-IT","potentialAction":[{"@type":"ReadAction","target":["https:\/\/www.fondazionepirelli.org\/it\/cultura-dimpresa\/nelle-imprese-porte-aperte-anche-alle-scuole-per-il-pmi-day-confindustria\/"]}]},{"@type":"ImageObject","inLanguage":"it-IT","@id":"https:\/\/www.fondazionepirelli.org\/it\/cultura-dimpresa\/nelle-imprese-porte-aperte-anche-alle-scuole-per-il-pmi-day-confindustria\/#primaryimage","url":"https:\/\/wpsite-assets.fondazionepirelli.org\/wp-content\/uploads\/2015\/11\/06171948\/Corbis-42-18121478.jpg","contentUrl":"https:\/\/wpsite-assets.fondazionepirelli.org\/wp-content\/uploads\/2015\/11\/06171948\/Corbis-42-18121478.jpg","width":256,"height":350},{"@type":"BreadcrumbList","@id":"https:\/\/www.fondazionepirelli.org\/it\/cultura-dimpresa\/nelle-imprese-porte-aperte-anche-alle-scuole-per-il-pmi-day-confindustria\/#breadcrumb","itemListElement":[{"@type":"ListItem","position":1,"name":"Home","item":"https:\/\/www.fondazionepirelli.org\/it\/"},{"@type":"ListItem","position":2,"name":"Nelle imprese porte aperte anche alle scuole per il Pmi Day Confindustria"}]},{"@type":"WebSite","@id":"https:\/\/www.fondazionepirelli.org\/it\/#website","url":"https:\/\/www.fondazionepirelli.org\/it\/","name":"Fondazione Pirelli","description":"","potentialAction":[{"@type":"SearchAction","target":{"@type":"EntryPoint","urlTemplate":"https:\/\/www.fondazionepirelli.org\/it\/?s={search_term_string}"},"query-input":{"@type":"PropertyValueSpecification","valueRequired":true,"valueName":"search_term_string"}}],"inLanguage":"it-IT"},{"@type":"Person","@id":"https:\/\/www.fondazionepirelli.org\/it\/#\/schema\/person\/f47d097000832c4a6e54538c791fdf25","name":"fondadmin","image":{"@type":"ImageObject","inLanguage":"it-IT","@id":"https:\/\/www.fondazionepirelli.org\/it\/#\/schema\/person\/image\/","url":"https:\/\/secure.gravatar.com\/avatar\/e69498a9175ca244966e51e53c88712c024fcebe41f9a05f75657f1bb25e489b?s=96&d=mm&r=g","contentUrl":"https:\/\/secure.gravatar.com\/avatar\/e69498a9175ca244966e51e53c88712c024fcebe41f9a05f75657f1bb25e489b?s=96&d=mm&r=g","caption":"fondadmin"},"url":"https:\/\/www.fondazionepirelli.org\/it\/author\/fondadmin\/"}]}},"_links":{"self":[{"href":"https:\/\/www.fondazionepirelli.org\/it\/wp-json\/wp\/v2\/posts\/57382\/"}],"collection":[{"href":"https:\/\/www.fondazionepirelli.org\/it\/wp-json\/wp\/v2\/posts\/"}],"about":[{"href":"https:\/\/www.fondazionepirelli.org\/it\/wp-json\/wp\/v2\/types\/post\/"}],"author":[{"embeddable":true,"href":"https:\/\/www.fondazionepirelli.org\/it\/wp-json\/wp\/v2\/users\/1\/"}],"replies":[{"embeddable":true,"href":"https:\/\/www.fondazionepirelli.org\/it\/wp-json\/wp\/v2\/comments\/?post=57382"}],"version-history":[{"count":3,"href":"https:\/\/www.fondazionepirelli.org\/it\/wp-json\/wp\/v2\/posts\/57382\/revisions\/"}],"predecessor-version":[{"id":75453,"href":"https:\/\/www.fondazionepirelli.org\/it\/wp-json\/wp\/v2\/posts\/57382\/revisions\/75453\/"}],"wp:featuredmedia":[{"embeddable":true,"href":"https:\/\/www.fondazionepirelli.org\/it\/wp-json\/wp\/v2\/media\/75451\/"}],"wp:attachment":[{"href":"https:\/\/www.fondazionepirelli.org\/it\/wp-json\/wp\/v2\/media\/?parent=57382"}],"wp:term":[{"taxonomy":"category","embeddable":true,"href":"https:\/\/www.fondazionepirelli.org\/it\/wp-json\/wp\/v2\/categories\/?post=57382"},{"taxonomy":"post_tag","embeddable":true,"href":"https:\/\/www.fondazionepirelli.org\/it\/wp-json\/wp\/v2\/tags\/?post=57382"}],"curies":[{"name":"wp","href":"https:\/\/api.w.org\/{rel}","templated":true}]}}