{"id":57384,"date":"2015-11-23T00:00:00","date_gmt":"2015-11-23T00:00:00","guid":{"rendered":"http:\/\/www.fondazionepirelli.org\/inclusione-sociale-come-cardine-di-sviluppo-e-competitivita-delle-imprese\/"},"modified":"2020-03-06T17:30:37","modified_gmt":"2020-03-06T16:30:37","slug":"inclusione-sociale-come-cardine-di-sviluppo-e-competitivita-delle-imprese","status":"publish","type":"post","link":"https:\/\/www.fondazionepirelli.org\/it\/cultura-dimpresa\/inclusione-sociale-come-cardine-di-sviluppo-e-competitivita-delle-imprese\/","title":{"rendered":"Inclusione sociale come cardine di sviluppo e competitivit\u00e0  delle imprese"},"content":{"rendered":"<p>L&#8217;i<strong>nclusione sociale<\/strong> \u00e8 un cardine fondamentale per lo sviluppo sostenibile, non solo ambientale ma anche e soprattutto sociale, un impegno per le imprese che ne devono fare uno strumento non solo di responsabilit\u00e0 ma anche di <strong>competitivit\u00e0<\/strong>. Sta in questo assunto uno degli elementi che hanno caratterizzato la &#8220;<strong>Settimana della cultura d&#8217;impresa&#8221;<\/strong> di Confindustria che s&#8217;\u00e8 appena conclusa: nove readings di letteratura industriale in altrettanti grandi teatri di citt\u00e0 italiane (Milano, Roma, Napoli, etc.), dibattiti, ricostruzioni storiche, fabbriche aperte al pubblico, iniziative di fondazioni e musei d&#8217;impresa e, appunto, un convegno organizzato da Anima e Sodalitas (le due organizzazioni che a Roma e a Milano si occupano di responsabilit\u00e0 sociale) sui temi dell&#8217;inclusione.<\/p>\n<p>Il punto di partenza \u00e8 stato individuato in una considerazione di <strong>Gary Becker,<\/strong> premio Nobel per l&#8217;economia: escludere non \u00e8 solo immorale, poco etico, socialmente sbagliato, ma anche non conveniente, perch\u00e9 priva l&#8217;impresa delle intelligenze, delle competenze, della passione, della qualit\u00e0 del lavoro delle persone escluse per motivi di genere, razza, religione, sesso, cultura, etc.<\/p>\n<p>Ne hanno parlato, oltre ai responsabili del Gruppo Cultura di Confindustria, di Anima (la presidente <strong>Sabrina Florio<\/strong>) e di Sodalitas (il consigliere delegato <strong>Carlo Antonio Pescetti<\/strong>), anche Enrico Giovannini, economista, ex ministro del Lavoro ed ex presidente dell&#8217;Istat, monsignor Enrico Paglia, presidente del Pontificio Consiglio della Famiglia e tre rappresentanti di imprese che fanno molto per la responsabilit\u00e0 sociale, Massimiliano Monanni (Fondazione Poste), Fabrizio Torella (Ferrovie dello Stato) e Marina Migliorato (Enel, una delle imprese pi\u00f9 all&#8217;avanguardia: la <strong>responsabilit\u00e0 sociale<\/strong> e le relazioni con gli stakeholders sono strettamente collegate all&#8217;innovazione: un&#8217;idea a tutto tondo della responsabilit\u00e0 stessa).<\/p>\n<p>Ci sono gli obiettivi internazionali dell&#8217;ONU sullo sviluppo sostenibile, all&#8217;orizzonte. E gli intrecci sempre pi\u00f9 stretti tra economia, societ\u00e0, ambiente e istituzioni. Le nuove idee di creazione di valore basate su un sistema di <strong>valori<\/strong> di cui l&#8217;<strong>impresa<\/strong> deve saper essere protagonista: la qualit\u00e0, la sicurezza, il legame positivo con i territori degli insediamenti industriali, il premio al merito delle persone che si impegnano, la partecipazione. Un vero e proprio &#8220;<strong>umanesimo industriale<\/strong>&#8221; come nuova forma della responsabilit\u00e0 sociale e della cultura d&#8217;impresa, di cui proprio l&#8217;Italia nella sua storia ha fornito e spesso fornisce ancora ottimi esempi (l&#8217;Olivetti di Adriano, ma anche la Pirelli \u00e8 una serie di imprese anche medie e piccole). E c&#8217;\u00e8 da rispettare l&#8217;articolo 3 della recente Costituzione Europea, che parla di sostenibilit\u00e0 e responsabilit\u00e0 istituzionale.<\/p>\n<p>Giovannini propone di legare le nuove leve sullo sviluppo al rispetto del <strong>Bes<\/strong>, l&#8217;indice sul Benessere Equo e Sostenibile, elaborato dell&#8217;Istat \u00e8 da considerare anche prima del Pil, del Prodotto interno lordo, per privilegiare la qualit\u00e0 dello sviluppo e non solo la quantit\u00e0 della crescita. Idea molto interessante. Cui proprio le imprese migliori possono ispirarsi nei progetti di espansione. La competitivit\u00e0 italiana sui mercati internazionali si gioca appunto sulla <strong>qualit\u00e0<\/strong>, sulle nicchie a maggior valore aggiunto, su prodotti e produzioni caratterizzate dalla cultura del &#8220;<strong>bello e ben fatto<\/strong>&#8220;. E si pu\u00f2 essere competitivi solo puntando sulle persone, sulle loro migliori attitudini. Includendo responsabilmente, dunque (ecco l&#8217;attualit\u00e0 della lezione di Becker). E guardando insospettiva a un&#8217;economia pi\u00f9 equilibrata, pi\u00f9 giusta. La responsabilit\u00e0 sociale, in altri termini, \u00e8 una positiva cultura economica e sociale. E conviene.<\/p>\n","protected":false},"excerpt":{"rendered":"<p>L&#8217;inclusione sociale \u00e8 un cardine fondamentale per lo sviluppo sostenibile, non solo ambientale ma anche e soprattutto sociale, un impegno per le imprese che ne devono fare uno strumento non solo di responsabilit\u00e0 ma anche di competitivit\u00e0. Sta in questo assunto uno degli elementi che hanno caratterizzato la &#8220;Settimana della cultura d&#8217;impresa&#8221; di Confindustria che [&hellip;]<\/p>\n","protected":false},"author":1,"featured_media":75456,"comment_status":"open","ping_status":"open","sticky":false,"template":"","format":"standard","meta":{"footnotes":""},"categories":[53,52],"tags":[],"class_list":["post-57384","post","type-post","status-publish","format-standard","has-post-thumbnail","hentry","category-blog","category-cultura-dimpresa"],"acf":[],"yoast_head":"<!-- This site is optimized with the Yoast SEO plugin v25.0 - https:\/\/yoast.com\/wordpress\/plugins\/seo\/ -->\n<title>Inclusione sociale come cardine di sviluppo e competitivit\u00e0 delle imprese - Fondazione Pirelli<\/title>\n<meta name=\"robots\" content=\"index, follow, max-snippet:-1, max-image-preview:large, max-video-preview:-1\" \/>\n<link rel=\"canonical\" href=\"https:\/\/www.fondazionepirelli.org\/it\/cultura-dimpresa\/inclusione-sociale-come-cardine-di-sviluppo-e-competitivita-delle-imprese\/\" \/>\n<meta property=\"og:locale\" content=\"it_IT\" \/>\n<meta property=\"og:type\" content=\"article\" \/>\n<meta property=\"og:title\" content=\"Inclusione sociale come cardine di sviluppo e competitivit\u00e0 delle imprese - Fondazione Pirelli\" \/>\n<meta property=\"og:description\" content=\"L&#8217;inclusione sociale \u00e8 un cardine fondamentale per lo sviluppo sostenibile, non solo ambientale ma anche e soprattutto sociale, un impegno per le imprese che ne devono fare uno strumento non solo di responsabilit\u00e0 ma anche di competitivit\u00e0. Sta in questo assunto uno degli elementi che hanno caratterizzato la &#8220;Settimana della cultura d&#8217;impresa&#8221; di Confindustria che [&hellip;]\" \/>\n<meta property=\"og:url\" content=\"https:\/\/127.0.0.1\/it\/cultura-dimpresa\/inclusione-sociale-come-cardine-di-sviluppo-e-competitivita-delle-imprese\/\" \/>\n<meta property=\"og:site_name\" content=\"Fondazione Pirelli\" \/>\n<meta property=\"article:published_time\" content=\"2015-11-23T00:00:00+00:00\" \/>\n<meta property=\"article:modified_time\" content=\"2020-03-06T16:30:37+00:00\" \/>\n<meta property=\"og:image\" content=\"https:\/\/wpsite-assets.fondazionepirelli.org\/wp-content\/uploads\/2015\/11\/06172113\/url.jpg\" \/>\n\t<meta property=\"og:image:width\" content=\"336\" \/>\n\t<meta property=\"og:image:height\" content=\"336\" \/>\n\t<meta property=\"og:image:type\" content=\"image\/jpeg\" \/>\n<meta name=\"author\" content=\"fondadmin\" \/>\n<meta name=\"twitter:card\" content=\"summary_large_image\" \/>\n<meta name=\"twitter:label1\" content=\"Scritto da\" \/>\n\t<meta name=\"twitter:data1\" content=\"fondadmin\" \/>\n\t<meta name=\"twitter:label2\" content=\"Tempo di lettura stimato\" \/>\n\t<meta name=\"twitter:data2\" content=\"3 minuti\" \/>\n<script type=\"application\/ld+json\" class=\"yoast-schema-graph\">{\"@context\":\"https:\/\/schema.org\",\"@graph\":[{\"@type\":\"WebPage\",\"@id\":\"https:\/\/127.0.0.1\/it\/cultura-dimpresa\/inclusione-sociale-come-cardine-di-sviluppo-e-competitivita-delle-imprese\/\",\"url\":\"https:\/\/127.0.0.1\/it\/cultura-dimpresa\/inclusione-sociale-come-cardine-di-sviluppo-e-competitivita-delle-imprese\/\",\"name\":\"Inclusione sociale come cardine di sviluppo e competitivit\u00e0 delle imprese - Fondazione Pirelli\",\"isPartOf\":{\"@id\":\"https:\/\/www.fondazionepirelli.org\/it\/#website\"},\"primaryImageOfPage\":{\"@id\":\"https:\/\/127.0.0.1\/it\/cultura-dimpresa\/inclusione-sociale-come-cardine-di-sviluppo-e-competitivita-delle-imprese\/#primaryimage\"},\"image\":{\"@id\":\"https:\/\/127.0.0.1\/it\/cultura-dimpresa\/inclusione-sociale-come-cardine-di-sviluppo-e-competitivita-delle-imprese\/#primaryimage\"},\"thumbnailUrl\":\"https:\/\/wpsite-assets.fondazionepirelli.org\/wp-content\/uploads\/2015\/11\/06172113\/url.jpg\",\"datePublished\":\"2015-11-23T00:00:00+00:00\",\"dateModified\":\"2020-03-06T16:30:37+00:00\",\"author\":{\"@id\":\"https:\/\/www.fondazionepirelli.org\/it\/#\/schema\/person\/f47d097000832c4a6e54538c791fdf25\"},\"breadcrumb\":{\"@id\":\"https:\/\/127.0.0.1\/it\/cultura-dimpresa\/inclusione-sociale-come-cardine-di-sviluppo-e-competitivita-delle-imprese\/#breadcrumb\"},\"inLanguage\":\"it-IT\",\"potentialAction\":[{\"@type\":\"ReadAction\",\"target\":[\"https:\/\/127.0.0.1\/it\/cultura-dimpresa\/inclusione-sociale-come-cardine-di-sviluppo-e-competitivita-delle-imprese\/\"]}]},{\"@type\":\"ImageObject\",\"inLanguage\":\"it-IT\",\"@id\":\"https:\/\/127.0.0.1\/it\/cultura-dimpresa\/inclusione-sociale-come-cardine-di-sviluppo-e-competitivita-delle-imprese\/#primaryimage\",\"url\":\"https:\/\/wpsite-assets.fondazionepirelli.org\/wp-content\/uploads\/2015\/11\/06172113\/url.jpg\",\"contentUrl\":\"https:\/\/wpsite-assets.fondazionepirelli.org\/wp-content\/uploads\/2015\/11\/06172113\/url.jpg\",\"width\":336,\"height\":336},{\"@type\":\"BreadcrumbList\",\"@id\":\"https:\/\/127.0.0.1\/it\/cultura-dimpresa\/inclusione-sociale-come-cardine-di-sviluppo-e-competitivita-delle-imprese\/#breadcrumb\",\"itemListElement\":[{\"@type\":\"ListItem\",\"position\":1,\"name\":\"Home\",\"item\":\"https:\/\/www.fondazionepirelli.org\/it\/\"},{\"@type\":\"ListItem\",\"position\":2,\"name\":\"Inclusione sociale come cardine di sviluppo e competitivit\u00e0 delle imprese\"}]},{\"@type\":\"WebSite\",\"@id\":\"https:\/\/www.fondazionepirelli.org\/it\/#website\",\"url\":\"https:\/\/www.fondazionepirelli.org\/it\/\",\"name\":\"Fondazione Pirelli\",\"description\":\"\",\"potentialAction\":[{\"@type\":\"SearchAction\",\"target\":{\"@type\":\"EntryPoint\",\"urlTemplate\":\"https:\/\/www.fondazionepirelli.org\/it\/?s={search_term_string}\"},\"query-input\":{\"@type\":\"PropertyValueSpecification\",\"valueRequired\":true,\"valueName\":\"search_term_string\"}}],\"inLanguage\":\"it-IT\"},{\"@type\":\"Person\",\"@id\":\"https:\/\/www.fondazionepirelli.org\/it\/#\/schema\/person\/f47d097000832c4a6e54538c791fdf25\",\"name\":\"fondadmin\",\"image\":{\"@type\":\"ImageObject\",\"inLanguage\":\"it-IT\",\"@id\":\"https:\/\/www.fondazionepirelli.org\/it\/#\/schema\/person\/image\/\",\"url\":\"https:\/\/secure.gravatar.com\/avatar\/e69498a9175ca244966e51e53c88712c024fcebe41f9a05f75657f1bb25e489b?s=96&d=mm&r=g\",\"contentUrl\":\"https:\/\/secure.gravatar.com\/avatar\/e69498a9175ca244966e51e53c88712c024fcebe41f9a05f75657f1bb25e489b?s=96&d=mm&r=g\",\"caption\":\"fondadmin\"},\"url\":\"https:\/\/www.fondazionepirelli.org\/it\/author\/fondadmin\/\"}]}<\/script>\n<!-- \/ Yoast SEO plugin. -->","yoast_head_json":{"title":"Inclusione sociale come cardine di sviluppo e competitivit\u00e0 delle imprese - Fondazione Pirelli","robots":{"index":"index","follow":"follow","max-snippet":"max-snippet:-1","max-image-preview":"max-image-preview:large","max-video-preview":"max-video-preview:-1"},"canonical":"https:\/\/www.fondazionepirelli.org\/it\/cultura-dimpresa\/inclusione-sociale-come-cardine-di-sviluppo-e-competitivita-delle-imprese\/","og_locale":"it_IT","og_type":"article","og_title":"Inclusione sociale come cardine di sviluppo e competitivit\u00e0 delle imprese - Fondazione Pirelli","og_description":"L&#8217;inclusione sociale \u00e8 un cardine fondamentale per lo sviluppo sostenibile, non solo ambientale ma anche e soprattutto sociale, un impegno per le imprese che ne devono fare uno strumento non solo di responsabilit\u00e0 ma anche di competitivit\u00e0. Sta in questo assunto uno degli elementi che hanno caratterizzato la &#8220;Settimana della cultura d&#8217;impresa&#8221; di Confindustria che [&hellip;]","og_url":"https:\/\/127.0.0.1\/it\/cultura-dimpresa\/inclusione-sociale-come-cardine-di-sviluppo-e-competitivita-delle-imprese\/","og_site_name":"Fondazione Pirelli","article_published_time":"2015-11-23T00:00:00+00:00","article_modified_time":"2020-03-06T16:30:37+00:00","og_image":[{"width":336,"height":336,"url":"https:\/\/wpsite-assets.fondazionepirelli.org\/wp-content\/uploads\/2015\/11\/06172113\/url.jpg","type":"image\/jpeg"}],"author":"fondadmin","twitter_card":"summary_large_image","twitter_misc":{"Scritto da":"fondadmin","Tempo di lettura stimato":"3 minuti"},"schema":{"@context":"https:\/\/schema.org","@graph":[{"@type":"WebPage","@id":"https:\/\/127.0.0.1\/it\/cultura-dimpresa\/inclusione-sociale-come-cardine-di-sviluppo-e-competitivita-delle-imprese\/","url":"https:\/\/127.0.0.1\/it\/cultura-dimpresa\/inclusione-sociale-come-cardine-di-sviluppo-e-competitivita-delle-imprese\/","name":"Inclusione sociale come cardine di sviluppo e competitivit\u00e0 delle imprese - Fondazione Pirelli","isPartOf":{"@id":"https:\/\/www.fondazionepirelli.org\/it\/#website"},"primaryImageOfPage":{"@id":"https:\/\/127.0.0.1\/it\/cultura-dimpresa\/inclusione-sociale-come-cardine-di-sviluppo-e-competitivita-delle-imprese\/#primaryimage"},"image":{"@id":"https:\/\/127.0.0.1\/it\/cultura-dimpresa\/inclusione-sociale-come-cardine-di-sviluppo-e-competitivita-delle-imprese\/#primaryimage"},"thumbnailUrl":"https:\/\/wpsite-assets.fondazionepirelli.org\/wp-content\/uploads\/2015\/11\/06172113\/url.jpg","datePublished":"2015-11-23T00:00:00+00:00","dateModified":"2020-03-06T16:30:37+00:00","author":{"@id":"https:\/\/www.fondazionepirelli.org\/it\/#\/schema\/person\/f47d097000832c4a6e54538c791fdf25"},"breadcrumb":{"@id":"https:\/\/127.0.0.1\/it\/cultura-dimpresa\/inclusione-sociale-come-cardine-di-sviluppo-e-competitivita-delle-imprese\/#breadcrumb"},"inLanguage":"it-IT","potentialAction":[{"@type":"ReadAction","target":["https:\/\/127.0.0.1\/it\/cultura-dimpresa\/inclusione-sociale-come-cardine-di-sviluppo-e-competitivita-delle-imprese\/"]}]},{"@type":"ImageObject","inLanguage":"it-IT","@id":"https:\/\/127.0.0.1\/it\/cultura-dimpresa\/inclusione-sociale-come-cardine-di-sviluppo-e-competitivita-delle-imprese\/#primaryimage","url":"https:\/\/wpsite-assets.fondazionepirelli.org\/wp-content\/uploads\/2015\/11\/06172113\/url.jpg","contentUrl":"https:\/\/wpsite-assets.fondazionepirelli.org\/wp-content\/uploads\/2015\/11\/06172113\/url.jpg","width":336,"height":336},{"@type":"BreadcrumbList","@id":"https:\/\/127.0.0.1\/it\/cultura-dimpresa\/inclusione-sociale-come-cardine-di-sviluppo-e-competitivita-delle-imprese\/#breadcrumb","itemListElement":[{"@type":"ListItem","position":1,"name":"Home","item":"https:\/\/www.fondazionepirelli.org\/it\/"},{"@type":"ListItem","position":2,"name":"Inclusione sociale come cardine di sviluppo e competitivit\u00e0 delle imprese"}]},{"@type":"WebSite","@id":"https:\/\/www.fondazionepirelli.org\/it\/#website","url":"https:\/\/www.fondazionepirelli.org\/it\/","name":"Fondazione Pirelli","description":"","potentialAction":[{"@type":"SearchAction","target":{"@type":"EntryPoint","urlTemplate":"https:\/\/www.fondazionepirelli.org\/it\/?s={search_term_string}"},"query-input":{"@type":"PropertyValueSpecification","valueRequired":true,"valueName":"search_term_string"}}],"inLanguage":"it-IT"},{"@type":"Person","@id":"https:\/\/www.fondazionepirelli.org\/it\/#\/schema\/person\/f47d097000832c4a6e54538c791fdf25","name":"fondadmin","image":{"@type":"ImageObject","inLanguage":"it-IT","@id":"https:\/\/www.fondazionepirelli.org\/it\/#\/schema\/person\/image\/","url":"https:\/\/secure.gravatar.com\/avatar\/e69498a9175ca244966e51e53c88712c024fcebe41f9a05f75657f1bb25e489b?s=96&d=mm&r=g","contentUrl":"https:\/\/secure.gravatar.com\/avatar\/e69498a9175ca244966e51e53c88712c024fcebe41f9a05f75657f1bb25e489b?s=96&d=mm&r=g","caption":"fondadmin"},"url":"https:\/\/www.fondazionepirelli.org\/it\/author\/fondadmin\/"}]}},"_links":{"self":[{"href":"https:\/\/www.fondazionepirelli.org\/it\/wp-json\/wp\/v2\/posts\/57384\/"}],"collection":[{"href":"https:\/\/www.fondazionepirelli.org\/it\/wp-json\/wp\/v2\/posts\/"}],"about":[{"href":"https:\/\/www.fondazionepirelli.org\/it\/wp-json\/wp\/v2\/types\/post\/"}],"author":[{"embeddable":true,"href":"https:\/\/www.fondazionepirelli.org\/it\/wp-json\/wp\/v2\/users\/1\/"}],"replies":[{"embeddable":true,"href":"https:\/\/www.fondazionepirelli.org\/it\/wp-json\/wp\/v2\/comments\/?post=57384"}],"version-history":[{"count":3,"href":"https:\/\/www.fondazionepirelli.org\/it\/wp-json\/wp\/v2\/posts\/57384\/revisions\/"}],"predecessor-version":[{"id":75458,"href":"https:\/\/www.fondazionepirelli.org\/it\/wp-json\/wp\/v2\/posts\/57384\/revisions\/75458\/"}],"wp:featuredmedia":[{"embeddable":true,"href":"https:\/\/www.fondazionepirelli.org\/it\/wp-json\/wp\/v2\/media\/75456\/"}],"wp:attachment":[{"href":"https:\/\/www.fondazionepirelli.org\/it\/wp-json\/wp\/v2\/media\/?parent=57384"}],"wp:term":[{"taxonomy":"category","embeddable":true,"href":"https:\/\/www.fondazionepirelli.org\/it\/wp-json\/wp\/v2\/categories\/?post=57384"},{"taxonomy":"post_tag","embeddable":true,"href":"https:\/\/www.fondazionepirelli.org\/it\/wp-json\/wp\/v2\/tags\/?post=57384"}],"curies":[{"name":"wp","href":"https:\/\/api.w.org\/{rel}","templated":true}]}}