{"id":57390,"date":"2015-12-14T00:00:00","date_gmt":"2015-12-14T00:00:00","guid":{"rendered":"http:\/\/www.fondazionepirelli.org\/lotta-alla-corruzione-limpegno-di-matterella-cantone-anac-e-dei-piccoli-industriali-di-brescia\/"},"modified":"2019-10-29T15:38:59","modified_gmt":"2019-10-29T13:38:59","slug":"lotta-alla-corruzione-limpegno-di-matterella-cantone-anac-e-dei-piccoli-industriali-di-brescia","status":"publish","type":"post","link":"https:\/\/www.fondazionepirelli.org\/it\/cultura-dimpresa\/lotta-alla-corruzione-limpegno-di-matterella-cantone-anac-e-dei-piccoli-industriali-di-brescia\/","title":{"rendered":"Lotta alla corruzione, l\u2019impegno di Matterella, Cantone (Anac) e dei piccoli industriali di Brescia"},"content":{"rendered":"<p>\u201cLa <strong>corruzione<\/strong> \u00e8 un furto di democrazia\u201d, dice il presidente della Repubblica Sergio Mattarella. \u201cColpisce i pi\u00f9 poveri e deboli\u201d. \u201cE\u2019 un cancro\u201d diffuso nel corpo sociale ed economico. Ma \u201csi pu\u00f2 sconfiggere\u201d. Le parole del Capo dello Stato, pronunciate in occasione della<strong> Giornata mondiale contro la corruzione<\/strong>, sono particolarmente importanti, in questa fase delicata della vita del Paese, mentre si cerca di ricostruire le condizioni di fiducia necessarie per uno sviluppo pi\u00f9 robusto ed equilibrato e rafforzare le riforme necessarie a mettere politica, pubblica amministrazione e burocrazie al servizio della crescita sostenibile. Gli impegni del Quirinale in questa direzione, sottolineati in tempi recenti dalle presidenze di Carlo Azeglio Ciampi e poi di Giorgio Napolitano e ribaditi, appunto, da Mattarella, sono un cardine delle strategie di rinnovamento e moralizzazione. E sono considerati con grande attenzione ed esplicito favore anche dal mondo delle imprese che, Confindustria e Assolombarda in testa, considerano la legalit\u00e0 come strumento essenziale della competitivit\u00e0 del sistema Paese.<\/p>\n<p>Sono lette con estremo interesse, dunque, anche le affermazioni di Raffaele Cantone, presidente dell\u2019Anac, l\u2019Autorit\u00e0 contro la corruzione, pronunciate durante un Forum de \u201cIl Sole24Ore\u201d e pubblicate il 10 dicembre: \u201cLa corruzione colpisce soprattutto le <strong>piccole<\/strong> e <strong>medie imprese<\/strong>, le imprese pi\u00f9 dinamiche e concorrenziali, quelle che innovano, perch\u00e9 la corruzione \u00e8 un sistema anticompetitivo. Ma con il \u2018modello Expo\u2019 e con la riforma degli appalti, che d\u00e0 la possibilit\u00e0 all\u2019Anac di valutare le imprese per quello che fanno e per la loro storia, con un rating reputazionale, abbiamo l\u2019opportunit\u00e0 di cambiare\u201d.<\/p>\n<p>Quanto pesa la corruzione sul sistema Paese? 60 miliardi, aveva detto la Corte dei Conti, alcuni anni fa. Cantone dichiara di diffidare di queste cifre, non fondate su valutazioni scientifiche. Ed esprime dubbi anche su classifiche che misurano \u201cla corruzione percepita\u201d, quelle che mettono l\u2019Italia in cima ai paesi pi\u00f9 corrotti (noi italiani ci giudichiamo malissimo, mentre in altri paesi pi\u00f9 corrotti di noi gli imprenditoi e i cittadini intervistati non rivelano allarmanti \u201cpercezioni\u201d). Resta comunque grave il quadro d\u2019una pubblica amministrazione e d\u2019una burocrazia complessa, inefficiente, permeata da diffuse inclinazioni alla corruzione e da vie aperte, proprio attraverso la corruzione, al potere inquinante di mafia, camorra e \u2018ndrangheta. Fenomeni da non sottovalutare. Perch\u00e9, dal punto di vista delle imprese, distorcono la concorrenza, alterano il mercato, danneggiano gli imprenditori \u201ccon le carte in regola\u201d e con una forte etica degli affari a vantaggio di imprese corrotte e corruttrici, violente, illegali.<\/p>\n<p>Che fare? Dice Cantone: \u201cPi\u00f9 che con numeri che non hanno alcun valore reale e con il concetto di corruzione percepita, che si regge su indagini poco rigorose, vedo alcuni dati extragiudiriali importanti per valutare l\u2019anticorruzione: nel caso degli appalti dell\u2019Expo controllati dall\u2019Anac per esempio non c\u2019\u00e8 stato neanche un ricorso al Tar. Ecco un beneficio economico evidente\u201d.<\/p>\n<p>Bisogna fare, contro la corruzione \u2013 dice Cantone &#8211; quello che si \u00e8 fatto negli anni contro Cosa Nostra e camorra: controllo, prevenzione, repressione, occhi attenti a bloccare gli interessi mafiosi, le loro imprese. E un impegno antimafia delle imprese stesse. Una buona strada da seguire.<\/p>\n<p>Per capire meglio il fenomeno corruttivo, \u00e8 appena partito un progetto di ricerca, sostenuto proprio da un imprenditore, <strong>Dario Scalella<\/strong>, bella azienda nel settore aeronautico a Napoli, forte coscienza civile, con l\u2019impegno di due ricercatori, Franco Balestieri e Luciano Cassese (un progetto apprezzato da Cantone). E il rating delle imprese, per gli appalti pubblici e le forniture di servizi, \u00e8 una indicazione da approfondire.<\/p>\n<p>Che la sensibilit\u00e0 delle imprese sul tema sia crescente, lo riscontra anche chi va in giro, in Italia, e si confronta direttamente con il mondo degli imprenditori pi\u00f9 attenti alla competitivit\u00e0. Un esempio? La recente assemblea dei Piccoli imprenditori dell\u2019Associazione Industriali di Brescia, ai primi di dicembre. La scelta del presidente della Piccola Impresa, Giancarlo Turati, \u00e8 stata di concentrare l\u2019attenzione proprio sui temi della legalit\u00e0. Scelta etica e civile importante. Ma anche indicazione importante, proprio in chiave di cultura di mercato e di competitivit\u00e0, particolarmente sentita in un territorio di manifattura di qualit\u00e0, di industria che cresce e vuole andare avanti. Un segno positivo, che dalla Lombardia attiva pu\u00f2 parlare all\u2019intero Paese.<\/p>\n","protected":false},"excerpt":{"rendered":"<p>\u201cLa corruzione \u00e8 un furto di democrazia\u201d, dice il presidente della Repubblica Sergio Mattarella. \u201cColpisce i pi\u00f9 poveri e deboli\u201d. \u201cE\u2019 un cancro\u201d diffuso nel corpo sociale ed economico. Ma \u201csi pu\u00f2 sconfiggere\u201d. Le parole del Capo dello Stato, pronunciate in occasione della Giornata mondiale contro la corruzione, sono particolarmente importanti, in questa fase delicata [&hellip;]<\/p>\n","protected":false},"author":1,"featured_media":57391,"comment_status":"open","ping_status":"open","sticky":false,"template":"","format":"standard","meta":{"footnotes":""},"categories":[53,52],"tags":[],"class_list":["post-57390","post","type-post","status-publish","format-standard","has-post-thumbnail","hentry","category-blog","category-cultura-dimpresa"],"acf":[],"yoast_head":"<!-- This site is optimized with the Yoast SEO plugin v25.0 - https:\/\/yoast.com\/wordpress\/plugins\/seo\/ -->\n<title>Lotta alla corruzione, l\u2019impegno di Matterella, Cantone (Anac) e dei piccoli industriali di Brescia - Fondazione Pirelli<\/title>\n<meta name=\"robots\" content=\"index, follow, max-snippet:-1, max-image-preview:large, max-video-preview:-1\" \/>\n<link rel=\"canonical\" href=\"https:\/\/www.fondazionepirelli.org\/it\/cultura-dimpresa\/lotta-alla-corruzione-limpegno-di-matterella-cantone-anac-e-dei-piccoli-industriali-di-brescia\/\" \/>\n<meta property=\"og:locale\" content=\"it_IT\" \/>\n<meta property=\"og:type\" content=\"article\" \/>\n<meta property=\"og:title\" content=\"Lotta alla corruzione, l\u2019impegno di Matterella, Cantone (Anac) e dei piccoli industriali di Brescia - Fondazione Pirelli\" \/>\n<meta property=\"og:description\" content=\"\u201cLa corruzione \u00e8 un furto di democrazia\u201d, dice il presidente della Repubblica Sergio Mattarella. \u201cColpisce i pi\u00f9 poveri e deboli\u201d. \u201cE\u2019 un cancro\u201d diffuso nel corpo sociale ed economico. Ma \u201csi pu\u00f2 sconfiggere\u201d. Le parole del Capo dello Stato, pronunciate in occasione della Giornata mondiale contro la corruzione, sono particolarmente importanti, in questa fase delicata [&hellip;]\" \/>\n<meta property=\"og:url\" content=\"https:\/\/www.fondazionepirelli.org\/it\/cultura-dimpresa\/lotta-alla-corruzione-limpegno-di-matterella-cantone-anac-e-dei-piccoli-industriali-di-brescia\/\" \/>\n<meta property=\"og:site_name\" content=\"Fondazione Pirelli\" \/>\n<meta property=\"article:published_time\" content=\"2015-12-14T00:00:00+00:00\" \/>\n<meta property=\"article:modified_time\" content=\"2019-10-29T13:38:59+00:00\" \/>\n<meta property=\"og:image\" content=\"https:\/\/wpsite-assets.fondazionepirelli.org\/wp-content\/uploads\/2019\/06\/03232011\/1450167277328479016.jpg\" \/>\n\t<meta property=\"og:image:width\" content=\"249\" \/>\n\t<meta property=\"og:image:height\" content=\"375\" \/>\n\t<meta property=\"og:image:type\" content=\"image\/jpeg\" \/>\n<meta name=\"author\" content=\"fondadmin\" \/>\n<meta name=\"twitter:card\" content=\"summary_large_image\" \/>\n<meta name=\"twitter:label1\" content=\"Scritto da\" \/>\n\t<meta name=\"twitter:data1\" content=\"fondadmin\" \/>\n\t<meta name=\"twitter:label2\" content=\"Tempo di lettura stimato\" \/>\n\t<meta name=\"twitter:data2\" content=\"3 minuti\" \/>\n<script type=\"application\/ld+json\" class=\"yoast-schema-graph\">{\"@context\":\"https:\/\/schema.org\",\"@graph\":[{\"@type\":\"WebPage\",\"@id\":\"https:\/\/www.fondazionepirelli.org\/it\/cultura-dimpresa\/lotta-alla-corruzione-limpegno-di-matterella-cantone-anac-e-dei-piccoli-industriali-di-brescia\/\",\"url\":\"https:\/\/www.fondazionepirelli.org\/it\/cultura-dimpresa\/lotta-alla-corruzione-limpegno-di-matterella-cantone-anac-e-dei-piccoli-industriali-di-brescia\/\",\"name\":\"Lotta alla corruzione, l\u2019impegno di Matterella, Cantone (Anac) e dei piccoli industriali di Brescia - Fondazione Pirelli\",\"isPartOf\":{\"@id\":\"https:\/\/www.fondazionepirelli.org\/it\/#website\"},\"primaryImageOfPage\":{\"@id\":\"https:\/\/www.fondazionepirelli.org\/it\/cultura-dimpresa\/lotta-alla-corruzione-limpegno-di-matterella-cantone-anac-e-dei-piccoli-industriali-di-brescia\/#primaryimage\"},\"image\":{\"@id\":\"https:\/\/www.fondazionepirelli.org\/it\/cultura-dimpresa\/lotta-alla-corruzione-limpegno-di-matterella-cantone-anac-e-dei-piccoli-industriali-di-brescia\/#primaryimage\"},\"thumbnailUrl\":\"https:\/\/wpsite-assets.fondazionepirelli.org\/wp-content\/uploads\/2019\/06\/03232011\/1450167277328479016.jpg\",\"datePublished\":\"2015-12-14T00:00:00+00:00\",\"dateModified\":\"2019-10-29T13:38:59+00:00\",\"author\":{\"@id\":\"https:\/\/www.fondazionepirelli.org\/it\/#\/schema\/person\/f47d097000832c4a6e54538c791fdf25\"},\"breadcrumb\":{\"@id\":\"https:\/\/www.fondazionepirelli.org\/it\/cultura-dimpresa\/lotta-alla-corruzione-limpegno-di-matterella-cantone-anac-e-dei-piccoli-industriali-di-brescia\/#breadcrumb\"},\"inLanguage\":\"it-IT\",\"potentialAction\":[{\"@type\":\"ReadAction\",\"target\":[\"https:\/\/www.fondazionepirelli.org\/it\/cultura-dimpresa\/lotta-alla-corruzione-limpegno-di-matterella-cantone-anac-e-dei-piccoli-industriali-di-brescia\/\"]}]},{\"@type\":\"ImageObject\",\"inLanguage\":\"it-IT\",\"@id\":\"https:\/\/www.fondazionepirelli.org\/it\/cultura-dimpresa\/lotta-alla-corruzione-limpegno-di-matterella-cantone-anac-e-dei-piccoli-industriali-di-brescia\/#primaryimage\",\"url\":\"https:\/\/wpsite-assets.fondazionepirelli.org\/wp-content\/uploads\/2019\/06\/03232011\/1450167277328479016.jpg\",\"contentUrl\":\"https:\/\/wpsite-assets.fondazionepirelli.org\/wp-content\/uploads\/2019\/06\/03232011\/1450167277328479016.jpg\",\"width\":249,\"height\":375},{\"@type\":\"BreadcrumbList\",\"@id\":\"https:\/\/www.fondazionepirelli.org\/it\/cultura-dimpresa\/lotta-alla-corruzione-limpegno-di-matterella-cantone-anac-e-dei-piccoli-industriali-di-brescia\/#breadcrumb\",\"itemListElement\":[{\"@type\":\"ListItem\",\"position\":1,\"name\":\"Home\",\"item\":\"https:\/\/www.fondazionepirelli.org\/it\/\"},{\"@type\":\"ListItem\",\"position\":2,\"name\":\"Lotta alla corruzione, l\u2019impegno di Matterella, Cantone (Anac) e dei piccoli industriali di Brescia\"}]},{\"@type\":\"WebSite\",\"@id\":\"https:\/\/www.fondazionepirelli.org\/it\/#website\",\"url\":\"https:\/\/www.fondazionepirelli.org\/it\/\",\"name\":\"Fondazione Pirelli\",\"description\":\"\",\"potentialAction\":[{\"@type\":\"SearchAction\",\"target\":{\"@type\":\"EntryPoint\",\"urlTemplate\":\"https:\/\/www.fondazionepirelli.org\/it\/?s={search_term_string}\"},\"query-input\":{\"@type\":\"PropertyValueSpecification\",\"valueRequired\":true,\"valueName\":\"search_term_string\"}}],\"inLanguage\":\"it-IT\"},{\"@type\":\"Person\",\"@id\":\"https:\/\/www.fondazionepirelli.org\/it\/#\/schema\/person\/f47d097000832c4a6e54538c791fdf25\",\"name\":\"fondadmin\",\"image\":{\"@type\":\"ImageObject\",\"inLanguage\":\"it-IT\",\"@id\":\"https:\/\/www.fondazionepirelli.org\/it\/#\/schema\/person\/image\/\",\"url\":\"https:\/\/secure.gravatar.com\/avatar\/e69498a9175ca244966e51e53c88712c024fcebe41f9a05f75657f1bb25e489b?s=96&d=mm&r=g\",\"contentUrl\":\"https:\/\/secure.gravatar.com\/avatar\/e69498a9175ca244966e51e53c88712c024fcebe41f9a05f75657f1bb25e489b?s=96&d=mm&r=g\",\"caption\":\"fondadmin\"},\"url\":\"https:\/\/www.fondazionepirelli.org\/it\/author\/fondadmin\/\"}]}<\/script>\n<!-- \/ Yoast SEO plugin. -->","yoast_head_json":{"title":"Lotta alla corruzione, l\u2019impegno di Matterella, Cantone (Anac) e dei piccoli industriali di Brescia - Fondazione Pirelli","robots":{"index":"index","follow":"follow","max-snippet":"max-snippet:-1","max-image-preview":"max-image-preview:large","max-video-preview":"max-video-preview:-1"},"canonical":"https:\/\/www.fondazionepirelli.org\/it\/cultura-dimpresa\/lotta-alla-corruzione-limpegno-di-matterella-cantone-anac-e-dei-piccoli-industriali-di-brescia\/","og_locale":"it_IT","og_type":"article","og_title":"Lotta alla corruzione, l\u2019impegno di Matterella, Cantone (Anac) e dei piccoli industriali di Brescia - Fondazione Pirelli","og_description":"\u201cLa corruzione \u00e8 un furto di democrazia\u201d, dice il presidente della Repubblica Sergio Mattarella. \u201cColpisce i pi\u00f9 poveri e deboli\u201d. \u201cE\u2019 un cancro\u201d diffuso nel corpo sociale ed economico. Ma \u201csi pu\u00f2 sconfiggere\u201d. Le parole del Capo dello Stato, pronunciate in occasione della Giornata mondiale contro la corruzione, sono particolarmente importanti, in questa fase delicata [&hellip;]","og_url":"https:\/\/www.fondazionepirelli.org\/it\/cultura-dimpresa\/lotta-alla-corruzione-limpegno-di-matterella-cantone-anac-e-dei-piccoli-industriali-di-brescia\/","og_site_name":"Fondazione Pirelli","article_published_time":"2015-12-14T00:00:00+00:00","article_modified_time":"2019-10-29T13:38:59+00:00","og_image":[{"width":249,"height":375,"url":"https:\/\/wpsite-assets.fondazionepirelli.org\/wp-content\/uploads\/2019\/06\/03232011\/1450167277328479016.jpg","type":"image\/jpeg"}],"author":"fondadmin","twitter_card":"summary_large_image","twitter_misc":{"Scritto da":"fondadmin","Tempo di lettura stimato":"3 minuti"},"schema":{"@context":"https:\/\/schema.org","@graph":[{"@type":"WebPage","@id":"https:\/\/www.fondazionepirelli.org\/it\/cultura-dimpresa\/lotta-alla-corruzione-limpegno-di-matterella-cantone-anac-e-dei-piccoli-industriali-di-brescia\/","url":"https:\/\/www.fondazionepirelli.org\/it\/cultura-dimpresa\/lotta-alla-corruzione-limpegno-di-matterella-cantone-anac-e-dei-piccoli-industriali-di-brescia\/","name":"Lotta alla corruzione, l\u2019impegno di Matterella, Cantone (Anac) e dei piccoli industriali di Brescia - Fondazione Pirelli","isPartOf":{"@id":"https:\/\/www.fondazionepirelli.org\/it\/#website"},"primaryImageOfPage":{"@id":"https:\/\/www.fondazionepirelli.org\/it\/cultura-dimpresa\/lotta-alla-corruzione-limpegno-di-matterella-cantone-anac-e-dei-piccoli-industriali-di-brescia\/#primaryimage"},"image":{"@id":"https:\/\/www.fondazionepirelli.org\/it\/cultura-dimpresa\/lotta-alla-corruzione-limpegno-di-matterella-cantone-anac-e-dei-piccoli-industriali-di-brescia\/#primaryimage"},"thumbnailUrl":"https:\/\/wpsite-assets.fondazionepirelli.org\/wp-content\/uploads\/2019\/06\/03232011\/1450167277328479016.jpg","datePublished":"2015-12-14T00:00:00+00:00","dateModified":"2019-10-29T13:38:59+00:00","author":{"@id":"https:\/\/www.fondazionepirelli.org\/it\/#\/schema\/person\/f47d097000832c4a6e54538c791fdf25"},"breadcrumb":{"@id":"https:\/\/www.fondazionepirelli.org\/it\/cultura-dimpresa\/lotta-alla-corruzione-limpegno-di-matterella-cantone-anac-e-dei-piccoli-industriali-di-brescia\/#breadcrumb"},"inLanguage":"it-IT","potentialAction":[{"@type":"ReadAction","target":["https:\/\/www.fondazionepirelli.org\/it\/cultura-dimpresa\/lotta-alla-corruzione-limpegno-di-matterella-cantone-anac-e-dei-piccoli-industriali-di-brescia\/"]}]},{"@type":"ImageObject","inLanguage":"it-IT","@id":"https:\/\/www.fondazionepirelli.org\/it\/cultura-dimpresa\/lotta-alla-corruzione-limpegno-di-matterella-cantone-anac-e-dei-piccoli-industriali-di-brescia\/#primaryimage","url":"https:\/\/wpsite-assets.fondazionepirelli.org\/wp-content\/uploads\/2019\/06\/03232011\/1450167277328479016.jpg","contentUrl":"https:\/\/wpsite-assets.fondazionepirelli.org\/wp-content\/uploads\/2019\/06\/03232011\/1450167277328479016.jpg","width":249,"height":375},{"@type":"BreadcrumbList","@id":"https:\/\/www.fondazionepirelli.org\/it\/cultura-dimpresa\/lotta-alla-corruzione-limpegno-di-matterella-cantone-anac-e-dei-piccoli-industriali-di-brescia\/#breadcrumb","itemListElement":[{"@type":"ListItem","position":1,"name":"Home","item":"https:\/\/www.fondazionepirelli.org\/it\/"},{"@type":"ListItem","position":2,"name":"Lotta alla corruzione, l\u2019impegno di Matterella, Cantone (Anac) e dei piccoli industriali di Brescia"}]},{"@type":"WebSite","@id":"https:\/\/www.fondazionepirelli.org\/it\/#website","url":"https:\/\/www.fondazionepirelli.org\/it\/","name":"Fondazione Pirelli","description":"","potentialAction":[{"@type":"SearchAction","target":{"@type":"EntryPoint","urlTemplate":"https:\/\/www.fondazionepirelli.org\/it\/?s={search_term_string}"},"query-input":{"@type":"PropertyValueSpecification","valueRequired":true,"valueName":"search_term_string"}}],"inLanguage":"it-IT"},{"@type":"Person","@id":"https:\/\/www.fondazionepirelli.org\/it\/#\/schema\/person\/f47d097000832c4a6e54538c791fdf25","name":"fondadmin","image":{"@type":"ImageObject","inLanguage":"it-IT","@id":"https:\/\/www.fondazionepirelli.org\/it\/#\/schema\/person\/image\/","url":"https:\/\/secure.gravatar.com\/avatar\/e69498a9175ca244966e51e53c88712c024fcebe41f9a05f75657f1bb25e489b?s=96&d=mm&r=g","contentUrl":"https:\/\/secure.gravatar.com\/avatar\/e69498a9175ca244966e51e53c88712c024fcebe41f9a05f75657f1bb25e489b?s=96&d=mm&r=g","caption":"fondadmin"},"url":"https:\/\/www.fondazionepirelli.org\/it\/author\/fondadmin\/"}]}},"_links":{"self":[{"href":"https:\/\/www.fondazionepirelli.org\/it\/wp-json\/wp\/v2\/posts\/57390\/"}],"collection":[{"href":"https:\/\/www.fondazionepirelli.org\/it\/wp-json\/wp\/v2\/posts\/"}],"about":[{"href":"https:\/\/www.fondazionepirelli.org\/it\/wp-json\/wp\/v2\/types\/post\/"}],"author":[{"embeddable":true,"href":"https:\/\/www.fondazionepirelli.org\/it\/wp-json\/wp\/v2\/users\/1\/"}],"replies":[{"embeddable":true,"href":"https:\/\/www.fondazionepirelli.org\/it\/wp-json\/wp\/v2\/comments\/?post=57390"}],"version-history":[{"count":2,"href":"https:\/\/www.fondazionepirelli.org\/it\/wp-json\/wp\/v2\/posts\/57390\/revisions\/"}],"predecessor-version":[{"id":70948,"href":"https:\/\/www.fondazionepirelli.org\/it\/wp-json\/wp\/v2\/posts\/57390\/revisions\/70948\/"}],"wp:featuredmedia":[{"embeddable":true,"href":"https:\/\/www.fondazionepirelli.org\/it\/wp-json\/wp\/v2\/media\/57391\/"}],"wp:attachment":[{"href":"https:\/\/www.fondazionepirelli.org\/it\/wp-json\/wp\/v2\/media\/?parent=57390"}],"wp:term":[{"taxonomy":"category","embeddable":true,"href":"https:\/\/www.fondazionepirelli.org\/it\/wp-json\/wp\/v2\/categories\/?post=57390"},{"taxonomy":"post_tag","embeddable":true,"href":"https:\/\/www.fondazionepirelli.org\/it\/wp-json\/wp\/v2\/tags\/?post=57390"}],"curies":[{"name":"wp","href":"https:\/\/api.w.org\/{rel}","templated":true}]}}