{"id":57396,"date":"2015-01-26T00:00:00","date_gmt":"2015-01-26T00:00:00","guid":{"rendered":"http:\/\/www.fondazionepirelli.org\/individui-innovatori-e-imprese-felici\/"},"modified":"2020-01-21T12:58:15","modified_gmt":"2020-01-21T11:58:15","slug":"individui-innovatori-e-imprese-felici","status":"publish","type":"post","link":"https:\/\/www.fondazionepirelli.org\/it\/cultura-dimpresa\/individui-innovatori-e-imprese-felici\/","title":{"rendered":"Individui innovatori e imprese felici"},"content":{"rendered":"<p>L\u2019impresa \u00e8 anche il lavoro che in essa si esprime e produce. Capire come creare le migliori condizioni perch\u00e9 il lavoro arrivi a dare il meglio se\u2019 stesso, \u00e8 da tempo uno degli argomenti fondamentali per una buona gestione. Campo di battaglia di teorie opposte, periodico tema di scontro e ribellione, quello del lavoro \u00e8 insieme a quello dell\u2019imprenditore, l\u2019argomento fondamentale per capire la natura della cultura che anima ogni impresa.<\/p>\n<p>\u201cCapacitare l\u2019innovazione nei contesti organizzativi\u201d di Massimiliano Costa (Universit\u00e0 Ca\u2019 Foscari di Venezia), \u00e8 un tassello in pi\u00f9 per approfondire soprattutto un aspetto del rapporto lavoro-impresa: quello dei legami fra organizzazione e miglior risultato del lavoro. L\u2019articolo \u2013 apparso su Formazione &amp; Insegnamento -, ragiona di fatto su cosa accade quando il lavoro viene lasciato libero di agire ed esprimersi in un contesto organizzativo innovativo. \u201cNelle organizzazioni \u2013 dice l\u2019autore \u00a0-, diventa centrale la libert\u00e0 per il lavoratore di accedere ad un ventaglio di alternative per realizzare i propri funzionamenti\u201d. L\u2019idea \u00e8 quella che se si lascia libert\u00e0 d\u2019espressione al lavoratore, questo crea valore aggiunto e in questo modo pu\u00f2 \u201crisolvere problemi, cogliere opportunit\u00e0, esprimere le potenzialit\u00e0 creativa dell\u2019azienda, genera innovazione\u201d. Ci sarebbe una \u00a0sorta di alleanza d\u2019azione fra innovazione, lavoro posto nelle condizioni pi\u00f9 consone per esprimersi e progresso d\u2019impresa.<\/p>\n<p>E non solo. Perch\u00e9 l\u2019innovazione non avrebbe ne\u2019 capo ne\u2019 coda, un inizio e una fine \u00a0(\u201cIl ciclo di innovazione \u00a0&#8211; dice l\u2019articolo -, non ha un punto di inizio e un fine definito a cui tendere, \u00e8 una spirale che risulta contemporaneamente generativa, espansiva e ricorsiva\u201d), e si nutre \u00a0e viene spinta anche dalla capacit\u00e0 dei singoli di condividere, trovare, inventare soluzioni nuove. \u00a0E\u2019 l\u2019eterno confronto fra individuo e organizzazione che, alla fine, indica il risultato. \u201cSpesso \u2013 spiega Costa parlando delle situazioni reali d\u2019impresa -, la resistenza al cambiamento \u00e8 tale da non consentire un modificarsi degli schemi di azione consueti e da non permettere, quindi, che i collaboratori assumano un\u2019apertura e un atteggiamento che favoriscano l\u2019ingresso di nuove idee e opportunit\u00e0\u201d.<\/p>\n<p>\u00c8 una situazione in cui tutti gli attori d\u2019impresa sono chiamati a partecipare. \u201cLa responsabilit\u00e0 di innovare \u2013 viene quindi sottolineato -, \u00e8 divenuta oggi una responsabilit\u00e0 diffusa, posta non pi\u00f9, come nel passato, solo nelle mani di alcune funzioni: indipendentemente dal ruolo funzionale, dalle competenze o dalle conoscenze in ingresso, \u00e8 importante, quindi, che l\u2019organizzazione metta costantemente i suoi membri in condizione di apprendimento\u201d. Costa quindi indica con chiarezza \u201ci luoghi dell\u2019innovazione e della creativit\u00e0\u201d e le condizioni per la creazione della \u201ccapacit\u00e0 di innovare\u201d.<\/p>\n<p>Scritto in maniera non sempre facilissima, \u201cCapacitare l\u2019innovazione nei contesti organizzativi\u201d deve essere letto attentamente \u00a0e pu\u00f2 contribuire e definire quegli schemi d\u2019azione che in molte realt\u00e0 aziendali ancora mancano.<\/p><p><strong>Capacitare l\u2019innovazione nei contesti organizzativi<\/strong><\/p>\n<p>Massimiliano Costa<\/p>\n<p>Universit\u00e0 Ca\u2019 Foscari di Venezia<\/p>\n<p>Formazione &amp; Insegnamento XII \u2013 3 \u2013 2014<\/p>\n<p><a title=\"Capacitare l\u2019innovazione nei contesti organizzativi\" href=\"https:\/\/wpsite-assets.fondazionepirelli.org\/wp-content\/uploads\/2015\/01\/21125739\/Capacitare-l%E2%80%99innovazione-nei-contesti-organizzativi.pdf\" target=\"_blank\" rel=\"noopener noreferrer\">Download pdf<\/a><\/p>","protected":false},"excerpt":{"rendered":"<p>L\u2019impresa \u00e8 anche il lavoro che in essa si esprime e produce. Capire come creare le migliori condizioni perch\u00e9 il lavoro arrivi a dare il meglio se\u2019 stesso, \u00e8 da tempo uno degli argomenti fondamentali per una buona gestione. Campo di battaglia di teorie opposte, periodico tema di scontro e ribellione, quello del lavoro \u00e8 [&hellip;]<\/p>\n","protected":false},"author":1,"featured_media":0,"comment_status":"open","ping_status":"open","sticky":false,"template":"","format":"standard","meta":{"footnotes":""},"categories":[54,52],"tags":[],"class_list":["post-57396","post","type-post","status-publish","format-standard","hentry","category-approfondimenti","category-cultura-dimpresa"],"acf":[],"yoast_head":"<!-- This site is optimized with the Yoast SEO plugin v25.0 - https:\/\/yoast.com\/wordpress\/plugins\/seo\/ -->\n<title>Individui innovatori e imprese felici - Fondazione Pirelli<\/title>\n<meta name=\"robots\" content=\"index, follow, max-snippet:-1, max-image-preview:large, max-video-preview:-1\" \/>\n<link rel=\"canonical\" href=\"https:\/\/www.fondazionepirelli.org\/it\/cultura-dimpresa\/individui-innovatori-e-imprese-felici\/\" \/>\n<meta property=\"og:locale\" content=\"it_IT\" \/>\n<meta property=\"og:type\" content=\"article\" \/>\n<meta property=\"og:title\" content=\"Individui innovatori e imprese felici - Fondazione Pirelli\" \/>\n<meta property=\"og:description\" content=\"L\u2019impresa \u00e8 anche il lavoro che in essa si esprime e produce. Capire come creare le migliori condizioni perch\u00e9 il lavoro arrivi a dare il meglio se\u2019 stesso, \u00e8 da tempo uno degli argomenti fondamentali per una buona gestione. Campo di battaglia di teorie opposte, periodico tema di scontro e ribellione, quello del lavoro \u00e8 [&hellip;]\" \/>\n<meta property=\"og:url\" content=\"https:\/\/www.fondazionepirelli.org\/it\/cultura-dimpresa\/individui-innovatori-e-imprese-felici\/\" \/>\n<meta property=\"og:site_name\" content=\"Fondazione Pirelli\" \/>\n<meta property=\"article:published_time\" content=\"2015-01-26T00:00:00+00:00\" \/>\n<meta property=\"article:modified_time\" content=\"2020-01-21T11:58:15+00:00\" \/>\n<meta name=\"author\" content=\"fondadmin\" \/>\n<meta name=\"twitter:card\" content=\"summary_large_image\" \/>\n<meta name=\"twitter:label1\" content=\"Scritto da\" \/>\n\t<meta name=\"twitter:data1\" content=\"fondadmin\" \/>\n\t<meta name=\"twitter:label2\" content=\"Tempo di lettura stimato\" \/>\n\t<meta name=\"twitter:data2\" content=\"2 minuti\" \/>\n<script type=\"application\/ld+json\" class=\"yoast-schema-graph\">{\"@context\":\"https:\/\/schema.org\",\"@graph\":[{\"@type\":\"WebPage\",\"@id\":\"https:\/\/www.fondazionepirelli.org\/it\/cultura-dimpresa\/individui-innovatori-e-imprese-felici\/\",\"url\":\"https:\/\/www.fondazionepirelli.org\/it\/cultura-dimpresa\/individui-innovatori-e-imprese-felici\/\",\"name\":\"Individui innovatori e imprese felici - Fondazione Pirelli\",\"isPartOf\":{\"@id\":\"https:\/\/www.fondazionepirelli.org\/it\/#website\"},\"datePublished\":\"2015-01-26T00:00:00+00:00\",\"dateModified\":\"2020-01-21T11:58:15+00:00\",\"author\":{\"@id\":\"https:\/\/www.fondazionepirelli.org\/it\/#\/schema\/person\/f47d097000832c4a6e54538c791fdf25\"},\"breadcrumb\":{\"@id\":\"https:\/\/www.fondazionepirelli.org\/it\/cultura-dimpresa\/individui-innovatori-e-imprese-felici\/#breadcrumb\"},\"inLanguage\":\"it-IT\",\"potentialAction\":[{\"@type\":\"ReadAction\",\"target\":[\"https:\/\/www.fondazionepirelli.org\/it\/cultura-dimpresa\/individui-innovatori-e-imprese-felici\/\"]}]},{\"@type\":\"BreadcrumbList\",\"@id\":\"https:\/\/www.fondazionepirelli.org\/it\/cultura-dimpresa\/individui-innovatori-e-imprese-felici\/#breadcrumb\",\"itemListElement\":[{\"@type\":\"ListItem\",\"position\":1,\"name\":\"Home\",\"item\":\"https:\/\/www.fondazionepirelli.org\/it\/\"},{\"@type\":\"ListItem\",\"position\":2,\"name\":\"Individui innovatori e imprese felici\"}]},{\"@type\":\"WebSite\",\"@id\":\"https:\/\/www.fondazionepirelli.org\/it\/#website\",\"url\":\"https:\/\/www.fondazionepirelli.org\/it\/\",\"name\":\"Fondazione Pirelli\",\"description\":\"\",\"potentialAction\":[{\"@type\":\"SearchAction\",\"target\":{\"@type\":\"EntryPoint\",\"urlTemplate\":\"https:\/\/www.fondazionepirelli.org\/it\/?s={search_term_string}\"},\"query-input\":{\"@type\":\"PropertyValueSpecification\",\"valueRequired\":true,\"valueName\":\"search_term_string\"}}],\"inLanguage\":\"it-IT\"},{\"@type\":\"Person\",\"@id\":\"https:\/\/www.fondazionepirelli.org\/it\/#\/schema\/person\/f47d097000832c4a6e54538c791fdf25\",\"name\":\"fondadmin\",\"image\":{\"@type\":\"ImageObject\",\"inLanguage\":\"it-IT\",\"@id\":\"https:\/\/www.fondazionepirelli.org\/it\/#\/schema\/person\/image\/\",\"url\":\"https:\/\/secure.gravatar.com\/avatar\/e69498a9175ca244966e51e53c88712c024fcebe41f9a05f75657f1bb25e489b?s=96&d=mm&r=g\",\"contentUrl\":\"https:\/\/secure.gravatar.com\/avatar\/e69498a9175ca244966e51e53c88712c024fcebe41f9a05f75657f1bb25e489b?s=96&d=mm&r=g\",\"caption\":\"fondadmin\"},\"url\":\"https:\/\/www.fondazionepirelli.org\/it\/author\/fondadmin\/\"}]}<\/script>\n<!-- \/ Yoast SEO plugin. -->","yoast_head_json":{"title":"Individui innovatori e imprese felici - Fondazione Pirelli","robots":{"index":"index","follow":"follow","max-snippet":"max-snippet:-1","max-image-preview":"max-image-preview:large","max-video-preview":"max-video-preview:-1"},"canonical":"https:\/\/www.fondazionepirelli.org\/it\/cultura-dimpresa\/individui-innovatori-e-imprese-felici\/","og_locale":"it_IT","og_type":"article","og_title":"Individui innovatori e imprese felici - Fondazione Pirelli","og_description":"L\u2019impresa \u00e8 anche il lavoro che in essa si esprime e produce. Capire come creare le migliori condizioni perch\u00e9 il lavoro arrivi a dare il meglio se\u2019 stesso, \u00e8 da tempo uno degli argomenti fondamentali per una buona gestione. Campo di battaglia di teorie opposte, periodico tema di scontro e ribellione, quello del lavoro \u00e8 [&hellip;]","og_url":"https:\/\/www.fondazionepirelli.org\/it\/cultura-dimpresa\/individui-innovatori-e-imprese-felici\/","og_site_name":"Fondazione Pirelli","article_published_time":"2015-01-26T00:00:00+00:00","article_modified_time":"2020-01-21T11:58:15+00:00","author":"fondadmin","twitter_card":"summary_large_image","twitter_misc":{"Scritto da":"fondadmin","Tempo di lettura stimato":"2 minuti"},"schema":{"@context":"https:\/\/schema.org","@graph":[{"@type":"WebPage","@id":"https:\/\/www.fondazionepirelli.org\/it\/cultura-dimpresa\/individui-innovatori-e-imprese-felici\/","url":"https:\/\/www.fondazionepirelli.org\/it\/cultura-dimpresa\/individui-innovatori-e-imprese-felici\/","name":"Individui innovatori e imprese felici - Fondazione Pirelli","isPartOf":{"@id":"https:\/\/www.fondazionepirelli.org\/it\/#website"},"datePublished":"2015-01-26T00:00:00+00:00","dateModified":"2020-01-21T11:58:15+00:00","author":{"@id":"https:\/\/www.fondazionepirelli.org\/it\/#\/schema\/person\/f47d097000832c4a6e54538c791fdf25"},"breadcrumb":{"@id":"https:\/\/www.fondazionepirelli.org\/it\/cultura-dimpresa\/individui-innovatori-e-imprese-felici\/#breadcrumb"},"inLanguage":"it-IT","potentialAction":[{"@type":"ReadAction","target":["https:\/\/www.fondazionepirelli.org\/it\/cultura-dimpresa\/individui-innovatori-e-imprese-felici\/"]}]},{"@type":"BreadcrumbList","@id":"https:\/\/www.fondazionepirelli.org\/it\/cultura-dimpresa\/individui-innovatori-e-imprese-felici\/#breadcrumb","itemListElement":[{"@type":"ListItem","position":1,"name":"Home","item":"https:\/\/www.fondazionepirelli.org\/it\/"},{"@type":"ListItem","position":2,"name":"Individui innovatori e imprese felici"}]},{"@type":"WebSite","@id":"https:\/\/www.fondazionepirelli.org\/it\/#website","url":"https:\/\/www.fondazionepirelli.org\/it\/","name":"Fondazione Pirelli","description":"","potentialAction":[{"@type":"SearchAction","target":{"@type":"EntryPoint","urlTemplate":"https:\/\/www.fondazionepirelli.org\/it\/?s={search_term_string}"},"query-input":{"@type":"PropertyValueSpecification","valueRequired":true,"valueName":"search_term_string"}}],"inLanguage":"it-IT"},{"@type":"Person","@id":"https:\/\/www.fondazionepirelli.org\/it\/#\/schema\/person\/f47d097000832c4a6e54538c791fdf25","name":"fondadmin","image":{"@type":"ImageObject","inLanguage":"it-IT","@id":"https:\/\/www.fondazionepirelli.org\/it\/#\/schema\/person\/image\/","url":"https:\/\/secure.gravatar.com\/avatar\/e69498a9175ca244966e51e53c88712c024fcebe41f9a05f75657f1bb25e489b?s=96&d=mm&r=g","contentUrl":"https:\/\/secure.gravatar.com\/avatar\/e69498a9175ca244966e51e53c88712c024fcebe41f9a05f75657f1bb25e489b?s=96&d=mm&r=g","caption":"fondadmin"},"url":"https:\/\/www.fondazionepirelli.org\/it\/author\/fondadmin\/"}]}},"_links":{"self":[{"href":"https:\/\/www.fondazionepirelli.org\/it\/wp-json\/wp\/v2\/posts\/57396\/"}],"collection":[{"href":"https:\/\/www.fondazionepirelli.org\/it\/wp-json\/wp\/v2\/posts\/"}],"about":[{"href":"https:\/\/www.fondazionepirelli.org\/it\/wp-json\/wp\/v2\/types\/post\/"}],"author":[{"embeddable":true,"href":"https:\/\/www.fondazionepirelli.org\/it\/wp-json\/wp\/v2\/users\/1\/"}],"replies":[{"embeddable":true,"href":"https:\/\/www.fondazionepirelli.org\/it\/wp-json\/wp\/v2\/comments\/?post=57396"}],"version-history":[{"count":4,"href":"https:\/\/www.fondazionepirelli.org\/it\/wp-json\/wp\/v2\/posts\/57396\/revisions\/"}],"predecessor-version":[{"id":74198,"href":"https:\/\/www.fondazionepirelli.org\/it\/wp-json\/wp\/v2\/posts\/57396\/revisions\/74198\/"}],"wp:attachment":[{"href":"https:\/\/www.fondazionepirelli.org\/it\/wp-json\/wp\/v2\/media\/?parent=57396"}],"wp:term":[{"taxonomy":"category","embeddable":true,"href":"https:\/\/www.fondazionepirelli.org\/it\/wp-json\/wp\/v2\/categories\/?post=57396"},{"taxonomy":"post_tag","embeddable":true,"href":"https:\/\/www.fondazionepirelli.org\/it\/wp-json\/wp\/v2\/tags\/?post=57396"}],"curies":[{"name":"wp","href":"https:\/\/api.w.org\/{rel}","templated":true}]}}