{"id":57403,"date":"2015-03-09T00:00:00","date_gmt":"2015-03-09T00:00:00","guid":{"rendered":"http:\/\/www.fondazionepirelli.org\/lutile-cultura-territoriale-dimpresa\/"},"modified":"2020-01-20T12:15:01","modified_gmt":"2020-01-20T11:15:01","slug":"lutile-cultura-territoriale-dimpresa","status":"publish","type":"post","link":"https:\/\/www.fondazionepirelli.org\/it\/cultura-dimpresa\/lutile-cultura-territoriale-dimpresa\/","title":{"rendered":"L\u2019utile cultura territoriale d\u2019impresa"},"content":{"rendered":"<p>Le imprese creative spesso vanno a braccetto di territori creativi. Le prime complementari ai secondi, in un nodo di rapporti complessi fatti di comunicazione, storie, movimenti sociali, spunti produttivi, occasioni di mercato. E capire come possono nascere nuove imprese e in quali territori \u00e8 importante, cos\u00ec come lo \u00e8 comprendere il modo con cui quelle esistenti si devono trasformare, a partire dalla propria cultura, per stare al passo con i mercati e le richieste dell\u2019ambiente in cui sono immerse. Tutto sulla base dell\u2019innovazione assunta a \u201cmotore\u201d di cambiamento insieme al mercato.<\/p>\n<p>Leggere \u201cCreativit\u00e0, innovazione e attrattivit\u00e0 dei territori\u201d di Andrea Salvatore Antonio Barbieri \u00e8 utile per capire proprio l\u2019intreccio fra innovazione, creativit\u00e0, imprese e territori.<\/p>\n<p>Appena pubblicata dal CNR (e in particolare dall\u2019Istituto di ricerche sulla popolazione e le politiche sociali), la ricerca parte da una serie di considerazioni. \u201cNegli ultimi decenni la scienza ha fatto passi da gigante \u2013 spiega l\u2019autore -. Le scoperte di primaria importanza si sono moltiplicate, soprattutto grazie ai progressi considerevoli nelle tecnologie dell\u2019informazione e della comunicazione. Oggi la principale questione \u00e8 riuscire a trarre partito da questo stock di conoscenze, a trasformarle in prodotti, in servizi, in fattori della qualit\u00e0 della vita. Ed \u00e8 in questa attivit\u00e0 di passaggio, di trasformazione, di adattamento, cio\u00e8 in innovazione, nel senso stretto del termine, che si situano le pi\u00f9 importanti \u00abposte in gioco\u00bb per la nostra prosperit\u00e0, il nostro comfort e per l\u2019\u00abarmonia sociale\u00bb alla quale aspira la societ\u00e0 europea e, in generale, quella occidentale\u201d. Una partita nella quale proprio le imprese, le fabbriche, le manifatture, gli uomini e le donne che in queste vivono e lavorano giocano un ruolo importante.<\/p>\n<p>Si tratta di creare le condizioni adatte perch\u00e9 in un determinato territorio personaggi innovativi e creativi abbiano modo di diventare imprenditori partendo da una cultura che si fa d\u2019impresa.<\/p>\n<p>Barbieri quindi, elenca \u201cnove raccomandazioni per l\u2019azione\u201d in maniera da far diventare i \u201ccreatori\u201d imprenditori, oltre che alcuni dettagliati punti determinanti per la nascita e lo sviluppo delle imprese. \u201cAlcuni di questi numerosi fattori e modelli dell\u2019innovare \u2013 scrive ancora l\u2019autore -, sono legati all\u2019high\u2013 tech (ad esempio gli usi, molteplici ed inventivi, di Internet). Altri richiamano al buon senso e alla convivialit\u00e0 nelle diverse reti sociali. E suggeriscono di far dialogare organismi pubblici e privati che, abitualmente, si ignorano, a mobilitarli in favore di micro\u2013progetti, alcuni dei quali assumo una dimensione regionale \u2013 se non nazionale\u201d.<\/p>\n<p>Da qui una serie di esempi che suggeriscono alcune strade di sviluppo come l\u2019innovazione partecipativa nelle imprese, le regioni e i grandi progetti pubblici o il management del sistema sociale e sanitario.<\/p>\n<p>Scritta in maniera chiara e scorrevole, questa ricerca fornisce un\u2019immagine diversa del come cultura del territorio e cultura d\u2019impresa possono utilmente unirsi per far nascere realt\u00e0 prima assenti.<\/p><p><strong>Creativit\u00e0, innovazione e attrattivit\u00e0 dei territori<\/strong><\/p>\n<p>Andrea Salvatore Antonio Barbieri (CNR \u2010 Istituto di ricerche sulla popolazione e le politiche sociali)<\/p>\n<p>IRPPS, Monografie, 2015<\/p>\n<p><a title=\"Creativit\u00e0, innovazione, attrattivit\u00e0 dei territori\" href=\"https:\/\/wpsite-assets.fondazionepirelli.org\/wp-content\/uploads\/2015\/03\/20121424\/93-443-1-PB_creativita-innovazione-attrattivita-barbieri.pdf\" target=\"_blank\" rel=\"noopener noreferrer\">Download pdf<\/a><\/p>\n","protected":false},"excerpt":{"rendered":"<p>Le imprese creative spesso vanno a braccetto di territori creativi. Le prime complementari ai secondi, in un nodo di rapporti complessi fatti di comunicazione, storie, movimenti sociali, spunti produttivi, occasioni di mercato. E capire come possono nascere nuove imprese e in quali territori \u00e8 importante, cos\u00ec come lo \u00e8 comprendere il modo con cui quelle [&hellip;]<\/p>\n","protected":false},"author":1,"featured_media":57404,"comment_status":"open","ping_status":"open","sticky":false,"template":"","format":"standard","meta":{"footnotes":""},"categories":[54,52],"tags":[],"class_list":["post-57403","post","type-post","status-publish","format-standard","has-post-thumbnail","hentry","category-approfondimenti","category-cultura-dimpresa"],"acf":[],"yoast_head":"<!-- This site is optimized with the Yoast SEO plugin v25.0 - https:\/\/yoast.com\/wordpress\/plugins\/seo\/ -->\n<title>L\u2019utile cultura territoriale d\u2019impresa - Fondazione Pirelli<\/title>\n<meta name=\"robots\" content=\"index, follow, max-snippet:-1, max-image-preview:large, max-video-preview:-1\" \/>\n<link rel=\"canonical\" href=\"https:\/\/www.fondazionepirelli.org\/it\/cultura-dimpresa\/lutile-cultura-territoriale-dimpresa\/\" \/>\n<meta property=\"og:locale\" content=\"it_IT\" \/>\n<meta property=\"og:type\" content=\"article\" \/>\n<meta property=\"og:title\" content=\"L\u2019utile cultura territoriale d\u2019impresa - Fondazione Pirelli\" \/>\n<meta property=\"og:description\" content=\"Le imprese creative spesso vanno a braccetto di territori creativi. Le prime complementari ai secondi, in un nodo di rapporti complessi fatti di comunicazione, storie, movimenti sociali, spunti produttivi, occasioni di mercato. E capire come possono nascere nuove imprese e in quali territori \u00e8 importante, cos\u00ec come lo \u00e8 comprendere il modo con cui quelle [&hellip;]\" \/>\n<meta property=\"og:url\" content=\"https:\/\/www.fondazionepirelli.org\/it\/cultura-dimpresa\/lutile-cultura-territoriale-dimpresa\/\" \/>\n<meta property=\"og:site_name\" content=\"Fondazione Pirelli\" \/>\n<meta property=\"article:published_time\" content=\"2015-03-09T00:00:00+00:00\" \/>\n<meta property=\"article:modified_time\" content=\"2020-01-20T11:15:01+00:00\" \/>\n<meta property=\"og:image\" content=\"https:\/\/wpsite-assets.fondazionepirelli.org\/wp-content\/uploads\/2019\/06\/03232015\/14259835501002188130.jpg\" \/>\n\t<meta property=\"og:image:width\" content=\"250\" \/>\n\t<meta property=\"og:image:height\" content=\"352\" \/>\n\t<meta property=\"og:image:type\" content=\"image\/jpeg\" \/>\n<meta name=\"author\" content=\"fondadmin\" \/>\n<meta name=\"twitter:card\" content=\"summary_large_image\" \/>\n<meta name=\"twitter:label1\" content=\"Scritto da\" \/>\n\t<meta name=\"twitter:data1\" content=\"fondadmin\" \/>\n\t<meta name=\"twitter:label2\" content=\"Tempo di lettura stimato\" \/>\n\t<meta name=\"twitter:data2\" content=\"2 minuti\" \/>\n<script type=\"application\/ld+json\" class=\"yoast-schema-graph\">{\"@context\":\"https:\/\/schema.org\",\"@graph\":[{\"@type\":\"WebPage\",\"@id\":\"https:\/\/www.fondazionepirelli.org\/it\/cultura-dimpresa\/lutile-cultura-territoriale-dimpresa\/\",\"url\":\"https:\/\/www.fondazionepirelli.org\/it\/cultura-dimpresa\/lutile-cultura-territoriale-dimpresa\/\",\"name\":\"L\u2019utile cultura territoriale d\u2019impresa - Fondazione Pirelli\",\"isPartOf\":{\"@id\":\"https:\/\/www.fondazionepirelli.org\/it\/#website\"},\"primaryImageOfPage\":{\"@id\":\"https:\/\/www.fondazionepirelli.org\/it\/cultura-dimpresa\/lutile-cultura-territoriale-dimpresa\/#primaryimage\"},\"image\":{\"@id\":\"https:\/\/www.fondazionepirelli.org\/it\/cultura-dimpresa\/lutile-cultura-territoriale-dimpresa\/#primaryimage\"},\"thumbnailUrl\":\"https:\/\/wpsite-assets.fondazionepirelli.org\/wp-content\/uploads\/2019\/06\/03232015\/14259835501002188130.jpg\",\"datePublished\":\"2015-03-09T00:00:00+00:00\",\"dateModified\":\"2020-01-20T11:15:01+00:00\",\"author\":{\"@id\":\"https:\/\/www.fondazionepirelli.org\/it\/#\/schema\/person\/f47d097000832c4a6e54538c791fdf25\"},\"breadcrumb\":{\"@id\":\"https:\/\/www.fondazionepirelli.org\/it\/cultura-dimpresa\/lutile-cultura-territoriale-dimpresa\/#breadcrumb\"},\"inLanguage\":\"it-IT\",\"potentialAction\":[{\"@type\":\"ReadAction\",\"target\":[\"https:\/\/www.fondazionepirelli.org\/it\/cultura-dimpresa\/lutile-cultura-territoriale-dimpresa\/\"]}]},{\"@type\":\"ImageObject\",\"inLanguage\":\"it-IT\",\"@id\":\"https:\/\/www.fondazionepirelli.org\/it\/cultura-dimpresa\/lutile-cultura-territoriale-dimpresa\/#primaryimage\",\"url\":\"https:\/\/wpsite-assets.fondazionepirelli.org\/wp-content\/uploads\/2019\/06\/03232015\/14259835501002188130.jpg\",\"contentUrl\":\"https:\/\/wpsite-assets.fondazionepirelli.org\/wp-content\/uploads\/2019\/06\/03232015\/14259835501002188130.jpg\",\"width\":250,\"height\":352},{\"@type\":\"BreadcrumbList\",\"@id\":\"https:\/\/www.fondazionepirelli.org\/it\/cultura-dimpresa\/lutile-cultura-territoriale-dimpresa\/#breadcrumb\",\"itemListElement\":[{\"@type\":\"ListItem\",\"position\":1,\"name\":\"Home\",\"item\":\"https:\/\/www.fondazionepirelli.org\/it\/\"},{\"@type\":\"ListItem\",\"position\":2,\"name\":\"L\u2019utile cultura territoriale d\u2019impresa\"}]},{\"@type\":\"WebSite\",\"@id\":\"https:\/\/www.fondazionepirelli.org\/it\/#website\",\"url\":\"https:\/\/www.fondazionepirelli.org\/it\/\",\"name\":\"Fondazione Pirelli\",\"description\":\"\",\"potentialAction\":[{\"@type\":\"SearchAction\",\"target\":{\"@type\":\"EntryPoint\",\"urlTemplate\":\"https:\/\/www.fondazionepirelli.org\/it\/?s={search_term_string}\"},\"query-input\":{\"@type\":\"PropertyValueSpecification\",\"valueRequired\":true,\"valueName\":\"search_term_string\"}}],\"inLanguage\":\"it-IT\"},{\"@type\":\"Person\",\"@id\":\"https:\/\/www.fondazionepirelli.org\/it\/#\/schema\/person\/f47d097000832c4a6e54538c791fdf25\",\"name\":\"fondadmin\",\"image\":{\"@type\":\"ImageObject\",\"inLanguage\":\"it-IT\",\"@id\":\"https:\/\/www.fondazionepirelli.org\/it\/#\/schema\/person\/image\/\",\"url\":\"https:\/\/secure.gravatar.com\/avatar\/e69498a9175ca244966e51e53c88712c024fcebe41f9a05f75657f1bb25e489b?s=96&d=mm&r=g\",\"contentUrl\":\"https:\/\/secure.gravatar.com\/avatar\/e69498a9175ca244966e51e53c88712c024fcebe41f9a05f75657f1bb25e489b?s=96&d=mm&r=g\",\"caption\":\"fondadmin\"},\"url\":\"https:\/\/www.fondazionepirelli.org\/it\/author\/fondadmin\/\"}]}<\/script>\n<!-- \/ Yoast SEO plugin. -->","yoast_head_json":{"title":"L\u2019utile cultura territoriale d\u2019impresa - Fondazione Pirelli","robots":{"index":"index","follow":"follow","max-snippet":"max-snippet:-1","max-image-preview":"max-image-preview:large","max-video-preview":"max-video-preview:-1"},"canonical":"https:\/\/www.fondazionepirelli.org\/it\/cultura-dimpresa\/lutile-cultura-territoriale-dimpresa\/","og_locale":"it_IT","og_type":"article","og_title":"L\u2019utile cultura territoriale d\u2019impresa - Fondazione Pirelli","og_description":"Le imprese creative spesso vanno a braccetto di territori creativi. Le prime complementari ai secondi, in un nodo di rapporti complessi fatti di comunicazione, storie, movimenti sociali, spunti produttivi, occasioni di mercato. E capire come possono nascere nuove imprese e in quali territori \u00e8 importante, cos\u00ec come lo \u00e8 comprendere il modo con cui quelle [&hellip;]","og_url":"https:\/\/www.fondazionepirelli.org\/it\/cultura-dimpresa\/lutile-cultura-territoriale-dimpresa\/","og_site_name":"Fondazione Pirelli","article_published_time":"2015-03-09T00:00:00+00:00","article_modified_time":"2020-01-20T11:15:01+00:00","og_image":[{"width":250,"height":352,"url":"https:\/\/wpsite-assets.fondazionepirelli.org\/wp-content\/uploads\/2019\/06\/03232015\/14259835501002188130.jpg","type":"image\/jpeg"}],"author":"fondadmin","twitter_card":"summary_large_image","twitter_misc":{"Scritto da":"fondadmin","Tempo di lettura stimato":"2 minuti"},"schema":{"@context":"https:\/\/schema.org","@graph":[{"@type":"WebPage","@id":"https:\/\/www.fondazionepirelli.org\/it\/cultura-dimpresa\/lutile-cultura-territoriale-dimpresa\/","url":"https:\/\/www.fondazionepirelli.org\/it\/cultura-dimpresa\/lutile-cultura-territoriale-dimpresa\/","name":"L\u2019utile cultura territoriale d\u2019impresa - Fondazione Pirelli","isPartOf":{"@id":"https:\/\/www.fondazionepirelli.org\/it\/#website"},"primaryImageOfPage":{"@id":"https:\/\/www.fondazionepirelli.org\/it\/cultura-dimpresa\/lutile-cultura-territoriale-dimpresa\/#primaryimage"},"image":{"@id":"https:\/\/www.fondazionepirelli.org\/it\/cultura-dimpresa\/lutile-cultura-territoriale-dimpresa\/#primaryimage"},"thumbnailUrl":"https:\/\/wpsite-assets.fondazionepirelli.org\/wp-content\/uploads\/2019\/06\/03232015\/14259835501002188130.jpg","datePublished":"2015-03-09T00:00:00+00:00","dateModified":"2020-01-20T11:15:01+00:00","author":{"@id":"https:\/\/www.fondazionepirelli.org\/it\/#\/schema\/person\/f47d097000832c4a6e54538c791fdf25"},"breadcrumb":{"@id":"https:\/\/www.fondazionepirelli.org\/it\/cultura-dimpresa\/lutile-cultura-territoriale-dimpresa\/#breadcrumb"},"inLanguage":"it-IT","potentialAction":[{"@type":"ReadAction","target":["https:\/\/www.fondazionepirelli.org\/it\/cultura-dimpresa\/lutile-cultura-territoriale-dimpresa\/"]}]},{"@type":"ImageObject","inLanguage":"it-IT","@id":"https:\/\/www.fondazionepirelli.org\/it\/cultura-dimpresa\/lutile-cultura-territoriale-dimpresa\/#primaryimage","url":"https:\/\/wpsite-assets.fondazionepirelli.org\/wp-content\/uploads\/2019\/06\/03232015\/14259835501002188130.jpg","contentUrl":"https:\/\/wpsite-assets.fondazionepirelli.org\/wp-content\/uploads\/2019\/06\/03232015\/14259835501002188130.jpg","width":250,"height":352},{"@type":"BreadcrumbList","@id":"https:\/\/www.fondazionepirelli.org\/it\/cultura-dimpresa\/lutile-cultura-territoriale-dimpresa\/#breadcrumb","itemListElement":[{"@type":"ListItem","position":1,"name":"Home","item":"https:\/\/www.fondazionepirelli.org\/it\/"},{"@type":"ListItem","position":2,"name":"L\u2019utile cultura territoriale d\u2019impresa"}]},{"@type":"WebSite","@id":"https:\/\/www.fondazionepirelli.org\/it\/#website","url":"https:\/\/www.fondazionepirelli.org\/it\/","name":"Fondazione Pirelli","description":"","potentialAction":[{"@type":"SearchAction","target":{"@type":"EntryPoint","urlTemplate":"https:\/\/www.fondazionepirelli.org\/it\/?s={search_term_string}"},"query-input":{"@type":"PropertyValueSpecification","valueRequired":true,"valueName":"search_term_string"}}],"inLanguage":"it-IT"},{"@type":"Person","@id":"https:\/\/www.fondazionepirelli.org\/it\/#\/schema\/person\/f47d097000832c4a6e54538c791fdf25","name":"fondadmin","image":{"@type":"ImageObject","inLanguage":"it-IT","@id":"https:\/\/www.fondazionepirelli.org\/it\/#\/schema\/person\/image\/","url":"https:\/\/secure.gravatar.com\/avatar\/e69498a9175ca244966e51e53c88712c024fcebe41f9a05f75657f1bb25e489b?s=96&d=mm&r=g","contentUrl":"https:\/\/secure.gravatar.com\/avatar\/e69498a9175ca244966e51e53c88712c024fcebe41f9a05f75657f1bb25e489b?s=96&d=mm&r=g","caption":"fondadmin"},"url":"https:\/\/www.fondazionepirelli.org\/it\/author\/fondadmin\/"}]}},"_links":{"self":[{"href":"https:\/\/www.fondazionepirelli.org\/it\/wp-json\/wp\/v2\/posts\/57403\/"}],"collection":[{"href":"https:\/\/www.fondazionepirelli.org\/it\/wp-json\/wp\/v2\/posts\/"}],"about":[{"href":"https:\/\/www.fondazionepirelli.org\/it\/wp-json\/wp\/v2\/types\/post\/"}],"author":[{"embeddable":true,"href":"https:\/\/www.fondazionepirelli.org\/it\/wp-json\/wp\/v2\/users\/1\/"}],"replies":[{"embeddable":true,"href":"https:\/\/www.fondazionepirelli.org\/it\/wp-json\/wp\/v2\/comments\/?post=57403"}],"version-history":[{"count":5,"href":"https:\/\/www.fondazionepirelli.org\/it\/wp-json\/wp\/v2\/posts\/57403\/revisions\/"}],"predecessor-version":[{"id":73981,"href":"https:\/\/www.fondazionepirelli.org\/it\/wp-json\/wp\/v2\/posts\/57403\/revisions\/73981\/"}],"wp:featuredmedia":[{"embeddable":true,"href":"https:\/\/www.fondazionepirelli.org\/it\/wp-json\/wp\/v2\/media\/57404\/"}],"wp:attachment":[{"href":"https:\/\/www.fondazionepirelli.org\/it\/wp-json\/wp\/v2\/media\/?parent=57403"}],"wp:term":[{"taxonomy":"category","embeddable":true,"href":"https:\/\/www.fondazionepirelli.org\/it\/wp-json\/wp\/v2\/categories\/?post=57403"},{"taxonomy":"post_tag","embeddable":true,"href":"https:\/\/www.fondazionepirelli.org\/it\/wp-json\/wp\/v2\/tags\/?post=57403"}],"curies":[{"name":"wp","href":"https:\/\/api.w.org\/{rel}","templated":true}]}}