{"id":57408,"date":"2015-03-30T00:00:00","date_gmt":"2015-03-30T00:00:00","guid":{"rendered":"http:\/\/www.fondazionepirelli.org\/la-cultura-pubblica-dellimpresa-in-italia\/"},"modified":"2020-01-20T12:20:40","modified_gmt":"2020-01-20T11:20:40","slug":"la-cultura-pubblica-dellimpresa-in-italia","status":"publish","type":"post","link":"https:\/\/www.fondazionepirelli.org\/it\/cultura-dimpresa\/la-cultura-pubblica-dellimpresa-in-italia\/","title":{"rendered":"La cultura pubblica dell\u2019impresa in Italia"},"content":{"rendered":"<p>Cultura d\u2019impresa privata e cultura d\u2019impresa pubblica. Entrambe intrecciate, entrambe votate \u2013 se intese in maniera corretta \u2013 allo sviluppo. &Egrave; fra questi concetti generali che si \u00e8 dipanata da sempre la politica industria italiana e quella delle singole aziende, grandi o piccole che fossero. A delinearne la storia lungo un secolo di storia italiana \u00e8 stato recentemente il Governatore della Banca d\u2019Italia, Ignazio Visco, nel suo intervento \u201cLe imprese e il ruolo dell\u2019azione pubblica, oggi\u201d tenuto all\u2019Accademia dei Lincei nel corso di un convegno sulla storia dell\u2019IRI e la grande impresa. \u00a0SI tratta di un testo limpido, che va letto e gustato e che delinea in circa venti pagine l\u2019intera storia economica d\u2019Italia tra il XX e il XXI secolo indicandone, per l\u2019oggi, i tratti che occorre affrontare per far scattare nuovamente la scintilla dello sviluppo.<\/p>\n<p>Visco spiega: \u201cOggi, in Italia, l\u2019azione pubblica di promozione della competitivit\u00e0 delle imprese e della crescita economica deve soprattutto rivolgersi a migliorare le condizioni generali di contesto per l\u2019attivit\u00e0 di impresa anche attraverso regole certe e stabili, garantire una efficace tutela della legalit\u00e0 e del rispetto dei contratti, costituire un fermo presidio di concorrenza in tutti i mercati\u201d. Il Governatore, poi, descrive con poche righe la crudezza della situazione attuale: \u201cLa specializzazione produttiva \u00e8 mutata solo marginalmente nel corso degli ultimi decenni rimanendo concentrata nei comparti dell\u2019industria \u00a0manifatturiera e dei servizi a cui corrisponde un basso livello di competenze del lavoro e di tecnologie utilizzate. Ha esposto le imprese italiane alla concorrenza di quelle delle economie emergenti pi\u00f9 di quanto sia accaduto agli altri principali paesi europei. Nei settori tradizionali di specializzazione si \u00e8 registrata una significativa caduta dell\u2019occupazione, della produzione, dei prezzi e dei margini di profitto\u201d. Da qui una ulteriore analisi della situazione che scova cause storiche e strutturali (le dimensioni d\u2019impresa per esempio), alle quali occorre porre rimedio con una pi\u00f9 forte capacit\u00e0 tecnologica e innovativa, un pi\u00f9 alto livello del capitale umano, un approccio diverso degli aspetti finanziari dell\u2019economia.<\/p>\n<p>Ma, oltre a tutto questo, deve cambiare, sembra affermare Visco, proprio quella cultura d\u2019impresa che quasi un secolo fa aveva fatto da propulsore all\u2019economia nazionale e che, dopo varie evoluzioni, deve adesso fare i conti con una realt\u00e0 in rapido e spesso drammatico mutamento.<\/p>\n<p>L\u2019analisi proposta dal Governatore dell\u2019istituto centrale italiano \u00e8 tutta da leggere, spendendoci il tempo giusto che certamente dar\u00e0 grande \u00a0profitto a manager e imprenditori.<\/p><p><strong>Le imprese e il ruolo dell\u2019azione pubblica, oggi<\/strong><\/p>\n<p>I. Visco<\/p>\n<p>Accademia Nazionale dei Lincei. Convegno \u201cLa storia dell\u2019IRI e la grande industria oggi\u201d.<\/p>\n<p>Roma, marzo 2015.<\/p>\n<p><a title=\"Le imprese e il ruolo dell'azione pubblica\" href=\"https:\/\/wpsite-assets.fondazionepirelli.org\/wp-content\/uploads\/2015\/03\/20121954\/Visco-23032015.pdf\" target=\"_blank\" rel=\"noopener noreferrer\">Download pdf<\/a><\/p>\n","protected":false},"excerpt":{"rendered":"<p>Cultura d\u2019impresa privata e cultura d\u2019impresa pubblica. Entrambe intrecciate, entrambe votate \u2013 se intese in maniera corretta \u2013 allo sviluppo. &Egrave; fra questi concetti generali che si \u00e8 dipanata da sempre la politica industria italiana e quella delle singole aziende, grandi o piccole che fossero. A delinearne la storia lungo un secolo di storia italiana [&hellip;]<\/p>\n","protected":false},"author":1,"featured_media":0,"comment_status":"open","ping_status":"open","sticky":false,"template":"","format":"standard","meta":{"footnotes":""},"categories":[54,52],"tags":[],"class_list":["post-57408","post","type-post","status-publish","format-standard","hentry","category-approfondimenti","category-cultura-dimpresa"],"acf":[],"yoast_head":"<!-- This site is optimized with the Yoast SEO plugin v25.0 - https:\/\/yoast.com\/wordpress\/plugins\/seo\/ -->\n<title>La cultura pubblica dell\u2019impresa in Italia - Fondazione Pirelli<\/title>\n<meta name=\"robots\" content=\"index, follow, max-snippet:-1, max-image-preview:large, max-video-preview:-1\" \/>\n<link rel=\"canonical\" href=\"https:\/\/www.fondazionepirelli.org\/it\/cultura-dimpresa\/la-cultura-pubblica-dellimpresa-in-italia\/\" \/>\n<meta property=\"og:locale\" content=\"it_IT\" \/>\n<meta property=\"og:type\" content=\"article\" \/>\n<meta property=\"og:title\" content=\"La cultura pubblica dell\u2019impresa in Italia - Fondazione Pirelli\" \/>\n<meta property=\"og:description\" content=\"Cultura d\u2019impresa privata e cultura d\u2019impresa pubblica. Entrambe intrecciate, entrambe votate \u2013 se intese in maniera corretta \u2013 allo sviluppo. &Egrave; fra questi concetti generali che si \u00e8 dipanata da sempre la politica industria italiana e quella delle singole aziende, grandi o piccole che fossero. A delinearne la storia lungo un secolo di storia italiana [&hellip;]\" \/>\n<meta property=\"og:url\" content=\"https:\/\/127.0.0.1\/it\/cultura-dimpresa\/la-cultura-pubblica-dellimpresa-in-italia\/\" \/>\n<meta property=\"og:site_name\" content=\"Fondazione Pirelli\" \/>\n<meta property=\"article:published_time\" content=\"2015-03-30T00:00:00+00:00\" \/>\n<meta property=\"article:modified_time\" content=\"2020-01-20T11:20:40+00:00\" \/>\n<meta name=\"author\" content=\"fondadmin\" \/>\n<meta name=\"twitter:card\" content=\"summary_large_image\" \/>\n<meta name=\"twitter:label1\" content=\"Scritto da\" \/>\n\t<meta name=\"twitter:data1\" content=\"fondadmin\" \/>\n\t<meta name=\"twitter:label2\" content=\"Tempo di lettura stimato\" \/>\n\t<meta name=\"twitter:data2\" content=\"2 minuti\" \/>\n<script type=\"application\/ld+json\" class=\"yoast-schema-graph\">{\"@context\":\"https:\/\/schema.org\",\"@graph\":[{\"@type\":\"WebPage\",\"@id\":\"https:\/\/127.0.0.1\/it\/cultura-dimpresa\/la-cultura-pubblica-dellimpresa-in-italia\/\",\"url\":\"https:\/\/127.0.0.1\/it\/cultura-dimpresa\/la-cultura-pubblica-dellimpresa-in-italia\/\",\"name\":\"La cultura pubblica dell\u2019impresa in Italia - Fondazione Pirelli\",\"isPartOf\":{\"@id\":\"https:\/\/www.fondazionepirelli.org\/it\/#website\"},\"datePublished\":\"2015-03-30T00:00:00+00:00\",\"dateModified\":\"2020-01-20T11:20:40+00:00\",\"author\":{\"@id\":\"https:\/\/www.fondazionepirelli.org\/it\/#\/schema\/person\/f47d097000832c4a6e54538c791fdf25\"},\"breadcrumb\":{\"@id\":\"https:\/\/127.0.0.1\/it\/cultura-dimpresa\/la-cultura-pubblica-dellimpresa-in-italia\/#breadcrumb\"},\"inLanguage\":\"it-IT\",\"potentialAction\":[{\"@type\":\"ReadAction\",\"target\":[\"https:\/\/127.0.0.1\/it\/cultura-dimpresa\/la-cultura-pubblica-dellimpresa-in-italia\/\"]}]},{\"@type\":\"BreadcrumbList\",\"@id\":\"https:\/\/127.0.0.1\/it\/cultura-dimpresa\/la-cultura-pubblica-dellimpresa-in-italia\/#breadcrumb\",\"itemListElement\":[{\"@type\":\"ListItem\",\"position\":1,\"name\":\"Home\",\"item\":\"https:\/\/www.fondazionepirelli.org\/it\/\"},{\"@type\":\"ListItem\",\"position\":2,\"name\":\"La cultura pubblica dell\u2019impresa in Italia\"}]},{\"@type\":\"WebSite\",\"@id\":\"https:\/\/www.fondazionepirelli.org\/it\/#website\",\"url\":\"https:\/\/www.fondazionepirelli.org\/it\/\",\"name\":\"Fondazione Pirelli\",\"description\":\"\",\"potentialAction\":[{\"@type\":\"SearchAction\",\"target\":{\"@type\":\"EntryPoint\",\"urlTemplate\":\"https:\/\/www.fondazionepirelli.org\/it\/?s={search_term_string}\"},\"query-input\":{\"@type\":\"PropertyValueSpecification\",\"valueRequired\":true,\"valueName\":\"search_term_string\"}}],\"inLanguage\":\"it-IT\"},{\"@type\":\"Person\",\"@id\":\"https:\/\/www.fondazionepirelli.org\/it\/#\/schema\/person\/f47d097000832c4a6e54538c791fdf25\",\"name\":\"fondadmin\",\"image\":{\"@type\":\"ImageObject\",\"inLanguage\":\"it-IT\",\"@id\":\"https:\/\/www.fondazionepirelli.org\/it\/#\/schema\/person\/image\/\",\"url\":\"https:\/\/secure.gravatar.com\/avatar\/e69498a9175ca244966e51e53c88712c024fcebe41f9a05f75657f1bb25e489b?s=96&d=mm&r=g\",\"contentUrl\":\"https:\/\/secure.gravatar.com\/avatar\/e69498a9175ca244966e51e53c88712c024fcebe41f9a05f75657f1bb25e489b?s=96&d=mm&r=g\",\"caption\":\"fondadmin\"},\"url\":\"https:\/\/www.fondazionepirelli.org\/it\/author\/fondadmin\/\"}]}<\/script>\n<!-- \/ Yoast SEO plugin. -->","yoast_head_json":{"title":"La cultura pubblica dell\u2019impresa in Italia - Fondazione Pirelli","robots":{"index":"index","follow":"follow","max-snippet":"max-snippet:-1","max-image-preview":"max-image-preview:large","max-video-preview":"max-video-preview:-1"},"canonical":"https:\/\/www.fondazionepirelli.org\/it\/cultura-dimpresa\/la-cultura-pubblica-dellimpresa-in-italia\/","og_locale":"it_IT","og_type":"article","og_title":"La cultura pubblica dell\u2019impresa in Italia - Fondazione Pirelli","og_description":"Cultura d\u2019impresa privata e cultura d\u2019impresa pubblica. Entrambe intrecciate, entrambe votate \u2013 se intese in maniera corretta \u2013 allo sviluppo. &Egrave; fra questi concetti generali che si \u00e8 dipanata da sempre la politica industria italiana e quella delle singole aziende, grandi o piccole che fossero. A delinearne la storia lungo un secolo di storia italiana [&hellip;]","og_url":"https:\/\/127.0.0.1\/it\/cultura-dimpresa\/la-cultura-pubblica-dellimpresa-in-italia\/","og_site_name":"Fondazione Pirelli","article_published_time":"2015-03-30T00:00:00+00:00","article_modified_time":"2020-01-20T11:20:40+00:00","author":"fondadmin","twitter_card":"summary_large_image","twitter_misc":{"Scritto da":"fondadmin","Tempo di lettura stimato":"2 minuti"},"schema":{"@context":"https:\/\/schema.org","@graph":[{"@type":"WebPage","@id":"https:\/\/127.0.0.1\/it\/cultura-dimpresa\/la-cultura-pubblica-dellimpresa-in-italia\/","url":"https:\/\/127.0.0.1\/it\/cultura-dimpresa\/la-cultura-pubblica-dellimpresa-in-italia\/","name":"La cultura pubblica dell\u2019impresa in Italia - Fondazione Pirelli","isPartOf":{"@id":"https:\/\/www.fondazionepirelli.org\/it\/#website"},"datePublished":"2015-03-30T00:00:00+00:00","dateModified":"2020-01-20T11:20:40+00:00","author":{"@id":"https:\/\/www.fondazionepirelli.org\/it\/#\/schema\/person\/f47d097000832c4a6e54538c791fdf25"},"breadcrumb":{"@id":"https:\/\/127.0.0.1\/it\/cultura-dimpresa\/la-cultura-pubblica-dellimpresa-in-italia\/#breadcrumb"},"inLanguage":"it-IT","potentialAction":[{"@type":"ReadAction","target":["https:\/\/127.0.0.1\/it\/cultura-dimpresa\/la-cultura-pubblica-dellimpresa-in-italia\/"]}]},{"@type":"BreadcrumbList","@id":"https:\/\/127.0.0.1\/it\/cultura-dimpresa\/la-cultura-pubblica-dellimpresa-in-italia\/#breadcrumb","itemListElement":[{"@type":"ListItem","position":1,"name":"Home","item":"https:\/\/www.fondazionepirelli.org\/it\/"},{"@type":"ListItem","position":2,"name":"La cultura pubblica dell\u2019impresa in Italia"}]},{"@type":"WebSite","@id":"https:\/\/www.fondazionepirelli.org\/it\/#website","url":"https:\/\/www.fondazionepirelli.org\/it\/","name":"Fondazione Pirelli","description":"","potentialAction":[{"@type":"SearchAction","target":{"@type":"EntryPoint","urlTemplate":"https:\/\/www.fondazionepirelli.org\/it\/?s={search_term_string}"},"query-input":{"@type":"PropertyValueSpecification","valueRequired":true,"valueName":"search_term_string"}}],"inLanguage":"it-IT"},{"@type":"Person","@id":"https:\/\/www.fondazionepirelli.org\/it\/#\/schema\/person\/f47d097000832c4a6e54538c791fdf25","name":"fondadmin","image":{"@type":"ImageObject","inLanguage":"it-IT","@id":"https:\/\/www.fondazionepirelli.org\/it\/#\/schema\/person\/image\/","url":"https:\/\/secure.gravatar.com\/avatar\/e69498a9175ca244966e51e53c88712c024fcebe41f9a05f75657f1bb25e489b?s=96&d=mm&r=g","contentUrl":"https:\/\/secure.gravatar.com\/avatar\/e69498a9175ca244966e51e53c88712c024fcebe41f9a05f75657f1bb25e489b?s=96&d=mm&r=g","caption":"fondadmin"},"url":"https:\/\/www.fondazionepirelli.org\/it\/author\/fondadmin\/"}]}},"_links":{"self":[{"href":"https:\/\/www.fondazionepirelli.org\/it\/wp-json\/wp\/v2\/posts\/57408\/"}],"collection":[{"href":"https:\/\/www.fondazionepirelli.org\/it\/wp-json\/wp\/v2\/posts\/"}],"about":[{"href":"https:\/\/www.fondazionepirelli.org\/it\/wp-json\/wp\/v2\/types\/post\/"}],"author":[{"embeddable":true,"href":"https:\/\/www.fondazionepirelli.org\/it\/wp-json\/wp\/v2\/users\/1\/"}],"replies":[{"embeddable":true,"href":"https:\/\/www.fondazionepirelli.org\/it\/wp-json\/wp\/v2\/comments\/?post=57408"}],"version-history":[{"count":5,"href":"https:\/\/www.fondazionepirelli.org\/it\/wp-json\/wp\/v2\/posts\/57408\/revisions\/"}],"predecessor-version":[{"id":73987,"href":"https:\/\/www.fondazionepirelli.org\/it\/wp-json\/wp\/v2\/posts\/57408\/revisions\/73987\/"}],"wp:attachment":[{"href":"https:\/\/www.fondazionepirelli.org\/it\/wp-json\/wp\/v2\/media\/?parent=57408"}],"wp:term":[{"taxonomy":"category","embeddable":true,"href":"https:\/\/www.fondazionepirelli.org\/it\/wp-json\/wp\/v2\/categories\/?post=57408"},{"taxonomy":"post_tag","embeddable":true,"href":"https:\/\/www.fondazionepirelli.org\/it\/wp-json\/wp\/v2\/tags\/?post=57408"}],"curies":[{"name":"wp","href":"https:\/\/api.w.org\/{rel}","templated":true}]}}