{"id":57411,"date":"2015-04-27T00:00:00","date_gmt":"2015-04-27T00:00:00","guid":{"rendered":"http:\/\/www.fondazionepirelli.org\/imparare-lintraprendenza-dimpresa\/"},"modified":"2020-01-21T12:08:22","modified_gmt":"2020-01-21T11:08:22","slug":"imparare-lintraprendenza-dimpresa","status":"publish","type":"post","link":"https:\/\/www.fondazionepirelli.org\/it\/cultura-dimpresa\/imparare-lintraprendenza-dimpresa\/","title":{"rendered":"Imparare l\u2019intraprendenza d\u2019impresa"},"content":{"rendered":"<p>Si pu\u00f2 anche imparare ad essere imprenditori. Certo, la voglia di rischiare, intraprendere, esplorare, occorre averla dentro, ma quest\u2019essenza deve anche essere aiutata a farsi vedere,a diventare per davvero cultura d\u2019impresa. I modi possono essere tanti. \u00c8 certamente vero, tuttavia, che uno di questi sta nella formazione e nella scuola.<\/p>\n<p>\u201cEducazione all\u2019imprenditorialit\u00e0, orientamento all\u2019iniziativa\u201d \u00e8 una ricerca \u2013 pubblicata su Pedagogia oggi della Siped (la Societ\u00e0 Italiana di Pedagogia) -, che pu\u00f2 essere utile per capire meglio questo aspetto della cultura d\u2019impresa.<\/p>\n<p>Si tratta di un intervento scritto da Roberta Piazza (Professore Associato di Pedagogia Generale e Sociale all\u2019Universit\u00e0 di Catania), che affronta il tema dell\u2019educazione all\u2019imprenditorialit\u00e0 collegato all\u2019insegnamento. \u201cIl successo dell&#8217;educazione all&#8217;imprenditorialit\u00e0 (EE dalla formulazione in inglese) \u00e8 ormai internazionale\u201d, spiega l\u2019autrice, ma \u201cla ricerca in Europa mostra che fin troppa attenzione \u00e8 volta alla capacit\u00e0 degli studenti di creare impresa e meno alle molteplici attivit\u00e0 educative attraverso le quali \u00e8 possibile effettivamente stimolare comportamenti intraprendenti\u201d. La ricerca quindi si sofferma sui significati di Educazione all\u2019intraprendenza (EE) \u201ccercando di definirne il focus in funzione dell&#8217;acquisizione di quelle capacit\u00e0 richieste ai giovani di sviluppare la creativit\u00e0 e far fronte al costante cambiamento nel lavoro\u201d.<\/p>\n<p>Roberta Piazza prende in esame prima come la EE sia inquadrata in Italia e in Europa, soprattutto nell\u2019ambito della formazione e dell\u2019organizzazione scolastica, e poi approfondisce i meccanismi del passaggio dall\u2019educazione all\u2019imprenditorialit\u00e0 alle azioni per \u201corientare\u201d i giovani verso le iniziative imprenditoriali. Vengono quindi elencati diversi aspetti che un\u2019educazione di questo genere deve contenere per essere tale. Ma viene soprattutto puntato il dito su due carenze: la scarsa partecipazione degli imprenditori alla formazione all\u2019imprenditorialit\u00e0 e l\u2019emarginazione di cui questo tipo di educazione soffre nell\u2019ambito universitario. Viene spiegato che \u201cl&#8217;incertezza sul significato da assegnare all&#8217;educazione all&#8217;imprenditorialit\u00e0, la mancanza di adeguata formazione del personale universitario, le difficolt\u00e0 a coinvolgere imprenditori nei percorsi formativi e valutativi, la tradizionale valutazione accademica delle conoscenze piuttosto che delle competenze e dei comportamenti sono solo alcuni degli impedimenti che limitano l&#8217;inserimento dell&#8217;EE nelle universit\u00e0. Per quanto sia insistente la richiesta politica di includere sempre pi\u00f9 l&#8217;imprenditorialit\u00e0 all&#8217;interno dei percorsi formativi, non \u00e8 difficile notare quanto tale modello educativo sia sostanzialmente ai margini della formazione universitaria, patrimonio degli ambiti economici e manageriali, sostanzialmente isolato rispetto le tradizionali attivit\u00e0 della ricerca e della didattica\u201d.<\/p>\n<p>Da tutto questo, un\u2019altra sfida per il nostro Paese: \u201cPromuovere il potenziale imprenditoriale \u2013 dice Roberta Piazza -, \u00e8 diventato un&#8217;altra missione (ancora!) per l&#8217;istruzione superiore, piuttosto che un valore condiviso. Per divenire centrale, l&#8217;EE dovrebbe \u00a0invece essere inclusa nell&#8217;architettura istituzionale delle universit\u00e0, quale contributo agli obiettivi istituzionali dell&#8217;insegnamento di qualit\u00e0 e della ricerca\u201d.<\/p><p><strong>Educazione all&#8217;imprenditorialit\u00e0, orientamento all&#8217;iniziativa<\/strong><\/p>\n<p>Roberta Piazza<\/p>\n<p>Pedagogia oggi, 1\/2015 (Siped)<\/p>\n<p><a title=\"Educazione all'imprenditorialit\u00e0, orientamento all'iniziativa\" href=\"https:\/\/wpsite-assets.fondazionepirelli.org\/wp-content\/uploads\/2015\/04\/21120706\/Educazione-allimprenditorialita%CC%80-orientamento-alliniziativa-Entrepreneurship-Education-Guidance-to-be-enterprising..pdf\" target=\"_blank\" rel=\"noopener noreferrer\">Download pdf<\/a><\/p>\n","protected":false},"excerpt":{"rendered":"<p>Si pu\u00f2 anche imparare ad essere imprenditori. Certo, la voglia di rischiare, intraprendere, esplorare, occorre averla dentro, ma quest\u2019essenza deve anche essere aiutata a farsi vedere,a diventare per davvero cultura d\u2019impresa. I modi possono essere tanti. \u00c8 certamente vero, tuttavia, che uno di questi sta nella formazione e nella scuola. \u201cEducazione all\u2019imprenditorialit\u00e0, orientamento all\u2019iniziativa\u201d \u00e8 [&hellip;]<\/p>\n","protected":false},"author":1,"featured_media":0,"comment_status":"open","ping_status":"open","sticky":false,"template":"","format":"standard","meta":{"footnotes":""},"categories":[54,52],"tags":[],"class_list":["post-57411","post","type-post","status-publish","format-standard","hentry","category-approfondimenti","category-cultura-dimpresa"],"acf":[],"yoast_head":"<!-- This site is optimized with the Yoast SEO plugin v25.0 - https:\/\/yoast.com\/wordpress\/plugins\/seo\/ -->\n<title>Imparare l\u2019intraprendenza d\u2019impresa - Fondazione Pirelli<\/title>\n<meta name=\"robots\" content=\"index, follow, max-snippet:-1, max-image-preview:large, max-video-preview:-1\" \/>\n<link rel=\"canonical\" href=\"https:\/\/www.fondazionepirelli.org\/it\/cultura-dimpresa\/imparare-lintraprendenza-dimpresa\/\" \/>\n<meta property=\"og:locale\" content=\"it_IT\" \/>\n<meta property=\"og:type\" content=\"article\" \/>\n<meta property=\"og:title\" content=\"Imparare l\u2019intraprendenza d\u2019impresa - Fondazione Pirelli\" \/>\n<meta property=\"og:description\" content=\"Si pu\u00f2 anche imparare ad essere imprenditori. Certo, la voglia di rischiare, intraprendere, esplorare, occorre averla dentro, ma quest\u2019essenza deve anche essere aiutata a farsi vedere,a diventare per davvero cultura d\u2019impresa. I modi possono essere tanti. \u00c8 certamente vero, tuttavia, che uno di questi sta nella formazione e nella scuola. \u201cEducazione all\u2019imprenditorialit\u00e0, orientamento all\u2019iniziativa\u201d \u00e8 [&hellip;]\" \/>\n<meta property=\"og:url\" content=\"https:\/\/www.fondazionepirelli.org\/it\/cultura-dimpresa\/imparare-lintraprendenza-dimpresa\/\" \/>\n<meta property=\"og:site_name\" content=\"Fondazione Pirelli\" \/>\n<meta property=\"article:published_time\" content=\"2015-04-27T00:00:00+00:00\" \/>\n<meta property=\"article:modified_time\" content=\"2020-01-21T11:08:22+00:00\" \/>\n<meta name=\"author\" content=\"fondadmin\" \/>\n<meta name=\"twitter:card\" content=\"summary_large_image\" \/>\n<meta name=\"twitter:label1\" content=\"Scritto da\" \/>\n\t<meta name=\"twitter:data1\" content=\"fondadmin\" \/>\n\t<meta name=\"twitter:label2\" content=\"Tempo di lettura stimato\" \/>\n\t<meta name=\"twitter:data2\" content=\"2 minuti\" \/>\n<script type=\"application\/ld+json\" class=\"yoast-schema-graph\">{\"@context\":\"https:\/\/schema.org\",\"@graph\":[{\"@type\":\"WebPage\",\"@id\":\"https:\/\/www.fondazionepirelli.org\/it\/cultura-dimpresa\/imparare-lintraprendenza-dimpresa\/\",\"url\":\"https:\/\/www.fondazionepirelli.org\/it\/cultura-dimpresa\/imparare-lintraprendenza-dimpresa\/\",\"name\":\"Imparare l\u2019intraprendenza d\u2019impresa - Fondazione Pirelli\",\"isPartOf\":{\"@id\":\"https:\/\/www.fondazionepirelli.org\/it\/#website\"},\"datePublished\":\"2015-04-27T00:00:00+00:00\",\"dateModified\":\"2020-01-21T11:08:22+00:00\",\"author\":{\"@id\":\"https:\/\/www.fondazionepirelli.org\/it\/#\/schema\/person\/f47d097000832c4a6e54538c791fdf25\"},\"breadcrumb\":{\"@id\":\"https:\/\/www.fondazionepirelli.org\/it\/cultura-dimpresa\/imparare-lintraprendenza-dimpresa\/#breadcrumb\"},\"inLanguage\":\"it-IT\",\"potentialAction\":[{\"@type\":\"ReadAction\",\"target\":[\"https:\/\/www.fondazionepirelli.org\/it\/cultura-dimpresa\/imparare-lintraprendenza-dimpresa\/\"]}]},{\"@type\":\"BreadcrumbList\",\"@id\":\"https:\/\/www.fondazionepirelli.org\/it\/cultura-dimpresa\/imparare-lintraprendenza-dimpresa\/#breadcrumb\",\"itemListElement\":[{\"@type\":\"ListItem\",\"position\":1,\"name\":\"Home\",\"item\":\"https:\/\/www.fondazionepirelli.org\/it\/\"},{\"@type\":\"ListItem\",\"position\":2,\"name\":\"Imparare l\u2019intraprendenza d\u2019impresa\"}]},{\"@type\":\"WebSite\",\"@id\":\"https:\/\/www.fondazionepirelli.org\/it\/#website\",\"url\":\"https:\/\/www.fondazionepirelli.org\/it\/\",\"name\":\"Fondazione Pirelli\",\"description\":\"\",\"potentialAction\":[{\"@type\":\"SearchAction\",\"target\":{\"@type\":\"EntryPoint\",\"urlTemplate\":\"https:\/\/www.fondazionepirelli.org\/it\/?s={search_term_string}\"},\"query-input\":{\"@type\":\"PropertyValueSpecification\",\"valueRequired\":true,\"valueName\":\"search_term_string\"}}],\"inLanguage\":\"it-IT\"},{\"@type\":\"Person\",\"@id\":\"https:\/\/www.fondazionepirelli.org\/it\/#\/schema\/person\/f47d097000832c4a6e54538c791fdf25\",\"name\":\"fondadmin\",\"image\":{\"@type\":\"ImageObject\",\"inLanguage\":\"it-IT\",\"@id\":\"https:\/\/www.fondazionepirelli.org\/it\/#\/schema\/person\/image\/\",\"url\":\"https:\/\/secure.gravatar.com\/avatar\/e69498a9175ca244966e51e53c88712c024fcebe41f9a05f75657f1bb25e489b?s=96&d=mm&r=g\",\"contentUrl\":\"https:\/\/secure.gravatar.com\/avatar\/e69498a9175ca244966e51e53c88712c024fcebe41f9a05f75657f1bb25e489b?s=96&d=mm&r=g\",\"caption\":\"fondadmin\"},\"url\":\"https:\/\/www.fondazionepirelli.org\/it\/author\/fondadmin\/\"}]}<\/script>\n<!-- \/ Yoast SEO plugin. -->","yoast_head_json":{"title":"Imparare l\u2019intraprendenza d\u2019impresa - Fondazione Pirelli","robots":{"index":"index","follow":"follow","max-snippet":"max-snippet:-1","max-image-preview":"max-image-preview:large","max-video-preview":"max-video-preview:-1"},"canonical":"https:\/\/www.fondazionepirelli.org\/it\/cultura-dimpresa\/imparare-lintraprendenza-dimpresa\/","og_locale":"it_IT","og_type":"article","og_title":"Imparare l\u2019intraprendenza d\u2019impresa - Fondazione Pirelli","og_description":"Si pu\u00f2 anche imparare ad essere imprenditori. Certo, la voglia di rischiare, intraprendere, esplorare, occorre averla dentro, ma quest\u2019essenza deve anche essere aiutata a farsi vedere,a diventare per davvero cultura d\u2019impresa. I modi possono essere tanti. \u00c8 certamente vero, tuttavia, che uno di questi sta nella formazione e nella scuola. \u201cEducazione all\u2019imprenditorialit\u00e0, orientamento all\u2019iniziativa\u201d \u00e8 [&hellip;]","og_url":"https:\/\/www.fondazionepirelli.org\/it\/cultura-dimpresa\/imparare-lintraprendenza-dimpresa\/","og_site_name":"Fondazione Pirelli","article_published_time":"2015-04-27T00:00:00+00:00","article_modified_time":"2020-01-21T11:08:22+00:00","author":"fondadmin","twitter_card":"summary_large_image","twitter_misc":{"Scritto da":"fondadmin","Tempo di lettura stimato":"2 minuti"},"schema":{"@context":"https:\/\/schema.org","@graph":[{"@type":"WebPage","@id":"https:\/\/www.fondazionepirelli.org\/it\/cultura-dimpresa\/imparare-lintraprendenza-dimpresa\/","url":"https:\/\/www.fondazionepirelli.org\/it\/cultura-dimpresa\/imparare-lintraprendenza-dimpresa\/","name":"Imparare l\u2019intraprendenza d\u2019impresa - Fondazione Pirelli","isPartOf":{"@id":"https:\/\/www.fondazionepirelli.org\/it\/#website"},"datePublished":"2015-04-27T00:00:00+00:00","dateModified":"2020-01-21T11:08:22+00:00","author":{"@id":"https:\/\/www.fondazionepirelli.org\/it\/#\/schema\/person\/f47d097000832c4a6e54538c791fdf25"},"breadcrumb":{"@id":"https:\/\/www.fondazionepirelli.org\/it\/cultura-dimpresa\/imparare-lintraprendenza-dimpresa\/#breadcrumb"},"inLanguage":"it-IT","potentialAction":[{"@type":"ReadAction","target":["https:\/\/www.fondazionepirelli.org\/it\/cultura-dimpresa\/imparare-lintraprendenza-dimpresa\/"]}]},{"@type":"BreadcrumbList","@id":"https:\/\/www.fondazionepirelli.org\/it\/cultura-dimpresa\/imparare-lintraprendenza-dimpresa\/#breadcrumb","itemListElement":[{"@type":"ListItem","position":1,"name":"Home","item":"https:\/\/www.fondazionepirelli.org\/it\/"},{"@type":"ListItem","position":2,"name":"Imparare l\u2019intraprendenza d\u2019impresa"}]},{"@type":"WebSite","@id":"https:\/\/www.fondazionepirelli.org\/it\/#website","url":"https:\/\/www.fondazionepirelli.org\/it\/","name":"Fondazione Pirelli","description":"","potentialAction":[{"@type":"SearchAction","target":{"@type":"EntryPoint","urlTemplate":"https:\/\/www.fondazionepirelli.org\/it\/?s={search_term_string}"},"query-input":{"@type":"PropertyValueSpecification","valueRequired":true,"valueName":"search_term_string"}}],"inLanguage":"it-IT"},{"@type":"Person","@id":"https:\/\/www.fondazionepirelli.org\/it\/#\/schema\/person\/f47d097000832c4a6e54538c791fdf25","name":"fondadmin","image":{"@type":"ImageObject","inLanguage":"it-IT","@id":"https:\/\/www.fondazionepirelli.org\/it\/#\/schema\/person\/image\/","url":"https:\/\/secure.gravatar.com\/avatar\/e69498a9175ca244966e51e53c88712c024fcebe41f9a05f75657f1bb25e489b?s=96&d=mm&r=g","contentUrl":"https:\/\/secure.gravatar.com\/avatar\/e69498a9175ca244966e51e53c88712c024fcebe41f9a05f75657f1bb25e489b?s=96&d=mm&r=g","caption":"fondadmin"},"url":"https:\/\/www.fondazionepirelli.org\/it\/author\/fondadmin\/"}]}},"_links":{"self":[{"href":"https:\/\/www.fondazionepirelli.org\/it\/wp-json\/wp\/v2\/posts\/57411\/"}],"collection":[{"href":"https:\/\/www.fondazionepirelli.org\/it\/wp-json\/wp\/v2\/posts\/"}],"about":[{"href":"https:\/\/www.fondazionepirelli.org\/it\/wp-json\/wp\/v2\/types\/post\/"}],"author":[{"embeddable":true,"href":"https:\/\/www.fondazionepirelli.org\/it\/wp-json\/wp\/v2\/users\/1\/"}],"replies":[{"embeddable":true,"href":"https:\/\/www.fondazionepirelli.org\/it\/wp-json\/wp\/v2\/comments\/?post=57411"}],"version-history":[{"count":5,"href":"https:\/\/www.fondazionepirelli.org\/it\/wp-json\/wp\/v2\/posts\/57411\/revisions\/"}],"predecessor-version":[{"id":74181,"href":"https:\/\/www.fondazionepirelli.org\/it\/wp-json\/wp\/v2\/posts\/57411\/revisions\/74181\/"}],"wp:attachment":[{"href":"https:\/\/www.fondazionepirelli.org\/it\/wp-json\/wp\/v2\/media\/?parent=57411"}],"wp:term":[{"taxonomy":"category","embeddable":true,"href":"https:\/\/www.fondazionepirelli.org\/it\/wp-json\/wp\/v2\/categories\/?post=57411"},{"taxonomy":"post_tag","embeddable":true,"href":"https:\/\/www.fondazionepirelli.org\/it\/wp-json\/wp\/v2\/tags\/?post=57411"}],"curies":[{"name":"wp","href":"https:\/\/api.w.org\/{rel}","templated":true}]}}