{"id":57432,"date":"2015-09-28T00:00:00","date_gmt":"2015-09-28T00:00:00","guid":{"rendered":"http:\/\/www.fondazionepirelli.org\/intelligenza-etica-dimpresa\/"},"modified":"2020-01-22T10:25:16","modified_gmt":"2020-01-22T09:25:16","slug":"intelligenza-etica-dimpresa","status":"publish","type":"post","link":"https:\/\/www.fondazionepirelli.org\/it\/cultura-dimpresa\/intelligenza-etica-dimpresa\/","title":{"rendered":"Intelligenza etica d\u2019impresa"},"content":{"rendered":"<p>L\u2019impresa vive e prospera non solo per l\u2019efficienza dei suoi processi e della sua organizzazione ma anche \u2013 e in alcuni casi soprattutto -, per il senso etico che alberga in essa. Niente di utopistico, ma molto di pratico. Anche se accade spesso che l\u2019eticit\u00e0 possa apparentemente essere d\u2019ostacolo alla razionalit\u00e0 efficiente del calcolo. Saper conciliare etica e calcolo, d\u2019altra parte, \u00e8 una delle capacit\u00e0 principali di un buon imprenditore e dei manager di cui si circonda. \u00c8 da qui che deriva l\u2019utilit\u00e0 di leggere una ricerca appena pubblicata da quattro studiosi dell\u2019Universit\u00e0 della Malesia, che ragiona sul concetto di Quoziente Spirituale (SQ), assunto quale indicatore dell\u2019atteggiamento d\u2019impresa di fronte a questi temi.<\/p>\n<p>\u201cSpiritual Quotient and Ethical Values towards Organizational Sustainability\u201d di Akhtar Sohail, Anuar bin Arshad Mohd, Mahmood Arshad e Ahmed Adeel (della School of Management Malaysia), parte da una constatazione. \u201cNegli ultimi dieci anni \u2013 spiegano gli autori -, molte organizzazioni sono crollate oppure sono state seriamente danneggiate per la crisi etica della loro sostenibilit\u00e0 organizzativa\u201d. \u00a0In altre parole, in origine oppure ad un certo punto della vita d\u2019impresa, qualcosa si \u00e8 rotto nell\u2019equilibrio fra calcolo ed etica, fra organizzazione per il profitto e attenzione ai risvolti sociali dell\u2019azione imprenditoriale. Secondo i quattro autori, \u00a0questo accade per il crollo dei comportamenti da parte di chi costituisce l\u2019organizzazione d\u2019impresa e la fa vivere. Vengono richiamati alla memoria alcuni degli esempi pi\u00f9 noti di quanto pu\u00f2 accadere come quelli di Enron, AIG, Lehman Brothers, WorldCom, Arthur &amp; Anderson, ma altri pi\u00f9 limitati o pi\u00f9 recenti potrebbero essere fatti.<\/p>\n<p>Per capire meglio e misurare quanto pu\u00f2 accadere, viene quindi approfondito il concetto di Quoziente Spirituale (SQ) inteso come \u201cl&#8217;intelligenza finale con cui le persone affrontano e risolvono I problemi connessi con i concetti di significato e valore\u201d. Secondo gli autori \u00e8 \u201cl&#8217;intelligenza che ha la forza di aiutare le persone a utilizzare le loro azioni e la vita in un contesto pi\u00f9 ricco e dal significato ampio\u201d. Ma non solo, perch\u00e9 l\u2019SQ viene anche definito come \u201cla capacit\u00e0 di comportarsi con saggezza e grazia fino a quando la pace interna ed esterna viene mantenuta \u00a0tenendo conto delle condizioni\u201d nelle quali si agisce. Come \u00e8 evidente, l\u2019SQ non \u00e8 esattamente calcolabile in termini numerici, ma \u00e8 un concettoso-guida utile a comprendere meglio la realt\u00e0 delle imprese. Uno strumento di interpretazione del presente che manager e imprenditori possono usare per capire meglio cosa accade attorno a loro.<\/p>\n<p>Quanto sinteticamente scritto da Akhtar Sohail e dai suoi colleghi, costituisce un\u2019utile lettura della quale ricordarsi quando nell\u2019impresa l\u2019etica appare minacciata.<\/p><p><strong>Spiritual Quotient and Ethical Values towards Organizational Sustainability<\/strong><\/p>\n<p>Akhtar Sohail, Anuar bin Arshad Mohd, Mahmood Arshad, Ahmed Adeel<\/p>\n<p>International Letters of Social and Humanistic Sciences Vol. 58 (2015) pp 1-7<\/p><p><a title=\"Spiritual Quotient and Ethical\" href=\"https:\/\/wpsite-assets.fondazionepirelli.org\/wp-content\/uploads\/2015\/09\/22102457\/ssoar-ilshs-2015-58-akhtar_et_al-Spiritual_quotient_and_ethical_values.pdf\" target=\"_blank\" rel=\"noopener noreferrer\">Download pdf<\/a><\/p>\n","protected":false},"excerpt":{"rendered":"<p>L\u2019impresa vive e prospera non solo per l\u2019efficienza dei suoi processi e della sua organizzazione ma anche \u2013 e in alcuni casi soprattutto -, per il senso etico che alberga in essa. Niente di utopistico, ma molto di pratico. Anche se accade spesso che l\u2019eticit\u00e0 possa apparentemente essere d\u2019ostacolo alla razionalit\u00e0 efficiente del calcolo. Saper [&hellip;]<\/p>\n","protected":false},"author":1,"featured_media":0,"comment_status":"open","ping_status":"open","sticky":false,"template":"","format":"standard","meta":{"footnotes":""},"categories":[54,52],"tags":[],"class_list":["post-57432","post","type-post","status-publish","format-standard","hentry","category-approfondimenti","category-cultura-dimpresa"],"acf":[],"yoast_head":"<!-- This site is optimized with the Yoast SEO plugin v25.0 - https:\/\/yoast.com\/wordpress\/plugins\/seo\/ -->\n<title>Intelligenza etica d\u2019impresa - Fondazione Pirelli<\/title>\n<meta name=\"robots\" content=\"index, follow, max-snippet:-1, max-image-preview:large, max-video-preview:-1\" \/>\n<link rel=\"canonical\" href=\"https:\/\/www.fondazionepirelli.org\/it\/cultura-dimpresa\/intelligenza-etica-dimpresa\/\" \/>\n<meta property=\"og:locale\" content=\"it_IT\" \/>\n<meta property=\"og:type\" content=\"article\" \/>\n<meta property=\"og:title\" content=\"Intelligenza etica d\u2019impresa - Fondazione Pirelli\" \/>\n<meta property=\"og:description\" content=\"L\u2019impresa vive e prospera non solo per l\u2019efficienza dei suoi processi e della sua organizzazione ma anche \u2013 e in alcuni casi soprattutto -, per il senso etico che alberga in essa. Niente di utopistico, ma molto di pratico. Anche se accade spesso che l\u2019eticit\u00e0 possa apparentemente essere d\u2019ostacolo alla razionalit\u00e0 efficiente del calcolo. Saper [&hellip;]\" \/>\n<meta property=\"og:url\" content=\"https:\/\/www.fondazionepirelli.org\/it\/cultura-dimpresa\/intelligenza-etica-dimpresa\/\" \/>\n<meta property=\"og:site_name\" content=\"Fondazione Pirelli\" \/>\n<meta property=\"article:published_time\" content=\"2015-09-28T00:00:00+00:00\" \/>\n<meta property=\"article:modified_time\" content=\"2020-01-22T09:25:16+00:00\" \/>\n<meta name=\"author\" content=\"fondadmin\" \/>\n<meta name=\"twitter:card\" content=\"summary_large_image\" \/>\n<meta name=\"twitter:label1\" content=\"Scritto da\" \/>\n\t<meta name=\"twitter:data1\" content=\"fondadmin\" \/>\n\t<meta name=\"twitter:label2\" content=\"Tempo di lettura stimato\" \/>\n\t<meta name=\"twitter:data2\" content=\"2 minuti\" \/>\n<script type=\"application\/ld+json\" class=\"yoast-schema-graph\">{\"@context\":\"https:\/\/schema.org\",\"@graph\":[{\"@type\":\"WebPage\",\"@id\":\"https:\/\/www.fondazionepirelli.org\/it\/cultura-dimpresa\/intelligenza-etica-dimpresa\/\",\"url\":\"https:\/\/www.fondazionepirelli.org\/it\/cultura-dimpresa\/intelligenza-etica-dimpresa\/\",\"name\":\"Intelligenza etica d\u2019impresa - Fondazione Pirelli\",\"isPartOf\":{\"@id\":\"https:\/\/www.fondazionepirelli.org\/it\/#website\"},\"datePublished\":\"2015-09-28T00:00:00+00:00\",\"dateModified\":\"2020-01-22T09:25:16+00:00\",\"author\":{\"@id\":\"https:\/\/www.fondazionepirelli.org\/it\/#\/schema\/person\/f47d097000832c4a6e54538c791fdf25\"},\"breadcrumb\":{\"@id\":\"https:\/\/www.fondazionepirelli.org\/it\/cultura-dimpresa\/intelligenza-etica-dimpresa\/#breadcrumb\"},\"inLanguage\":\"it-IT\",\"potentialAction\":[{\"@type\":\"ReadAction\",\"target\":[\"https:\/\/www.fondazionepirelli.org\/it\/cultura-dimpresa\/intelligenza-etica-dimpresa\/\"]}]},{\"@type\":\"BreadcrumbList\",\"@id\":\"https:\/\/www.fondazionepirelli.org\/it\/cultura-dimpresa\/intelligenza-etica-dimpresa\/#breadcrumb\",\"itemListElement\":[{\"@type\":\"ListItem\",\"position\":1,\"name\":\"Home\",\"item\":\"https:\/\/www.fondazionepirelli.org\/it\/\"},{\"@type\":\"ListItem\",\"position\":2,\"name\":\"Intelligenza etica d\u2019impresa\"}]},{\"@type\":\"WebSite\",\"@id\":\"https:\/\/www.fondazionepirelli.org\/it\/#website\",\"url\":\"https:\/\/www.fondazionepirelli.org\/it\/\",\"name\":\"Fondazione Pirelli\",\"description\":\"\",\"potentialAction\":[{\"@type\":\"SearchAction\",\"target\":{\"@type\":\"EntryPoint\",\"urlTemplate\":\"https:\/\/www.fondazionepirelli.org\/it\/?s={search_term_string}\"},\"query-input\":{\"@type\":\"PropertyValueSpecification\",\"valueRequired\":true,\"valueName\":\"search_term_string\"}}],\"inLanguage\":\"it-IT\"},{\"@type\":\"Person\",\"@id\":\"https:\/\/www.fondazionepirelli.org\/it\/#\/schema\/person\/f47d097000832c4a6e54538c791fdf25\",\"name\":\"fondadmin\",\"image\":{\"@type\":\"ImageObject\",\"inLanguage\":\"it-IT\",\"@id\":\"https:\/\/www.fondazionepirelli.org\/it\/#\/schema\/person\/image\/\",\"url\":\"https:\/\/secure.gravatar.com\/avatar\/e69498a9175ca244966e51e53c88712c024fcebe41f9a05f75657f1bb25e489b?s=96&d=mm&r=g\",\"contentUrl\":\"https:\/\/secure.gravatar.com\/avatar\/e69498a9175ca244966e51e53c88712c024fcebe41f9a05f75657f1bb25e489b?s=96&d=mm&r=g\",\"caption\":\"fondadmin\"},\"url\":\"https:\/\/www.fondazionepirelli.org\/it\/author\/fondadmin\/\"}]}<\/script>\n<!-- \/ Yoast SEO plugin. -->","yoast_head_json":{"title":"Intelligenza etica d\u2019impresa - Fondazione Pirelli","robots":{"index":"index","follow":"follow","max-snippet":"max-snippet:-1","max-image-preview":"max-image-preview:large","max-video-preview":"max-video-preview:-1"},"canonical":"https:\/\/www.fondazionepirelli.org\/it\/cultura-dimpresa\/intelligenza-etica-dimpresa\/","og_locale":"it_IT","og_type":"article","og_title":"Intelligenza etica d\u2019impresa - Fondazione Pirelli","og_description":"L\u2019impresa vive e prospera non solo per l\u2019efficienza dei suoi processi e della sua organizzazione ma anche \u2013 e in alcuni casi soprattutto -, per il senso etico che alberga in essa. Niente di utopistico, ma molto di pratico. Anche se accade spesso che l\u2019eticit\u00e0 possa apparentemente essere d\u2019ostacolo alla razionalit\u00e0 efficiente del calcolo. Saper [&hellip;]","og_url":"https:\/\/www.fondazionepirelli.org\/it\/cultura-dimpresa\/intelligenza-etica-dimpresa\/","og_site_name":"Fondazione Pirelli","article_published_time":"2015-09-28T00:00:00+00:00","article_modified_time":"2020-01-22T09:25:16+00:00","author":"fondadmin","twitter_card":"summary_large_image","twitter_misc":{"Scritto da":"fondadmin","Tempo di lettura stimato":"2 minuti"},"schema":{"@context":"https:\/\/schema.org","@graph":[{"@type":"WebPage","@id":"https:\/\/www.fondazionepirelli.org\/it\/cultura-dimpresa\/intelligenza-etica-dimpresa\/","url":"https:\/\/www.fondazionepirelli.org\/it\/cultura-dimpresa\/intelligenza-etica-dimpresa\/","name":"Intelligenza etica d\u2019impresa - Fondazione Pirelli","isPartOf":{"@id":"https:\/\/www.fondazionepirelli.org\/it\/#website"},"datePublished":"2015-09-28T00:00:00+00:00","dateModified":"2020-01-22T09:25:16+00:00","author":{"@id":"https:\/\/www.fondazionepirelli.org\/it\/#\/schema\/person\/f47d097000832c4a6e54538c791fdf25"},"breadcrumb":{"@id":"https:\/\/www.fondazionepirelli.org\/it\/cultura-dimpresa\/intelligenza-etica-dimpresa\/#breadcrumb"},"inLanguage":"it-IT","potentialAction":[{"@type":"ReadAction","target":["https:\/\/www.fondazionepirelli.org\/it\/cultura-dimpresa\/intelligenza-etica-dimpresa\/"]}]},{"@type":"BreadcrumbList","@id":"https:\/\/www.fondazionepirelli.org\/it\/cultura-dimpresa\/intelligenza-etica-dimpresa\/#breadcrumb","itemListElement":[{"@type":"ListItem","position":1,"name":"Home","item":"https:\/\/www.fondazionepirelli.org\/it\/"},{"@type":"ListItem","position":2,"name":"Intelligenza etica d\u2019impresa"}]},{"@type":"WebSite","@id":"https:\/\/www.fondazionepirelli.org\/it\/#website","url":"https:\/\/www.fondazionepirelli.org\/it\/","name":"Fondazione Pirelli","description":"","potentialAction":[{"@type":"SearchAction","target":{"@type":"EntryPoint","urlTemplate":"https:\/\/www.fondazionepirelli.org\/it\/?s={search_term_string}"},"query-input":{"@type":"PropertyValueSpecification","valueRequired":true,"valueName":"search_term_string"}}],"inLanguage":"it-IT"},{"@type":"Person","@id":"https:\/\/www.fondazionepirelli.org\/it\/#\/schema\/person\/f47d097000832c4a6e54538c791fdf25","name":"fondadmin","image":{"@type":"ImageObject","inLanguage":"it-IT","@id":"https:\/\/www.fondazionepirelli.org\/it\/#\/schema\/person\/image\/","url":"https:\/\/secure.gravatar.com\/avatar\/e69498a9175ca244966e51e53c88712c024fcebe41f9a05f75657f1bb25e489b?s=96&d=mm&r=g","contentUrl":"https:\/\/secure.gravatar.com\/avatar\/e69498a9175ca244966e51e53c88712c024fcebe41f9a05f75657f1bb25e489b?s=96&d=mm&r=g","caption":"fondadmin"},"url":"https:\/\/www.fondazionepirelli.org\/it\/author\/fondadmin\/"}]}},"_links":{"self":[{"href":"https:\/\/www.fondazionepirelli.org\/it\/wp-json\/wp\/v2\/posts\/57432\/"}],"collection":[{"href":"https:\/\/www.fondazionepirelli.org\/it\/wp-json\/wp\/v2\/posts\/"}],"about":[{"href":"https:\/\/www.fondazionepirelli.org\/it\/wp-json\/wp\/v2\/types\/post\/"}],"author":[{"embeddable":true,"href":"https:\/\/www.fondazionepirelli.org\/it\/wp-json\/wp\/v2\/users\/1\/"}],"replies":[{"embeddable":true,"href":"https:\/\/www.fondazionepirelli.org\/it\/wp-json\/wp\/v2\/comments\/?post=57432"}],"version-history":[{"count":4,"href":"https:\/\/www.fondazionepirelli.org\/it\/wp-json\/wp\/v2\/posts\/57432\/revisions\/"}],"predecessor-version":[{"id":74275,"href":"https:\/\/www.fondazionepirelli.org\/it\/wp-json\/wp\/v2\/posts\/57432\/revisions\/74275\/"}],"wp:attachment":[{"href":"https:\/\/www.fondazionepirelli.org\/it\/wp-json\/wp\/v2\/media\/?parent=57432"}],"wp:term":[{"taxonomy":"category","embeddable":true,"href":"https:\/\/www.fondazionepirelli.org\/it\/wp-json\/wp\/v2\/categories\/?post=57432"},{"taxonomy":"post_tag","embeddable":true,"href":"https:\/\/www.fondazionepirelli.org\/it\/wp-json\/wp\/v2\/tags\/?post=57432"}],"curies":[{"name":"wp","href":"https:\/\/api.w.org\/{rel}","templated":true}]}}