{"id":57437,"date":"2015-11-02T00:00:00","date_gmt":"2015-11-02T00:00:00","guid":{"rendered":"http:\/\/www.fondazionepirelli.org\/quando-limpresa-riporta-a-casa-la-propria-attivita\/"},"modified":"2020-01-22T11:11:46","modified_gmt":"2020-01-22T10:11:46","slug":"quando-limpresa-riporta-a-casa-la-propria-attivita","status":"publish","type":"post","link":"https:\/\/www.fondazionepirelli.org\/it\/cultura-dimpresa\/quando-limpresa-riporta-a-casa-la-propria-attivita\/","title":{"rendered":"Quando l\u2019impresa riporta \u201ca casa\u201d la propria attivit\u00e0"},"content":{"rendered":"<p>L\u2019impresa cresce se si diversifica e tenta nuovi mercati oltre che modalit\u00e0 produttive rinnovate. &Egrave; il concetto di base, quello \u201calla moda\u201d della buona industria moderna. Ma, a bene vedere, c\u2019\u00e8 anche dell\u2019altro. L\u2019anima industriale \u00e8 fatta, da sempre, anche da capacit\u00e0 di cambiamento pi\u00f9 vasta, sapienza nel saper cogliere il vento che muta, maestria nel rielaborare organizzazione della produzione e mercati di sbocco. In ogni caso, \u00e8 messa alla prova la cultura d\u2019impresa propria di ogni struttura produttiva. \u201cStrategie di back-reshoring in Italia: vantaggi competitivi per le aziende, opportunit\u00e0 di sviluppo per il paese\u201d pubblicato da poche settimane, prende in considerazione un particolare cambiamento nelle imprese la cui comprensione pu\u00f2 essere utile per tutti.<\/p>\n<p>Scritta da Antonio Ricciardi, Patrizia Pastore, Antonio Russo e Silvia Tommaso (ricercatori fra l\u2019Universit\u00e0 della Calabria e quella di Messina), \u00a0la ricerca approfondisce motivazioni e modalit\u00e0 operative delle strategie di back-reshoring di processi industriali precedentemente affidati a fornitori esteri o localizzati all\u2019estero, valutandone l\u2019impatto strategico sulla gestione aziendale. Per arrivare all\u2019obiettivo, i quattro autori usano bene la teoria, ma si avvalgono anche di una serie di casi come quelli di Whirlpool, AmFor Electronics, Marchon, il marchio Jimmy Choo, Gaud\u00ec, Philip Morris.<\/p>\n<p>L\u2019articolo \u00e8 scritto in maniera piana e inizia dalla analisi dei fattori che determinano le scelte di rilocalizzazione, valuta i vantaggi ma anche i rischi che le aziende che applicano tali strategie possono incontrare segnalando alcuni interventi di politica industriale che potrebbero favorire la rilocalizzazione anche in Italia di produzioni in precedenza delocalizzate. Viene fatta una analisi a livello mondiale, europei e italiano della situazione del back-reshoring.<\/p>\n<p>Leggendo la fatica di Ricciardi e dei suoi colleghi, si ottiene un quadro esaustivo di cosa possa scatenare il back-reshoring all\u2019interno di un\u2019impresa e come il mutamento possa essere affrontato.<\/p>\n<p>I quattro, poi, insistono sulle ricadute positive ma anche sui costi per l&#8217;organizzazione di processi di questo genere. Ci\u00f2 che emerge \u00e8 la necessit\u00e0 di un cambiamento strategico aziendale cosi come quella di reintegrare la conoscenza e sviluppare nuove capacit\u00e0 e competenze. Occorre cio\u00e8 un mutamento della cultura d\u2019impresa che forma di s\u00e8 l\u2019agire dell\u2019organizzazione produttiva.<\/p><p><strong>Strategie di back-reshoring in Italia: vantaggi competitivi per le aziende, opportunit\u00e0 di sviluppo per il paese<\/strong><\/p>\n<p>Antonio Ricciardi (Universit\u00e0 della Calabria, Dipartimento di Scienze Aziendali e Giuridiche), Patrizia Pastore (Universit\u00e0 della Calabria, Dipartimento di Scienze Aziendali e Giuridiche), Antonio Russo (Universit\u00e0 degli Studi di Messina, Dipartimento di Scienze giuridiche e Storia delle istituzioni) e Silvia Tommaso (Universit\u00e0 della Calabria, Dipartimento di Scienze Aziendali e Giuridiche).<\/p>\n<p>IPE Working Paper, n. 5, settembre 2015<\/p>\n<p><strong><a title=\"Strategie di back-reshoring\" href=\"https:\/\/wpsite-assets.fondazionepirelli.org\/wp-content\/uploads\/2015\/11\/22111044\/ricciardi_strategie_back-reshoring.pdf\" target=\"_blank\" rel=\"noopener noreferrer\">Download pdf<\/a><\/strong><\/p>\n","protected":false},"excerpt":{"rendered":"<p>L\u2019impresa cresce se si diversifica e tenta nuovi mercati oltre che modalit\u00e0 produttive rinnovate. &Egrave; il concetto di base, quello \u201calla moda\u201d della buona industria moderna. Ma, a bene vedere, c\u2019\u00e8 anche dell\u2019altro. L\u2019anima industriale \u00e8 fatta, da sempre, anche da capacit\u00e0 di cambiamento pi\u00f9 vasta, sapienza nel saper cogliere il vento che muta, maestria [&hellip;]<\/p>\n","protected":false},"author":1,"featured_media":0,"comment_status":"open","ping_status":"open","sticky":false,"template":"","format":"standard","meta":{"footnotes":""},"categories":[54,52],"tags":[],"class_list":["post-57437","post","type-post","status-publish","format-standard","hentry","category-approfondimenti","category-cultura-dimpresa"],"acf":[],"yoast_head":"<!-- This site is optimized with the Yoast SEO plugin v25.0 - https:\/\/yoast.com\/wordpress\/plugins\/seo\/ -->\n<title>Quando l\u2019impresa riporta \u201ca casa\u201d la propria attivit\u00e0 - Fondazione Pirelli<\/title>\n<meta name=\"robots\" content=\"index, follow, max-snippet:-1, max-image-preview:large, max-video-preview:-1\" \/>\n<link rel=\"canonical\" href=\"https:\/\/www.fondazionepirelli.org\/it\/cultura-dimpresa\/quando-limpresa-riporta-a-casa-la-propria-attivita\/\" \/>\n<meta property=\"og:locale\" content=\"it_IT\" \/>\n<meta property=\"og:type\" content=\"article\" \/>\n<meta property=\"og:title\" content=\"Quando l\u2019impresa riporta \u201ca casa\u201d la propria attivit\u00e0 - Fondazione Pirelli\" \/>\n<meta property=\"og:description\" content=\"L\u2019impresa cresce se si diversifica e tenta nuovi mercati oltre che modalit\u00e0 produttive rinnovate. &Egrave; il concetto di base, quello \u201calla moda\u201d della buona industria moderna. Ma, a bene vedere, c\u2019\u00e8 anche dell\u2019altro. L\u2019anima industriale \u00e8 fatta, da sempre, anche da capacit\u00e0 di cambiamento pi\u00f9 vasta, sapienza nel saper cogliere il vento che muta, maestria [&hellip;]\" \/>\n<meta property=\"og:url\" content=\"https:\/\/www.fondazionepirelli.org\/it\/cultura-dimpresa\/quando-limpresa-riporta-a-casa-la-propria-attivita\/\" \/>\n<meta property=\"og:site_name\" content=\"Fondazione Pirelli\" \/>\n<meta property=\"article:published_time\" content=\"2015-11-02T00:00:00+00:00\" \/>\n<meta property=\"article:modified_time\" content=\"2020-01-22T10:11:46+00:00\" \/>\n<meta name=\"author\" content=\"fondadmin\" \/>\n<meta name=\"twitter:card\" content=\"summary_large_image\" \/>\n<meta name=\"twitter:label1\" content=\"Scritto da\" \/>\n\t<meta name=\"twitter:data1\" content=\"fondadmin\" \/>\n\t<meta name=\"twitter:label2\" content=\"Tempo di lettura stimato\" \/>\n\t<meta name=\"twitter:data2\" content=\"2 minuti\" \/>\n<script type=\"application\/ld+json\" class=\"yoast-schema-graph\">{\"@context\":\"https:\/\/schema.org\",\"@graph\":[{\"@type\":\"WebPage\",\"@id\":\"https:\/\/www.fondazionepirelli.org\/it\/cultura-dimpresa\/quando-limpresa-riporta-a-casa-la-propria-attivita\/\",\"url\":\"https:\/\/www.fondazionepirelli.org\/it\/cultura-dimpresa\/quando-limpresa-riporta-a-casa-la-propria-attivita\/\",\"name\":\"Quando l\u2019impresa riporta \u201ca casa\u201d la propria attivit\u00e0 - Fondazione Pirelli\",\"isPartOf\":{\"@id\":\"https:\/\/www.fondazionepirelli.org\/it\/#website\"},\"datePublished\":\"2015-11-02T00:00:00+00:00\",\"dateModified\":\"2020-01-22T10:11:46+00:00\",\"author\":{\"@id\":\"https:\/\/www.fondazionepirelli.org\/it\/#\/schema\/person\/f47d097000832c4a6e54538c791fdf25\"},\"breadcrumb\":{\"@id\":\"https:\/\/www.fondazionepirelli.org\/it\/cultura-dimpresa\/quando-limpresa-riporta-a-casa-la-propria-attivita\/#breadcrumb\"},\"inLanguage\":\"it-IT\",\"potentialAction\":[{\"@type\":\"ReadAction\",\"target\":[\"https:\/\/www.fondazionepirelli.org\/it\/cultura-dimpresa\/quando-limpresa-riporta-a-casa-la-propria-attivita\/\"]}]},{\"@type\":\"BreadcrumbList\",\"@id\":\"https:\/\/www.fondazionepirelli.org\/it\/cultura-dimpresa\/quando-limpresa-riporta-a-casa-la-propria-attivita\/#breadcrumb\",\"itemListElement\":[{\"@type\":\"ListItem\",\"position\":1,\"name\":\"Home\",\"item\":\"https:\/\/www.fondazionepirelli.org\/it\/\"},{\"@type\":\"ListItem\",\"position\":2,\"name\":\"Quando l\u2019impresa riporta \u201ca casa\u201d la propria attivit\u00e0\"}]},{\"@type\":\"WebSite\",\"@id\":\"https:\/\/www.fondazionepirelli.org\/it\/#website\",\"url\":\"https:\/\/www.fondazionepirelli.org\/it\/\",\"name\":\"Fondazione Pirelli\",\"description\":\"\",\"potentialAction\":[{\"@type\":\"SearchAction\",\"target\":{\"@type\":\"EntryPoint\",\"urlTemplate\":\"https:\/\/www.fondazionepirelli.org\/it\/?s={search_term_string}\"},\"query-input\":{\"@type\":\"PropertyValueSpecification\",\"valueRequired\":true,\"valueName\":\"search_term_string\"}}],\"inLanguage\":\"it-IT\"},{\"@type\":\"Person\",\"@id\":\"https:\/\/www.fondazionepirelli.org\/it\/#\/schema\/person\/f47d097000832c4a6e54538c791fdf25\",\"name\":\"fondadmin\",\"image\":{\"@type\":\"ImageObject\",\"inLanguage\":\"it-IT\",\"@id\":\"https:\/\/www.fondazionepirelli.org\/it\/#\/schema\/person\/image\/\",\"url\":\"https:\/\/secure.gravatar.com\/avatar\/e69498a9175ca244966e51e53c88712c024fcebe41f9a05f75657f1bb25e489b?s=96&d=mm&r=g\",\"contentUrl\":\"https:\/\/secure.gravatar.com\/avatar\/e69498a9175ca244966e51e53c88712c024fcebe41f9a05f75657f1bb25e489b?s=96&d=mm&r=g\",\"caption\":\"fondadmin\"},\"url\":\"https:\/\/www.fondazionepirelli.org\/it\/author\/fondadmin\/\"}]}<\/script>\n<!-- \/ Yoast SEO plugin. -->","yoast_head_json":{"title":"Quando l\u2019impresa riporta \u201ca casa\u201d la propria attivit\u00e0 - Fondazione Pirelli","robots":{"index":"index","follow":"follow","max-snippet":"max-snippet:-1","max-image-preview":"max-image-preview:large","max-video-preview":"max-video-preview:-1"},"canonical":"https:\/\/www.fondazionepirelli.org\/it\/cultura-dimpresa\/quando-limpresa-riporta-a-casa-la-propria-attivita\/","og_locale":"it_IT","og_type":"article","og_title":"Quando l\u2019impresa riporta \u201ca casa\u201d la propria attivit\u00e0 - Fondazione Pirelli","og_description":"L\u2019impresa cresce se si diversifica e tenta nuovi mercati oltre che modalit\u00e0 produttive rinnovate. &Egrave; il concetto di base, quello \u201calla moda\u201d della buona industria moderna. Ma, a bene vedere, c\u2019\u00e8 anche dell\u2019altro. L\u2019anima industriale \u00e8 fatta, da sempre, anche da capacit\u00e0 di cambiamento pi\u00f9 vasta, sapienza nel saper cogliere il vento che muta, maestria [&hellip;]","og_url":"https:\/\/www.fondazionepirelli.org\/it\/cultura-dimpresa\/quando-limpresa-riporta-a-casa-la-propria-attivita\/","og_site_name":"Fondazione Pirelli","article_published_time":"2015-11-02T00:00:00+00:00","article_modified_time":"2020-01-22T10:11:46+00:00","author":"fondadmin","twitter_card":"summary_large_image","twitter_misc":{"Scritto da":"fondadmin","Tempo di lettura stimato":"2 minuti"},"schema":{"@context":"https:\/\/schema.org","@graph":[{"@type":"WebPage","@id":"https:\/\/www.fondazionepirelli.org\/it\/cultura-dimpresa\/quando-limpresa-riporta-a-casa-la-propria-attivita\/","url":"https:\/\/www.fondazionepirelli.org\/it\/cultura-dimpresa\/quando-limpresa-riporta-a-casa-la-propria-attivita\/","name":"Quando l\u2019impresa riporta \u201ca casa\u201d la propria attivit\u00e0 - Fondazione Pirelli","isPartOf":{"@id":"https:\/\/www.fondazionepirelli.org\/it\/#website"},"datePublished":"2015-11-02T00:00:00+00:00","dateModified":"2020-01-22T10:11:46+00:00","author":{"@id":"https:\/\/www.fondazionepirelli.org\/it\/#\/schema\/person\/f47d097000832c4a6e54538c791fdf25"},"breadcrumb":{"@id":"https:\/\/www.fondazionepirelli.org\/it\/cultura-dimpresa\/quando-limpresa-riporta-a-casa-la-propria-attivita\/#breadcrumb"},"inLanguage":"it-IT","potentialAction":[{"@type":"ReadAction","target":["https:\/\/www.fondazionepirelli.org\/it\/cultura-dimpresa\/quando-limpresa-riporta-a-casa-la-propria-attivita\/"]}]},{"@type":"BreadcrumbList","@id":"https:\/\/www.fondazionepirelli.org\/it\/cultura-dimpresa\/quando-limpresa-riporta-a-casa-la-propria-attivita\/#breadcrumb","itemListElement":[{"@type":"ListItem","position":1,"name":"Home","item":"https:\/\/www.fondazionepirelli.org\/it\/"},{"@type":"ListItem","position":2,"name":"Quando l\u2019impresa riporta \u201ca casa\u201d la propria attivit\u00e0"}]},{"@type":"WebSite","@id":"https:\/\/www.fondazionepirelli.org\/it\/#website","url":"https:\/\/www.fondazionepirelli.org\/it\/","name":"Fondazione Pirelli","description":"","potentialAction":[{"@type":"SearchAction","target":{"@type":"EntryPoint","urlTemplate":"https:\/\/www.fondazionepirelli.org\/it\/?s={search_term_string}"},"query-input":{"@type":"PropertyValueSpecification","valueRequired":true,"valueName":"search_term_string"}}],"inLanguage":"it-IT"},{"@type":"Person","@id":"https:\/\/www.fondazionepirelli.org\/it\/#\/schema\/person\/f47d097000832c4a6e54538c791fdf25","name":"fondadmin","image":{"@type":"ImageObject","inLanguage":"it-IT","@id":"https:\/\/www.fondazionepirelli.org\/it\/#\/schema\/person\/image\/","url":"https:\/\/secure.gravatar.com\/avatar\/e69498a9175ca244966e51e53c88712c024fcebe41f9a05f75657f1bb25e489b?s=96&d=mm&r=g","contentUrl":"https:\/\/secure.gravatar.com\/avatar\/e69498a9175ca244966e51e53c88712c024fcebe41f9a05f75657f1bb25e489b?s=96&d=mm&r=g","caption":"fondadmin"},"url":"https:\/\/www.fondazionepirelli.org\/it\/author\/fondadmin\/"}]}},"_links":{"self":[{"href":"https:\/\/www.fondazionepirelli.org\/it\/wp-json\/wp\/v2\/posts\/57437\/"}],"collection":[{"href":"https:\/\/www.fondazionepirelli.org\/it\/wp-json\/wp\/v2\/posts\/"}],"about":[{"href":"https:\/\/www.fondazionepirelli.org\/it\/wp-json\/wp\/v2\/types\/post\/"}],"author":[{"embeddable":true,"href":"https:\/\/www.fondazionepirelli.org\/it\/wp-json\/wp\/v2\/users\/1\/"}],"replies":[{"embeddable":true,"href":"https:\/\/www.fondazionepirelli.org\/it\/wp-json\/wp\/v2\/comments\/?post=57437"}],"version-history":[{"count":7,"href":"https:\/\/www.fondazionepirelli.org\/it\/wp-json\/wp\/v2\/posts\/57437\/revisions\/"}],"predecessor-version":[{"id":74310,"href":"https:\/\/www.fondazionepirelli.org\/it\/wp-json\/wp\/v2\/posts\/57437\/revisions\/74310\/"}],"wp:attachment":[{"href":"https:\/\/www.fondazionepirelli.org\/it\/wp-json\/wp\/v2\/media\/?parent=57437"}],"wp:term":[{"taxonomy":"category","embeddable":true,"href":"https:\/\/www.fondazionepirelli.org\/it\/wp-json\/wp\/v2\/categories\/?post=57437"},{"taxonomy":"post_tag","embeddable":true,"href":"https:\/\/www.fondazionepirelli.org\/it\/wp-json\/wp\/v2\/tags\/?post=57437"}],"curies":[{"name":"wp","href":"https:\/\/api.w.org\/{rel}","templated":true}]}}