{"id":57440,"date":"2015-11-23T00:00:00","date_gmt":"2015-11-23T00:00:00","guid":{"rendered":"http:\/\/www.fondazionepirelli.org\/la-crisi-cambia-tutto\/"},"modified":"2020-01-22T10:28:08","modified_gmt":"2020-01-22T09:28:08","slug":"la-crisi-cambia-tutto","status":"publish","type":"post","link":"https:\/\/www.fondazionepirelli.org\/it\/cultura-dimpresa\/la-crisi-cambia-tutto\/","title":{"rendered":"La crisi cambia tutto?"},"content":{"rendered":"<p>La crisi pu\u00f2 far bene alle imprese. E\u2019 un pungolo a cambiare, una spinta ad evolvere. Certo, occorre saperla affrontare, avere in se\u2019 le risorse per superarla. Una crisi non \u00e8 uno scherzo. Pu\u00f2 cambiare molto dell\u2019impresa, forse non tutto. E\u2019 necessario allora capire come un forte periodo di difficolt\u00e0 possa risolversi in qualcosa che serva al rilancio, alla ripartenza dell\u2019attivit\u00e0 produttiva. Mantenendo ci\u00f2 che seve, cambiando ci\u00f2 che \u00e8 vecchio. Alla base, c\u2019\u00e8, come sempre negli appuntamenti cruciali di un\u2019organizzazione, la necessit\u00e0 di una cultura \u2013 in questo caso del produrre -, in grado di reagire e di far fare il salto che occorre.<\/p><p>\u201cTeorie e Modelli di Corporate Governance: un\u2019analisi delle Top 500 imprese padovane\u201d, tesi di Natalia Farima presso il Corso di Laurea Economia e Management dell\u2019Universit\u00e0 di Padova, fotografando che cosa \u00e8 accaduto, di fronte all\u2019ultima recente crisi, in una delle aree di pi\u00f9 eccellente industrializzazione italiana. Il lavoro parte esattamente dalla considerazione fatta poc\u2019anzi: \u201cUna crisi rappresenta, in qualsiasi momento ed ambito si verifichi, un momento di riflessione, di studio, di analisi e di ricerca di soluzioni e innovazioni\u201d.<\/p><p>Farima poi spiega: \u201cEssendo state le imprese a subire gli effetti pi\u00f9 devastanti della crisi, per quelle che in un modo o nell\u2019altro l\u2019hanno attraversata, in questi anni \u00e8 cominciato un processo di introspezione e innovazione coinvolgendo ogni loro aspetto: la struttura, la catena del valore, il processo produttivo, la gestione dei nuovi canali di marketing e non per ultimo i loro sistemi di governance. Aspetti che prima delle crisi sembravano marginali e con necessit\u00e0 non immediate di intervento, ad un certo punto diventano elementi il cui sviluppo e gestione risultano improcrastinabili. I sistemi di governance per i quali si riteneva che la legislazione fosse pi\u00f9 che adeguata e sufficiente, diventano improvvisamente superati, non sufficientemente trasparenti e non adeguati a gestire l\u2019impresa in un momento di crisi sia interna che esterna\u201d. Pu\u00f2, appunto, cambiare tutto: l\u2019orizzonte esterno, le dinamiche interne, la stessa intima cultura d\u2019impresa aziendale. Resiste ed emerge chi ha insiti i germi dell\u2019innovazione e della crescita.<\/p><p>Dopo un\u2019ampia introduzione \u00a0teorica sui sistemi di governance, Farima quindi analizza ci\u00f2 che \u00e8 avvenuto nelle piccole e medie imprese padovane sondando l\u2019evoluzione delle pi\u00f9 importanti pescando i dati da AIDA, la banca dati che contiene informazioni finanziarie, anagrafiche e commerciali di oltre 20mila societ\u00e0 di capitali italiane. I numeri poi sono stati organizzati per delineare una fotografia dell\u2019assetto della PMI padovana, e per comprenderne le peculiarit\u00e0 soprattutto per quanto riguarda il loro attrezzarsi di fronte ai mutamenti del mercato e del contesto istituzionale.<\/p><p>La conclusione per\u00f2 \u00e8 aperta.<\/p><p>Spiega Farima che \u00e8 ancora difficile individuare \u201cschemi o modelli che spieghino la struttura del (\u2026) sistema di governance\u201d delle PMI. \u00a0Ma c\u2019\u00e8 un elemento che predomina su tutto e cio\u00e8 la \u201cla presenza dell\u2019imprenditore che permea ancora, nella maggior parte dei casi, qualsiasi strato della gestione, con l\u2019impossibilit\u00e0 da parte di chiunque di affermare a priori se sia un bene o un male\u201d.<\/p><p><strong>Teorie e Modelli di Corporate Governance: un\u2019analisi delle Top 500 imprese padovane<\/strong><\/p>\n<p>Natalia Farima (Corso di Laurea Economia e Management, Universit\u00e0 di Padova)<\/p>\n<p>2015<\/p>\n<p><strong><a title=\"Teorie e modelli di corporate\" href=\"https:\/\/wpsite-assets.fondazionepirelli.org\/wp-content\/uploads\/2015\/11\/22102723\/tesi_Farima_Natalia.pdf\" target=\"_blank\" rel=\"noopener noreferrer\">Download pdf<\/a><\/strong><\/p>\n","protected":false},"excerpt":{"rendered":"<p>La crisi pu\u00f2 far bene alle imprese. E\u2019 un pungolo a cambiare, una spinta ad evolvere. Certo, occorre saperla affrontare, avere in se\u2019 le risorse per superarla. Una crisi non \u00e8 uno scherzo. Pu\u00f2 cambiare molto dell\u2019impresa, forse non tutto. E\u2019 necessario allora capire come un forte periodo di difficolt\u00e0 possa risolversi in qualcosa che [&hellip;]<\/p>\n","protected":false},"author":1,"featured_media":0,"comment_status":"open","ping_status":"open","sticky":false,"template":"","format":"standard","meta":{"footnotes":""},"categories":[54,52],"tags":[],"class_list":["post-57440","post","type-post","status-publish","format-standard","hentry","category-approfondimenti","category-cultura-dimpresa"],"acf":[],"yoast_head":"<!-- This site is optimized with the Yoast SEO plugin v25.0 - https:\/\/yoast.com\/wordpress\/plugins\/seo\/ -->\n<title>La crisi cambia tutto? - Fondazione Pirelli<\/title>\n<meta name=\"robots\" content=\"index, follow, max-snippet:-1, max-image-preview:large, max-video-preview:-1\" \/>\n<link rel=\"canonical\" href=\"https:\/\/www.fondazionepirelli.org\/it\/cultura-dimpresa\/la-crisi-cambia-tutto\/\" \/>\n<meta property=\"og:locale\" content=\"it_IT\" \/>\n<meta property=\"og:type\" content=\"article\" \/>\n<meta property=\"og:title\" content=\"La crisi cambia tutto? - Fondazione Pirelli\" \/>\n<meta property=\"og:description\" content=\"La crisi pu\u00f2 far bene alle imprese. E\u2019 un pungolo a cambiare, una spinta ad evolvere. Certo, occorre saperla affrontare, avere in se\u2019 le risorse per superarla. Una crisi non \u00e8 uno scherzo. Pu\u00f2 cambiare molto dell\u2019impresa, forse non tutto. E\u2019 necessario allora capire come un forte periodo di difficolt\u00e0 possa risolversi in qualcosa che [&hellip;]\" \/>\n<meta property=\"og:url\" content=\"https:\/\/127.0.0.1\/it\/cultura-dimpresa\/la-crisi-cambia-tutto\/\" \/>\n<meta property=\"og:site_name\" content=\"Fondazione Pirelli\" \/>\n<meta property=\"article:published_time\" content=\"2015-11-23T00:00:00+00:00\" \/>\n<meta property=\"article:modified_time\" content=\"2020-01-22T09:28:08+00:00\" \/>\n<meta name=\"author\" content=\"fondadmin\" \/>\n<meta name=\"twitter:card\" content=\"summary_large_image\" \/>\n<meta name=\"twitter:label1\" content=\"Scritto da\" \/>\n\t<meta name=\"twitter:data1\" content=\"fondadmin\" \/>\n\t<meta name=\"twitter:label2\" content=\"Tempo di lettura stimato\" \/>\n\t<meta name=\"twitter:data2\" content=\"3 minuti\" \/>\n<script type=\"application\/ld+json\" class=\"yoast-schema-graph\">{\"@context\":\"https:\/\/schema.org\",\"@graph\":[{\"@type\":\"WebPage\",\"@id\":\"https:\/\/127.0.0.1\/it\/cultura-dimpresa\/la-crisi-cambia-tutto\/\",\"url\":\"https:\/\/127.0.0.1\/it\/cultura-dimpresa\/la-crisi-cambia-tutto\/\",\"name\":\"La crisi cambia tutto? - Fondazione Pirelli\",\"isPartOf\":{\"@id\":\"https:\/\/www.fondazionepirelli.org\/it\/#website\"},\"datePublished\":\"2015-11-23T00:00:00+00:00\",\"dateModified\":\"2020-01-22T09:28:08+00:00\",\"author\":{\"@id\":\"https:\/\/www.fondazionepirelli.org\/it\/#\/schema\/person\/f47d097000832c4a6e54538c791fdf25\"},\"breadcrumb\":{\"@id\":\"https:\/\/127.0.0.1\/it\/cultura-dimpresa\/la-crisi-cambia-tutto\/#breadcrumb\"},\"inLanguage\":\"it-IT\",\"potentialAction\":[{\"@type\":\"ReadAction\",\"target\":[\"https:\/\/127.0.0.1\/it\/cultura-dimpresa\/la-crisi-cambia-tutto\/\"]}]},{\"@type\":\"BreadcrumbList\",\"@id\":\"https:\/\/127.0.0.1\/it\/cultura-dimpresa\/la-crisi-cambia-tutto\/#breadcrumb\",\"itemListElement\":[{\"@type\":\"ListItem\",\"position\":1,\"name\":\"Home\",\"item\":\"https:\/\/www.fondazionepirelli.org\/it\/\"},{\"@type\":\"ListItem\",\"position\":2,\"name\":\"La crisi cambia tutto?\"}]},{\"@type\":\"WebSite\",\"@id\":\"https:\/\/www.fondazionepirelli.org\/it\/#website\",\"url\":\"https:\/\/www.fondazionepirelli.org\/it\/\",\"name\":\"Fondazione Pirelli\",\"description\":\"\",\"potentialAction\":[{\"@type\":\"SearchAction\",\"target\":{\"@type\":\"EntryPoint\",\"urlTemplate\":\"https:\/\/www.fondazionepirelli.org\/it\/?s={search_term_string}\"},\"query-input\":{\"@type\":\"PropertyValueSpecification\",\"valueRequired\":true,\"valueName\":\"search_term_string\"}}],\"inLanguage\":\"it-IT\"},{\"@type\":\"Person\",\"@id\":\"https:\/\/www.fondazionepirelli.org\/it\/#\/schema\/person\/f47d097000832c4a6e54538c791fdf25\",\"name\":\"fondadmin\",\"image\":{\"@type\":\"ImageObject\",\"inLanguage\":\"it-IT\",\"@id\":\"https:\/\/www.fondazionepirelli.org\/it\/#\/schema\/person\/image\/\",\"url\":\"https:\/\/secure.gravatar.com\/avatar\/e69498a9175ca244966e51e53c88712c024fcebe41f9a05f75657f1bb25e489b?s=96&d=mm&r=g\",\"contentUrl\":\"https:\/\/secure.gravatar.com\/avatar\/e69498a9175ca244966e51e53c88712c024fcebe41f9a05f75657f1bb25e489b?s=96&d=mm&r=g\",\"caption\":\"fondadmin\"},\"url\":\"https:\/\/www.fondazionepirelli.org\/it\/author\/fondadmin\/\"}]}<\/script>\n<!-- \/ Yoast SEO plugin. -->","yoast_head_json":{"title":"La crisi cambia tutto? - Fondazione Pirelli","robots":{"index":"index","follow":"follow","max-snippet":"max-snippet:-1","max-image-preview":"max-image-preview:large","max-video-preview":"max-video-preview:-1"},"canonical":"https:\/\/www.fondazionepirelli.org\/it\/cultura-dimpresa\/la-crisi-cambia-tutto\/","og_locale":"it_IT","og_type":"article","og_title":"La crisi cambia tutto? - Fondazione Pirelli","og_description":"La crisi pu\u00f2 far bene alle imprese. E\u2019 un pungolo a cambiare, una spinta ad evolvere. Certo, occorre saperla affrontare, avere in se\u2019 le risorse per superarla. Una crisi non \u00e8 uno scherzo. Pu\u00f2 cambiare molto dell\u2019impresa, forse non tutto. E\u2019 necessario allora capire come un forte periodo di difficolt\u00e0 possa risolversi in qualcosa che [&hellip;]","og_url":"https:\/\/127.0.0.1\/it\/cultura-dimpresa\/la-crisi-cambia-tutto\/","og_site_name":"Fondazione Pirelli","article_published_time":"2015-11-23T00:00:00+00:00","article_modified_time":"2020-01-22T09:28:08+00:00","author":"fondadmin","twitter_card":"summary_large_image","twitter_misc":{"Scritto da":"fondadmin","Tempo di lettura stimato":"3 minuti"},"schema":{"@context":"https:\/\/schema.org","@graph":[{"@type":"WebPage","@id":"https:\/\/127.0.0.1\/it\/cultura-dimpresa\/la-crisi-cambia-tutto\/","url":"https:\/\/127.0.0.1\/it\/cultura-dimpresa\/la-crisi-cambia-tutto\/","name":"La crisi cambia tutto? - Fondazione Pirelli","isPartOf":{"@id":"https:\/\/www.fondazionepirelli.org\/it\/#website"},"datePublished":"2015-11-23T00:00:00+00:00","dateModified":"2020-01-22T09:28:08+00:00","author":{"@id":"https:\/\/www.fondazionepirelli.org\/it\/#\/schema\/person\/f47d097000832c4a6e54538c791fdf25"},"breadcrumb":{"@id":"https:\/\/127.0.0.1\/it\/cultura-dimpresa\/la-crisi-cambia-tutto\/#breadcrumb"},"inLanguage":"it-IT","potentialAction":[{"@type":"ReadAction","target":["https:\/\/127.0.0.1\/it\/cultura-dimpresa\/la-crisi-cambia-tutto\/"]}]},{"@type":"BreadcrumbList","@id":"https:\/\/127.0.0.1\/it\/cultura-dimpresa\/la-crisi-cambia-tutto\/#breadcrumb","itemListElement":[{"@type":"ListItem","position":1,"name":"Home","item":"https:\/\/www.fondazionepirelli.org\/it\/"},{"@type":"ListItem","position":2,"name":"La crisi cambia tutto?"}]},{"@type":"WebSite","@id":"https:\/\/www.fondazionepirelli.org\/it\/#website","url":"https:\/\/www.fondazionepirelli.org\/it\/","name":"Fondazione Pirelli","description":"","potentialAction":[{"@type":"SearchAction","target":{"@type":"EntryPoint","urlTemplate":"https:\/\/www.fondazionepirelli.org\/it\/?s={search_term_string}"},"query-input":{"@type":"PropertyValueSpecification","valueRequired":true,"valueName":"search_term_string"}}],"inLanguage":"it-IT"},{"@type":"Person","@id":"https:\/\/www.fondazionepirelli.org\/it\/#\/schema\/person\/f47d097000832c4a6e54538c791fdf25","name":"fondadmin","image":{"@type":"ImageObject","inLanguage":"it-IT","@id":"https:\/\/www.fondazionepirelli.org\/it\/#\/schema\/person\/image\/","url":"https:\/\/secure.gravatar.com\/avatar\/e69498a9175ca244966e51e53c88712c024fcebe41f9a05f75657f1bb25e489b?s=96&d=mm&r=g","contentUrl":"https:\/\/secure.gravatar.com\/avatar\/e69498a9175ca244966e51e53c88712c024fcebe41f9a05f75657f1bb25e489b?s=96&d=mm&r=g","caption":"fondadmin"},"url":"https:\/\/www.fondazionepirelli.org\/it\/author\/fondadmin\/"}]}},"_links":{"self":[{"href":"https:\/\/www.fondazionepirelli.org\/it\/wp-json\/wp\/v2\/posts\/57440\/"}],"collection":[{"href":"https:\/\/www.fondazionepirelli.org\/it\/wp-json\/wp\/v2\/posts\/"}],"about":[{"href":"https:\/\/www.fondazionepirelli.org\/it\/wp-json\/wp\/v2\/types\/post\/"}],"author":[{"embeddable":true,"href":"https:\/\/www.fondazionepirelli.org\/it\/wp-json\/wp\/v2\/users\/1\/"}],"replies":[{"embeddable":true,"href":"https:\/\/www.fondazionepirelli.org\/it\/wp-json\/wp\/v2\/comments\/?post=57440"}],"version-history":[{"count":4,"href":"https:\/\/www.fondazionepirelli.org\/it\/wp-json\/wp\/v2\/posts\/57440\/revisions\/"}],"predecessor-version":[{"id":74280,"href":"https:\/\/www.fondazionepirelli.org\/it\/wp-json\/wp\/v2\/posts\/57440\/revisions\/74280\/"}],"wp:attachment":[{"href":"https:\/\/www.fondazionepirelli.org\/it\/wp-json\/wp\/v2\/media\/?parent=57440"}],"wp:term":[{"taxonomy":"category","embeddable":true,"href":"https:\/\/www.fondazionepirelli.org\/it\/wp-json\/wp\/v2\/categories\/?post=57440"},{"taxonomy":"post_tag","embeddable":true,"href":"https:\/\/www.fondazionepirelli.org\/it\/wp-json\/wp\/v2\/tags\/?post=57440"}],"curies":[{"name":"wp","href":"https:\/\/api.w.org\/{rel}","templated":true}]}}