{"id":57445,"date":"2015-01-12T00:00:00","date_gmt":"2015-01-12T00:00:00","guid":{"rendered":"http:\/\/www.fondazionepirelli.org\/limpresa-condivisa\/"},"modified":"2019-10-31T17:13:57","modified_gmt":"2019-10-31T15:13:57","slug":"limpresa-condivisa","status":"publish","type":"post","link":"https:\/\/www.fondazionepirelli.org\/it\/cultura-dimpresa\/limpresa-condivisa\/","title":{"rendered":"L\u2019impresa condivisa"},"content":{"rendered":"<p>L\u2019impresa cresce e si finanzia anche con l\u2019aiuto di molti, piccoli finanziatori. E\u2019 il crowdfunding che in Italia assume modalit\u00e0 proprie, diverse da quelle di altri Paesi. Ci\u00f2 che pi\u00f9 conta, per\u00f2, \u00e8 quanto e come il crowdfunding incida sugli assetti d\u2019impresa e sulla sua cultura, sull\u2019anima che accende un\u2019azienda e la trasforma in un\u2019impresa.<\/p>\n<p>E\u2019 \u00a0interessante a questo proposito leggere \u201cCrowdfunding. La via collaborativa all&#8217;imprenditorialit\u00e0\u201d di Ivana Pais, Paola Peretti e Chiara Spinelli che cerca di inquadrare il tema sia dal punto di vista teorico che pratico.<\/p>\n<p>La constatazione dalla quale partono le tre autrici \u00e8 semplice: il crowdfunding comporta un ripensamento strutturale dei rapporti tra economia e societ\u00e0 imperniato sui concetti di collaborazione e condivisione. Ma non solo. \u201cAnalizzare l&#8217;innovativa modalit\u00e0 di raccolta fondi che si muove tra la folla e lo spazio della rete \u2013 spiegano -, \u00a0significa oggi aprire una finestra sull&#8217;Italia che investe per uscire dalla crisi\u201d.<\/p>\n<p>Il libro analizza quindi il concetto e l\u2019uso del crowdfunding con un metodo sistematico, tenendo conto di tutti gli \u201cingredienti\u201d che entrano in gioco \u201cabilitati dalle tecnologie della rete: apertura, progettualit\u00e0, partecipazione, connessione, reputazione, fiducia, trasparenza, ecc.\u201d.<\/p>\n<p>Il volume prende in considerazione i differenti modelli di crowdfunding e le norme che li regolano, le diverse piattaforme che possono essere usate e le loro specificit\u00e0, la costruzione della proposta e del modello di business, la strategia digitale e il piano di marketing, la misurazione dei risultati e le relazioni con i sostenitori: ogni aspetto \u00e8 spiegato, dal concepimento dell&#8217;idea alla fase che segue la chiusura della campagna.<\/p>\n<p>Tutto \u00e8 poi arricchito da oltre cinquanta storie d\u2019impresa nate con questa modalit\u00e0 di reperimento di fondi.<\/p>\n<p>Dietro tutto questo, l\u2019implicito o esplicito cambiamento della cultura d\u2019impresa moderna che passa dall\u2019essere tesoro di un imprenditore a patrimonio di una comunit\u00e0.<\/p><p><strong>Crowdfunding. La via collaborativa all&#8217;imprenditorialit\u00e0<\/strong><\/p>\n<p>Ivana Pais, Paola Peretti, Chiara Spinelli<\/p>\n<p>Egea, 2014<\/p>","protected":false},"excerpt":{"rendered":"<p>L\u2019impresa cresce e si finanzia anche con l\u2019aiuto di molti, piccoli finanziatori. E\u2019 il crowdfunding che in Italia assume modalit\u00e0 proprie, diverse da quelle di altri Paesi. Ci\u00f2 che pi\u00f9 conta, per\u00f2, \u00e8 quanto e come il crowdfunding incida sugli assetti d\u2019impresa e sulla sua cultura, sull\u2019anima che accende un\u2019azienda e la trasforma in un\u2019impresa. [&hellip;]<\/p>\n","protected":false},"author":1,"featured_media":57446,"comment_status":"open","ping_status":"open","sticky":false,"template":"","format":"standard","meta":{"footnotes":""},"categories":[52,58],"tags":[],"class_list":["post-57445","post","type-post","status-publish","format-standard","has-post-thumbnail","hentry","category-cultura-dimpresa","category-recensioni-libri"],"acf":[],"yoast_head":"<!-- This site is optimized with the Yoast SEO plugin v25.0 - https:\/\/yoast.com\/wordpress\/plugins\/seo\/ -->\n<title>L\u2019impresa condivisa - Fondazione Pirelli<\/title>\n<meta name=\"robots\" content=\"index, follow, max-snippet:-1, max-image-preview:large, max-video-preview:-1\" \/>\n<link rel=\"canonical\" href=\"https:\/\/www.fondazionepirelli.org\/it\/cultura-dimpresa\/limpresa-condivisa\/\" \/>\n<meta property=\"og:locale\" content=\"it_IT\" \/>\n<meta property=\"og:type\" content=\"article\" \/>\n<meta property=\"og:title\" content=\"L\u2019impresa condivisa - Fondazione Pirelli\" \/>\n<meta property=\"og:description\" content=\"L\u2019impresa cresce e si finanzia anche con l\u2019aiuto di molti, piccoli finanziatori. E\u2019 il crowdfunding che in Italia assume modalit\u00e0 proprie, diverse da quelle di altri Paesi. Ci\u00f2 che pi\u00f9 conta, per\u00f2, \u00e8 quanto e come il crowdfunding incida sugli assetti d\u2019impresa e sulla sua cultura, sull\u2019anima che accende un\u2019azienda e la trasforma in un\u2019impresa. [&hellip;]\" \/>\n<meta property=\"og:url\" content=\"https:\/\/www.fondazionepirelli.org\/it\/cultura-dimpresa\/limpresa-condivisa\/\" \/>\n<meta property=\"og:site_name\" content=\"Fondazione Pirelli\" \/>\n<meta property=\"article:published_time\" content=\"2015-01-12T00:00:00+00:00\" \/>\n<meta property=\"article:modified_time\" content=\"2019-10-31T15:13:57+00:00\" \/>\n<meta property=\"og:image\" content=\"https:\/\/wpsite-assets.fondazionepirelli.org\/wp-content\/uploads\/2019\/06\/03232027\/1421065490931259439.jpg\" \/>\n\t<meta property=\"og:image:width\" content=\"250\" \/>\n\t<meta property=\"og:image:height\" content=\"378\" \/>\n\t<meta property=\"og:image:type\" content=\"image\/jpeg\" \/>\n<meta name=\"author\" content=\"fondadmin\" \/>\n<meta name=\"twitter:card\" content=\"summary_large_image\" \/>\n<meta name=\"twitter:label1\" content=\"Scritto da\" \/>\n\t<meta name=\"twitter:data1\" content=\"fondadmin\" \/>\n\t<meta name=\"twitter:label2\" content=\"Tempo di lettura stimato\" \/>\n\t<meta name=\"twitter:data2\" content=\"2 minuti\" \/>\n<script type=\"application\/ld+json\" class=\"yoast-schema-graph\">{\"@context\":\"https:\/\/schema.org\",\"@graph\":[{\"@type\":\"WebPage\",\"@id\":\"https:\/\/www.fondazionepirelli.org\/it\/cultura-dimpresa\/limpresa-condivisa\/\",\"url\":\"https:\/\/www.fondazionepirelli.org\/it\/cultura-dimpresa\/limpresa-condivisa\/\",\"name\":\"L\u2019impresa condivisa - Fondazione Pirelli\",\"isPartOf\":{\"@id\":\"https:\/\/www.fondazionepirelli.org\/it\/#website\"},\"primaryImageOfPage\":{\"@id\":\"https:\/\/www.fondazionepirelli.org\/it\/cultura-dimpresa\/limpresa-condivisa\/#primaryimage\"},\"image\":{\"@id\":\"https:\/\/www.fondazionepirelli.org\/it\/cultura-dimpresa\/limpresa-condivisa\/#primaryimage\"},\"thumbnailUrl\":\"https:\/\/wpsite-assets.fondazionepirelli.org\/wp-content\/uploads\/2019\/06\/03232027\/1421065490931259439.jpg\",\"datePublished\":\"2015-01-12T00:00:00+00:00\",\"dateModified\":\"2019-10-31T15:13:57+00:00\",\"author\":{\"@id\":\"https:\/\/www.fondazionepirelli.org\/it\/#\/schema\/person\/f47d097000832c4a6e54538c791fdf25\"},\"breadcrumb\":{\"@id\":\"https:\/\/www.fondazionepirelli.org\/it\/cultura-dimpresa\/limpresa-condivisa\/#breadcrumb\"},\"inLanguage\":\"it-IT\",\"potentialAction\":[{\"@type\":\"ReadAction\",\"target\":[\"https:\/\/www.fondazionepirelli.org\/it\/cultura-dimpresa\/limpresa-condivisa\/\"]}]},{\"@type\":\"ImageObject\",\"inLanguage\":\"it-IT\",\"@id\":\"https:\/\/www.fondazionepirelli.org\/it\/cultura-dimpresa\/limpresa-condivisa\/#primaryimage\",\"url\":\"https:\/\/wpsite-assets.fondazionepirelli.org\/wp-content\/uploads\/2019\/06\/03232027\/1421065490931259439.jpg\",\"contentUrl\":\"https:\/\/wpsite-assets.fondazionepirelli.org\/wp-content\/uploads\/2019\/06\/03232027\/1421065490931259439.jpg\",\"width\":250,\"height\":378},{\"@type\":\"BreadcrumbList\",\"@id\":\"https:\/\/www.fondazionepirelli.org\/it\/cultura-dimpresa\/limpresa-condivisa\/#breadcrumb\",\"itemListElement\":[{\"@type\":\"ListItem\",\"position\":1,\"name\":\"Home\",\"item\":\"https:\/\/www.fondazionepirelli.org\/it\/\"},{\"@type\":\"ListItem\",\"position\":2,\"name\":\"L\u2019impresa condivisa\"}]},{\"@type\":\"WebSite\",\"@id\":\"https:\/\/www.fondazionepirelli.org\/it\/#website\",\"url\":\"https:\/\/www.fondazionepirelli.org\/it\/\",\"name\":\"Fondazione Pirelli\",\"description\":\"\",\"potentialAction\":[{\"@type\":\"SearchAction\",\"target\":{\"@type\":\"EntryPoint\",\"urlTemplate\":\"https:\/\/www.fondazionepirelli.org\/it\/?s={search_term_string}\"},\"query-input\":{\"@type\":\"PropertyValueSpecification\",\"valueRequired\":true,\"valueName\":\"search_term_string\"}}],\"inLanguage\":\"it-IT\"},{\"@type\":\"Person\",\"@id\":\"https:\/\/www.fondazionepirelli.org\/it\/#\/schema\/person\/f47d097000832c4a6e54538c791fdf25\",\"name\":\"fondadmin\",\"image\":{\"@type\":\"ImageObject\",\"inLanguage\":\"it-IT\",\"@id\":\"https:\/\/www.fondazionepirelli.org\/it\/#\/schema\/person\/image\/\",\"url\":\"https:\/\/secure.gravatar.com\/avatar\/e69498a9175ca244966e51e53c88712c024fcebe41f9a05f75657f1bb25e489b?s=96&d=mm&r=g\",\"contentUrl\":\"https:\/\/secure.gravatar.com\/avatar\/e69498a9175ca244966e51e53c88712c024fcebe41f9a05f75657f1bb25e489b?s=96&d=mm&r=g\",\"caption\":\"fondadmin\"},\"url\":\"https:\/\/www.fondazionepirelli.org\/it\/author\/fondadmin\/\"}]}<\/script>\n<!-- \/ Yoast SEO plugin. -->","yoast_head_json":{"title":"L\u2019impresa condivisa - Fondazione Pirelli","robots":{"index":"index","follow":"follow","max-snippet":"max-snippet:-1","max-image-preview":"max-image-preview:large","max-video-preview":"max-video-preview:-1"},"canonical":"https:\/\/www.fondazionepirelli.org\/it\/cultura-dimpresa\/limpresa-condivisa\/","og_locale":"it_IT","og_type":"article","og_title":"L\u2019impresa condivisa - Fondazione Pirelli","og_description":"L\u2019impresa cresce e si finanzia anche con l\u2019aiuto di molti, piccoli finanziatori. E\u2019 il crowdfunding che in Italia assume modalit\u00e0 proprie, diverse da quelle di altri Paesi. Ci\u00f2 che pi\u00f9 conta, per\u00f2, \u00e8 quanto e come il crowdfunding incida sugli assetti d\u2019impresa e sulla sua cultura, sull\u2019anima che accende un\u2019azienda e la trasforma in un\u2019impresa. [&hellip;]","og_url":"https:\/\/www.fondazionepirelli.org\/it\/cultura-dimpresa\/limpresa-condivisa\/","og_site_name":"Fondazione Pirelli","article_published_time":"2015-01-12T00:00:00+00:00","article_modified_time":"2019-10-31T15:13:57+00:00","og_image":[{"width":250,"height":378,"url":"https:\/\/wpsite-assets.fondazionepirelli.org\/wp-content\/uploads\/2019\/06\/03232027\/1421065490931259439.jpg","type":"image\/jpeg"}],"author":"fondadmin","twitter_card":"summary_large_image","twitter_misc":{"Scritto da":"fondadmin","Tempo di lettura stimato":"2 minuti"},"schema":{"@context":"https:\/\/schema.org","@graph":[{"@type":"WebPage","@id":"https:\/\/www.fondazionepirelli.org\/it\/cultura-dimpresa\/limpresa-condivisa\/","url":"https:\/\/www.fondazionepirelli.org\/it\/cultura-dimpresa\/limpresa-condivisa\/","name":"L\u2019impresa condivisa - Fondazione Pirelli","isPartOf":{"@id":"https:\/\/www.fondazionepirelli.org\/it\/#website"},"primaryImageOfPage":{"@id":"https:\/\/www.fondazionepirelli.org\/it\/cultura-dimpresa\/limpresa-condivisa\/#primaryimage"},"image":{"@id":"https:\/\/www.fondazionepirelli.org\/it\/cultura-dimpresa\/limpresa-condivisa\/#primaryimage"},"thumbnailUrl":"https:\/\/wpsite-assets.fondazionepirelli.org\/wp-content\/uploads\/2019\/06\/03232027\/1421065490931259439.jpg","datePublished":"2015-01-12T00:00:00+00:00","dateModified":"2019-10-31T15:13:57+00:00","author":{"@id":"https:\/\/www.fondazionepirelli.org\/it\/#\/schema\/person\/f47d097000832c4a6e54538c791fdf25"},"breadcrumb":{"@id":"https:\/\/www.fondazionepirelli.org\/it\/cultura-dimpresa\/limpresa-condivisa\/#breadcrumb"},"inLanguage":"it-IT","potentialAction":[{"@type":"ReadAction","target":["https:\/\/www.fondazionepirelli.org\/it\/cultura-dimpresa\/limpresa-condivisa\/"]}]},{"@type":"ImageObject","inLanguage":"it-IT","@id":"https:\/\/www.fondazionepirelli.org\/it\/cultura-dimpresa\/limpresa-condivisa\/#primaryimage","url":"https:\/\/wpsite-assets.fondazionepirelli.org\/wp-content\/uploads\/2019\/06\/03232027\/1421065490931259439.jpg","contentUrl":"https:\/\/wpsite-assets.fondazionepirelli.org\/wp-content\/uploads\/2019\/06\/03232027\/1421065490931259439.jpg","width":250,"height":378},{"@type":"BreadcrumbList","@id":"https:\/\/www.fondazionepirelli.org\/it\/cultura-dimpresa\/limpresa-condivisa\/#breadcrumb","itemListElement":[{"@type":"ListItem","position":1,"name":"Home","item":"https:\/\/www.fondazionepirelli.org\/it\/"},{"@type":"ListItem","position":2,"name":"L\u2019impresa condivisa"}]},{"@type":"WebSite","@id":"https:\/\/www.fondazionepirelli.org\/it\/#website","url":"https:\/\/www.fondazionepirelli.org\/it\/","name":"Fondazione Pirelli","description":"","potentialAction":[{"@type":"SearchAction","target":{"@type":"EntryPoint","urlTemplate":"https:\/\/www.fondazionepirelli.org\/it\/?s={search_term_string}"},"query-input":{"@type":"PropertyValueSpecification","valueRequired":true,"valueName":"search_term_string"}}],"inLanguage":"it-IT"},{"@type":"Person","@id":"https:\/\/www.fondazionepirelli.org\/it\/#\/schema\/person\/f47d097000832c4a6e54538c791fdf25","name":"fondadmin","image":{"@type":"ImageObject","inLanguage":"it-IT","@id":"https:\/\/www.fondazionepirelli.org\/it\/#\/schema\/person\/image\/","url":"https:\/\/secure.gravatar.com\/avatar\/e69498a9175ca244966e51e53c88712c024fcebe41f9a05f75657f1bb25e489b?s=96&d=mm&r=g","contentUrl":"https:\/\/secure.gravatar.com\/avatar\/e69498a9175ca244966e51e53c88712c024fcebe41f9a05f75657f1bb25e489b?s=96&d=mm&r=g","caption":"fondadmin"},"url":"https:\/\/www.fondazionepirelli.org\/it\/author\/fondadmin\/"}]}},"_links":{"self":[{"href":"https:\/\/www.fondazionepirelli.org\/it\/wp-json\/wp\/v2\/posts\/57445\/"}],"collection":[{"href":"https:\/\/www.fondazionepirelli.org\/it\/wp-json\/wp\/v2\/posts\/"}],"about":[{"href":"https:\/\/www.fondazionepirelli.org\/it\/wp-json\/wp\/v2\/types\/post\/"}],"author":[{"embeddable":true,"href":"https:\/\/www.fondazionepirelli.org\/it\/wp-json\/wp\/v2\/users\/1\/"}],"replies":[{"embeddable":true,"href":"https:\/\/www.fondazionepirelli.org\/it\/wp-json\/wp\/v2\/comments\/?post=57445"}],"version-history":[{"count":2,"href":"https:\/\/www.fondazionepirelli.org\/it\/wp-json\/wp\/v2\/posts\/57445\/revisions\/"}],"predecessor-version":[{"id":71300,"href":"https:\/\/www.fondazionepirelli.org\/it\/wp-json\/wp\/v2\/posts\/57445\/revisions\/71300\/"}],"wp:featuredmedia":[{"embeddable":true,"href":"https:\/\/www.fondazionepirelli.org\/it\/wp-json\/wp\/v2\/media\/57446\/"}],"wp:attachment":[{"href":"https:\/\/www.fondazionepirelli.org\/it\/wp-json\/wp\/v2\/media\/?parent=57445"}],"wp:term":[{"taxonomy":"category","embeddable":true,"href":"https:\/\/www.fondazionepirelli.org\/it\/wp-json\/wp\/v2\/categories\/?post=57445"},{"taxonomy":"post_tag","embeddable":true,"href":"https:\/\/www.fondazionepirelli.org\/it\/wp-json\/wp\/v2\/tags\/?post=57445"}],"curies":[{"name":"wp","href":"https:\/\/api.w.org\/{rel}","templated":true}]}}