{"id":57449,"date":"2015-01-26T00:00:00","date_gmt":"2015-01-26T00:00:00","guid":{"rendered":"http:\/\/www.fondazionepirelli.org\/chiarezza-di-idee-per-far-crescere-la-buona-cultura-dimpresa\/"},"modified":"2019-10-31T17:04:17","modified_gmt":"2019-10-31T15:04:17","slug":"chiarezza-di-idee-per-far-crescere-la-buona-cultura-dimpresa","status":"publish","type":"post","link":"https:\/\/www.fondazionepirelli.org\/it\/cultura-dimpresa\/chiarezza-di-idee-per-far-crescere-la-buona-cultura-dimpresa\/","title":{"rendered":"Chiarezza di idee per far crescere la buona cultura d\u2019impresa"},"content":{"rendered":"<p>Una buona cultura d\u2019impresa si nutre anche di una buona conoscenza del mondo nel quale l\u2019impresa si muove. Corpo non impermeabile nella societ\u00e0, l\u2019impresa si muove comunicando costantemente con l\u2019esterno, assorbendo istanze e tensioni, indicazioni operative e spunti produttivi, cos\u00ec come, a sua volta, diffonde ai soggetti esterni l\u2019impronta di se\u2019, il proprio modo di intendere il prodotto, il lavoro, il profitto.<\/p>\n<p>Da qui, la necessit\u00e0 \u2013 per l\u2019imprenditore cos\u00ec come per il manager avveduto -, di conoscere cosa accade al di l\u00e0 dei confini aziendali. Ed \u00e8 da qui che si capisce la bont\u00e0 e l\u2019utilit\u00e0 di libri come \u201cContro gli opposti estremismi. Per uscire dal declino e dalla crisi\u201d che raccoglie gli interventi di Luigi Spaventa pubblicati principalmente sul Corriere della Sera e su Repubblica dal 2003 al 2011.<\/p>\n<p>Economista, parlamentare, ministro, dirigente d\u2019azienda, Spaventa \u00e8 stato tutto questo ma, soprattutto, \u00e8 stato un osservatore attento di decenni di economia italiana. E\u2019 da questo ruolo che sono nati i suoi articoli che, messi in fila, raccontano bene l\u2019evoluzione dell\u2019economia e delle imprese industriali del Paese. Lungo le pagine di Spaventa, quindi, si possono ripercorrere tutti i temi della politica economica italiana, gli interventi dei Governi, i riflessi dei mercati internazionali, l\u2019evoluzione dei grandi gruppi industriali e della rete delle piccole e medie imprese, il ruolo dell\u2019euro, l\u2019importanza dell\u2019Europa, le dinamiche di Borsa. Tutto raccontato con un linguaggio piano, accattivante, giornalisticamente vivace ma tecnicamente ineccepibile. Spaventa, fra l\u2019altro, riesce a unire nella stessa pagina teoria economica e pratica d\u2019impresa, racconto storico e istantanea d\u2019attualit\u00e0 con una tecnica di scrittura non comune.<\/p>\n<p>E\u2019 d\u2019esempio di tutto questo, un passaggio che si trova proprio nelle prime pagine del volume. \u201cLa luce iridescente della gran bolla dei mercati (quando ogni anno gli utili dovevano crescere a due cifre e a tre cifre le quotazioni), aveva indotto un sonno della ragione: negli investitori; ma anche nei regolatori e in alcuni studiosi del governo d\u2019impresa. Gli occhi si sono riaperti su una realt\u00e0 di insospettato squallore\u201d, scriveva spaventa sulle \u201cMele marce della finanza\u201d.<\/p>\n<p>Non sempre e non tutti possono essere d\u2019accordo con quanto Spaventa ha scritto, ma certamente nelle pagine di \u201cContro gli opposti pessimismi\u201d, si trova ampio materiale per ragionare., per far crescere la cultura della propria impresa e quella personale. Un libro denso di idee, un\u2019avventura leggerlo e gustarlo.<\/p><p><strong>Contro gli opposti pessimismi. Per uscire dal declino e dalla crisi<\/strong><\/p>\n<p>Luigi Spaventa<\/p>\n<p>Castelvecchi, 2015<\/p>\n","protected":false},"excerpt":{"rendered":"<p>Una buona cultura d\u2019impresa si nutre anche di una buona conoscenza del mondo nel quale l\u2019impresa si muove. Corpo non impermeabile nella societ\u00e0, l\u2019impresa si muove comunicando costantemente con l\u2019esterno, assorbendo istanze e tensioni, indicazioni operative e spunti produttivi, cos\u00ec come, a sua volta, diffonde ai soggetti esterni l\u2019impronta di se\u2019, il proprio modo di [&hellip;]<\/p>\n","protected":false},"author":1,"featured_media":57450,"comment_status":"open","ping_status":"open","sticky":false,"template":"","format":"standard","meta":{"footnotes":""},"categories":[52,58],"tags":[],"class_list":["post-57449","post","type-post","status-publish","format-standard","has-post-thumbnail","hentry","category-cultura-dimpresa","category-recensioni-libri"],"acf":[],"yoast_head":"<!-- This site is optimized with the Yoast SEO plugin v25.0 - https:\/\/yoast.com\/wordpress\/plugins\/seo\/ -->\n<title>Chiarezza di idee per far crescere la buona cultura d\u2019impresa - Fondazione Pirelli<\/title>\n<meta name=\"robots\" content=\"index, follow, max-snippet:-1, max-image-preview:large, max-video-preview:-1\" \/>\n<link rel=\"canonical\" href=\"https:\/\/www.fondazionepirelli.org\/it\/cultura-dimpresa\/chiarezza-di-idee-per-far-crescere-la-buona-cultura-dimpresa\/\" \/>\n<meta property=\"og:locale\" content=\"it_IT\" \/>\n<meta property=\"og:type\" content=\"article\" \/>\n<meta property=\"og:title\" content=\"Chiarezza di idee per far crescere la buona cultura d\u2019impresa - Fondazione Pirelli\" \/>\n<meta property=\"og:description\" content=\"Una buona cultura d\u2019impresa si nutre anche di una buona conoscenza del mondo nel quale l\u2019impresa si muove. Corpo non impermeabile nella societ\u00e0, l\u2019impresa si muove comunicando costantemente con l\u2019esterno, assorbendo istanze e tensioni, indicazioni operative e spunti produttivi, cos\u00ec come, a sua volta, diffonde ai soggetti esterni l\u2019impronta di se\u2019, il proprio modo di [&hellip;]\" \/>\n<meta property=\"og:url\" content=\"https:\/\/127.0.0.1\/it\/cultura-dimpresa\/chiarezza-di-idee-per-far-crescere-la-buona-cultura-dimpresa\/\" \/>\n<meta property=\"og:site_name\" content=\"Fondazione Pirelli\" \/>\n<meta property=\"article:published_time\" content=\"2015-01-26T00:00:00+00:00\" \/>\n<meta property=\"article:modified_time\" content=\"2019-10-31T15:04:17+00:00\" \/>\n<meta property=\"og:image\" content=\"https:\/\/wpsite-assets.fondazionepirelli.org\/wp-content\/uploads\/2019\/06\/03232028\/1422345952785994930.jpg\" \/>\n\t<meta property=\"og:image:width\" content=\"250\" \/>\n\t<meta property=\"og:image:height\" content=\"367\" \/>\n\t<meta property=\"og:image:type\" content=\"image\/jpeg\" \/>\n<meta name=\"author\" content=\"fondadmin\" \/>\n<meta name=\"twitter:card\" content=\"summary_large_image\" \/>\n<meta name=\"twitter:label1\" content=\"Scritto da\" \/>\n\t<meta name=\"twitter:data1\" content=\"fondadmin\" \/>\n\t<meta name=\"twitter:label2\" content=\"Tempo di lettura stimato\" \/>\n\t<meta name=\"twitter:data2\" content=\"2 minuti\" \/>\n<script type=\"application\/ld+json\" class=\"yoast-schema-graph\">{\"@context\":\"https:\/\/schema.org\",\"@graph\":[{\"@type\":\"WebPage\",\"@id\":\"https:\/\/127.0.0.1\/it\/cultura-dimpresa\/chiarezza-di-idee-per-far-crescere-la-buona-cultura-dimpresa\/\",\"url\":\"https:\/\/127.0.0.1\/it\/cultura-dimpresa\/chiarezza-di-idee-per-far-crescere-la-buona-cultura-dimpresa\/\",\"name\":\"Chiarezza di idee per far crescere la buona cultura d\u2019impresa - Fondazione Pirelli\",\"isPartOf\":{\"@id\":\"https:\/\/www.fondazionepirelli.org\/it\/#website\"},\"primaryImageOfPage\":{\"@id\":\"https:\/\/127.0.0.1\/it\/cultura-dimpresa\/chiarezza-di-idee-per-far-crescere-la-buona-cultura-dimpresa\/#primaryimage\"},\"image\":{\"@id\":\"https:\/\/127.0.0.1\/it\/cultura-dimpresa\/chiarezza-di-idee-per-far-crescere-la-buona-cultura-dimpresa\/#primaryimage\"},\"thumbnailUrl\":\"https:\/\/wpsite-assets.fondazionepirelli.org\/wp-content\/uploads\/2019\/06\/03232028\/1422345952785994930.jpg\",\"datePublished\":\"2015-01-26T00:00:00+00:00\",\"dateModified\":\"2019-10-31T15:04:17+00:00\",\"author\":{\"@id\":\"https:\/\/www.fondazionepirelli.org\/it\/#\/schema\/person\/f47d097000832c4a6e54538c791fdf25\"},\"breadcrumb\":{\"@id\":\"https:\/\/127.0.0.1\/it\/cultura-dimpresa\/chiarezza-di-idee-per-far-crescere-la-buona-cultura-dimpresa\/#breadcrumb\"},\"inLanguage\":\"it-IT\",\"potentialAction\":[{\"@type\":\"ReadAction\",\"target\":[\"https:\/\/127.0.0.1\/it\/cultura-dimpresa\/chiarezza-di-idee-per-far-crescere-la-buona-cultura-dimpresa\/\"]}]},{\"@type\":\"ImageObject\",\"inLanguage\":\"it-IT\",\"@id\":\"https:\/\/127.0.0.1\/it\/cultura-dimpresa\/chiarezza-di-idee-per-far-crescere-la-buona-cultura-dimpresa\/#primaryimage\",\"url\":\"https:\/\/wpsite-assets.fondazionepirelli.org\/wp-content\/uploads\/2019\/06\/03232028\/1422345952785994930.jpg\",\"contentUrl\":\"https:\/\/wpsite-assets.fondazionepirelli.org\/wp-content\/uploads\/2019\/06\/03232028\/1422345952785994930.jpg\",\"width\":250,\"height\":367},{\"@type\":\"BreadcrumbList\",\"@id\":\"https:\/\/127.0.0.1\/it\/cultura-dimpresa\/chiarezza-di-idee-per-far-crescere-la-buona-cultura-dimpresa\/#breadcrumb\",\"itemListElement\":[{\"@type\":\"ListItem\",\"position\":1,\"name\":\"Home\",\"item\":\"https:\/\/www.fondazionepirelli.org\/it\/\"},{\"@type\":\"ListItem\",\"position\":2,\"name\":\"Chiarezza di idee per far crescere la buona cultura d\u2019impresa\"}]},{\"@type\":\"WebSite\",\"@id\":\"https:\/\/www.fondazionepirelli.org\/it\/#website\",\"url\":\"https:\/\/www.fondazionepirelli.org\/it\/\",\"name\":\"Fondazione Pirelli\",\"description\":\"\",\"potentialAction\":[{\"@type\":\"SearchAction\",\"target\":{\"@type\":\"EntryPoint\",\"urlTemplate\":\"https:\/\/www.fondazionepirelli.org\/it\/?s={search_term_string}\"},\"query-input\":{\"@type\":\"PropertyValueSpecification\",\"valueRequired\":true,\"valueName\":\"search_term_string\"}}],\"inLanguage\":\"it-IT\"},{\"@type\":\"Person\",\"@id\":\"https:\/\/www.fondazionepirelli.org\/it\/#\/schema\/person\/f47d097000832c4a6e54538c791fdf25\",\"name\":\"fondadmin\",\"image\":{\"@type\":\"ImageObject\",\"inLanguage\":\"it-IT\",\"@id\":\"https:\/\/www.fondazionepirelli.org\/it\/#\/schema\/person\/image\/\",\"url\":\"https:\/\/secure.gravatar.com\/avatar\/e69498a9175ca244966e51e53c88712c024fcebe41f9a05f75657f1bb25e489b?s=96&d=mm&r=g\",\"contentUrl\":\"https:\/\/secure.gravatar.com\/avatar\/e69498a9175ca244966e51e53c88712c024fcebe41f9a05f75657f1bb25e489b?s=96&d=mm&r=g\",\"caption\":\"fondadmin\"},\"url\":\"https:\/\/www.fondazionepirelli.org\/it\/author\/fondadmin\/\"}]}<\/script>\n<!-- \/ Yoast SEO plugin. -->","yoast_head_json":{"title":"Chiarezza di idee per far crescere la buona cultura d\u2019impresa - Fondazione Pirelli","robots":{"index":"index","follow":"follow","max-snippet":"max-snippet:-1","max-image-preview":"max-image-preview:large","max-video-preview":"max-video-preview:-1"},"canonical":"https:\/\/www.fondazionepirelli.org\/it\/cultura-dimpresa\/chiarezza-di-idee-per-far-crescere-la-buona-cultura-dimpresa\/","og_locale":"it_IT","og_type":"article","og_title":"Chiarezza di idee per far crescere la buona cultura d\u2019impresa - Fondazione Pirelli","og_description":"Una buona cultura d\u2019impresa si nutre anche di una buona conoscenza del mondo nel quale l\u2019impresa si muove. Corpo non impermeabile nella societ\u00e0, l\u2019impresa si muove comunicando costantemente con l\u2019esterno, assorbendo istanze e tensioni, indicazioni operative e spunti produttivi, cos\u00ec come, a sua volta, diffonde ai soggetti esterni l\u2019impronta di se\u2019, il proprio modo di [&hellip;]","og_url":"https:\/\/127.0.0.1\/it\/cultura-dimpresa\/chiarezza-di-idee-per-far-crescere-la-buona-cultura-dimpresa\/","og_site_name":"Fondazione Pirelli","article_published_time":"2015-01-26T00:00:00+00:00","article_modified_time":"2019-10-31T15:04:17+00:00","og_image":[{"width":250,"height":367,"url":"https:\/\/wpsite-assets.fondazionepirelli.org\/wp-content\/uploads\/2019\/06\/03232028\/1422345952785994930.jpg","type":"image\/jpeg"}],"author":"fondadmin","twitter_card":"summary_large_image","twitter_misc":{"Scritto da":"fondadmin","Tempo di lettura stimato":"2 minuti"},"schema":{"@context":"https:\/\/schema.org","@graph":[{"@type":"WebPage","@id":"https:\/\/127.0.0.1\/it\/cultura-dimpresa\/chiarezza-di-idee-per-far-crescere-la-buona-cultura-dimpresa\/","url":"https:\/\/127.0.0.1\/it\/cultura-dimpresa\/chiarezza-di-idee-per-far-crescere-la-buona-cultura-dimpresa\/","name":"Chiarezza di idee per far crescere la buona cultura d\u2019impresa - Fondazione Pirelli","isPartOf":{"@id":"https:\/\/www.fondazionepirelli.org\/it\/#website"},"primaryImageOfPage":{"@id":"https:\/\/127.0.0.1\/it\/cultura-dimpresa\/chiarezza-di-idee-per-far-crescere-la-buona-cultura-dimpresa\/#primaryimage"},"image":{"@id":"https:\/\/127.0.0.1\/it\/cultura-dimpresa\/chiarezza-di-idee-per-far-crescere-la-buona-cultura-dimpresa\/#primaryimage"},"thumbnailUrl":"https:\/\/wpsite-assets.fondazionepirelli.org\/wp-content\/uploads\/2019\/06\/03232028\/1422345952785994930.jpg","datePublished":"2015-01-26T00:00:00+00:00","dateModified":"2019-10-31T15:04:17+00:00","author":{"@id":"https:\/\/www.fondazionepirelli.org\/it\/#\/schema\/person\/f47d097000832c4a6e54538c791fdf25"},"breadcrumb":{"@id":"https:\/\/127.0.0.1\/it\/cultura-dimpresa\/chiarezza-di-idee-per-far-crescere-la-buona-cultura-dimpresa\/#breadcrumb"},"inLanguage":"it-IT","potentialAction":[{"@type":"ReadAction","target":["https:\/\/127.0.0.1\/it\/cultura-dimpresa\/chiarezza-di-idee-per-far-crescere-la-buona-cultura-dimpresa\/"]}]},{"@type":"ImageObject","inLanguage":"it-IT","@id":"https:\/\/127.0.0.1\/it\/cultura-dimpresa\/chiarezza-di-idee-per-far-crescere-la-buona-cultura-dimpresa\/#primaryimage","url":"https:\/\/wpsite-assets.fondazionepirelli.org\/wp-content\/uploads\/2019\/06\/03232028\/1422345952785994930.jpg","contentUrl":"https:\/\/wpsite-assets.fondazionepirelli.org\/wp-content\/uploads\/2019\/06\/03232028\/1422345952785994930.jpg","width":250,"height":367},{"@type":"BreadcrumbList","@id":"https:\/\/127.0.0.1\/it\/cultura-dimpresa\/chiarezza-di-idee-per-far-crescere-la-buona-cultura-dimpresa\/#breadcrumb","itemListElement":[{"@type":"ListItem","position":1,"name":"Home","item":"https:\/\/www.fondazionepirelli.org\/it\/"},{"@type":"ListItem","position":2,"name":"Chiarezza di idee per far crescere la buona cultura d\u2019impresa"}]},{"@type":"WebSite","@id":"https:\/\/www.fondazionepirelli.org\/it\/#website","url":"https:\/\/www.fondazionepirelli.org\/it\/","name":"Fondazione Pirelli","description":"","potentialAction":[{"@type":"SearchAction","target":{"@type":"EntryPoint","urlTemplate":"https:\/\/www.fondazionepirelli.org\/it\/?s={search_term_string}"},"query-input":{"@type":"PropertyValueSpecification","valueRequired":true,"valueName":"search_term_string"}}],"inLanguage":"it-IT"},{"@type":"Person","@id":"https:\/\/www.fondazionepirelli.org\/it\/#\/schema\/person\/f47d097000832c4a6e54538c791fdf25","name":"fondadmin","image":{"@type":"ImageObject","inLanguage":"it-IT","@id":"https:\/\/www.fondazionepirelli.org\/it\/#\/schema\/person\/image\/","url":"https:\/\/secure.gravatar.com\/avatar\/e69498a9175ca244966e51e53c88712c024fcebe41f9a05f75657f1bb25e489b?s=96&d=mm&r=g","contentUrl":"https:\/\/secure.gravatar.com\/avatar\/e69498a9175ca244966e51e53c88712c024fcebe41f9a05f75657f1bb25e489b?s=96&d=mm&r=g","caption":"fondadmin"},"url":"https:\/\/www.fondazionepirelli.org\/it\/author\/fondadmin\/"}]}},"_links":{"self":[{"href":"https:\/\/www.fondazionepirelli.org\/it\/wp-json\/wp\/v2\/posts\/57449\/"}],"collection":[{"href":"https:\/\/www.fondazionepirelli.org\/it\/wp-json\/wp\/v2\/posts\/"}],"about":[{"href":"https:\/\/www.fondazionepirelli.org\/it\/wp-json\/wp\/v2\/types\/post\/"}],"author":[{"embeddable":true,"href":"https:\/\/www.fondazionepirelli.org\/it\/wp-json\/wp\/v2\/users\/1\/"}],"replies":[{"embeddable":true,"href":"https:\/\/www.fondazionepirelli.org\/it\/wp-json\/wp\/v2\/comments\/?post=57449"}],"version-history":[{"count":2,"href":"https:\/\/www.fondazionepirelli.org\/it\/wp-json\/wp\/v2\/posts\/57449\/revisions\/"}],"predecessor-version":[{"id":71293,"href":"https:\/\/www.fondazionepirelli.org\/it\/wp-json\/wp\/v2\/posts\/57449\/revisions\/71293\/"}],"wp:featuredmedia":[{"embeddable":true,"href":"https:\/\/www.fondazionepirelli.org\/it\/wp-json\/wp\/v2\/media\/57450\/"}],"wp:attachment":[{"href":"https:\/\/www.fondazionepirelli.org\/it\/wp-json\/wp\/v2\/media\/?parent=57449"}],"wp:term":[{"taxonomy":"category","embeddable":true,"href":"https:\/\/www.fondazionepirelli.org\/it\/wp-json\/wp\/v2\/categories\/?post=57449"},{"taxonomy":"post_tag","embeddable":true,"href":"https:\/\/www.fondazionepirelli.org\/it\/wp-json\/wp\/v2\/tags\/?post=57449"}],"curies":[{"name":"wp","href":"https:\/\/api.w.org\/{rel}","templated":true}]}}