{"id":57455,"date":"2015-02-16T00:00:00","date_gmt":"2015-02-16T00:00:00","guid":{"rendered":"http:\/\/www.fondazionepirelli.org\/lavventura-dellindustria-italiana\/"},"modified":"2019-10-31T11:06:18","modified_gmt":"2019-10-31T09:06:18","slug":"lavventura-dellindustria-italiana","status":"publish","type":"post","link":"https:\/\/www.fondazionepirelli.org\/it\/cultura-dimpresa\/lavventura-dellindustria-italiana\/","title":{"rendered":"L\u2019avventura dell\u2019industria italiana"},"content":{"rendered":"<p>La cultura delle imprese si fa anche per mezzo della loro storia. Anzi, l\u2019insieme della cultura \u2013 cio\u00e8 del sentire, dei principi, dei vincoli e delle aspirazioni -, del complesso dell\u2019industria di un Paese, si fonda anche sull\u2019evoluzione, sui passi fatti e anche sugli errori commessi in precedenza. Per l\u2019impresa, capire il passato \u00e8 altrettanto fondamentale che comprendere il presente e programmare il futuro.Per questo serve leggere (o rileggere), \u201cL\u2019Italia delle fabbriche\u201d di Giuseppe Berta.\u00a0 Si tratta di un volume scritto bene, un racconto della storia dell\u2019industria italiana nel Novecento, la vicenda di (come dice lo stesso autore nel sottotitolo), della parabola di fabbriche, uomini e macchine che hanno fatto tanta parte dell\u2019Italia del secolo scorso. E che sono alla base dell\u2019Italia di oggi e della sua industria.<\/p>\n<p>Il libro ha accompagnato Berta lungo diversi anni e adesso si presenta in una quarta edizione con un epilogo aggiornato quasi a ieri e molti inserimenti lungo tutto il testo. \u201cL\u2019Italia delle fabbriche \u2013 scrive all\u2019inizio del volume l\u2019autore -, era stata, nell\u2019esperienza di chi l\u2019aveva abitata, essenzialmente questo: linearit\u00e0 di comportamenti collettivi scanditi da un ritmo interno continuo e regolare, che assegnava loro una condizione di certezza e di prevedibilit\u00e0 su cui costruire consuetudini di vita, relazioni di appartenenza, sfere di azione pubblica. Ma per molti di essi aveva significato anche un modo d\u2019intendere e di realizzare una societ\u00e0 moderna (\u2026)\u201d. \u00a0 Alla fine del secolo scorso, per\u00f2, questa Italia \u201cdelle fabbriche non esisteva pi\u00f9\u201d. Proprio per capire come si \u00e8 arrivati all\u2019oggi, Berta racconta l\u2019evoluzione di quell\u2019Italia per mezzo dei suoi protagonisti (imprenditori, sindacati, operai, associazioni d\u2019impresa), spiegando i passaggi cruciali, gli errori commessi, le conquiste fatte. \u00a0E\u2019 la storia dell\u2019industrialismo all\u2019italiana, cio\u00e8, come spiega lo stesso Berta, di quella \u201cspinta a fare dell\u2019industria la chiave di volta dello sviluppo e a mobilitare e incanalare nella sua direzione tutte le risorse e le energie disponibili (\u2026)\u201d. Suddiviso in tre parti (gli archetipi dell\u2019industrialismo, la sua stagione matura e lo sfaldarsi del tutto), il volume non \u00e8 un freddo manuale universitario ma qualcosa di molto di pi\u00f9. Dalle parole di Berta \u00a0tornano in vita gli albori dell\u2019industria italiana con protagonisti fieri come Giovanni Agnelli e Adriano Olivetti alle prese con il fordismo e con le provocazioni provenienti dagli Usa; ma sono in primo piano anche i concetti di fabbrica e organizzazione aziendale viste non come \u201cmacchine\u201d ma come \u201corganismi biologici\u201d e quelli di sindacato come \u201cimpresa\u201d. Si delineano, poi, le figure d\u2019impresa milanesi e quelle torinesi (Pirelli e ancora Agnelli). Ed emerge, poi, la figura di Angelo Costa che vede l\u2019imprenditore \u201csempre proteso verso l\u2019avvenire\u201d e l\u2019operaio, per sua natura, \u201cpreoccupato soprattutto dell\u2019oggi\u201d; e quella di Enrico Mattei \u00a0con la sua visione delle attivit\u00e0 industriali pubbliche come \u201cbattistrada nello sviluppo italiano\u201d. \u00a0Berta non rinuncia, fra l\u2019altro, a scavare negli errori commessi, nei travagli attraversati negli anni dall\u2019industrialismo nazionale, nei dibattiti all\u2019interno di Confindustria (il Rapporto Pirelli), e nelle pi\u00f9 importanti aziende italiane, nelle amarezze dei protagonisti all\u2019indomani dell\u2019Autunno Caldo del \u201969.<\/p>\n<p>Da buon storico, l\u2019autore arriva a delineare bene il declino dell\u2019industrialismo nostrano ma anche a dire \u201ceppure , nonostante tutto, l\u2019Italia industriale e produttiva , pur anomala, continuava a esistere\u201d. E non solo, perch\u00e9 pur trasformata in qualcosa di diverso, l\u2019industria italiana di oggi \u2013 secondo Berta -, pu\u00f2 ancora rappresentare una risorsa per il Paese vivendo una sorta di \u201cnuova rivoluzione industriale\u201d fatta di flessibilit\u00e0 , duttilit\u00e0 e paradigmi tecnologici diversi da prima. Con nuove sfide da affrontare ma che \u00e8 assolutamente \u00a0possibile vincere.<\/p>\n<p>Il volume di poco pi\u00f9 di 270 pagine si legge quasi d\u2019un fiato e vale la pena farlo.<\/p><p><strong>L\u2019Italia delle fabbriche. La parabola dell\u2019industrialismo nel Novecento<\/strong><\/p>\n<p>Giuseppe Berta<\/p>\n<p>Il Mulino, 2013<\/p>\n","protected":false},"excerpt":{"rendered":"<p>La cultura delle imprese si fa anche per mezzo della loro storia. Anzi, l\u2019insieme della cultura \u2013 cio\u00e8 del sentire, dei principi, dei vincoli e delle aspirazioni -, del complesso dell\u2019industria di un Paese, si fonda anche sull\u2019evoluzione, sui passi fatti e anche sugli errori commessi in precedenza. Per l\u2019impresa, capire il passato \u00e8 altrettanto [&hellip;]<\/p>\n","protected":false},"author":1,"featured_media":57456,"comment_status":"open","ping_status":"open","sticky":false,"template":"","format":"standard","meta":{"footnotes":""},"categories":[52,58],"tags":[],"class_list":["post-57455","post","type-post","status-publish","format-standard","has-post-thumbnail","hentry","category-cultura-dimpresa","category-recensioni-libri"],"acf":[],"yoast_head":"<!-- This site is optimized with the Yoast SEO plugin v25.0 - https:\/\/yoast.com\/wordpress\/plugins\/seo\/ -->\n<title>L\u2019avventura dell\u2019industria italiana - Fondazione Pirelli<\/title>\n<meta name=\"robots\" content=\"index, follow, max-snippet:-1, max-image-preview:large, max-video-preview:-1\" \/>\n<link rel=\"canonical\" href=\"https:\/\/www.fondazionepirelli.org\/it\/cultura-dimpresa\/lavventura-dellindustria-italiana\/\" \/>\n<meta property=\"og:locale\" content=\"it_IT\" \/>\n<meta property=\"og:type\" content=\"article\" \/>\n<meta property=\"og:title\" content=\"L\u2019avventura dell\u2019industria italiana - Fondazione Pirelli\" \/>\n<meta property=\"og:description\" content=\"La cultura delle imprese si fa anche per mezzo della loro storia. Anzi, l\u2019insieme della cultura \u2013 cio\u00e8 del sentire, dei principi, dei vincoli e delle aspirazioni -, del complesso dell\u2019industria di un Paese, si fonda anche sull\u2019evoluzione, sui passi fatti e anche sugli errori commessi in precedenza. Per l\u2019impresa, capire il passato \u00e8 altrettanto [&hellip;]\" \/>\n<meta property=\"og:url\" content=\"https:\/\/www.fondazionepirelli.org\/it\/cultura-dimpresa\/lavventura-dellindustria-italiana\/\" \/>\n<meta property=\"og:site_name\" content=\"Fondazione Pirelli\" \/>\n<meta property=\"article:published_time\" content=\"2015-02-16T00:00:00+00:00\" \/>\n<meta property=\"article:modified_time\" content=\"2019-10-31T09:06:18+00:00\" \/>\n<meta property=\"og:image\" content=\"https:\/\/wpsite-assets.fondazionepirelli.org\/wp-content\/uploads\/2019\/06\/03232031\/1424165369611980600.jpg\" \/>\n\t<meta property=\"og:image:width\" content=\"246\" \/>\n\t<meta property=\"og:image:height\" content=\"379\" \/>\n\t<meta property=\"og:image:type\" content=\"image\/jpeg\" \/>\n<meta name=\"author\" content=\"fondadmin\" \/>\n<meta name=\"twitter:card\" content=\"summary_large_image\" \/>\n<meta name=\"twitter:label1\" content=\"Scritto da\" \/>\n\t<meta name=\"twitter:data1\" content=\"fondadmin\" \/>\n\t<meta name=\"twitter:label2\" content=\"Tempo di lettura stimato\" \/>\n\t<meta name=\"twitter:data2\" content=\"3 minuti\" \/>\n<script type=\"application\/ld+json\" class=\"yoast-schema-graph\">{\"@context\":\"https:\/\/schema.org\",\"@graph\":[{\"@type\":\"WebPage\",\"@id\":\"https:\/\/www.fondazionepirelli.org\/it\/cultura-dimpresa\/lavventura-dellindustria-italiana\/\",\"url\":\"https:\/\/www.fondazionepirelli.org\/it\/cultura-dimpresa\/lavventura-dellindustria-italiana\/\",\"name\":\"L\u2019avventura dell\u2019industria italiana - Fondazione Pirelli\",\"isPartOf\":{\"@id\":\"https:\/\/www.fondazionepirelli.org\/it\/#website\"},\"primaryImageOfPage\":{\"@id\":\"https:\/\/www.fondazionepirelli.org\/it\/cultura-dimpresa\/lavventura-dellindustria-italiana\/#primaryimage\"},\"image\":{\"@id\":\"https:\/\/www.fondazionepirelli.org\/it\/cultura-dimpresa\/lavventura-dellindustria-italiana\/#primaryimage\"},\"thumbnailUrl\":\"https:\/\/wpsite-assets.fondazionepirelli.org\/wp-content\/uploads\/2019\/06\/03232031\/1424165369611980600.jpg\",\"datePublished\":\"2015-02-16T00:00:00+00:00\",\"dateModified\":\"2019-10-31T09:06:18+00:00\",\"author\":{\"@id\":\"https:\/\/www.fondazionepirelli.org\/it\/#\/schema\/person\/f47d097000832c4a6e54538c791fdf25\"},\"breadcrumb\":{\"@id\":\"https:\/\/www.fondazionepirelli.org\/it\/cultura-dimpresa\/lavventura-dellindustria-italiana\/#breadcrumb\"},\"inLanguage\":\"it-IT\",\"potentialAction\":[{\"@type\":\"ReadAction\",\"target\":[\"https:\/\/www.fondazionepirelli.org\/it\/cultura-dimpresa\/lavventura-dellindustria-italiana\/\"]}]},{\"@type\":\"ImageObject\",\"inLanguage\":\"it-IT\",\"@id\":\"https:\/\/www.fondazionepirelli.org\/it\/cultura-dimpresa\/lavventura-dellindustria-italiana\/#primaryimage\",\"url\":\"https:\/\/wpsite-assets.fondazionepirelli.org\/wp-content\/uploads\/2019\/06\/03232031\/1424165369611980600.jpg\",\"contentUrl\":\"https:\/\/wpsite-assets.fondazionepirelli.org\/wp-content\/uploads\/2019\/06\/03232031\/1424165369611980600.jpg\",\"width\":246,\"height\":379},{\"@type\":\"BreadcrumbList\",\"@id\":\"https:\/\/www.fondazionepirelli.org\/it\/cultura-dimpresa\/lavventura-dellindustria-italiana\/#breadcrumb\",\"itemListElement\":[{\"@type\":\"ListItem\",\"position\":1,\"name\":\"Home\",\"item\":\"https:\/\/www.fondazionepirelli.org\/it\/\"},{\"@type\":\"ListItem\",\"position\":2,\"name\":\"L\u2019avventura dell\u2019industria italiana\"}]},{\"@type\":\"WebSite\",\"@id\":\"https:\/\/www.fondazionepirelli.org\/it\/#website\",\"url\":\"https:\/\/www.fondazionepirelli.org\/it\/\",\"name\":\"Fondazione Pirelli\",\"description\":\"\",\"potentialAction\":[{\"@type\":\"SearchAction\",\"target\":{\"@type\":\"EntryPoint\",\"urlTemplate\":\"https:\/\/www.fondazionepirelli.org\/it\/?s={search_term_string}\"},\"query-input\":{\"@type\":\"PropertyValueSpecification\",\"valueRequired\":true,\"valueName\":\"search_term_string\"}}],\"inLanguage\":\"it-IT\"},{\"@type\":\"Person\",\"@id\":\"https:\/\/www.fondazionepirelli.org\/it\/#\/schema\/person\/f47d097000832c4a6e54538c791fdf25\",\"name\":\"fondadmin\",\"image\":{\"@type\":\"ImageObject\",\"inLanguage\":\"it-IT\",\"@id\":\"https:\/\/www.fondazionepirelli.org\/it\/#\/schema\/person\/image\/\",\"url\":\"https:\/\/secure.gravatar.com\/avatar\/e69498a9175ca244966e51e53c88712c024fcebe41f9a05f75657f1bb25e489b?s=96&d=mm&r=g\",\"contentUrl\":\"https:\/\/secure.gravatar.com\/avatar\/e69498a9175ca244966e51e53c88712c024fcebe41f9a05f75657f1bb25e489b?s=96&d=mm&r=g\",\"caption\":\"fondadmin\"},\"url\":\"https:\/\/www.fondazionepirelli.org\/it\/author\/fondadmin\/\"}]}<\/script>\n<!-- \/ Yoast SEO plugin. -->","yoast_head_json":{"title":"L\u2019avventura dell\u2019industria italiana - Fondazione Pirelli","robots":{"index":"index","follow":"follow","max-snippet":"max-snippet:-1","max-image-preview":"max-image-preview:large","max-video-preview":"max-video-preview:-1"},"canonical":"https:\/\/www.fondazionepirelli.org\/it\/cultura-dimpresa\/lavventura-dellindustria-italiana\/","og_locale":"it_IT","og_type":"article","og_title":"L\u2019avventura dell\u2019industria italiana - Fondazione Pirelli","og_description":"La cultura delle imprese si fa anche per mezzo della loro storia. Anzi, l\u2019insieme della cultura \u2013 cio\u00e8 del sentire, dei principi, dei vincoli e delle aspirazioni -, del complesso dell\u2019industria di un Paese, si fonda anche sull\u2019evoluzione, sui passi fatti e anche sugli errori commessi in precedenza. Per l\u2019impresa, capire il passato \u00e8 altrettanto [&hellip;]","og_url":"https:\/\/www.fondazionepirelli.org\/it\/cultura-dimpresa\/lavventura-dellindustria-italiana\/","og_site_name":"Fondazione Pirelli","article_published_time":"2015-02-16T00:00:00+00:00","article_modified_time":"2019-10-31T09:06:18+00:00","og_image":[{"width":246,"height":379,"url":"https:\/\/wpsite-assets.fondazionepirelli.org\/wp-content\/uploads\/2019\/06\/03232031\/1424165369611980600.jpg","type":"image\/jpeg"}],"author":"fondadmin","twitter_card":"summary_large_image","twitter_misc":{"Scritto da":"fondadmin","Tempo di lettura stimato":"3 minuti"},"schema":{"@context":"https:\/\/schema.org","@graph":[{"@type":"WebPage","@id":"https:\/\/www.fondazionepirelli.org\/it\/cultura-dimpresa\/lavventura-dellindustria-italiana\/","url":"https:\/\/www.fondazionepirelli.org\/it\/cultura-dimpresa\/lavventura-dellindustria-italiana\/","name":"L\u2019avventura dell\u2019industria italiana - Fondazione Pirelli","isPartOf":{"@id":"https:\/\/www.fondazionepirelli.org\/it\/#website"},"primaryImageOfPage":{"@id":"https:\/\/www.fondazionepirelli.org\/it\/cultura-dimpresa\/lavventura-dellindustria-italiana\/#primaryimage"},"image":{"@id":"https:\/\/www.fondazionepirelli.org\/it\/cultura-dimpresa\/lavventura-dellindustria-italiana\/#primaryimage"},"thumbnailUrl":"https:\/\/wpsite-assets.fondazionepirelli.org\/wp-content\/uploads\/2019\/06\/03232031\/1424165369611980600.jpg","datePublished":"2015-02-16T00:00:00+00:00","dateModified":"2019-10-31T09:06:18+00:00","author":{"@id":"https:\/\/www.fondazionepirelli.org\/it\/#\/schema\/person\/f47d097000832c4a6e54538c791fdf25"},"breadcrumb":{"@id":"https:\/\/www.fondazionepirelli.org\/it\/cultura-dimpresa\/lavventura-dellindustria-italiana\/#breadcrumb"},"inLanguage":"it-IT","potentialAction":[{"@type":"ReadAction","target":["https:\/\/www.fondazionepirelli.org\/it\/cultura-dimpresa\/lavventura-dellindustria-italiana\/"]}]},{"@type":"ImageObject","inLanguage":"it-IT","@id":"https:\/\/www.fondazionepirelli.org\/it\/cultura-dimpresa\/lavventura-dellindustria-italiana\/#primaryimage","url":"https:\/\/wpsite-assets.fondazionepirelli.org\/wp-content\/uploads\/2019\/06\/03232031\/1424165369611980600.jpg","contentUrl":"https:\/\/wpsite-assets.fondazionepirelli.org\/wp-content\/uploads\/2019\/06\/03232031\/1424165369611980600.jpg","width":246,"height":379},{"@type":"BreadcrumbList","@id":"https:\/\/www.fondazionepirelli.org\/it\/cultura-dimpresa\/lavventura-dellindustria-italiana\/#breadcrumb","itemListElement":[{"@type":"ListItem","position":1,"name":"Home","item":"https:\/\/www.fondazionepirelli.org\/it\/"},{"@type":"ListItem","position":2,"name":"L\u2019avventura dell\u2019industria italiana"}]},{"@type":"WebSite","@id":"https:\/\/www.fondazionepirelli.org\/it\/#website","url":"https:\/\/www.fondazionepirelli.org\/it\/","name":"Fondazione Pirelli","description":"","potentialAction":[{"@type":"SearchAction","target":{"@type":"EntryPoint","urlTemplate":"https:\/\/www.fondazionepirelli.org\/it\/?s={search_term_string}"},"query-input":{"@type":"PropertyValueSpecification","valueRequired":true,"valueName":"search_term_string"}}],"inLanguage":"it-IT"},{"@type":"Person","@id":"https:\/\/www.fondazionepirelli.org\/it\/#\/schema\/person\/f47d097000832c4a6e54538c791fdf25","name":"fondadmin","image":{"@type":"ImageObject","inLanguage":"it-IT","@id":"https:\/\/www.fondazionepirelli.org\/it\/#\/schema\/person\/image\/","url":"https:\/\/secure.gravatar.com\/avatar\/e69498a9175ca244966e51e53c88712c024fcebe41f9a05f75657f1bb25e489b?s=96&d=mm&r=g","contentUrl":"https:\/\/secure.gravatar.com\/avatar\/e69498a9175ca244966e51e53c88712c024fcebe41f9a05f75657f1bb25e489b?s=96&d=mm&r=g","caption":"fondadmin"},"url":"https:\/\/www.fondazionepirelli.org\/it\/author\/fondadmin\/"}]}},"_links":{"self":[{"href":"https:\/\/www.fondazionepirelli.org\/it\/wp-json\/wp\/v2\/posts\/57455\/"}],"collection":[{"href":"https:\/\/www.fondazionepirelli.org\/it\/wp-json\/wp\/v2\/posts\/"}],"about":[{"href":"https:\/\/www.fondazionepirelli.org\/it\/wp-json\/wp\/v2\/types\/post\/"}],"author":[{"embeddable":true,"href":"https:\/\/www.fondazionepirelli.org\/it\/wp-json\/wp\/v2\/users\/1\/"}],"replies":[{"embeddable":true,"href":"https:\/\/www.fondazionepirelli.org\/it\/wp-json\/wp\/v2\/comments\/?post=57455"}],"version-history":[{"count":2,"href":"https:\/\/www.fondazionepirelli.org\/it\/wp-json\/wp\/v2\/posts\/57455\/revisions\/"}],"predecessor-version":[{"id":71181,"href":"https:\/\/www.fondazionepirelli.org\/it\/wp-json\/wp\/v2\/posts\/57455\/revisions\/71181\/"}],"wp:featuredmedia":[{"embeddable":true,"href":"https:\/\/www.fondazionepirelli.org\/it\/wp-json\/wp\/v2\/media\/57456\/"}],"wp:attachment":[{"href":"https:\/\/www.fondazionepirelli.org\/it\/wp-json\/wp\/v2\/media\/?parent=57455"}],"wp:term":[{"taxonomy":"category","embeddable":true,"href":"https:\/\/www.fondazionepirelli.org\/it\/wp-json\/wp\/v2\/categories\/?post=57455"},{"taxonomy":"post_tag","embeddable":true,"href":"https:\/\/www.fondazionepirelli.org\/it\/wp-json\/wp\/v2\/tags\/?post=57455"}],"curies":[{"name":"wp","href":"https:\/\/api.w.org\/{rel}","templated":true}]}}