{"id":57464,"date":"2015-03-23T00:00:00","date_gmt":"2015-03-23T00:00:00","guid":{"rendered":"http:\/\/www.fondazionepirelli.org\/emigranti-dimpresa\/"},"modified":"2019-10-31T10:48:50","modified_gmt":"2019-10-31T08:48:50","slug":"emigranti-dimpresa","status":"publish","type":"post","link":"https:\/\/www.fondazionepirelli.org\/it\/cultura-dimpresa\/emigranti-dimpresa\/","title":{"rendered":"Emigranti d\u2019impresa"},"content":{"rendered":"<p>La cultura d\u2019impresa \u00e8 ovunque e nasce ovunque. Non si tratta di un concetto buonista, ma della constatazione della realt\u00e0 storica che si coglie guardando allo sviluppo economico cos\u00ec come alle storie di singole \u2013 tante -, imprese. Poter sapere di pi\u00f9 e meglio dell\u2019evoluzione di queste ultime, quindi, \u00e8 utile e importante per comprendere pi\u00f9 a fondo \u00a0tutto il resto. E\u2019 bello e interessante, per esempio, leggere \u201cEntrepreneurs in Family Business Dynasties\u201d che racconta che cosa \u00e8 accaduto fra l\u2019Italia e l\u2019Australia dal secolo scorso fino ad oggi in tema di imprese, famiglie imprenditoriali e immigrazione. Perch\u00e9, come si \u00e8 detto poco sopra, l\u2019impresa e la sua cultura sono e nascono ovunque. Anche dagli immigrati, anche nell\u2019altro capo del globo.<\/p>\n<p>Il libro \u2013 scritto da Laura Hougaz impegnata nel National Senior Researcher e responsabile del Journal for Private Higher Education with the Australian Council for Private Education and Training (ACPET) -, racconta la storia e l\u2019evoluzione di sette dinastie di imprenditori italiani emigrati in Australia lungo circa 100 anni e attraverso tre generazioni ed a partire dalla generazione fondatrice nella prima met\u00e0 del XX secolo. Tempi eroici e gesta eroiche anche se impersonate da figure di normali emigranti, che tuttavia spiegano bene come alla fine dei conti l\u2019impresa pu\u00f2 nascere in modi inaspettati. Tutto partendo dall\u2019Australia che \u00e8 stata una delle mete d\u2019eccellenza della emigrazione italiana dello scorso secolo.<\/p>\n<p>\u201cCon un duro lavoro e sacrifici \u2013 spiega l\u2019autrice -, queste famiglie hanno posto le basi di una cultura di lunga durata e di valori che costituiscono il collante\u201d di un atteggiamento imprenditoriale familiare multigenerazionale. Il libro quindi si concentra sui valori personali, della famiglia e del business che hanno consentito, attraverso le generazioni, la crescita di imprese di successo.<\/p>\n<p>Fra i temi trattati: la complessit\u00e0 della famiglia imprenditoriale italiana emigrata, i valori messi in pratica (l\u2019affarismo, l\u2019altruismo e la fedelt\u00e0), alcune storie familiari, \u00a0le fasi della creazione delle singole imprese italiane in Australia, gli aspetti legati alla ereditariet\u00e0 delle conoscenze, alla formazione d\u2019impresa familiare.<\/p>\n<p>Racconto e analisi attenta, il volume prende per mano il lettore e lo conduce per davvero attraverso la storia generale dell\u2019emigrazione e dell\u2019economia italiana in Australia ma anche dentro alle storie di generazioni di emigranti. Emergono cos\u00ec dalle circa 200 pagine del libro le vicende dei Carazza, dei Costa, dei Genovese e dei Grollo, dei Piedimonte, dei Pizzini e ancora dei Vaccari, tutti imprenditori a tutto tondo, migranti per dovere di sopravvivenza e uomini d\u2019impresa per vocazione.<\/p><p><a title=\"Entrepreneurs in Family Business\" href=\"https:\/\/books.google.it\/books?hl=it&amp;lr=&amp;id=YbrNBgAAQBAJ&amp;oi=fnd&amp;pg=PR5&amp;ots=m-QORT3AAp&amp;sig=5kK1Rg7-S8lDAzhwadbqTVSVtrs#v=onepage&amp;q&amp;f=false\" target=\"_blank\" rel=\"noopener noreferrer\"><strong>Entrepreneurs in Family Business Dynasties. Stories of Italian-Australian businesses over 100 years<\/strong><\/a><\/p>\n<p>Laura Hougaz<\/p>\n<p>Springer-Verlag, 2015<\/p>","protected":false},"excerpt":{"rendered":"<p>La cultura d\u2019impresa \u00e8 ovunque e nasce ovunque. Non si tratta di un concetto buonista, ma della constatazione della realt\u00e0 storica che si coglie guardando allo sviluppo economico cos\u00ec come alle storie di singole \u2013 tante -, imprese. Poter sapere di pi\u00f9 e meglio dell\u2019evoluzione di queste ultime, quindi, \u00e8 utile e importante per comprendere [&hellip;]<\/p>\n","protected":false},"author":1,"featured_media":57465,"comment_status":"open","ping_status":"open","sticky":false,"template":"","format":"standard","meta":{"footnotes":""},"categories":[52,58],"tags":[],"class_list":["post-57464","post","type-post","status-publish","format-standard","has-post-thumbnail","hentry","category-cultura-dimpresa","category-recensioni-libri"],"acf":[],"yoast_head":"<!-- This site is optimized with the Yoast SEO plugin v25.0 - https:\/\/yoast.com\/wordpress\/plugins\/seo\/ -->\n<title>Emigranti d\u2019impresa - Fondazione Pirelli<\/title>\n<meta name=\"robots\" content=\"index, follow, max-snippet:-1, max-image-preview:large, max-video-preview:-1\" \/>\n<link rel=\"canonical\" href=\"https:\/\/www.fondazionepirelli.org\/it\/cultura-dimpresa\/emigranti-dimpresa\/\" \/>\n<meta property=\"og:locale\" content=\"it_IT\" \/>\n<meta property=\"og:type\" content=\"article\" \/>\n<meta property=\"og:title\" content=\"Emigranti d\u2019impresa - Fondazione Pirelli\" \/>\n<meta property=\"og:description\" content=\"La cultura d\u2019impresa \u00e8 ovunque e nasce ovunque. Non si tratta di un concetto buonista, ma della constatazione della realt\u00e0 storica che si coglie guardando allo sviluppo economico cos\u00ec come alle storie di singole \u2013 tante -, imprese. Poter sapere di pi\u00f9 e meglio dell\u2019evoluzione di queste ultime, quindi, \u00e8 utile e importante per comprendere [&hellip;]\" \/>\n<meta property=\"og:url\" content=\"https:\/\/127.0.0.1\/it\/cultura-dimpresa\/emigranti-dimpresa\/\" \/>\n<meta property=\"og:site_name\" content=\"Fondazione Pirelli\" \/>\n<meta property=\"article:published_time\" content=\"2015-03-23T00:00:00+00:00\" \/>\n<meta property=\"article:modified_time\" content=\"2019-10-31T08:48:50+00:00\" \/>\n<meta property=\"og:image\" content=\"https:\/\/wpsite-assets.fondazionepirelli.org\/wp-content\/uploads\/2019\/06\/03232034\/14271854451208179015.jpg\" \/>\n\t<meta property=\"og:image:width\" content=\"250\" \/>\n\t<meta property=\"og:image:height\" content=\"375\" \/>\n\t<meta property=\"og:image:type\" content=\"image\/jpeg\" \/>\n<meta name=\"author\" content=\"fondadmin\" \/>\n<meta name=\"twitter:card\" content=\"summary_large_image\" \/>\n<meta name=\"twitter:label1\" content=\"Scritto da\" \/>\n\t<meta name=\"twitter:data1\" content=\"fondadmin\" \/>\n\t<meta name=\"twitter:label2\" content=\"Tempo di lettura stimato\" \/>\n\t<meta name=\"twitter:data2\" content=\"2 minuti\" \/>\n<script type=\"application\/ld+json\" class=\"yoast-schema-graph\">{\"@context\":\"https:\/\/schema.org\",\"@graph\":[{\"@type\":\"WebPage\",\"@id\":\"https:\/\/127.0.0.1\/it\/cultura-dimpresa\/emigranti-dimpresa\/\",\"url\":\"https:\/\/127.0.0.1\/it\/cultura-dimpresa\/emigranti-dimpresa\/\",\"name\":\"Emigranti d\u2019impresa - Fondazione Pirelli\",\"isPartOf\":{\"@id\":\"https:\/\/www.fondazionepirelli.org\/it\/#website\"},\"primaryImageOfPage\":{\"@id\":\"https:\/\/127.0.0.1\/it\/cultura-dimpresa\/emigranti-dimpresa\/#primaryimage\"},\"image\":{\"@id\":\"https:\/\/127.0.0.1\/it\/cultura-dimpresa\/emigranti-dimpresa\/#primaryimage\"},\"thumbnailUrl\":\"https:\/\/wpsite-assets.fondazionepirelli.org\/wp-content\/uploads\/2019\/06\/03232034\/14271854451208179015.jpg\",\"datePublished\":\"2015-03-23T00:00:00+00:00\",\"dateModified\":\"2019-10-31T08:48:50+00:00\",\"author\":{\"@id\":\"https:\/\/www.fondazionepirelli.org\/it\/#\/schema\/person\/f47d097000832c4a6e54538c791fdf25\"},\"breadcrumb\":{\"@id\":\"https:\/\/127.0.0.1\/it\/cultura-dimpresa\/emigranti-dimpresa\/#breadcrumb\"},\"inLanguage\":\"it-IT\",\"potentialAction\":[{\"@type\":\"ReadAction\",\"target\":[\"https:\/\/127.0.0.1\/it\/cultura-dimpresa\/emigranti-dimpresa\/\"]}]},{\"@type\":\"ImageObject\",\"inLanguage\":\"it-IT\",\"@id\":\"https:\/\/127.0.0.1\/it\/cultura-dimpresa\/emigranti-dimpresa\/#primaryimage\",\"url\":\"https:\/\/wpsite-assets.fondazionepirelli.org\/wp-content\/uploads\/2019\/06\/03232034\/14271854451208179015.jpg\",\"contentUrl\":\"https:\/\/wpsite-assets.fondazionepirelli.org\/wp-content\/uploads\/2019\/06\/03232034\/14271854451208179015.jpg\",\"width\":250,\"height\":375},{\"@type\":\"BreadcrumbList\",\"@id\":\"https:\/\/127.0.0.1\/it\/cultura-dimpresa\/emigranti-dimpresa\/#breadcrumb\",\"itemListElement\":[{\"@type\":\"ListItem\",\"position\":1,\"name\":\"Home\",\"item\":\"https:\/\/www.fondazionepirelli.org\/it\/\"},{\"@type\":\"ListItem\",\"position\":2,\"name\":\"Emigranti d\u2019impresa\"}]},{\"@type\":\"WebSite\",\"@id\":\"https:\/\/www.fondazionepirelli.org\/it\/#website\",\"url\":\"https:\/\/www.fondazionepirelli.org\/it\/\",\"name\":\"Fondazione Pirelli\",\"description\":\"\",\"potentialAction\":[{\"@type\":\"SearchAction\",\"target\":{\"@type\":\"EntryPoint\",\"urlTemplate\":\"https:\/\/www.fondazionepirelli.org\/it\/?s={search_term_string}\"},\"query-input\":{\"@type\":\"PropertyValueSpecification\",\"valueRequired\":true,\"valueName\":\"search_term_string\"}}],\"inLanguage\":\"it-IT\"},{\"@type\":\"Person\",\"@id\":\"https:\/\/www.fondazionepirelli.org\/it\/#\/schema\/person\/f47d097000832c4a6e54538c791fdf25\",\"name\":\"fondadmin\",\"image\":{\"@type\":\"ImageObject\",\"inLanguage\":\"it-IT\",\"@id\":\"https:\/\/www.fondazionepirelli.org\/it\/#\/schema\/person\/image\/\",\"url\":\"https:\/\/secure.gravatar.com\/avatar\/e69498a9175ca244966e51e53c88712c024fcebe41f9a05f75657f1bb25e489b?s=96&d=mm&r=g\",\"contentUrl\":\"https:\/\/secure.gravatar.com\/avatar\/e69498a9175ca244966e51e53c88712c024fcebe41f9a05f75657f1bb25e489b?s=96&d=mm&r=g\",\"caption\":\"fondadmin\"},\"url\":\"https:\/\/www.fondazionepirelli.org\/it\/author\/fondadmin\/\"}]}<\/script>\n<!-- \/ Yoast SEO plugin. -->","yoast_head_json":{"title":"Emigranti d\u2019impresa - Fondazione Pirelli","robots":{"index":"index","follow":"follow","max-snippet":"max-snippet:-1","max-image-preview":"max-image-preview:large","max-video-preview":"max-video-preview:-1"},"canonical":"https:\/\/www.fondazionepirelli.org\/it\/cultura-dimpresa\/emigranti-dimpresa\/","og_locale":"it_IT","og_type":"article","og_title":"Emigranti d\u2019impresa - Fondazione Pirelli","og_description":"La cultura d\u2019impresa \u00e8 ovunque e nasce ovunque. Non si tratta di un concetto buonista, ma della constatazione della realt\u00e0 storica che si coglie guardando allo sviluppo economico cos\u00ec come alle storie di singole \u2013 tante -, imprese. Poter sapere di pi\u00f9 e meglio dell\u2019evoluzione di queste ultime, quindi, \u00e8 utile e importante per comprendere [&hellip;]","og_url":"https:\/\/127.0.0.1\/it\/cultura-dimpresa\/emigranti-dimpresa\/","og_site_name":"Fondazione Pirelli","article_published_time":"2015-03-23T00:00:00+00:00","article_modified_time":"2019-10-31T08:48:50+00:00","og_image":[{"width":250,"height":375,"url":"https:\/\/wpsite-assets.fondazionepirelli.org\/wp-content\/uploads\/2019\/06\/03232034\/14271854451208179015.jpg","type":"image\/jpeg"}],"author":"fondadmin","twitter_card":"summary_large_image","twitter_misc":{"Scritto da":"fondadmin","Tempo di lettura stimato":"2 minuti"},"schema":{"@context":"https:\/\/schema.org","@graph":[{"@type":"WebPage","@id":"https:\/\/127.0.0.1\/it\/cultura-dimpresa\/emigranti-dimpresa\/","url":"https:\/\/127.0.0.1\/it\/cultura-dimpresa\/emigranti-dimpresa\/","name":"Emigranti d\u2019impresa - Fondazione Pirelli","isPartOf":{"@id":"https:\/\/www.fondazionepirelli.org\/it\/#website"},"primaryImageOfPage":{"@id":"https:\/\/127.0.0.1\/it\/cultura-dimpresa\/emigranti-dimpresa\/#primaryimage"},"image":{"@id":"https:\/\/127.0.0.1\/it\/cultura-dimpresa\/emigranti-dimpresa\/#primaryimage"},"thumbnailUrl":"https:\/\/wpsite-assets.fondazionepirelli.org\/wp-content\/uploads\/2019\/06\/03232034\/14271854451208179015.jpg","datePublished":"2015-03-23T00:00:00+00:00","dateModified":"2019-10-31T08:48:50+00:00","author":{"@id":"https:\/\/www.fondazionepirelli.org\/it\/#\/schema\/person\/f47d097000832c4a6e54538c791fdf25"},"breadcrumb":{"@id":"https:\/\/127.0.0.1\/it\/cultura-dimpresa\/emigranti-dimpresa\/#breadcrumb"},"inLanguage":"it-IT","potentialAction":[{"@type":"ReadAction","target":["https:\/\/127.0.0.1\/it\/cultura-dimpresa\/emigranti-dimpresa\/"]}]},{"@type":"ImageObject","inLanguage":"it-IT","@id":"https:\/\/127.0.0.1\/it\/cultura-dimpresa\/emigranti-dimpresa\/#primaryimage","url":"https:\/\/wpsite-assets.fondazionepirelli.org\/wp-content\/uploads\/2019\/06\/03232034\/14271854451208179015.jpg","contentUrl":"https:\/\/wpsite-assets.fondazionepirelli.org\/wp-content\/uploads\/2019\/06\/03232034\/14271854451208179015.jpg","width":250,"height":375},{"@type":"BreadcrumbList","@id":"https:\/\/127.0.0.1\/it\/cultura-dimpresa\/emigranti-dimpresa\/#breadcrumb","itemListElement":[{"@type":"ListItem","position":1,"name":"Home","item":"https:\/\/www.fondazionepirelli.org\/it\/"},{"@type":"ListItem","position":2,"name":"Emigranti d\u2019impresa"}]},{"@type":"WebSite","@id":"https:\/\/www.fondazionepirelli.org\/it\/#website","url":"https:\/\/www.fondazionepirelli.org\/it\/","name":"Fondazione Pirelli","description":"","potentialAction":[{"@type":"SearchAction","target":{"@type":"EntryPoint","urlTemplate":"https:\/\/www.fondazionepirelli.org\/it\/?s={search_term_string}"},"query-input":{"@type":"PropertyValueSpecification","valueRequired":true,"valueName":"search_term_string"}}],"inLanguage":"it-IT"},{"@type":"Person","@id":"https:\/\/www.fondazionepirelli.org\/it\/#\/schema\/person\/f47d097000832c4a6e54538c791fdf25","name":"fondadmin","image":{"@type":"ImageObject","inLanguage":"it-IT","@id":"https:\/\/www.fondazionepirelli.org\/it\/#\/schema\/person\/image\/","url":"https:\/\/secure.gravatar.com\/avatar\/e69498a9175ca244966e51e53c88712c024fcebe41f9a05f75657f1bb25e489b?s=96&d=mm&r=g","contentUrl":"https:\/\/secure.gravatar.com\/avatar\/e69498a9175ca244966e51e53c88712c024fcebe41f9a05f75657f1bb25e489b?s=96&d=mm&r=g","caption":"fondadmin"},"url":"https:\/\/www.fondazionepirelli.org\/it\/author\/fondadmin\/"}]}},"_links":{"self":[{"href":"https:\/\/www.fondazionepirelli.org\/it\/wp-json\/wp\/v2\/posts\/57464\/"}],"collection":[{"href":"https:\/\/www.fondazionepirelli.org\/it\/wp-json\/wp\/v2\/posts\/"}],"about":[{"href":"https:\/\/www.fondazionepirelli.org\/it\/wp-json\/wp\/v2\/types\/post\/"}],"author":[{"embeddable":true,"href":"https:\/\/www.fondazionepirelli.org\/it\/wp-json\/wp\/v2\/users\/1\/"}],"replies":[{"embeddable":true,"href":"https:\/\/www.fondazionepirelli.org\/it\/wp-json\/wp\/v2\/comments\/?post=57464"}],"version-history":[{"count":2,"href":"https:\/\/www.fondazionepirelli.org\/it\/wp-json\/wp\/v2\/posts\/57464\/revisions\/"}],"predecessor-version":[{"id":71169,"href":"https:\/\/www.fondazionepirelli.org\/it\/wp-json\/wp\/v2\/posts\/57464\/revisions\/71169\/"}],"wp:featuredmedia":[{"embeddable":true,"href":"https:\/\/www.fondazionepirelli.org\/it\/wp-json\/wp\/v2\/media\/57465\/"}],"wp:attachment":[{"href":"https:\/\/www.fondazionepirelli.org\/it\/wp-json\/wp\/v2\/media\/?parent=57464"}],"wp:term":[{"taxonomy":"category","embeddable":true,"href":"https:\/\/www.fondazionepirelli.org\/it\/wp-json\/wp\/v2\/categories\/?post=57464"},{"taxonomy":"post_tag","embeddable":true,"href":"https:\/\/www.fondazionepirelli.org\/it\/wp-json\/wp\/v2\/tags\/?post=57464"}],"curies":[{"name":"wp","href":"https:\/\/api.w.org\/{rel}","templated":true}]}}