{"id":57507,"date":"2015-09-21T00:00:00","date_gmt":"2015-09-21T00:00:00","guid":{"rendered":"http:\/\/www.fondazionepirelli.org\/lavventura-dellimpresa\/"},"modified":"2019-10-29T16:44:06","modified_gmt":"2019-10-29T14:44:06","slug":"lavventura-dellimpresa","status":"publish","type":"post","link":"https:\/\/www.fondazionepirelli.org\/it\/cultura-dimpresa\/lavventura-dellimpresa\/","title":{"rendered":"L\u2019avventura dell\u2019impresa"},"content":{"rendered":"<p>Progettare, \u00a0costruire, condurre un\u2019impresa \u00e8 un\u2019avventura del pensiero oltre che economica. \u00c8 racconto di sogni e di uomini che riescono a dare concretezza all\u2019immaginazione imprenditoriale. Per questo, accanto ai consueti schemi di analisi economica e gestionale, \u00e8 importante comprendere l\u2019azienda che si fa impresa anche con altri strumenti del sapere. Soprattutto quando, poi, questa si trova ad aver a che fare con l\u2019innovazione oppure con i cambiamenti del sistema sociale entro il quale agisce, senza parlare dei mutamenti che intercorrono in chi, uomo e donna, la rende viva e dinamica.<\/p>\n<p>Servono allora strumenti come le \u201cLezioni inattese di management. Persone, mercati, imprese, incanti e sorprese\u201d, scritto da Tiziano Vescovi che insegna Economia e gestione delle Imprese alla C\u00e0 Foscari di Venezia ma che soprattutto \u00e8 riuscito a condensare in relativamente poche pagine un\u2019analisi \u00e8 una interpretazione del sistema economico e dell\u2019impresa originale e tutto sommato unico.<\/p>\n<p>Vescovi spiega cos\u00ec la nascita del libro: \u201cQuesto libro di racconti nasce da tre ragioni: un\u2019occasione, una scoperta, una visione. L\u2019occasione \u00e8 quella di dover preparare alcune lezioni finali per un corso di alta formazione in gestione della libreria, che la mia universit\u00e0 eroga da alcuni anni in collaborazione con l\u2019Associazione Librai Italiani.(\u2026)<\/p>\n<p>La scoperta, che questo sforzo ha richiesto, \u00e8 stata quella di trovare storie belle, affascinanti e sorprendenti che affrontavano aspetti fondamentali di management parlando d\u2019altro, in un viaggio nella serendipit\u00e0 pi\u00f9 straordinaria.. (\u2026). La visione che ne \u00e8 derivata \u00e8 stata quella di cambiare il modo di parlare di management ai miei allievi e ai manager che il mio lavoro mi d\u00e0 la fortuna di incontrare, aggiungendo ai necessari tecnicismi, in numero minore, l\u2019apertura dello sguardo sul mondo descritto secondo molte voci diverse, cercando di rendere la discussione sul management un po\u2019 pi\u00f9 attraente e memorabile, cio\u00e8 importante a ricordarsi\u201d.<\/p>\n<p>\u00c8 con queste premesse che Vescovi intraprendere un viaggio attraverso la crisi economica attuale, lo spirito imprenditoriale, l\u2019essere impresa, il rischio del produrre, l\u2019assurdo delle speculazioni, i meccanismi della finanza, i concetti che possono fare da guida per i prossimi anni. Un viaggio che spesso assume il ritmo di una corsa a perdifiato e che tocca per davvero tutti gli strumenti conoscitivi a disposizione, coinvolgendo \u2013 solo per fare qualche esempio -, Calvino, Salgari, Collodi, Confucio, De Amicis, Parise, Smith, Weber oltre che i concetti fondamentali dell\u2019economia.<\/p>\n<p>Quanto ne nasce non \u00e8 sempre di facile lettura ma \u00e8 certamente qualcosa da leggere per capire meglio dove sono le imprese di oggi e &#8211; forse -, dove possono andare. Bellissima \u00e8 la citazione d&#8217;un annuncio fatto pubblicare il 1 gennaio 1914 da uno dei pi\u00f9 famosi esploratori della storia, Ernest Henry Shackleton, e che calzerebbe a pennello per nuovi manager e imprenditori: \u201cCercasi uomini: per una spedizione azzardata. Basso salario, freddo pungente, lunghi mesi nella pi\u00f9 completa oscurit\u00e0, pericolo costante, nessuna garanzia di ritorno. Onori e riconoscimenti in caso di successo\u201d.<\/p><p><strong>Lezioni inattese di management. Persone, mercati, imprese, incanti e sorprese\u00a0<\/strong><\/p>\n<p>Tiziano Vescovi<\/p>\n<p>Giappichelli, 2015.<\/p>","protected":false},"excerpt":{"rendered":"<p>Progettare, \u00a0costruire, condurre un\u2019impresa \u00e8 un\u2019avventura del pensiero oltre che economica. \u00c8 racconto di sogni e di uomini che riescono a dare concretezza all\u2019immaginazione imprenditoriale. Per questo, accanto ai consueti schemi di analisi economica e gestionale, \u00e8 importante comprendere l\u2019azienda che si fa impresa anche con altri strumenti del sapere. Soprattutto quando, poi, questa si [&hellip;]<\/p>\n","protected":false},"author":1,"featured_media":57508,"comment_status":"open","ping_status":"open","sticky":false,"template":"","format":"standard","meta":{"footnotes":""},"categories":[52,58],"tags":[],"class_list":["post-57507","post","type-post","status-publish","format-standard","has-post-thumbnail","hentry","category-cultura-dimpresa","category-recensioni-libri"],"acf":[],"yoast_head":"<!-- This site is optimized with the Yoast SEO plugin v25.0 - https:\/\/yoast.com\/wordpress\/plugins\/seo\/ -->\n<title>L\u2019avventura dell\u2019impresa - Fondazione Pirelli<\/title>\n<meta name=\"robots\" content=\"index, follow, max-snippet:-1, max-image-preview:large, max-video-preview:-1\" \/>\n<link rel=\"canonical\" href=\"https:\/\/www.fondazionepirelli.org\/it\/cultura-dimpresa\/lavventura-dellimpresa\/\" \/>\n<meta property=\"og:locale\" content=\"it_IT\" \/>\n<meta property=\"og:type\" content=\"article\" \/>\n<meta property=\"og:title\" content=\"L\u2019avventura dell\u2019impresa - Fondazione Pirelli\" \/>\n<meta property=\"og:description\" content=\"Progettare, \u00a0costruire, condurre un\u2019impresa \u00e8 un\u2019avventura del pensiero oltre che economica. \u00c8 racconto di sogni e di uomini che riescono a dare concretezza all\u2019immaginazione imprenditoriale. Per questo, accanto ai consueti schemi di analisi economica e gestionale, \u00e8 importante comprendere l\u2019azienda che si fa impresa anche con altri strumenti del sapere. Soprattutto quando, poi, questa si [&hellip;]\" \/>\n<meta property=\"og:url\" content=\"https:\/\/www.fondazionepirelli.org\/it\/cultura-dimpresa\/lavventura-dellimpresa\/\" \/>\n<meta property=\"og:site_name\" content=\"Fondazione Pirelli\" \/>\n<meta property=\"article:published_time\" content=\"2015-09-21T00:00:00+00:00\" \/>\n<meta property=\"article:modified_time\" content=\"2019-10-29T14:44:06+00:00\" \/>\n<meta property=\"og:image\" content=\"https:\/\/wpsite-assets.fondazionepirelli.org\/wp-content\/uploads\/2019\/06\/03232047\/1442909592246671188.jpg\" \/>\n\t<meta property=\"og:image:width\" content=\"172\" \/>\n\t<meta property=\"og:image:height\" content=\"242\" \/>\n\t<meta property=\"og:image:type\" content=\"image\/jpeg\" \/>\n<meta name=\"author\" content=\"fondadmin\" \/>\n<meta name=\"twitter:card\" content=\"summary_large_image\" \/>\n<meta name=\"twitter:label1\" content=\"Scritto da\" \/>\n\t<meta name=\"twitter:data1\" content=\"fondadmin\" \/>\n\t<meta name=\"twitter:label2\" content=\"Tempo di lettura stimato\" \/>\n\t<meta name=\"twitter:data2\" content=\"2 minuti\" \/>\n<script type=\"application\/ld+json\" class=\"yoast-schema-graph\">{\"@context\":\"https:\/\/schema.org\",\"@graph\":[{\"@type\":\"WebPage\",\"@id\":\"https:\/\/www.fondazionepirelli.org\/it\/cultura-dimpresa\/lavventura-dellimpresa\/\",\"url\":\"https:\/\/www.fondazionepirelli.org\/it\/cultura-dimpresa\/lavventura-dellimpresa\/\",\"name\":\"L\u2019avventura dell\u2019impresa - Fondazione Pirelli\",\"isPartOf\":{\"@id\":\"https:\/\/www.fondazionepirelli.org\/it\/#website\"},\"primaryImageOfPage\":{\"@id\":\"https:\/\/www.fondazionepirelli.org\/it\/cultura-dimpresa\/lavventura-dellimpresa\/#primaryimage\"},\"image\":{\"@id\":\"https:\/\/www.fondazionepirelli.org\/it\/cultura-dimpresa\/lavventura-dellimpresa\/#primaryimage\"},\"thumbnailUrl\":\"https:\/\/wpsite-assets.fondazionepirelli.org\/wp-content\/uploads\/2019\/06\/03232047\/1442909592246671188.jpg\",\"datePublished\":\"2015-09-21T00:00:00+00:00\",\"dateModified\":\"2019-10-29T14:44:06+00:00\",\"author\":{\"@id\":\"https:\/\/www.fondazionepirelli.org\/it\/#\/schema\/person\/f47d097000832c4a6e54538c791fdf25\"},\"breadcrumb\":{\"@id\":\"https:\/\/www.fondazionepirelli.org\/it\/cultura-dimpresa\/lavventura-dellimpresa\/#breadcrumb\"},\"inLanguage\":\"it-IT\",\"potentialAction\":[{\"@type\":\"ReadAction\",\"target\":[\"https:\/\/www.fondazionepirelli.org\/it\/cultura-dimpresa\/lavventura-dellimpresa\/\"]}]},{\"@type\":\"ImageObject\",\"inLanguage\":\"it-IT\",\"@id\":\"https:\/\/www.fondazionepirelli.org\/it\/cultura-dimpresa\/lavventura-dellimpresa\/#primaryimage\",\"url\":\"https:\/\/wpsite-assets.fondazionepirelli.org\/wp-content\/uploads\/2019\/06\/03232047\/1442909592246671188.jpg\",\"contentUrl\":\"https:\/\/wpsite-assets.fondazionepirelli.org\/wp-content\/uploads\/2019\/06\/03232047\/1442909592246671188.jpg\",\"width\":172,\"height\":242},{\"@type\":\"BreadcrumbList\",\"@id\":\"https:\/\/www.fondazionepirelli.org\/it\/cultura-dimpresa\/lavventura-dellimpresa\/#breadcrumb\",\"itemListElement\":[{\"@type\":\"ListItem\",\"position\":1,\"name\":\"Home\",\"item\":\"https:\/\/www.fondazionepirelli.org\/it\/\"},{\"@type\":\"ListItem\",\"position\":2,\"name\":\"L\u2019avventura dell\u2019impresa\"}]},{\"@type\":\"WebSite\",\"@id\":\"https:\/\/www.fondazionepirelli.org\/it\/#website\",\"url\":\"https:\/\/www.fondazionepirelli.org\/it\/\",\"name\":\"Fondazione Pirelli\",\"description\":\"\",\"potentialAction\":[{\"@type\":\"SearchAction\",\"target\":{\"@type\":\"EntryPoint\",\"urlTemplate\":\"https:\/\/www.fondazionepirelli.org\/it\/?s={search_term_string}\"},\"query-input\":{\"@type\":\"PropertyValueSpecification\",\"valueRequired\":true,\"valueName\":\"search_term_string\"}}],\"inLanguage\":\"it-IT\"},{\"@type\":\"Person\",\"@id\":\"https:\/\/www.fondazionepirelli.org\/it\/#\/schema\/person\/f47d097000832c4a6e54538c791fdf25\",\"name\":\"fondadmin\",\"image\":{\"@type\":\"ImageObject\",\"inLanguage\":\"it-IT\",\"@id\":\"https:\/\/www.fondazionepirelli.org\/it\/#\/schema\/person\/image\/\",\"url\":\"https:\/\/secure.gravatar.com\/avatar\/e69498a9175ca244966e51e53c88712c024fcebe41f9a05f75657f1bb25e489b?s=96&d=mm&r=g\",\"contentUrl\":\"https:\/\/secure.gravatar.com\/avatar\/e69498a9175ca244966e51e53c88712c024fcebe41f9a05f75657f1bb25e489b?s=96&d=mm&r=g\",\"caption\":\"fondadmin\"},\"url\":\"https:\/\/www.fondazionepirelli.org\/it\/author\/fondadmin\/\"}]}<\/script>\n<!-- \/ Yoast SEO plugin. -->","yoast_head_json":{"title":"L\u2019avventura dell\u2019impresa - Fondazione Pirelli","robots":{"index":"index","follow":"follow","max-snippet":"max-snippet:-1","max-image-preview":"max-image-preview:large","max-video-preview":"max-video-preview:-1"},"canonical":"https:\/\/www.fondazionepirelli.org\/it\/cultura-dimpresa\/lavventura-dellimpresa\/","og_locale":"it_IT","og_type":"article","og_title":"L\u2019avventura dell\u2019impresa - Fondazione Pirelli","og_description":"Progettare, \u00a0costruire, condurre un\u2019impresa \u00e8 un\u2019avventura del pensiero oltre che economica. \u00c8 racconto di sogni e di uomini che riescono a dare concretezza all\u2019immaginazione imprenditoriale. Per questo, accanto ai consueti schemi di analisi economica e gestionale, \u00e8 importante comprendere l\u2019azienda che si fa impresa anche con altri strumenti del sapere. Soprattutto quando, poi, questa si [&hellip;]","og_url":"https:\/\/www.fondazionepirelli.org\/it\/cultura-dimpresa\/lavventura-dellimpresa\/","og_site_name":"Fondazione Pirelli","article_published_time":"2015-09-21T00:00:00+00:00","article_modified_time":"2019-10-29T14:44:06+00:00","og_image":[{"width":172,"height":242,"url":"https:\/\/wpsite-assets.fondazionepirelli.org\/wp-content\/uploads\/2019\/06\/03232047\/1442909592246671188.jpg","type":"image\/jpeg"}],"author":"fondadmin","twitter_card":"summary_large_image","twitter_misc":{"Scritto da":"fondadmin","Tempo di lettura stimato":"2 minuti"},"schema":{"@context":"https:\/\/schema.org","@graph":[{"@type":"WebPage","@id":"https:\/\/www.fondazionepirelli.org\/it\/cultura-dimpresa\/lavventura-dellimpresa\/","url":"https:\/\/www.fondazionepirelli.org\/it\/cultura-dimpresa\/lavventura-dellimpresa\/","name":"L\u2019avventura dell\u2019impresa - Fondazione Pirelli","isPartOf":{"@id":"https:\/\/www.fondazionepirelli.org\/it\/#website"},"primaryImageOfPage":{"@id":"https:\/\/www.fondazionepirelli.org\/it\/cultura-dimpresa\/lavventura-dellimpresa\/#primaryimage"},"image":{"@id":"https:\/\/www.fondazionepirelli.org\/it\/cultura-dimpresa\/lavventura-dellimpresa\/#primaryimage"},"thumbnailUrl":"https:\/\/wpsite-assets.fondazionepirelli.org\/wp-content\/uploads\/2019\/06\/03232047\/1442909592246671188.jpg","datePublished":"2015-09-21T00:00:00+00:00","dateModified":"2019-10-29T14:44:06+00:00","author":{"@id":"https:\/\/www.fondazionepirelli.org\/it\/#\/schema\/person\/f47d097000832c4a6e54538c791fdf25"},"breadcrumb":{"@id":"https:\/\/www.fondazionepirelli.org\/it\/cultura-dimpresa\/lavventura-dellimpresa\/#breadcrumb"},"inLanguage":"it-IT","potentialAction":[{"@type":"ReadAction","target":["https:\/\/www.fondazionepirelli.org\/it\/cultura-dimpresa\/lavventura-dellimpresa\/"]}]},{"@type":"ImageObject","inLanguage":"it-IT","@id":"https:\/\/www.fondazionepirelli.org\/it\/cultura-dimpresa\/lavventura-dellimpresa\/#primaryimage","url":"https:\/\/wpsite-assets.fondazionepirelli.org\/wp-content\/uploads\/2019\/06\/03232047\/1442909592246671188.jpg","contentUrl":"https:\/\/wpsite-assets.fondazionepirelli.org\/wp-content\/uploads\/2019\/06\/03232047\/1442909592246671188.jpg","width":172,"height":242},{"@type":"BreadcrumbList","@id":"https:\/\/www.fondazionepirelli.org\/it\/cultura-dimpresa\/lavventura-dellimpresa\/#breadcrumb","itemListElement":[{"@type":"ListItem","position":1,"name":"Home","item":"https:\/\/www.fondazionepirelli.org\/it\/"},{"@type":"ListItem","position":2,"name":"L\u2019avventura dell\u2019impresa"}]},{"@type":"WebSite","@id":"https:\/\/www.fondazionepirelli.org\/it\/#website","url":"https:\/\/www.fondazionepirelli.org\/it\/","name":"Fondazione Pirelli","description":"","potentialAction":[{"@type":"SearchAction","target":{"@type":"EntryPoint","urlTemplate":"https:\/\/www.fondazionepirelli.org\/it\/?s={search_term_string}"},"query-input":{"@type":"PropertyValueSpecification","valueRequired":true,"valueName":"search_term_string"}}],"inLanguage":"it-IT"},{"@type":"Person","@id":"https:\/\/www.fondazionepirelli.org\/it\/#\/schema\/person\/f47d097000832c4a6e54538c791fdf25","name":"fondadmin","image":{"@type":"ImageObject","inLanguage":"it-IT","@id":"https:\/\/www.fondazionepirelli.org\/it\/#\/schema\/person\/image\/","url":"https:\/\/secure.gravatar.com\/avatar\/e69498a9175ca244966e51e53c88712c024fcebe41f9a05f75657f1bb25e489b?s=96&d=mm&r=g","contentUrl":"https:\/\/secure.gravatar.com\/avatar\/e69498a9175ca244966e51e53c88712c024fcebe41f9a05f75657f1bb25e489b?s=96&d=mm&r=g","caption":"fondadmin"},"url":"https:\/\/www.fondazionepirelli.org\/it\/author\/fondadmin\/"}]}},"_links":{"self":[{"href":"https:\/\/www.fondazionepirelli.org\/it\/wp-json\/wp\/v2\/posts\/57507\/"}],"collection":[{"href":"https:\/\/www.fondazionepirelli.org\/it\/wp-json\/wp\/v2\/posts\/"}],"about":[{"href":"https:\/\/www.fondazionepirelli.org\/it\/wp-json\/wp\/v2\/types\/post\/"}],"author":[{"embeddable":true,"href":"https:\/\/www.fondazionepirelli.org\/it\/wp-json\/wp\/v2\/users\/1\/"}],"replies":[{"embeddable":true,"href":"https:\/\/www.fondazionepirelli.org\/it\/wp-json\/wp\/v2\/comments\/?post=57507"}],"version-history":[{"count":2,"href":"https:\/\/www.fondazionepirelli.org\/it\/wp-json\/wp\/v2\/posts\/57507\/revisions\/"}],"predecessor-version":[{"id":70990,"href":"https:\/\/www.fondazionepirelli.org\/it\/wp-json\/wp\/v2\/posts\/57507\/revisions\/70990\/"}],"wp:featuredmedia":[{"embeddable":true,"href":"https:\/\/www.fondazionepirelli.org\/it\/wp-json\/wp\/v2\/media\/57508\/"}],"wp:attachment":[{"href":"https:\/\/www.fondazionepirelli.org\/it\/wp-json\/wp\/v2\/media\/?parent=57507"}],"wp:term":[{"taxonomy":"category","embeddable":true,"href":"https:\/\/www.fondazionepirelli.org\/it\/wp-json\/wp\/v2\/categories\/?post=57507"},{"taxonomy":"post_tag","embeddable":true,"href":"https:\/\/www.fondazionepirelli.org\/it\/wp-json\/wp\/v2\/tags\/?post=57507"}],"curies":[{"name":"wp","href":"https:\/\/api.w.org\/{rel}","templated":true}]}}