{"id":57509,"date":"2015-09-28T00:00:00","date_gmt":"2015-09-28T00:00:00","guid":{"rendered":"http:\/\/www.fondazionepirelli.org\/passato-e-presente-dimpresa\/"},"modified":"2019-10-29T16:36:02","modified_gmt":"2019-10-29T14:36:02","slug":"passato-e-presente-dimpresa","status":"publish","type":"post","link":"https:\/\/www.fondazionepirelli.org\/it\/cultura-dimpresa\/passato-e-presente-dimpresa\/","title":{"rendered":"Passato e presente d\u2019impresa"},"content":{"rendered":"<p>Il presente si comprende meglio avendo prima compreso il passato. Vale anche per le imprese. Soprattutto oggi, in tempi complessi e \u201cveloci\u201d come questi. Quello della storia e dell\u2019evoluzione delle imprese nell\u2019ambito del sistema sociale ed economico del quale fanno parte, \u00e8 d\u2019altra parte uno degli strumenti pi\u00f9 importanti proprio per capire a fondo il loro agire e il loro futuro. Utilit\u00e0 e importanza che si ritrovano leggendo le pagine di \u201cStoria d\u2019impresa e imprese storiche. Una visione diacronica\u201d curato da Vittoria Ferrandino e Maria Rosaria Napolitano \u00e8 appena pubblicato.<\/p>\n<p>Il libro \u2013 scritto a pi\u00f9 mani -, \u00e8 nato con due finalit\u00e0 \u00a0ben spiegate dalle due curatrici. \u201cDa un lato, quella di approfondire il ruolo delle imprese storiche nello sviluppo economico e sociale, analizzandone le peculiarit\u00e0 gestionali e i fattori critici di successo; dall\u2019altro, quello di promuovere e valorizzare le storie di imprese, attraverso il racconto delle esperienze imprenditoriali e manageriali e l\u2019analisi di quei \u201cluoghi\u201d in cui tali imprese incontrano i territori in cui hanno avuto ospitalit\u00e0, al di fuori delle logiche strettamente connesse alla produzione di ricchezza: i musei aziendali e gli archivi storici\u201d.<\/p>\n<p>Ci\u00f2 che ne \u00e8 derivato \u00e8 un volume ampio e complesso, fatto di numerosi contributi teorici e focalizzati su imprese diverse in quanto a settori e storie. Tutto inizia con una prima parte di analisi delle storia d\u2019imprese nell\u2019ambito macroeconomico e territoriale; l\u2019attenzione \u00e8 poi posta sull\u2019evoluzione dei vantaggi competitivi delle imprese visti come elemento di longevit\u00e0 aziendale. Lungo il libro, le storie di grandi e meno grandi nomi dell\u2019industria come Lucchini, Buitoni, Saquella (produttore di caff\u00e8 in Abruzzo), Saint-Gobain, Marzotto e Marzotto Sud, Titanus e molti altri.<\/p>\n<p>La fatica di Ferrandino e Napolitano oltre che dei tanti studiosi che hanno fornito contributi, \u00e8 un altro tassello utile \u00a0a quella comprensione del nostro passato industriale che fa bene agli attuali imprenditori e ai loro manager. Una lettura magari non sempre facilissima e scorrevole, ma certamente da fare.<\/p><p><strong>Storia d\u2019impresa e imprese storiche. Una visione diacronica<\/strong><\/p>\n<p>Vittoria Ferrandino, Maria Rosaria Napolitano (a cura di)<\/p>\n<p>Franco Angeli, 2015<\/p>\n","protected":false},"excerpt":{"rendered":"<p>Il presente si comprende meglio avendo prima compreso il passato. Vale anche per le imprese. Soprattutto oggi, in tempi complessi e \u201cveloci\u201d come questi. Quello della storia e dell\u2019evoluzione delle imprese nell\u2019ambito del sistema sociale ed economico del quale fanno parte, \u00e8 d\u2019altra parte uno degli strumenti pi\u00f9 importanti proprio per capire a fondo il [&hellip;]<\/p>\n","protected":false},"author":1,"featured_media":57510,"comment_status":"open","ping_status":"open","sticky":false,"template":"","format":"standard","meta":{"footnotes":""},"categories":[52,58],"tags":[],"class_list":["post-57509","post","type-post","status-publish","format-standard","has-post-thumbnail","hentry","category-cultura-dimpresa","category-recensioni-libri"],"acf":[],"yoast_head":"<!-- This site is optimized with the Yoast SEO plugin v25.0 - https:\/\/yoast.com\/wordpress\/plugins\/seo\/ -->\n<title>Passato e presente d\u2019impresa - Fondazione Pirelli<\/title>\n<meta name=\"robots\" content=\"index, follow, max-snippet:-1, max-image-preview:large, max-video-preview:-1\" \/>\n<link rel=\"canonical\" href=\"https:\/\/www.fondazionepirelli.org\/it\/cultura-dimpresa\/passato-e-presente-dimpresa\/\" \/>\n<meta property=\"og:locale\" content=\"it_IT\" \/>\n<meta property=\"og:type\" content=\"article\" \/>\n<meta property=\"og:title\" content=\"Passato e presente d\u2019impresa - Fondazione Pirelli\" \/>\n<meta property=\"og:description\" content=\"Il presente si comprende meglio avendo prima compreso il passato. Vale anche per le imprese. Soprattutto oggi, in tempi complessi e \u201cveloci\u201d come questi. Quello della storia e dell\u2019evoluzione delle imprese nell\u2019ambito del sistema sociale ed economico del quale fanno parte, \u00e8 d\u2019altra parte uno degli strumenti pi\u00f9 importanti proprio per capire a fondo il [&hellip;]\" \/>\n<meta property=\"og:url\" content=\"https:\/\/www.fondazionepirelli.org\/it\/cultura-dimpresa\/passato-e-presente-dimpresa\/\" \/>\n<meta property=\"og:site_name\" content=\"Fondazione Pirelli\" \/>\n<meta property=\"article:published_time\" content=\"2015-09-28T00:00:00+00:00\" \/>\n<meta property=\"article:modified_time\" content=\"2019-10-29T14:36:02+00:00\" \/>\n<meta property=\"og:image\" content=\"https:\/\/wpsite-assets.fondazionepirelli.org\/wp-content\/uploads\/2019\/06\/03232048\/1443521077650754644.jpg\" \/>\n\t<meta property=\"og:image:width\" content=\"250\" \/>\n\t<meta property=\"og:image:height\" content=\"372\" \/>\n\t<meta property=\"og:image:type\" content=\"image\/jpeg\" \/>\n<meta name=\"author\" content=\"fondadmin\" \/>\n<meta name=\"twitter:card\" content=\"summary_large_image\" \/>\n<meta name=\"twitter:label1\" content=\"Scritto da\" \/>\n\t<meta name=\"twitter:data1\" content=\"fondadmin\" \/>\n\t<meta name=\"twitter:label2\" content=\"Tempo di lettura stimato\" \/>\n\t<meta name=\"twitter:data2\" content=\"2 minuti\" \/>\n<script type=\"application\/ld+json\" class=\"yoast-schema-graph\">{\"@context\":\"https:\/\/schema.org\",\"@graph\":[{\"@type\":\"WebPage\",\"@id\":\"https:\/\/www.fondazionepirelli.org\/it\/cultura-dimpresa\/passato-e-presente-dimpresa\/\",\"url\":\"https:\/\/www.fondazionepirelli.org\/it\/cultura-dimpresa\/passato-e-presente-dimpresa\/\",\"name\":\"Passato e presente d\u2019impresa - Fondazione Pirelli\",\"isPartOf\":{\"@id\":\"https:\/\/www.fondazionepirelli.org\/it\/#website\"},\"primaryImageOfPage\":{\"@id\":\"https:\/\/www.fondazionepirelli.org\/it\/cultura-dimpresa\/passato-e-presente-dimpresa\/#primaryimage\"},\"image\":{\"@id\":\"https:\/\/www.fondazionepirelli.org\/it\/cultura-dimpresa\/passato-e-presente-dimpresa\/#primaryimage\"},\"thumbnailUrl\":\"https:\/\/wpsite-assets.fondazionepirelli.org\/wp-content\/uploads\/2019\/06\/03232048\/1443521077650754644.jpg\",\"datePublished\":\"2015-09-28T00:00:00+00:00\",\"dateModified\":\"2019-10-29T14:36:02+00:00\",\"author\":{\"@id\":\"https:\/\/www.fondazionepirelli.org\/it\/#\/schema\/person\/f47d097000832c4a6e54538c791fdf25\"},\"breadcrumb\":{\"@id\":\"https:\/\/www.fondazionepirelli.org\/it\/cultura-dimpresa\/passato-e-presente-dimpresa\/#breadcrumb\"},\"inLanguage\":\"it-IT\",\"potentialAction\":[{\"@type\":\"ReadAction\",\"target\":[\"https:\/\/www.fondazionepirelli.org\/it\/cultura-dimpresa\/passato-e-presente-dimpresa\/\"]}]},{\"@type\":\"ImageObject\",\"inLanguage\":\"it-IT\",\"@id\":\"https:\/\/www.fondazionepirelli.org\/it\/cultura-dimpresa\/passato-e-presente-dimpresa\/#primaryimage\",\"url\":\"https:\/\/wpsite-assets.fondazionepirelli.org\/wp-content\/uploads\/2019\/06\/03232048\/1443521077650754644.jpg\",\"contentUrl\":\"https:\/\/wpsite-assets.fondazionepirelli.org\/wp-content\/uploads\/2019\/06\/03232048\/1443521077650754644.jpg\",\"width\":250,\"height\":372},{\"@type\":\"BreadcrumbList\",\"@id\":\"https:\/\/www.fondazionepirelli.org\/it\/cultura-dimpresa\/passato-e-presente-dimpresa\/#breadcrumb\",\"itemListElement\":[{\"@type\":\"ListItem\",\"position\":1,\"name\":\"Home\",\"item\":\"https:\/\/www.fondazionepirelli.org\/it\/\"},{\"@type\":\"ListItem\",\"position\":2,\"name\":\"Passato e presente d\u2019impresa\"}]},{\"@type\":\"WebSite\",\"@id\":\"https:\/\/www.fondazionepirelli.org\/it\/#website\",\"url\":\"https:\/\/www.fondazionepirelli.org\/it\/\",\"name\":\"Fondazione Pirelli\",\"description\":\"\",\"potentialAction\":[{\"@type\":\"SearchAction\",\"target\":{\"@type\":\"EntryPoint\",\"urlTemplate\":\"https:\/\/www.fondazionepirelli.org\/it\/?s={search_term_string}\"},\"query-input\":{\"@type\":\"PropertyValueSpecification\",\"valueRequired\":true,\"valueName\":\"search_term_string\"}}],\"inLanguage\":\"it-IT\"},{\"@type\":\"Person\",\"@id\":\"https:\/\/www.fondazionepirelli.org\/it\/#\/schema\/person\/f47d097000832c4a6e54538c791fdf25\",\"name\":\"fondadmin\",\"image\":{\"@type\":\"ImageObject\",\"inLanguage\":\"it-IT\",\"@id\":\"https:\/\/www.fondazionepirelli.org\/it\/#\/schema\/person\/image\/\",\"url\":\"https:\/\/secure.gravatar.com\/avatar\/e69498a9175ca244966e51e53c88712c024fcebe41f9a05f75657f1bb25e489b?s=96&d=mm&r=g\",\"contentUrl\":\"https:\/\/secure.gravatar.com\/avatar\/e69498a9175ca244966e51e53c88712c024fcebe41f9a05f75657f1bb25e489b?s=96&d=mm&r=g\",\"caption\":\"fondadmin\"},\"url\":\"https:\/\/www.fondazionepirelli.org\/it\/author\/fondadmin\/\"}]}<\/script>\n<!-- \/ Yoast SEO plugin. -->","yoast_head_json":{"title":"Passato e presente d\u2019impresa - Fondazione Pirelli","robots":{"index":"index","follow":"follow","max-snippet":"max-snippet:-1","max-image-preview":"max-image-preview:large","max-video-preview":"max-video-preview:-1"},"canonical":"https:\/\/www.fondazionepirelli.org\/it\/cultura-dimpresa\/passato-e-presente-dimpresa\/","og_locale":"it_IT","og_type":"article","og_title":"Passato e presente d\u2019impresa - Fondazione Pirelli","og_description":"Il presente si comprende meglio avendo prima compreso il passato. Vale anche per le imprese. Soprattutto oggi, in tempi complessi e \u201cveloci\u201d come questi. Quello della storia e dell\u2019evoluzione delle imprese nell\u2019ambito del sistema sociale ed economico del quale fanno parte, \u00e8 d\u2019altra parte uno degli strumenti pi\u00f9 importanti proprio per capire a fondo il [&hellip;]","og_url":"https:\/\/www.fondazionepirelli.org\/it\/cultura-dimpresa\/passato-e-presente-dimpresa\/","og_site_name":"Fondazione Pirelli","article_published_time":"2015-09-28T00:00:00+00:00","article_modified_time":"2019-10-29T14:36:02+00:00","og_image":[{"width":250,"height":372,"url":"https:\/\/wpsite-assets.fondazionepirelli.org\/wp-content\/uploads\/2019\/06\/03232048\/1443521077650754644.jpg","type":"image\/jpeg"}],"author":"fondadmin","twitter_card":"summary_large_image","twitter_misc":{"Scritto da":"fondadmin","Tempo di lettura stimato":"2 minuti"},"schema":{"@context":"https:\/\/schema.org","@graph":[{"@type":"WebPage","@id":"https:\/\/www.fondazionepirelli.org\/it\/cultura-dimpresa\/passato-e-presente-dimpresa\/","url":"https:\/\/www.fondazionepirelli.org\/it\/cultura-dimpresa\/passato-e-presente-dimpresa\/","name":"Passato e presente d\u2019impresa - Fondazione Pirelli","isPartOf":{"@id":"https:\/\/www.fondazionepirelli.org\/it\/#website"},"primaryImageOfPage":{"@id":"https:\/\/www.fondazionepirelli.org\/it\/cultura-dimpresa\/passato-e-presente-dimpresa\/#primaryimage"},"image":{"@id":"https:\/\/www.fondazionepirelli.org\/it\/cultura-dimpresa\/passato-e-presente-dimpresa\/#primaryimage"},"thumbnailUrl":"https:\/\/wpsite-assets.fondazionepirelli.org\/wp-content\/uploads\/2019\/06\/03232048\/1443521077650754644.jpg","datePublished":"2015-09-28T00:00:00+00:00","dateModified":"2019-10-29T14:36:02+00:00","author":{"@id":"https:\/\/www.fondazionepirelli.org\/it\/#\/schema\/person\/f47d097000832c4a6e54538c791fdf25"},"breadcrumb":{"@id":"https:\/\/www.fondazionepirelli.org\/it\/cultura-dimpresa\/passato-e-presente-dimpresa\/#breadcrumb"},"inLanguage":"it-IT","potentialAction":[{"@type":"ReadAction","target":["https:\/\/www.fondazionepirelli.org\/it\/cultura-dimpresa\/passato-e-presente-dimpresa\/"]}]},{"@type":"ImageObject","inLanguage":"it-IT","@id":"https:\/\/www.fondazionepirelli.org\/it\/cultura-dimpresa\/passato-e-presente-dimpresa\/#primaryimage","url":"https:\/\/wpsite-assets.fondazionepirelli.org\/wp-content\/uploads\/2019\/06\/03232048\/1443521077650754644.jpg","contentUrl":"https:\/\/wpsite-assets.fondazionepirelli.org\/wp-content\/uploads\/2019\/06\/03232048\/1443521077650754644.jpg","width":250,"height":372},{"@type":"BreadcrumbList","@id":"https:\/\/www.fondazionepirelli.org\/it\/cultura-dimpresa\/passato-e-presente-dimpresa\/#breadcrumb","itemListElement":[{"@type":"ListItem","position":1,"name":"Home","item":"https:\/\/www.fondazionepirelli.org\/it\/"},{"@type":"ListItem","position":2,"name":"Passato e presente d\u2019impresa"}]},{"@type":"WebSite","@id":"https:\/\/www.fondazionepirelli.org\/it\/#website","url":"https:\/\/www.fondazionepirelli.org\/it\/","name":"Fondazione Pirelli","description":"","potentialAction":[{"@type":"SearchAction","target":{"@type":"EntryPoint","urlTemplate":"https:\/\/www.fondazionepirelli.org\/it\/?s={search_term_string}"},"query-input":{"@type":"PropertyValueSpecification","valueRequired":true,"valueName":"search_term_string"}}],"inLanguage":"it-IT"},{"@type":"Person","@id":"https:\/\/www.fondazionepirelli.org\/it\/#\/schema\/person\/f47d097000832c4a6e54538c791fdf25","name":"fondadmin","image":{"@type":"ImageObject","inLanguage":"it-IT","@id":"https:\/\/www.fondazionepirelli.org\/it\/#\/schema\/person\/image\/","url":"https:\/\/secure.gravatar.com\/avatar\/e69498a9175ca244966e51e53c88712c024fcebe41f9a05f75657f1bb25e489b?s=96&d=mm&r=g","contentUrl":"https:\/\/secure.gravatar.com\/avatar\/e69498a9175ca244966e51e53c88712c024fcebe41f9a05f75657f1bb25e489b?s=96&d=mm&r=g","caption":"fondadmin"},"url":"https:\/\/www.fondazionepirelli.org\/it\/author\/fondadmin\/"}]}},"_links":{"self":[{"href":"https:\/\/www.fondazionepirelli.org\/it\/wp-json\/wp\/v2\/posts\/57509\/"}],"collection":[{"href":"https:\/\/www.fondazionepirelli.org\/it\/wp-json\/wp\/v2\/posts\/"}],"about":[{"href":"https:\/\/www.fondazionepirelli.org\/it\/wp-json\/wp\/v2\/types\/post\/"}],"author":[{"embeddable":true,"href":"https:\/\/www.fondazionepirelli.org\/it\/wp-json\/wp\/v2\/users\/1\/"}],"replies":[{"embeddable":true,"href":"https:\/\/www.fondazionepirelli.org\/it\/wp-json\/wp\/v2\/comments\/?post=57509"}],"version-history":[{"count":2,"href":"https:\/\/www.fondazionepirelli.org\/it\/wp-json\/wp\/v2\/posts\/57509\/revisions\/"}],"predecessor-version":[{"id":70985,"href":"https:\/\/www.fondazionepirelli.org\/it\/wp-json\/wp\/v2\/posts\/57509\/revisions\/70985\/"}],"wp:featuredmedia":[{"embeddable":true,"href":"https:\/\/www.fondazionepirelli.org\/it\/wp-json\/wp\/v2\/media\/57510\/"}],"wp:attachment":[{"href":"https:\/\/www.fondazionepirelli.org\/it\/wp-json\/wp\/v2\/media\/?parent=57509"}],"wp:term":[{"taxonomy":"category","embeddable":true,"href":"https:\/\/www.fondazionepirelli.org\/it\/wp-json\/wp\/v2\/categories\/?post=57509"},{"taxonomy":"post_tag","embeddable":true,"href":"https:\/\/www.fondazionepirelli.org\/it\/wp-json\/wp\/v2\/tags\/?post=57509"}],"curies":[{"name":"wp","href":"https:\/\/api.w.org\/{rel}","templated":true}]}}