{"id":57511,"date":"2015-10-05T00:00:00","date_gmt":"2015-10-05T00:00:00","guid":{"rendered":"http:\/\/www.fondazionepirelli.org\/societas-per-produrre\/"},"modified":"2019-10-29T16:31:27","modified_gmt":"2019-10-29T14:31:27","slug":"societas-per-produrre","status":"publish","type":"post","link":"https:\/\/www.fondazionepirelli.org\/it\/cultura-dimpresa\/societas-per-produrre\/","title":{"rendered":"Societas per produrre"},"content":{"rendered":"<p>L\u2019impresa \u00e8 ancora una volta sotto i riflettori dell\u2019attenzione dei decisori pubblici, dei media, dell\u2019opinione comune, della politica, ovviamente dei sindacati e del sistema imprenditoriale. Ma quale impresa? E, occorre aggiungere subito, qual\u2019\u00e8 il ruolo che le viene attribuito? E come si pone il concetto comune di impresa \u2013 posto che sia corretto -, nei confronti della crisi e delle azioni che possono essere messe in atto per uscirne?<\/p>\n<p>Non si tratta di domande teoriche, ma di interrogativi con molti risvolti pratici per ogni manager che voglia rendersi conto di dove sia collocata la sua azione, e per ogni imprenditore avveduto che voglia capire a fondo il destino dell\u2019organizzazione che ha creato. Alcune, importanti, risposte a queste domande arrivano dall\u2019ultima fatica letteraria di Anna Grandori (professore ordinario di Organizzazione aziendale presso l\u2019Universit\u00e0 Bocconi di Milano), che con \u201c10 tesi sull\u2019impresa\u201d appena pubblicato ha voluto sparigliare le carte del dibattito sui ruoli e sui significati dell\u2019impresa in Italia.<\/p>\n<p>Il volume \u00e8 una sorta di punto di arrivo di un lungo lavoro che vede l\u2019impresa \u201ccome una delle istituzioni democratiche che governano un\u2019economia\u201d. Un concetto che solo apparentemente \u00e8 semplice, ma che in realt\u00e0 nasconde un cambiamento radicale nella concezione stessa dell\u2019agire imprenditoriale. Per dimostrarlo, Grandori inizia ad enumerare 10 luoghi comuni sull\u2019impresa che ne forniscono un\u2019immagine datata, per arrivare a 10 tesi che rappresentano altrettanti punti di partenza per un rinnovamento dell\u2019agire imprenditoriale e manageriale nella societ\u00e0. I luoghi comuni toccano il concetto di propriet\u00e0 dell\u2019impresa, il profitto, l\u2019organizzazione e la gerarchia, le modalit\u00e0 contrattuali e le forme di democrazia, la responsabilit\u00e0 sociale d\u2019impresa. Si tratta del risultato di un gioco un po&#8217; perverso molto simile al telefono senza fili che trasforma informazioni e osservazioni reali in tutt\u2019altro. L\u2019autrice per far capire ancora meglio, individua quindi tre \u201cpeccati originali\u201d su cui si basa l\u2019economia dominante: l\u2019aver dimenticato le condizioni di origine dell\u2019economia, il pensare che l\u2019alternativa al mercato sia la gerarchia e il credere che il reale sia sempre razionale.<\/p>\n<p>\u00c8 per contrastare questo insieme di luoghi comuni sbagliati e di peccati originali che l\u2019autrice formule le sue 10 tesi che cambiano prospettiva, recuperando tuttavia idee e concezioni radicate nella storia dell\u2019economia nell\u2019agire umano.<\/p>\n<p>Prima di tutto, quindi, occorre, secondo Grandori, pensare all\u2019impresa come una societas e non semplicemente come un insieme di cose e di contratti di scambio, un\u2019entit\u00e0 di questo genere per sua stessa natura non pu\u00f2 avere un solo padrone, \u00e8 sempre perch\u00e9 societas l\u2019impresa ha naturalmente la capacit\u00e0 di associare e dedicare risorse a usi che non possono essere previsti e specificati in anticipo, ha cio\u00e8 per sua natura chiara la nozione di incertezza e di rischio. Il volume, quindi prosegue formulando altre tesi che riguardano il capitale umano (che pu\u00f2 essere investito nell\u2019attivit\u00e0 ma che deve ricevere per questo adeguati riconoscimenti), la natura dei contratti di lavoro a tempo indeterminato che devono essere flessibili per adattarsi proprio all\u2019incertezza. Sempre l\u2019incertezza, poi, indica altre tesi sulle gerarchie, sulla democrazia, su chi stabilisce la natura e le modalit\u00e0 di perseguimento degli obiettivi delle imprese oltre che sulla responsabilit\u00e0 sociale delle stesse vista come funzione fondamentale dell\u2019agire imprenditoriale.<\/p>\n<p>\u00c8 da tutto ci\u00f2 che derivano alcune \u201cproposte per un governo costituzionale delle imprese\u201d &#8211; che toccano, appunto, decisioni, organizzazione, responsabilit\u00e0 verso l\u2019esterno -, e una verifica impietosa dello stato delle imprese italiane nel confronti di un\u2019impostazione nuova e pi\u00f9 moderna come quella prospettata.<\/p>\n<p>Il volume di Anna Grandori solo apparentemente \u00e8 facile e leggero da leggere, in effetti si tratta di un libro da gustare con attenzione, meditare e rileggere.<\/p><p><strong>10 tesi sull\u2019impresa. Contro i luoghi comuni dell\u2019economia<\/strong><\/p>\n<p>Anna Grandori<\/p>\n<p>Il Mulino, 2015<\/p>\n","protected":false},"excerpt":{"rendered":"<p>L\u2019impresa \u00e8 ancora una volta sotto i riflettori dell\u2019attenzione dei decisori pubblici, dei media, dell\u2019opinione comune, della politica, ovviamente dei sindacati e del sistema imprenditoriale. Ma quale impresa? E, occorre aggiungere subito, qual\u2019\u00e8 il ruolo che le viene attribuito? E come si pone il concetto comune di impresa \u2013 posto che sia corretto -, nei [&hellip;]<\/p>\n","protected":false},"author":1,"featured_media":57512,"comment_status":"open","ping_status":"open","sticky":false,"template":"","format":"standard","meta":{"footnotes":""},"categories":[52,58],"tags":[],"class_list":["post-57511","post","type-post","status-publish","format-standard","has-post-thumbnail","hentry","category-cultura-dimpresa","category-recensioni-libri"],"acf":[],"yoast_head":"<!-- This site is optimized with the Yoast SEO plugin v25.0 - https:\/\/yoast.com\/wordpress\/plugins\/seo\/ -->\n<title>Societas per produrre - Fondazione Pirelli<\/title>\n<meta name=\"robots\" content=\"index, follow, max-snippet:-1, max-image-preview:large, max-video-preview:-1\" \/>\n<link rel=\"canonical\" href=\"https:\/\/www.fondazionepirelli.org\/it\/cultura-dimpresa\/societas-per-produrre\/\" \/>\n<meta property=\"og:locale\" content=\"it_IT\" \/>\n<meta property=\"og:type\" content=\"article\" \/>\n<meta property=\"og:title\" content=\"Societas per produrre - Fondazione Pirelli\" \/>\n<meta property=\"og:description\" content=\"L\u2019impresa \u00e8 ancora una volta sotto i riflettori dell\u2019attenzione dei decisori pubblici, dei media, dell\u2019opinione comune, della politica, ovviamente dei sindacati e del sistema imprenditoriale. Ma quale impresa? E, occorre aggiungere subito, qual\u2019\u00e8 il ruolo che le viene attribuito? E come si pone il concetto comune di impresa \u2013 posto che sia corretto -, nei [&hellip;]\" \/>\n<meta property=\"og:url\" content=\"https:\/\/www.fondazionepirelli.org\/it\/cultura-dimpresa\/societas-per-produrre\/\" \/>\n<meta property=\"og:site_name\" content=\"Fondazione Pirelli\" \/>\n<meta property=\"article:published_time\" content=\"2015-10-05T00:00:00+00:00\" \/>\n<meta property=\"article:modified_time\" content=\"2019-10-29T14:31:27+00:00\" \/>\n<meta property=\"og:image\" content=\"https:\/\/wpsite-assets.fondazionepirelli.org\/wp-content\/uploads\/2019\/06\/03232048\/14441142822009632018.jpg\" \/>\n\t<meta property=\"og:image:width\" content=\"170\" \/>\n\t<meta property=\"og:image:height\" content=\"267\" \/>\n\t<meta property=\"og:image:type\" content=\"image\/jpeg\" \/>\n<meta name=\"author\" content=\"fondadmin\" \/>\n<meta name=\"twitter:card\" content=\"summary_large_image\" \/>\n<meta name=\"twitter:label1\" content=\"Scritto da\" \/>\n\t<meta name=\"twitter:data1\" content=\"fondadmin\" \/>\n\t<meta name=\"twitter:label2\" content=\"Tempo di lettura stimato\" \/>\n\t<meta name=\"twitter:data2\" content=\"3 minuti\" \/>\n<script type=\"application\/ld+json\" class=\"yoast-schema-graph\">{\"@context\":\"https:\/\/schema.org\",\"@graph\":[{\"@type\":\"WebPage\",\"@id\":\"https:\/\/www.fondazionepirelli.org\/it\/cultura-dimpresa\/societas-per-produrre\/\",\"url\":\"https:\/\/www.fondazionepirelli.org\/it\/cultura-dimpresa\/societas-per-produrre\/\",\"name\":\"Societas per produrre - Fondazione Pirelli\",\"isPartOf\":{\"@id\":\"https:\/\/www.fondazionepirelli.org\/it\/#website\"},\"primaryImageOfPage\":{\"@id\":\"https:\/\/www.fondazionepirelli.org\/it\/cultura-dimpresa\/societas-per-produrre\/#primaryimage\"},\"image\":{\"@id\":\"https:\/\/www.fondazionepirelli.org\/it\/cultura-dimpresa\/societas-per-produrre\/#primaryimage\"},\"thumbnailUrl\":\"https:\/\/wpsite-assets.fondazionepirelli.org\/wp-content\/uploads\/2019\/06\/03232048\/14441142822009632018.jpg\",\"datePublished\":\"2015-10-05T00:00:00+00:00\",\"dateModified\":\"2019-10-29T14:31:27+00:00\",\"author\":{\"@id\":\"https:\/\/www.fondazionepirelli.org\/it\/#\/schema\/person\/f47d097000832c4a6e54538c791fdf25\"},\"breadcrumb\":{\"@id\":\"https:\/\/www.fondazionepirelli.org\/it\/cultura-dimpresa\/societas-per-produrre\/#breadcrumb\"},\"inLanguage\":\"it-IT\",\"potentialAction\":[{\"@type\":\"ReadAction\",\"target\":[\"https:\/\/www.fondazionepirelli.org\/it\/cultura-dimpresa\/societas-per-produrre\/\"]}]},{\"@type\":\"ImageObject\",\"inLanguage\":\"it-IT\",\"@id\":\"https:\/\/www.fondazionepirelli.org\/it\/cultura-dimpresa\/societas-per-produrre\/#primaryimage\",\"url\":\"https:\/\/wpsite-assets.fondazionepirelli.org\/wp-content\/uploads\/2019\/06\/03232048\/14441142822009632018.jpg\",\"contentUrl\":\"https:\/\/wpsite-assets.fondazionepirelli.org\/wp-content\/uploads\/2019\/06\/03232048\/14441142822009632018.jpg\",\"width\":170,\"height\":267},{\"@type\":\"BreadcrumbList\",\"@id\":\"https:\/\/www.fondazionepirelli.org\/it\/cultura-dimpresa\/societas-per-produrre\/#breadcrumb\",\"itemListElement\":[{\"@type\":\"ListItem\",\"position\":1,\"name\":\"Home\",\"item\":\"https:\/\/www.fondazionepirelli.org\/it\/\"},{\"@type\":\"ListItem\",\"position\":2,\"name\":\"Societas per produrre\"}]},{\"@type\":\"WebSite\",\"@id\":\"https:\/\/www.fondazionepirelli.org\/it\/#website\",\"url\":\"https:\/\/www.fondazionepirelli.org\/it\/\",\"name\":\"Fondazione Pirelli\",\"description\":\"\",\"potentialAction\":[{\"@type\":\"SearchAction\",\"target\":{\"@type\":\"EntryPoint\",\"urlTemplate\":\"https:\/\/www.fondazionepirelli.org\/it\/?s={search_term_string}\"},\"query-input\":{\"@type\":\"PropertyValueSpecification\",\"valueRequired\":true,\"valueName\":\"search_term_string\"}}],\"inLanguage\":\"it-IT\"},{\"@type\":\"Person\",\"@id\":\"https:\/\/www.fondazionepirelli.org\/it\/#\/schema\/person\/f47d097000832c4a6e54538c791fdf25\",\"name\":\"fondadmin\",\"image\":{\"@type\":\"ImageObject\",\"inLanguage\":\"it-IT\",\"@id\":\"https:\/\/www.fondazionepirelli.org\/it\/#\/schema\/person\/image\/\",\"url\":\"https:\/\/secure.gravatar.com\/avatar\/e69498a9175ca244966e51e53c88712c024fcebe41f9a05f75657f1bb25e489b?s=96&d=mm&r=g\",\"contentUrl\":\"https:\/\/secure.gravatar.com\/avatar\/e69498a9175ca244966e51e53c88712c024fcebe41f9a05f75657f1bb25e489b?s=96&d=mm&r=g\",\"caption\":\"fondadmin\"},\"url\":\"https:\/\/www.fondazionepirelli.org\/it\/author\/fondadmin\/\"}]}<\/script>\n<!-- \/ Yoast SEO plugin. -->","yoast_head_json":{"title":"Societas per produrre - Fondazione Pirelli","robots":{"index":"index","follow":"follow","max-snippet":"max-snippet:-1","max-image-preview":"max-image-preview:large","max-video-preview":"max-video-preview:-1"},"canonical":"https:\/\/www.fondazionepirelli.org\/it\/cultura-dimpresa\/societas-per-produrre\/","og_locale":"it_IT","og_type":"article","og_title":"Societas per produrre - Fondazione Pirelli","og_description":"L\u2019impresa \u00e8 ancora una volta sotto i riflettori dell\u2019attenzione dei decisori pubblici, dei media, dell\u2019opinione comune, della politica, ovviamente dei sindacati e del sistema imprenditoriale. Ma quale impresa? E, occorre aggiungere subito, qual\u2019\u00e8 il ruolo che le viene attribuito? E come si pone il concetto comune di impresa \u2013 posto che sia corretto -, nei [&hellip;]","og_url":"https:\/\/www.fondazionepirelli.org\/it\/cultura-dimpresa\/societas-per-produrre\/","og_site_name":"Fondazione Pirelli","article_published_time":"2015-10-05T00:00:00+00:00","article_modified_time":"2019-10-29T14:31:27+00:00","og_image":[{"width":170,"height":267,"url":"https:\/\/wpsite-assets.fondazionepirelli.org\/wp-content\/uploads\/2019\/06\/03232048\/14441142822009632018.jpg","type":"image\/jpeg"}],"author":"fondadmin","twitter_card":"summary_large_image","twitter_misc":{"Scritto da":"fondadmin","Tempo di lettura stimato":"3 minuti"},"schema":{"@context":"https:\/\/schema.org","@graph":[{"@type":"WebPage","@id":"https:\/\/www.fondazionepirelli.org\/it\/cultura-dimpresa\/societas-per-produrre\/","url":"https:\/\/www.fondazionepirelli.org\/it\/cultura-dimpresa\/societas-per-produrre\/","name":"Societas per produrre - Fondazione Pirelli","isPartOf":{"@id":"https:\/\/www.fondazionepirelli.org\/it\/#website"},"primaryImageOfPage":{"@id":"https:\/\/www.fondazionepirelli.org\/it\/cultura-dimpresa\/societas-per-produrre\/#primaryimage"},"image":{"@id":"https:\/\/www.fondazionepirelli.org\/it\/cultura-dimpresa\/societas-per-produrre\/#primaryimage"},"thumbnailUrl":"https:\/\/wpsite-assets.fondazionepirelli.org\/wp-content\/uploads\/2019\/06\/03232048\/14441142822009632018.jpg","datePublished":"2015-10-05T00:00:00+00:00","dateModified":"2019-10-29T14:31:27+00:00","author":{"@id":"https:\/\/www.fondazionepirelli.org\/it\/#\/schema\/person\/f47d097000832c4a6e54538c791fdf25"},"breadcrumb":{"@id":"https:\/\/www.fondazionepirelli.org\/it\/cultura-dimpresa\/societas-per-produrre\/#breadcrumb"},"inLanguage":"it-IT","potentialAction":[{"@type":"ReadAction","target":["https:\/\/www.fondazionepirelli.org\/it\/cultura-dimpresa\/societas-per-produrre\/"]}]},{"@type":"ImageObject","inLanguage":"it-IT","@id":"https:\/\/www.fondazionepirelli.org\/it\/cultura-dimpresa\/societas-per-produrre\/#primaryimage","url":"https:\/\/wpsite-assets.fondazionepirelli.org\/wp-content\/uploads\/2019\/06\/03232048\/14441142822009632018.jpg","contentUrl":"https:\/\/wpsite-assets.fondazionepirelli.org\/wp-content\/uploads\/2019\/06\/03232048\/14441142822009632018.jpg","width":170,"height":267},{"@type":"BreadcrumbList","@id":"https:\/\/www.fondazionepirelli.org\/it\/cultura-dimpresa\/societas-per-produrre\/#breadcrumb","itemListElement":[{"@type":"ListItem","position":1,"name":"Home","item":"https:\/\/www.fondazionepirelli.org\/it\/"},{"@type":"ListItem","position":2,"name":"Societas per produrre"}]},{"@type":"WebSite","@id":"https:\/\/www.fondazionepirelli.org\/it\/#website","url":"https:\/\/www.fondazionepirelli.org\/it\/","name":"Fondazione Pirelli","description":"","potentialAction":[{"@type":"SearchAction","target":{"@type":"EntryPoint","urlTemplate":"https:\/\/www.fondazionepirelli.org\/it\/?s={search_term_string}"},"query-input":{"@type":"PropertyValueSpecification","valueRequired":true,"valueName":"search_term_string"}}],"inLanguage":"it-IT"},{"@type":"Person","@id":"https:\/\/www.fondazionepirelli.org\/it\/#\/schema\/person\/f47d097000832c4a6e54538c791fdf25","name":"fondadmin","image":{"@type":"ImageObject","inLanguage":"it-IT","@id":"https:\/\/www.fondazionepirelli.org\/it\/#\/schema\/person\/image\/","url":"https:\/\/secure.gravatar.com\/avatar\/e69498a9175ca244966e51e53c88712c024fcebe41f9a05f75657f1bb25e489b?s=96&d=mm&r=g","contentUrl":"https:\/\/secure.gravatar.com\/avatar\/e69498a9175ca244966e51e53c88712c024fcebe41f9a05f75657f1bb25e489b?s=96&d=mm&r=g","caption":"fondadmin"},"url":"https:\/\/www.fondazionepirelli.org\/it\/author\/fondadmin\/"}]}},"_links":{"self":[{"href":"https:\/\/www.fondazionepirelli.org\/it\/wp-json\/wp\/v2\/posts\/57511\/"}],"collection":[{"href":"https:\/\/www.fondazionepirelli.org\/it\/wp-json\/wp\/v2\/posts\/"}],"about":[{"href":"https:\/\/www.fondazionepirelli.org\/it\/wp-json\/wp\/v2\/types\/post\/"}],"author":[{"embeddable":true,"href":"https:\/\/www.fondazionepirelli.org\/it\/wp-json\/wp\/v2\/users\/1\/"}],"replies":[{"embeddable":true,"href":"https:\/\/www.fondazionepirelli.org\/it\/wp-json\/wp\/v2\/comments\/?post=57511"}],"version-history":[{"count":3,"href":"https:\/\/www.fondazionepirelli.org\/it\/wp-json\/wp\/v2\/posts\/57511\/revisions\/"}],"predecessor-version":[{"id":70980,"href":"https:\/\/www.fondazionepirelli.org\/it\/wp-json\/wp\/v2\/posts\/57511\/revisions\/70980\/"}],"wp:featuredmedia":[{"embeddable":true,"href":"https:\/\/www.fondazionepirelli.org\/it\/wp-json\/wp\/v2\/media\/57512\/"}],"wp:attachment":[{"href":"https:\/\/www.fondazionepirelli.org\/it\/wp-json\/wp\/v2\/media\/?parent=57511"}],"wp:term":[{"taxonomy":"category","embeddable":true,"href":"https:\/\/www.fondazionepirelli.org\/it\/wp-json\/wp\/v2\/categories\/?post=57511"},{"taxonomy":"post_tag","embeddable":true,"href":"https:\/\/www.fondazionepirelli.org\/it\/wp-json\/wp\/v2\/tags\/?post=57511"}],"curies":[{"name":"wp","href":"https:\/\/api.w.org\/{rel}","templated":true}]}}