{"id":57515,"date":"2015-10-19T00:00:00","date_gmt":"2015-10-19T00:00:00","guid":{"rendered":"http:\/\/www.fondazionepirelli.org\/imprese-e-lavoro-nellepoca-della-creativita-diffusa\/"},"modified":"2019-10-29T16:25:39","modified_gmt":"2019-10-29T14:25:39","slug":"imprese-e-lavoro-nellepoca-della-creativita-diffusa","status":"publish","type":"post","link":"https:\/\/www.fondazionepirelli.org\/it\/cultura-dimpresa\/imprese-e-lavoro-nellepoca-della-creativita-diffusa\/","title":{"rendered":"Imprese e lavoro nell\u2019epoca della creativit\u00e0 diffusa"},"content":{"rendered":"<p>Nell\u2019epoca delle reti, della velocit\u00e0 e della creativit\u00e0 diffusa, dare vita ad un\u2019impresa pu\u00f2 essere pi\u00f9 complesso di una volta, ma anche estremamente pi\u00f9 facile, mentre il lavoro assume nuove forme che devono ancora essere comprese fino in fondo in tutti i loro aspetti. Ma occorre saper sfruttare le occasioni che nascono proprio dalle nuove e diverse condizioni sociali ed economiche che fanno da contesto all\u2019azione imprenditoriale. E\u2019 il cosiddetto capitalismo creativo che si fa strada e che \u00e8 per\u00f2 necessario comprendere e sfruttare al meglio.<\/p>\n<p>Leggere \u00a0\u201cCreative Capitalism, Multitudinous Creativity: Radicalities and Alterities\u201d curato da Giuseppe Cocco e Barbara Szaniecki serve per questi scopi.<\/p>\n<p>Il libro si propone di raccontare il nuovo capitalismo e il nuovo lavoro che prendono vita dagli strumenti di comunicazione e di conoscenza a disposizione oggi, attraverso una serie di interventi organizzati in tre parti. Nella prima parte, dal titolo &#8220;Il capitalismo creativo&#8221;, cinque autori analizzano le forme del capitalismo contemporaneo: nuovi modi di lavorare che includono la flessibilit\u00e0, la mobilit\u00e0, e in particolare la precariet\u00e0; dall&#8217;altro, vi sono nuove forme di risparmio e di costruzione dei profitti. Fotografata la situazione, nella seconda parte del volume altri autori ragionano su quella che viene indicata come una &#8220;molteplice creativit\u00e0\u201de quindi su una serie di esperimenti d\u2019impresa e di creativit\u00e0 produttiva nel mondo. La terza parte, dal titolo &#8220;Creativit\u00e0, nuove tecnologie e reti&#8221;, analizza le questioni relative al lavoro (anche precario), che si muove nell\u2019ambito del \u00a0capitalismo creativo e il ruolo delle piattaforme digitali nella creazione di nuove forme di produzione.<\/p>\n<p>E\u2019 bello e interessante \u2013 fra i molti -, un passaggio che cerca di definire la creativit\u00e0 partendo da due degli autori presenti nel volume come il prodotto di tre \u201cC\u201d (Cultura, Comunicazione e Cooperazione), oppure di tre \u201cT\u201d (Talento, Tecnologia e Tolleranza).<\/p>\n<p>Con quanto contenuto nel volume di Cocco e di Szaniecki si pu\u00f2 non essere sempre d\u2019accordo, ma si tratta di una buona lettura che fornisce provocazioni e spunti interessanti di cui tenere conto.<\/p><p><strong>Creative Capitalism, Multitudinous Creativity: Radicalities and Alterities<\/strong><\/p>\n<p>Giuseppe Cocco e Barbara Szaniecki<\/p>\n<p>Lexington books, 2015<\/p>\n","protected":false},"excerpt":{"rendered":"<p>Nell\u2019epoca delle reti, della velocit\u00e0 e della creativit\u00e0 diffusa, dare vita ad un\u2019impresa pu\u00f2 essere pi\u00f9 complesso di una volta, ma anche estremamente pi\u00f9 facile, mentre il lavoro assume nuove forme che devono ancora essere comprese fino in fondo in tutti i loro aspetti. Ma occorre saper sfruttare le occasioni che nascono proprio dalle nuove [&hellip;]<\/p>\n","protected":false},"author":1,"featured_media":57516,"comment_status":"open","ping_status":"open","sticky":false,"template":"","format":"standard","meta":{"footnotes":""},"categories":[52,58],"tags":[],"class_list":["post-57515","post","type-post","status-publish","format-standard","has-post-thumbnail","hentry","category-cultura-dimpresa","category-recensioni-libri"],"acf":[],"yoast_head":"<!-- This site is optimized with the Yoast SEO plugin v25.0 - https:\/\/yoast.com\/wordpress\/plugins\/seo\/ -->\n<title>Imprese e lavoro nell\u2019epoca della creativit\u00e0 diffusa - Fondazione Pirelli<\/title>\n<meta name=\"robots\" content=\"index, follow, max-snippet:-1, max-image-preview:large, max-video-preview:-1\" \/>\n<link rel=\"canonical\" href=\"https:\/\/www.fondazionepirelli.org\/it\/cultura-dimpresa\/imprese-e-lavoro-nellepoca-della-creativita-diffusa\/\" \/>\n<meta property=\"og:locale\" content=\"it_IT\" \/>\n<meta property=\"og:type\" content=\"article\" \/>\n<meta property=\"og:title\" content=\"Imprese e lavoro nell\u2019epoca della creativit\u00e0 diffusa - Fondazione Pirelli\" \/>\n<meta property=\"og:description\" content=\"Nell\u2019epoca delle reti, della velocit\u00e0 e della creativit\u00e0 diffusa, dare vita ad un\u2019impresa pu\u00f2 essere pi\u00f9 complesso di una volta, ma anche estremamente pi\u00f9 facile, mentre il lavoro assume nuove forme che devono ancora essere comprese fino in fondo in tutti i loro aspetti. Ma occorre saper sfruttare le occasioni che nascono proprio dalle nuove [&hellip;]\" \/>\n<meta property=\"og:url\" content=\"https:\/\/www.fondazionepirelli.org\/it\/cultura-dimpresa\/imprese-e-lavoro-nellepoca-della-creativita-diffusa\/\" \/>\n<meta property=\"og:site_name\" content=\"Fondazione Pirelli\" \/>\n<meta property=\"article:published_time\" content=\"2015-10-19T00:00:00+00:00\" \/>\n<meta property=\"article:modified_time\" content=\"2019-10-29T14:25:39+00:00\" \/>\n<meta property=\"og:image\" content=\"https:\/\/wpsite-assets.fondazionepirelli.org\/wp-content\/uploads\/2019\/06\/03232049\/14453278401203185028.jpg\" \/>\n\t<meta property=\"og:image:width\" content=\"250\" \/>\n\t<meta property=\"og:image:height\" content=\"374\" \/>\n\t<meta property=\"og:image:type\" content=\"image\/jpeg\" \/>\n<meta name=\"author\" content=\"fondadmin\" \/>\n<meta name=\"twitter:card\" content=\"summary_large_image\" \/>\n<meta name=\"twitter:label1\" content=\"Scritto da\" \/>\n\t<meta name=\"twitter:data1\" content=\"fondadmin\" \/>\n\t<meta name=\"twitter:label2\" content=\"Tempo di lettura stimato\" \/>\n\t<meta name=\"twitter:data2\" content=\"2 minuti\" \/>\n<script type=\"application\/ld+json\" class=\"yoast-schema-graph\">{\"@context\":\"https:\/\/schema.org\",\"@graph\":[{\"@type\":\"WebPage\",\"@id\":\"https:\/\/www.fondazionepirelli.org\/it\/cultura-dimpresa\/imprese-e-lavoro-nellepoca-della-creativita-diffusa\/\",\"url\":\"https:\/\/www.fondazionepirelli.org\/it\/cultura-dimpresa\/imprese-e-lavoro-nellepoca-della-creativita-diffusa\/\",\"name\":\"Imprese e lavoro nell\u2019epoca della creativit\u00e0 diffusa - Fondazione Pirelli\",\"isPartOf\":{\"@id\":\"https:\/\/www.fondazionepirelli.org\/it\/#website\"},\"primaryImageOfPage\":{\"@id\":\"https:\/\/www.fondazionepirelli.org\/it\/cultura-dimpresa\/imprese-e-lavoro-nellepoca-della-creativita-diffusa\/#primaryimage\"},\"image\":{\"@id\":\"https:\/\/www.fondazionepirelli.org\/it\/cultura-dimpresa\/imprese-e-lavoro-nellepoca-della-creativita-diffusa\/#primaryimage\"},\"thumbnailUrl\":\"https:\/\/wpsite-assets.fondazionepirelli.org\/wp-content\/uploads\/2019\/06\/03232049\/14453278401203185028.jpg\",\"datePublished\":\"2015-10-19T00:00:00+00:00\",\"dateModified\":\"2019-10-29T14:25:39+00:00\",\"author\":{\"@id\":\"https:\/\/www.fondazionepirelli.org\/it\/#\/schema\/person\/f47d097000832c4a6e54538c791fdf25\"},\"breadcrumb\":{\"@id\":\"https:\/\/www.fondazionepirelli.org\/it\/cultura-dimpresa\/imprese-e-lavoro-nellepoca-della-creativita-diffusa\/#breadcrumb\"},\"inLanguage\":\"it-IT\",\"potentialAction\":[{\"@type\":\"ReadAction\",\"target\":[\"https:\/\/www.fondazionepirelli.org\/it\/cultura-dimpresa\/imprese-e-lavoro-nellepoca-della-creativita-diffusa\/\"]}]},{\"@type\":\"ImageObject\",\"inLanguage\":\"it-IT\",\"@id\":\"https:\/\/www.fondazionepirelli.org\/it\/cultura-dimpresa\/imprese-e-lavoro-nellepoca-della-creativita-diffusa\/#primaryimage\",\"url\":\"https:\/\/wpsite-assets.fondazionepirelli.org\/wp-content\/uploads\/2019\/06\/03232049\/14453278401203185028.jpg\",\"contentUrl\":\"https:\/\/wpsite-assets.fondazionepirelli.org\/wp-content\/uploads\/2019\/06\/03232049\/14453278401203185028.jpg\",\"width\":250,\"height\":374},{\"@type\":\"BreadcrumbList\",\"@id\":\"https:\/\/www.fondazionepirelli.org\/it\/cultura-dimpresa\/imprese-e-lavoro-nellepoca-della-creativita-diffusa\/#breadcrumb\",\"itemListElement\":[{\"@type\":\"ListItem\",\"position\":1,\"name\":\"Home\",\"item\":\"https:\/\/www.fondazionepirelli.org\/it\/\"},{\"@type\":\"ListItem\",\"position\":2,\"name\":\"Imprese e lavoro nell\u2019epoca della creativit\u00e0 diffusa\"}]},{\"@type\":\"WebSite\",\"@id\":\"https:\/\/www.fondazionepirelli.org\/it\/#website\",\"url\":\"https:\/\/www.fondazionepirelli.org\/it\/\",\"name\":\"Fondazione Pirelli\",\"description\":\"\",\"potentialAction\":[{\"@type\":\"SearchAction\",\"target\":{\"@type\":\"EntryPoint\",\"urlTemplate\":\"https:\/\/www.fondazionepirelli.org\/it\/?s={search_term_string}\"},\"query-input\":{\"@type\":\"PropertyValueSpecification\",\"valueRequired\":true,\"valueName\":\"search_term_string\"}}],\"inLanguage\":\"it-IT\"},{\"@type\":\"Person\",\"@id\":\"https:\/\/www.fondazionepirelli.org\/it\/#\/schema\/person\/f47d097000832c4a6e54538c791fdf25\",\"name\":\"fondadmin\",\"image\":{\"@type\":\"ImageObject\",\"inLanguage\":\"it-IT\",\"@id\":\"https:\/\/www.fondazionepirelli.org\/it\/#\/schema\/person\/image\/\",\"url\":\"https:\/\/secure.gravatar.com\/avatar\/e69498a9175ca244966e51e53c88712c024fcebe41f9a05f75657f1bb25e489b?s=96&d=mm&r=g\",\"contentUrl\":\"https:\/\/secure.gravatar.com\/avatar\/e69498a9175ca244966e51e53c88712c024fcebe41f9a05f75657f1bb25e489b?s=96&d=mm&r=g\",\"caption\":\"fondadmin\"},\"url\":\"https:\/\/www.fondazionepirelli.org\/it\/author\/fondadmin\/\"}]}<\/script>\n<!-- \/ Yoast SEO plugin. -->","yoast_head_json":{"title":"Imprese e lavoro nell\u2019epoca della creativit\u00e0 diffusa - Fondazione Pirelli","robots":{"index":"index","follow":"follow","max-snippet":"max-snippet:-1","max-image-preview":"max-image-preview:large","max-video-preview":"max-video-preview:-1"},"canonical":"https:\/\/www.fondazionepirelli.org\/it\/cultura-dimpresa\/imprese-e-lavoro-nellepoca-della-creativita-diffusa\/","og_locale":"it_IT","og_type":"article","og_title":"Imprese e lavoro nell\u2019epoca della creativit\u00e0 diffusa - Fondazione Pirelli","og_description":"Nell\u2019epoca delle reti, della velocit\u00e0 e della creativit\u00e0 diffusa, dare vita ad un\u2019impresa pu\u00f2 essere pi\u00f9 complesso di una volta, ma anche estremamente pi\u00f9 facile, mentre il lavoro assume nuove forme che devono ancora essere comprese fino in fondo in tutti i loro aspetti. Ma occorre saper sfruttare le occasioni che nascono proprio dalle nuove [&hellip;]","og_url":"https:\/\/www.fondazionepirelli.org\/it\/cultura-dimpresa\/imprese-e-lavoro-nellepoca-della-creativita-diffusa\/","og_site_name":"Fondazione Pirelli","article_published_time":"2015-10-19T00:00:00+00:00","article_modified_time":"2019-10-29T14:25:39+00:00","og_image":[{"width":250,"height":374,"url":"https:\/\/wpsite-assets.fondazionepirelli.org\/wp-content\/uploads\/2019\/06\/03232049\/14453278401203185028.jpg","type":"image\/jpeg"}],"author":"fondadmin","twitter_card":"summary_large_image","twitter_misc":{"Scritto da":"fondadmin","Tempo di lettura stimato":"2 minuti"},"schema":{"@context":"https:\/\/schema.org","@graph":[{"@type":"WebPage","@id":"https:\/\/www.fondazionepirelli.org\/it\/cultura-dimpresa\/imprese-e-lavoro-nellepoca-della-creativita-diffusa\/","url":"https:\/\/www.fondazionepirelli.org\/it\/cultura-dimpresa\/imprese-e-lavoro-nellepoca-della-creativita-diffusa\/","name":"Imprese e lavoro nell\u2019epoca della creativit\u00e0 diffusa - Fondazione Pirelli","isPartOf":{"@id":"https:\/\/www.fondazionepirelli.org\/it\/#website"},"primaryImageOfPage":{"@id":"https:\/\/www.fondazionepirelli.org\/it\/cultura-dimpresa\/imprese-e-lavoro-nellepoca-della-creativita-diffusa\/#primaryimage"},"image":{"@id":"https:\/\/www.fondazionepirelli.org\/it\/cultura-dimpresa\/imprese-e-lavoro-nellepoca-della-creativita-diffusa\/#primaryimage"},"thumbnailUrl":"https:\/\/wpsite-assets.fondazionepirelli.org\/wp-content\/uploads\/2019\/06\/03232049\/14453278401203185028.jpg","datePublished":"2015-10-19T00:00:00+00:00","dateModified":"2019-10-29T14:25:39+00:00","author":{"@id":"https:\/\/www.fondazionepirelli.org\/it\/#\/schema\/person\/f47d097000832c4a6e54538c791fdf25"},"breadcrumb":{"@id":"https:\/\/www.fondazionepirelli.org\/it\/cultura-dimpresa\/imprese-e-lavoro-nellepoca-della-creativita-diffusa\/#breadcrumb"},"inLanguage":"it-IT","potentialAction":[{"@type":"ReadAction","target":["https:\/\/www.fondazionepirelli.org\/it\/cultura-dimpresa\/imprese-e-lavoro-nellepoca-della-creativita-diffusa\/"]}]},{"@type":"ImageObject","inLanguage":"it-IT","@id":"https:\/\/www.fondazionepirelli.org\/it\/cultura-dimpresa\/imprese-e-lavoro-nellepoca-della-creativita-diffusa\/#primaryimage","url":"https:\/\/wpsite-assets.fondazionepirelli.org\/wp-content\/uploads\/2019\/06\/03232049\/14453278401203185028.jpg","contentUrl":"https:\/\/wpsite-assets.fondazionepirelli.org\/wp-content\/uploads\/2019\/06\/03232049\/14453278401203185028.jpg","width":250,"height":374},{"@type":"BreadcrumbList","@id":"https:\/\/www.fondazionepirelli.org\/it\/cultura-dimpresa\/imprese-e-lavoro-nellepoca-della-creativita-diffusa\/#breadcrumb","itemListElement":[{"@type":"ListItem","position":1,"name":"Home","item":"https:\/\/www.fondazionepirelli.org\/it\/"},{"@type":"ListItem","position":2,"name":"Imprese e lavoro nell\u2019epoca della creativit\u00e0 diffusa"}]},{"@type":"WebSite","@id":"https:\/\/www.fondazionepirelli.org\/it\/#website","url":"https:\/\/www.fondazionepirelli.org\/it\/","name":"Fondazione Pirelli","description":"","potentialAction":[{"@type":"SearchAction","target":{"@type":"EntryPoint","urlTemplate":"https:\/\/www.fondazionepirelli.org\/it\/?s={search_term_string}"},"query-input":{"@type":"PropertyValueSpecification","valueRequired":true,"valueName":"search_term_string"}}],"inLanguage":"it-IT"},{"@type":"Person","@id":"https:\/\/www.fondazionepirelli.org\/it\/#\/schema\/person\/f47d097000832c4a6e54538c791fdf25","name":"fondadmin","image":{"@type":"ImageObject","inLanguage":"it-IT","@id":"https:\/\/www.fondazionepirelli.org\/it\/#\/schema\/person\/image\/","url":"https:\/\/secure.gravatar.com\/avatar\/e69498a9175ca244966e51e53c88712c024fcebe41f9a05f75657f1bb25e489b?s=96&d=mm&r=g","contentUrl":"https:\/\/secure.gravatar.com\/avatar\/e69498a9175ca244966e51e53c88712c024fcebe41f9a05f75657f1bb25e489b?s=96&d=mm&r=g","caption":"fondadmin"},"url":"https:\/\/www.fondazionepirelli.org\/it\/author\/fondadmin\/"}]}},"_links":{"self":[{"href":"https:\/\/www.fondazionepirelli.org\/it\/wp-json\/wp\/v2\/posts\/57515\/"}],"collection":[{"href":"https:\/\/www.fondazionepirelli.org\/it\/wp-json\/wp\/v2\/posts\/"}],"about":[{"href":"https:\/\/www.fondazionepirelli.org\/it\/wp-json\/wp\/v2\/types\/post\/"}],"author":[{"embeddable":true,"href":"https:\/\/www.fondazionepirelli.org\/it\/wp-json\/wp\/v2\/users\/1\/"}],"replies":[{"embeddable":true,"href":"https:\/\/www.fondazionepirelli.org\/it\/wp-json\/wp\/v2\/comments\/?post=57515"}],"version-history":[{"count":2,"href":"https:\/\/www.fondazionepirelli.org\/it\/wp-json\/wp\/v2\/posts\/57515\/revisions\/"}],"predecessor-version":[{"id":70975,"href":"https:\/\/www.fondazionepirelli.org\/it\/wp-json\/wp\/v2\/posts\/57515\/revisions\/70975\/"}],"wp:featuredmedia":[{"embeddable":true,"href":"https:\/\/www.fondazionepirelli.org\/it\/wp-json\/wp\/v2\/media\/57516\/"}],"wp:attachment":[{"href":"https:\/\/www.fondazionepirelli.org\/it\/wp-json\/wp\/v2\/media\/?parent=57515"}],"wp:term":[{"taxonomy":"category","embeddable":true,"href":"https:\/\/www.fondazionepirelli.org\/it\/wp-json\/wp\/v2\/categories\/?post=57515"},{"taxonomy":"post_tag","embeddable":true,"href":"https:\/\/www.fondazionepirelli.org\/it\/wp-json\/wp\/v2\/tags\/?post=57515"}],"curies":[{"name":"wp","href":"https:\/\/api.w.org\/{rel}","templated":true}]}}