{"id":57521,"date":"2015-11-09T00:00:00","date_gmt":"2015-11-09T00:00:00","guid":{"rendered":"http:\/\/www.fondazionepirelli.org\/il-futuro-spiegato\/"},"modified":"2019-10-29T16:05:15","modified_gmt":"2019-10-29T14:05:15","slug":"il-futuro-spiegato","status":"publish","type":"post","link":"https:\/\/www.fondazionepirelli.org\/it\/cultura-dimpresa\/il-futuro-spiegato\/","title":{"rendered":"Il futuro spiegato"},"content":{"rendered":"<p>La rete, il web, Internet, la digitalizzazione di alcune delle parti pi\u00f9 importanti della nostra vita possono essere altrettanti strumenti di produzione e, pi\u00f9 in generale, di facilitazione del sistema entro il quale uomini, donne, imprese, situazioni vivono e interagiscono. Occorre per\u00f2 capire bene per usare al meglio tutto questo. Principio basilare della buona economia cos\u00ec come della buona impresa, ma anche per un\u2019avveduta e consapevole vita sociale, quello della comprensione \u00e8 nel caso della cosiddetta \u201cera digitale\u201d apparentemente facile da mettere in pratica, in realt\u00e0 di complessa e alquanto incerta applicazione.<\/p>\n<p>Ci ha provato &#8211; con successo -, Luca Tomassini con il suo \u201cVite connesse. La sfida del futuro nell\u2019era digitale\u201d appena pubblicato.<\/p>\n<p>Tomassini \u00e8 un imprenditore &#8211; ha creato e dirige il Gruppo vetrya attivo nella comunicazione digitale -, ma anche un osservatore della realt\u00e0 moderna oltre che un utilizzatore, attraverso la sua societ\u00e0, di quanto oggi il digitale pu\u00f2 offrire.<\/p>\n<p>Nel volume, poco pi\u00f9 di 200 pagine che si leggono con discreta facilit\u00e0, Tomassini passa in rassegna in una ventina di rapidi capitoli alcuni dei mutamenti legati allo sviluppo delle nuove tecnologie che pi\u00f9 hanno segnato e segneranno la nostra vita nel prossimo futuro. Si parte, quindi, da un ragionamento sulla nostra stessa identit\u00e0, per passare poi all\u2019apparentemente banale racconto di una giornata normale ma da due punti di vista diversi (quello dei giovanissimi e quello non dei \u201cvecchi\u201d ma delle persone nate quando il digitale semplicemente ancora non era come oggi). L\u2019autore poi prende in considerazione il binomio analogico-digitale, il tema delle generazioni, quello dei bambini e del loro approccio alla digitalizzazione dell\u2019esistenza, quello del gioco e poi quello degli adolescenti e della scuola; si passa poi a ragionare sul mondo collegato dal web e quindi di privacy e di sicurezza ma anche di produzione e scambio. Tutto fino ad arrivare al futuro gi\u00e0 quasi presente come quello del cloud e del wearable (cio\u00e8 dei dispositivi indossabili), della comunicazione spinta all\u2019estremo, degli effetti della rete su un nuovo tipo di sviluppo economico ancora da capire fino in fondo.<\/p>\n<p>Tomassini racconta, spiega, illustra con esempi vivaci, approfondisce.<\/p>\n<p>Leggere \u201cVite connesse\u201d \u00e8 istruttivo per tutti: per i manager nelle loro vesti di manager ma anche in quelle di padri e madri di famiglia, e anche ovviamente per chi si ritrova a ricoprire il ruolo di imprenditore.<\/p>\n<p>E\u2019 un libro che \u00a0spiega e fa capire e d\u00e0 tutto sommato una prospettiva positiva, non crea del panico ma al massimo delle grandi aspettative.<\/p><p><strong>Vite connesse. La sfida del futuro nell\u2019era digitale<\/strong><\/p>\n<p>Luca Tomassini<\/p>\n<p>Franco Angeli, 2015<\/p>","protected":false},"excerpt":{"rendered":"<p>La rete, il web, Internet, la digitalizzazione di alcune delle parti pi\u00f9 importanti della nostra vita possono essere altrettanti strumenti di produzione e, pi\u00f9 in generale, di facilitazione del sistema entro il quale uomini, donne, imprese, situazioni vivono e interagiscono. Occorre per\u00f2 capire bene per usare al meglio tutto questo. Principio basilare della buona economia [&hellip;]<\/p>\n","protected":false},"author":1,"featured_media":57522,"comment_status":"open","ping_status":"open","sticky":false,"template":"","format":"standard","meta":{"footnotes":""},"categories":[52,58],"tags":[],"class_list":["post-57521","post","type-post","status-publish","format-standard","has-post-thumbnail","hentry","category-cultura-dimpresa","category-recensioni-libri"],"acf":[],"yoast_head":"<!-- This site is optimized with the Yoast SEO plugin v25.0 - https:\/\/yoast.com\/wordpress\/plugins\/seo\/ -->\n<title>Il futuro spiegato - Fondazione Pirelli<\/title>\n<meta name=\"robots\" content=\"index, follow, max-snippet:-1, max-image-preview:large, max-video-preview:-1\" \/>\n<link rel=\"canonical\" href=\"https:\/\/www.fondazionepirelli.org\/it\/cultura-dimpresa\/il-futuro-spiegato\/\" \/>\n<meta property=\"og:locale\" content=\"it_IT\" \/>\n<meta property=\"og:type\" content=\"article\" \/>\n<meta property=\"og:title\" content=\"Il futuro spiegato - Fondazione Pirelli\" \/>\n<meta property=\"og:description\" content=\"La rete, il web, Internet, la digitalizzazione di alcune delle parti pi\u00f9 importanti della nostra vita possono essere altrettanti strumenti di produzione e, pi\u00f9 in generale, di facilitazione del sistema entro il quale uomini, donne, imprese, situazioni vivono e interagiscono. Occorre per\u00f2 capire bene per usare al meglio tutto questo. Principio basilare della buona economia [&hellip;]\" \/>\n<meta property=\"og:url\" content=\"https:\/\/127.0.0.1\/it\/cultura-dimpresa\/il-futuro-spiegato\/\" \/>\n<meta property=\"og:site_name\" content=\"Fondazione Pirelli\" \/>\n<meta property=\"article:published_time\" content=\"2015-11-09T00:00:00+00:00\" \/>\n<meta property=\"article:modified_time\" content=\"2019-10-29T14:05:15+00:00\" \/>\n<meta property=\"og:image\" content=\"https:\/\/wpsite-assets.fondazionepirelli.org\/wp-content\/uploads\/2019\/06\/03232051\/1447141920304812830.jpg\" \/>\n\t<meta property=\"og:image:width\" content=\"250\" \/>\n\t<meta property=\"og:image:height\" content=\"372\" \/>\n\t<meta property=\"og:image:type\" content=\"image\/jpeg\" \/>\n<meta name=\"author\" content=\"fondadmin\" \/>\n<meta name=\"twitter:card\" content=\"summary_large_image\" \/>\n<meta name=\"twitter:label1\" content=\"Scritto da\" \/>\n\t<meta name=\"twitter:data1\" content=\"fondadmin\" \/>\n\t<meta name=\"twitter:label2\" content=\"Tempo di lettura stimato\" \/>\n\t<meta name=\"twitter:data2\" content=\"2 minuti\" \/>\n<script type=\"application\/ld+json\" class=\"yoast-schema-graph\">{\"@context\":\"https:\/\/schema.org\",\"@graph\":[{\"@type\":\"WebPage\",\"@id\":\"https:\/\/127.0.0.1\/it\/cultura-dimpresa\/il-futuro-spiegato\/\",\"url\":\"https:\/\/127.0.0.1\/it\/cultura-dimpresa\/il-futuro-spiegato\/\",\"name\":\"Il futuro spiegato - Fondazione Pirelli\",\"isPartOf\":{\"@id\":\"https:\/\/www.fondazionepirelli.org\/it\/#website\"},\"primaryImageOfPage\":{\"@id\":\"https:\/\/127.0.0.1\/it\/cultura-dimpresa\/il-futuro-spiegato\/#primaryimage\"},\"image\":{\"@id\":\"https:\/\/127.0.0.1\/it\/cultura-dimpresa\/il-futuro-spiegato\/#primaryimage\"},\"thumbnailUrl\":\"https:\/\/wpsite-assets.fondazionepirelli.org\/wp-content\/uploads\/2019\/06\/03232051\/1447141920304812830.jpg\",\"datePublished\":\"2015-11-09T00:00:00+00:00\",\"dateModified\":\"2019-10-29T14:05:15+00:00\",\"author\":{\"@id\":\"https:\/\/www.fondazionepirelli.org\/it\/#\/schema\/person\/f47d097000832c4a6e54538c791fdf25\"},\"breadcrumb\":{\"@id\":\"https:\/\/127.0.0.1\/it\/cultura-dimpresa\/il-futuro-spiegato\/#breadcrumb\"},\"inLanguage\":\"it-IT\",\"potentialAction\":[{\"@type\":\"ReadAction\",\"target\":[\"https:\/\/127.0.0.1\/it\/cultura-dimpresa\/il-futuro-spiegato\/\"]}]},{\"@type\":\"ImageObject\",\"inLanguage\":\"it-IT\",\"@id\":\"https:\/\/127.0.0.1\/it\/cultura-dimpresa\/il-futuro-spiegato\/#primaryimage\",\"url\":\"https:\/\/wpsite-assets.fondazionepirelli.org\/wp-content\/uploads\/2019\/06\/03232051\/1447141920304812830.jpg\",\"contentUrl\":\"https:\/\/wpsite-assets.fondazionepirelli.org\/wp-content\/uploads\/2019\/06\/03232051\/1447141920304812830.jpg\",\"width\":250,\"height\":372},{\"@type\":\"BreadcrumbList\",\"@id\":\"https:\/\/127.0.0.1\/it\/cultura-dimpresa\/il-futuro-spiegato\/#breadcrumb\",\"itemListElement\":[{\"@type\":\"ListItem\",\"position\":1,\"name\":\"Home\",\"item\":\"https:\/\/www.fondazionepirelli.org\/it\/\"},{\"@type\":\"ListItem\",\"position\":2,\"name\":\"Il futuro spiegato\"}]},{\"@type\":\"WebSite\",\"@id\":\"https:\/\/www.fondazionepirelli.org\/it\/#website\",\"url\":\"https:\/\/www.fondazionepirelli.org\/it\/\",\"name\":\"Fondazione Pirelli\",\"description\":\"\",\"potentialAction\":[{\"@type\":\"SearchAction\",\"target\":{\"@type\":\"EntryPoint\",\"urlTemplate\":\"https:\/\/www.fondazionepirelli.org\/it\/?s={search_term_string}\"},\"query-input\":{\"@type\":\"PropertyValueSpecification\",\"valueRequired\":true,\"valueName\":\"search_term_string\"}}],\"inLanguage\":\"it-IT\"},{\"@type\":\"Person\",\"@id\":\"https:\/\/www.fondazionepirelli.org\/it\/#\/schema\/person\/f47d097000832c4a6e54538c791fdf25\",\"name\":\"fondadmin\",\"image\":{\"@type\":\"ImageObject\",\"inLanguage\":\"it-IT\",\"@id\":\"https:\/\/www.fondazionepirelli.org\/it\/#\/schema\/person\/image\/\",\"url\":\"https:\/\/secure.gravatar.com\/avatar\/e69498a9175ca244966e51e53c88712c024fcebe41f9a05f75657f1bb25e489b?s=96&d=mm&r=g\",\"contentUrl\":\"https:\/\/secure.gravatar.com\/avatar\/e69498a9175ca244966e51e53c88712c024fcebe41f9a05f75657f1bb25e489b?s=96&d=mm&r=g\",\"caption\":\"fondadmin\"},\"url\":\"https:\/\/www.fondazionepirelli.org\/it\/author\/fondadmin\/\"}]}<\/script>\n<!-- \/ Yoast SEO plugin. -->","yoast_head_json":{"title":"Il futuro spiegato - Fondazione Pirelli","robots":{"index":"index","follow":"follow","max-snippet":"max-snippet:-1","max-image-preview":"max-image-preview:large","max-video-preview":"max-video-preview:-1"},"canonical":"https:\/\/www.fondazionepirelli.org\/it\/cultura-dimpresa\/il-futuro-spiegato\/","og_locale":"it_IT","og_type":"article","og_title":"Il futuro spiegato - Fondazione Pirelli","og_description":"La rete, il web, Internet, la digitalizzazione di alcune delle parti pi\u00f9 importanti della nostra vita possono essere altrettanti strumenti di produzione e, pi\u00f9 in generale, di facilitazione del sistema entro il quale uomini, donne, imprese, situazioni vivono e interagiscono. Occorre per\u00f2 capire bene per usare al meglio tutto questo. Principio basilare della buona economia [&hellip;]","og_url":"https:\/\/127.0.0.1\/it\/cultura-dimpresa\/il-futuro-spiegato\/","og_site_name":"Fondazione Pirelli","article_published_time":"2015-11-09T00:00:00+00:00","article_modified_time":"2019-10-29T14:05:15+00:00","og_image":[{"width":250,"height":372,"url":"https:\/\/wpsite-assets.fondazionepirelli.org\/wp-content\/uploads\/2019\/06\/03232051\/1447141920304812830.jpg","type":"image\/jpeg"}],"author":"fondadmin","twitter_card":"summary_large_image","twitter_misc":{"Scritto da":"fondadmin","Tempo di lettura stimato":"2 minuti"},"schema":{"@context":"https:\/\/schema.org","@graph":[{"@type":"WebPage","@id":"https:\/\/127.0.0.1\/it\/cultura-dimpresa\/il-futuro-spiegato\/","url":"https:\/\/127.0.0.1\/it\/cultura-dimpresa\/il-futuro-spiegato\/","name":"Il futuro spiegato - Fondazione Pirelli","isPartOf":{"@id":"https:\/\/www.fondazionepirelli.org\/it\/#website"},"primaryImageOfPage":{"@id":"https:\/\/127.0.0.1\/it\/cultura-dimpresa\/il-futuro-spiegato\/#primaryimage"},"image":{"@id":"https:\/\/127.0.0.1\/it\/cultura-dimpresa\/il-futuro-spiegato\/#primaryimage"},"thumbnailUrl":"https:\/\/wpsite-assets.fondazionepirelli.org\/wp-content\/uploads\/2019\/06\/03232051\/1447141920304812830.jpg","datePublished":"2015-11-09T00:00:00+00:00","dateModified":"2019-10-29T14:05:15+00:00","author":{"@id":"https:\/\/www.fondazionepirelli.org\/it\/#\/schema\/person\/f47d097000832c4a6e54538c791fdf25"},"breadcrumb":{"@id":"https:\/\/127.0.0.1\/it\/cultura-dimpresa\/il-futuro-spiegato\/#breadcrumb"},"inLanguage":"it-IT","potentialAction":[{"@type":"ReadAction","target":["https:\/\/127.0.0.1\/it\/cultura-dimpresa\/il-futuro-spiegato\/"]}]},{"@type":"ImageObject","inLanguage":"it-IT","@id":"https:\/\/127.0.0.1\/it\/cultura-dimpresa\/il-futuro-spiegato\/#primaryimage","url":"https:\/\/wpsite-assets.fondazionepirelli.org\/wp-content\/uploads\/2019\/06\/03232051\/1447141920304812830.jpg","contentUrl":"https:\/\/wpsite-assets.fondazionepirelli.org\/wp-content\/uploads\/2019\/06\/03232051\/1447141920304812830.jpg","width":250,"height":372},{"@type":"BreadcrumbList","@id":"https:\/\/127.0.0.1\/it\/cultura-dimpresa\/il-futuro-spiegato\/#breadcrumb","itemListElement":[{"@type":"ListItem","position":1,"name":"Home","item":"https:\/\/www.fondazionepirelli.org\/it\/"},{"@type":"ListItem","position":2,"name":"Il futuro spiegato"}]},{"@type":"WebSite","@id":"https:\/\/www.fondazionepirelli.org\/it\/#website","url":"https:\/\/www.fondazionepirelli.org\/it\/","name":"Fondazione Pirelli","description":"","potentialAction":[{"@type":"SearchAction","target":{"@type":"EntryPoint","urlTemplate":"https:\/\/www.fondazionepirelli.org\/it\/?s={search_term_string}"},"query-input":{"@type":"PropertyValueSpecification","valueRequired":true,"valueName":"search_term_string"}}],"inLanguage":"it-IT"},{"@type":"Person","@id":"https:\/\/www.fondazionepirelli.org\/it\/#\/schema\/person\/f47d097000832c4a6e54538c791fdf25","name":"fondadmin","image":{"@type":"ImageObject","inLanguage":"it-IT","@id":"https:\/\/www.fondazionepirelli.org\/it\/#\/schema\/person\/image\/","url":"https:\/\/secure.gravatar.com\/avatar\/e69498a9175ca244966e51e53c88712c024fcebe41f9a05f75657f1bb25e489b?s=96&d=mm&r=g","contentUrl":"https:\/\/secure.gravatar.com\/avatar\/e69498a9175ca244966e51e53c88712c024fcebe41f9a05f75657f1bb25e489b?s=96&d=mm&r=g","caption":"fondadmin"},"url":"https:\/\/www.fondazionepirelli.org\/it\/author\/fondadmin\/"}]}},"_links":{"self":[{"href":"https:\/\/www.fondazionepirelli.org\/it\/wp-json\/wp\/v2\/posts\/57521\/"}],"collection":[{"href":"https:\/\/www.fondazionepirelli.org\/it\/wp-json\/wp\/v2\/posts\/"}],"about":[{"href":"https:\/\/www.fondazionepirelli.org\/it\/wp-json\/wp\/v2\/types\/post\/"}],"author":[{"embeddable":true,"href":"https:\/\/www.fondazionepirelli.org\/it\/wp-json\/wp\/v2\/users\/1\/"}],"replies":[{"embeddable":true,"href":"https:\/\/www.fondazionepirelli.org\/it\/wp-json\/wp\/v2\/comments\/?post=57521"}],"version-history":[{"count":3,"href":"https:\/\/www.fondazionepirelli.org\/it\/wp-json\/wp\/v2\/posts\/57521\/revisions\/"}],"predecessor-version":[{"id":70961,"href":"https:\/\/www.fondazionepirelli.org\/it\/wp-json\/wp\/v2\/posts\/57521\/revisions\/70961\/"}],"wp:featuredmedia":[{"embeddable":true,"href":"https:\/\/www.fondazionepirelli.org\/it\/wp-json\/wp\/v2\/media\/57522\/"}],"wp:attachment":[{"href":"https:\/\/www.fondazionepirelli.org\/it\/wp-json\/wp\/v2\/media\/?parent=57521"}],"wp:term":[{"taxonomy":"category","embeddable":true,"href":"https:\/\/www.fondazionepirelli.org\/it\/wp-json\/wp\/v2\/categories\/?post=57521"},{"taxonomy":"post_tag","embeddable":true,"href":"https:\/\/www.fondazionepirelli.org\/it\/wp-json\/wp\/v2\/tags\/?post=57521"}],"curies":[{"name":"wp","href":"https:\/\/api.w.org\/{rel}","templated":true}]}}