{"id":57529,"date":"2015-12-08T00:00:00","date_gmt":"2015-12-08T00:00:00","guid":{"rendered":"http:\/\/www.fondazionepirelli.org\/imprese-capaci-di-sognare\/"},"modified":"2019-10-29T15:46:15","modified_gmt":"2019-10-29T13:46:15","slug":"imprese-capaci-di-sognare","status":"publish","type":"post","link":"https:\/\/www.fondazionepirelli.org\/it\/cultura-dimpresa\/imprese-capaci-di-sognare\/","title":{"rendered":"Imprese capaci di sognare"},"content":{"rendered":"<p>Il buon imprenditore sa vedere il futuro, il buon manager sa come organizzare l\u2019azienda in maniera tale da anticiparlo concretamente. Assunti, questi, che potrebbero apparire irrealizzabili in concreto e che, invece, spesso si realizzano senza darlo a vedere. Razionalizzare quanto accade \u00e8 per\u00f2 importante. Cos\u00ec come lo \u00e8, proprio per capire, leggere \u201cAnticipare il futuro\u201d di Alberto De Toni (Rettore dell\u2019Universit\u00e0 di Udine), e Roberto Siagri (imprenditore), e Cinzia Battistella (ricercatrice presso la Libera Universit\u00e0 di Bolzano).<\/p>\n<p>I tre autori partono da molto lontano e in particolare dalla considerazione che \u201cda sempre l\u2019uomo ha cercato di immaginare il proprio futuro. Nel 424 a.C. Erodoto \u2013 spiegano -, sosteneva l\u2019importanza di guardare al futuro sostenendo che niente rimane uguale, e chi non vuole crescere sar\u00e0 presto superato da quelli che invece lo vorranno. \u00c8 necessario quindi pianificare il futuro in maniera effettiva\u201d. E\u2019 da qui che inizia un percorso di analisi di come le organizzazioni devono affrontare il cambiamento guardando al futuro. Viene quindi spiegato che per anticipare il futuro sono necessari approcci avanzati che vadano oltre i tradizionali modelli di previsione (forecast). Questi metodi avanzati, cosiddetti di anticipazione (foresight), costruiscono scenari possibili considerando la molteplicit\u00e0 dei presenti, i segnali deboli, i trend emergenti e i percorsi possibili di evoluzione.<\/p>\n<p>Nel libro quindi vengono presentati i due pilastri su cui si basa il foresight: l\u2019organizzazione e la gestione. Sul piano organizzativo, si propone la separazione della \u201cricerca\u201d (orientata al mercato del futuro), dallo \u201csviluppo\u201d (orientato al mercato di oggi), l\u2019istituzione di un\u2019unit\u00e0 di foresight e l\u2019organizzazione delle attivit\u00e0 di \u201cricerca\u201d in via prevalente come connessione di conoscenze esterne. Si propone una metodologia, denominata di \u201ccopertura del futuro\u201d, che permette di verificare la coerenza tra trend, visione strategica e prodotti offerti. A completare il tutto, \u00e8 una caso studio, quello della Eurotech SpA di Amaro (UD), azienda leader nel settore dell\u2019ICT.<\/p>\n<p>Ci\u00f2 che pi\u00f9 conta, forse, \u00e8 comunque l\u2019impostazione di fondo che anima il volume \u00a0Il futuro lo si raggiunge con l\u2019innovazione e con la capacit\u00e0 di \u201csaltare\u201d il presente. Non a caso, nell\u2019introduzione, i tre autori citano lo scrittore americano Carl Sandburg che rammenta come \u201cnulla accade se non prima un sogno\u201d e Martin Luther King con il suo celebre \u00a0\u201cho un sogno\u201d. Capacit\u00e0 e coraggio di guardare oltre, devono anche caratterizzare imprenditori e manager di successo. \u00a0&#8220;L&#8217;innovazione \u2013 \u00e8 scritto nel libro -, \u00e8 una disobbedienza andata a buon fine&#8221;.<\/p><p><strong>Anticipare il futuro. Corporate foresight<\/strong><\/p>\n<p>Alberto De Toni, Roberto Siagri, Cinzia Battistella<\/p>\n<p>Egea, 2015<\/p>","protected":false},"excerpt":{"rendered":"<p>Il buon imprenditore sa vedere il futuro, il buon manager sa come organizzare l\u2019azienda in maniera tale da anticiparlo concretamente. Assunti, questi, che potrebbero apparire irrealizzabili in concreto e che, invece, spesso si realizzano senza darlo a vedere. Razionalizzare quanto accade \u00e8 per\u00f2 importante. Cos\u00ec come lo \u00e8, proprio per capire, leggere \u201cAnticipare il futuro\u201d [&hellip;]<\/p>\n","protected":false},"author":1,"featured_media":57530,"comment_status":"open","ping_status":"open","sticky":false,"template":"","format":"standard","meta":{"footnotes":""},"categories":[52,58],"tags":[],"class_list":["post-57529","post","type-post","status-publish","format-standard","has-post-thumbnail","hentry","category-cultura-dimpresa","category-recensioni-libri"],"acf":[],"yoast_head":"<!-- This site is optimized with the Yoast SEO plugin v25.0 - https:\/\/yoast.com\/wordpress\/plugins\/seo\/ -->\n<title>Imprese capaci di sognare - Fondazione Pirelli<\/title>\n<meta name=\"robots\" content=\"index, follow, max-snippet:-1, max-image-preview:large, max-video-preview:-1\" \/>\n<link rel=\"canonical\" href=\"https:\/\/www.fondazionepirelli.org\/it\/cultura-dimpresa\/imprese-capaci-di-sognare\/\" \/>\n<meta property=\"og:locale\" content=\"it_IT\" \/>\n<meta property=\"og:type\" content=\"article\" \/>\n<meta property=\"og:title\" content=\"Imprese capaci di sognare - Fondazione Pirelli\" \/>\n<meta property=\"og:description\" content=\"Il buon imprenditore sa vedere il futuro, il buon manager sa come organizzare l\u2019azienda in maniera tale da anticiparlo concretamente. Assunti, questi, che potrebbero apparire irrealizzabili in concreto e che, invece, spesso si realizzano senza darlo a vedere. Razionalizzare quanto accade \u00e8 per\u00f2 importante. Cos\u00ec come lo \u00e8, proprio per capire, leggere \u201cAnticipare il futuro\u201d [&hellip;]\" \/>\n<meta property=\"og:url\" content=\"https:\/\/www.fondazionepirelli.org\/it\/cultura-dimpresa\/imprese-capaci-di-sognare\/\" \/>\n<meta property=\"og:site_name\" content=\"Fondazione Pirelli\" \/>\n<meta property=\"article:published_time\" content=\"2015-12-08T00:00:00+00:00\" \/>\n<meta property=\"article:modified_time\" content=\"2019-10-29T13:46:15+00:00\" \/>\n<meta property=\"og:image\" content=\"https:\/\/wpsite-assets.fondazionepirelli.org\/wp-content\/uploads\/2019\/06\/03232055\/1449656263980983225.jpg\" \/>\n\t<meta property=\"og:image:width\" content=\"250\" \/>\n\t<meta property=\"og:image:height\" content=\"352\" \/>\n\t<meta property=\"og:image:type\" content=\"image\/jpeg\" \/>\n<meta name=\"author\" content=\"fondadmin\" \/>\n<meta name=\"twitter:card\" content=\"summary_large_image\" \/>\n<meta name=\"twitter:label1\" content=\"Scritto da\" \/>\n\t<meta name=\"twitter:data1\" content=\"fondadmin\" \/>\n\t<meta name=\"twitter:label2\" content=\"Tempo di lettura stimato\" \/>\n\t<meta name=\"twitter:data2\" content=\"2 minuti\" \/>\n<script type=\"application\/ld+json\" class=\"yoast-schema-graph\">{\"@context\":\"https:\/\/schema.org\",\"@graph\":[{\"@type\":\"WebPage\",\"@id\":\"https:\/\/www.fondazionepirelli.org\/it\/cultura-dimpresa\/imprese-capaci-di-sognare\/\",\"url\":\"https:\/\/www.fondazionepirelli.org\/it\/cultura-dimpresa\/imprese-capaci-di-sognare\/\",\"name\":\"Imprese capaci di sognare - Fondazione Pirelli\",\"isPartOf\":{\"@id\":\"https:\/\/www.fondazionepirelli.org\/it\/#website\"},\"primaryImageOfPage\":{\"@id\":\"https:\/\/www.fondazionepirelli.org\/it\/cultura-dimpresa\/imprese-capaci-di-sognare\/#primaryimage\"},\"image\":{\"@id\":\"https:\/\/www.fondazionepirelli.org\/it\/cultura-dimpresa\/imprese-capaci-di-sognare\/#primaryimage\"},\"thumbnailUrl\":\"https:\/\/wpsite-assets.fondazionepirelli.org\/wp-content\/uploads\/2019\/06\/03232055\/1449656263980983225.jpg\",\"datePublished\":\"2015-12-08T00:00:00+00:00\",\"dateModified\":\"2019-10-29T13:46:15+00:00\",\"author\":{\"@id\":\"https:\/\/www.fondazionepirelli.org\/it\/#\/schema\/person\/f47d097000832c4a6e54538c791fdf25\"},\"breadcrumb\":{\"@id\":\"https:\/\/www.fondazionepirelli.org\/it\/cultura-dimpresa\/imprese-capaci-di-sognare\/#breadcrumb\"},\"inLanguage\":\"it-IT\",\"potentialAction\":[{\"@type\":\"ReadAction\",\"target\":[\"https:\/\/www.fondazionepirelli.org\/it\/cultura-dimpresa\/imprese-capaci-di-sognare\/\"]}]},{\"@type\":\"ImageObject\",\"inLanguage\":\"it-IT\",\"@id\":\"https:\/\/www.fondazionepirelli.org\/it\/cultura-dimpresa\/imprese-capaci-di-sognare\/#primaryimage\",\"url\":\"https:\/\/wpsite-assets.fondazionepirelli.org\/wp-content\/uploads\/2019\/06\/03232055\/1449656263980983225.jpg\",\"contentUrl\":\"https:\/\/wpsite-assets.fondazionepirelli.org\/wp-content\/uploads\/2019\/06\/03232055\/1449656263980983225.jpg\",\"width\":250,\"height\":352},{\"@type\":\"BreadcrumbList\",\"@id\":\"https:\/\/www.fondazionepirelli.org\/it\/cultura-dimpresa\/imprese-capaci-di-sognare\/#breadcrumb\",\"itemListElement\":[{\"@type\":\"ListItem\",\"position\":1,\"name\":\"Home\",\"item\":\"https:\/\/www.fondazionepirelli.org\/it\/\"},{\"@type\":\"ListItem\",\"position\":2,\"name\":\"Imprese capaci di sognare\"}]},{\"@type\":\"WebSite\",\"@id\":\"https:\/\/www.fondazionepirelli.org\/it\/#website\",\"url\":\"https:\/\/www.fondazionepirelli.org\/it\/\",\"name\":\"Fondazione Pirelli\",\"description\":\"\",\"potentialAction\":[{\"@type\":\"SearchAction\",\"target\":{\"@type\":\"EntryPoint\",\"urlTemplate\":\"https:\/\/www.fondazionepirelli.org\/it\/?s={search_term_string}\"},\"query-input\":{\"@type\":\"PropertyValueSpecification\",\"valueRequired\":true,\"valueName\":\"search_term_string\"}}],\"inLanguage\":\"it-IT\"},{\"@type\":\"Person\",\"@id\":\"https:\/\/www.fondazionepirelli.org\/it\/#\/schema\/person\/f47d097000832c4a6e54538c791fdf25\",\"name\":\"fondadmin\",\"image\":{\"@type\":\"ImageObject\",\"inLanguage\":\"it-IT\",\"@id\":\"https:\/\/www.fondazionepirelli.org\/it\/#\/schema\/person\/image\/\",\"url\":\"https:\/\/secure.gravatar.com\/avatar\/e69498a9175ca244966e51e53c88712c024fcebe41f9a05f75657f1bb25e489b?s=96&d=mm&r=g\",\"contentUrl\":\"https:\/\/secure.gravatar.com\/avatar\/e69498a9175ca244966e51e53c88712c024fcebe41f9a05f75657f1bb25e489b?s=96&d=mm&r=g\",\"caption\":\"fondadmin\"},\"url\":\"https:\/\/www.fondazionepirelli.org\/it\/author\/fondadmin\/\"}]}<\/script>\n<!-- \/ Yoast SEO plugin. -->","yoast_head_json":{"title":"Imprese capaci di sognare - Fondazione Pirelli","robots":{"index":"index","follow":"follow","max-snippet":"max-snippet:-1","max-image-preview":"max-image-preview:large","max-video-preview":"max-video-preview:-1"},"canonical":"https:\/\/www.fondazionepirelli.org\/it\/cultura-dimpresa\/imprese-capaci-di-sognare\/","og_locale":"it_IT","og_type":"article","og_title":"Imprese capaci di sognare - Fondazione Pirelli","og_description":"Il buon imprenditore sa vedere il futuro, il buon manager sa come organizzare l\u2019azienda in maniera tale da anticiparlo concretamente. Assunti, questi, che potrebbero apparire irrealizzabili in concreto e che, invece, spesso si realizzano senza darlo a vedere. Razionalizzare quanto accade \u00e8 per\u00f2 importante. Cos\u00ec come lo \u00e8, proprio per capire, leggere \u201cAnticipare il futuro\u201d [&hellip;]","og_url":"https:\/\/www.fondazionepirelli.org\/it\/cultura-dimpresa\/imprese-capaci-di-sognare\/","og_site_name":"Fondazione Pirelli","article_published_time":"2015-12-08T00:00:00+00:00","article_modified_time":"2019-10-29T13:46:15+00:00","og_image":[{"width":250,"height":352,"url":"https:\/\/wpsite-assets.fondazionepirelli.org\/wp-content\/uploads\/2019\/06\/03232055\/1449656263980983225.jpg","type":"image\/jpeg"}],"author":"fondadmin","twitter_card":"summary_large_image","twitter_misc":{"Scritto da":"fondadmin","Tempo di lettura stimato":"2 minuti"},"schema":{"@context":"https:\/\/schema.org","@graph":[{"@type":"WebPage","@id":"https:\/\/www.fondazionepirelli.org\/it\/cultura-dimpresa\/imprese-capaci-di-sognare\/","url":"https:\/\/www.fondazionepirelli.org\/it\/cultura-dimpresa\/imprese-capaci-di-sognare\/","name":"Imprese capaci di sognare - Fondazione Pirelli","isPartOf":{"@id":"https:\/\/www.fondazionepirelli.org\/it\/#website"},"primaryImageOfPage":{"@id":"https:\/\/www.fondazionepirelli.org\/it\/cultura-dimpresa\/imprese-capaci-di-sognare\/#primaryimage"},"image":{"@id":"https:\/\/www.fondazionepirelli.org\/it\/cultura-dimpresa\/imprese-capaci-di-sognare\/#primaryimage"},"thumbnailUrl":"https:\/\/wpsite-assets.fondazionepirelli.org\/wp-content\/uploads\/2019\/06\/03232055\/1449656263980983225.jpg","datePublished":"2015-12-08T00:00:00+00:00","dateModified":"2019-10-29T13:46:15+00:00","author":{"@id":"https:\/\/www.fondazionepirelli.org\/it\/#\/schema\/person\/f47d097000832c4a6e54538c791fdf25"},"breadcrumb":{"@id":"https:\/\/www.fondazionepirelli.org\/it\/cultura-dimpresa\/imprese-capaci-di-sognare\/#breadcrumb"},"inLanguage":"it-IT","potentialAction":[{"@type":"ReadAction","target":["https:\/\/www.fondazionepirelli.org\/it\/cultura-dimpresa\/imprese-capaci-di-sognare\/"]}]},{"@type":"ImageObject","inLanguage":"it-IT","@id":"https:\/\/www.fondazionepirelli.org\/it\/cultura-dimpresa\/imprese-capaci-di-sognare\/#primaryimage","url":"https:\/\/wpsite-assets.fondazionepirelli.org\/wp-content\/uploads\/2019\/06\/03232055\/1449656263980983225.jpg","contentUrl":"https:\/\/wpsite-assets.fondazionepirelli.org\/wp-content\/uploads\/2019\/06\/03232055\/1449656263980983225.jpg","width":250,"height":352},{"@type":"BreadcrumbList","@id":"https:\/\/www.fondazionepirelli.org\/it\/cultura-dimpresa\/imprese-capaci-di-sognare\/#breadcrumb","itemListElement":[{"@type":"ListItem","position":1,"name":"Home","item":"https:\/\/www.fondazionepirelli.org\/it\/"},{"@type":"ListItem","position":2,"name":"Imprese capaci di sognare"}]},{"@type":"WebSite","@id":"https:\/\/www.fondazionepirelli.org\/it\/#website","url":"https:\/\/www.fondazionepirelli.org\/it\/","name":"Fondazione Pirelli","description":"","potentialAction":[{"@type":"SearchAction","target":{"@type":"EntryPoint","urlTemplate":"https:\/\/www.fondazionepirelli.org\/it\/?s={search_term_string}"},"query-input":{"@type":"PropertyValueSpecification","valueRequired":true,"valueName":"search_term_string"}}],"inLanguage":"it-IT"},{"@type":"Person","@id":"https:\/\/www.fondazionepirelli.org\/it\/#\/schema\/person\/f47d097000832c4a6e54538c791fdf25","name":"fondadmin","image":{"@type":"ImageObject","inLanguage":"it-IT","@id":"https:\/\/www.fondazionepirelli.org\/it\/#\/schema\/person\/image\/","url":"https:\/\/secure.gravatar.com\/avatar\/e69498a9175ca244966e51e53c88712c024fcebe41f9a05f75657f1bb25e489b?s=96&d=mm&r=g","contentUrl":"https:\/\/secure.gravatar.com\/avatar\/e69498a9175ca244966e51e53c88712c024fcebe41f9a05f75657f1bb25e489b?s=96&d=mm&r=g","caption":"fondadmin"},"url":"https:\/\/www.fondazionepirelli.org\/it\/author\/fondadmin\/"}]}},"_links":{"self":[{"href":"https:\/\/www.fondazionepirelli.org\/it\/wp-json\/wp\/v2\/posts\/57529\/"}],"collection":[{"href":"https:\/\/www.fondazionepirelli.org\/it\/wp-json\/wp\/v2\/posts\/"}],"about":[{"href":"https:\/\/www.fondazionepirelli.org\/it\/wp-json\/wp\/v2\/types\/post\/"}],"author":[{"embeddable":true,"href":"https:\/\/www.fondazionepirelli.org\/it\/wp-json\/wp\/v2\/users\/1\/"}],"replies":[{"embeddable":true,"href":"https:\/\/www.fondazionepirelli.org\/it\/wp-json\/wp\/v2\/comments\/?post=57529"}],"version-history":[{"count":2,"href":"https:\/\/www.fondazionepirelli.org\/it\/wp-json\/wp\/v2\/posts\/57529\/revisions\/"}],"predecessor-version":[{"id":70951,"href":"https:\/\/www.fondazionepirelli.org\/it\/wp-json\/wp\/v2\/posts\/57529\/revisions\/70951\/"}],"wp:featuredmedia":[{"embeddable":true,"href":"https:\/\/www.fondazionepirelli.org\/it\/wp-json\/wp\/v2\/media\/57530\/"}],"wp:attachment":[{"href":"https:\/\/www.fondazionepirelli.org\/it\/wp-json\/wp\/v2\/media\/?parent=57529"}],"wp:term":[{"taxonomy":"category","embeddable":true,"href":"https:\/\/www.fondazionepirelli.org\/it\/wp-json\/wp\/v2\/categories\/?post=57529"},{"taxonomy":"post_tag","embeddable":true,"href":"https:\/\/www.fondazionepirelli.org\/it\/wp-json\/wp\/v2\/tags\/?post=57529"}],"curies":[{"name":"wp","href":"https:\/\/api.w.org\/{rel}","templated":true}]}}