{"id":57531,"date":"2015-12-14T00:00:00","date_gmt":"2015-12-14T00:00:00","guid":{"rendered":"http:\/\/www.fondazionepirelli.org\/limpresa-alla-finestra\/"},"modified":"2019-10-29T15:40:10","modified_gmt":"2019-10-29T13:40:10","slug":"limpresa-alla-finestra","status":"publish","type":"post","link":"https:\/\/www.fondazionepirelli.org\/it\/cultura-dimpresa\/limpresa-alla-finestra\/","title":{"rendered":"L\u2019impresa alla finestra"},"content":{"rendered":"<p>La buona impresa non cerca solo nuove occasioni d\u2019affari e nuovi mercati. Perch\u00e9 l\u2019imprenditore per essere davvero tale, passa anche un po\u2019 del suo tempo \u201calla finestra\u201d. Cos\u00ec i suoi manager. Guardare al mondo che circonda l\u2019organizzazione della produzione, il suo farsi e il suo inventare nuove attivit\u00e0, \u00e8 determinante. Si tratta di buona impresa e buona cultura della produzione.<\/p>\n<p>Per tutti i protagonisti della produzione aziendale, quindi, \u00e8 importante avere a disposizione strumenti di conoscenza di ci\u00f2 che \u00e8 all\u2019esterno della loro realt\u00e0 quotidiana di lavoro.<\/p>\n<p>E\u2019 il caso del \u201cRapporto sulla situazione sociale del Paese 2015\u201d redatto dalla Fondazione CENSIS. Pubblicazione ormai attesa nel calendario annuale italiano, il Rapporto fornisce una fotografia aggiornata, interessante e disincantata del sistema sociale del Paese, guardando i movimenti e i mutamenti pi\u00f9 importanti.<\/p>\n<p>Al di l\u00e0 degli approfondimenti tecnici, il cuore del Rapporto \u00e8 nelle Considerazioni generali \u00a0che quest\u2019anno partono da un\u2019istantanea che fotografa la societ\u00e0 di oggi come \u201csconnessa\u201d, quasi sull\u2019orlo di un precipizio nel quale il Paese rischia continuamente di cadere. E\u2019 in questo contesto che anche le imprese agiscono, lavorando per\u00f2 a forme nuove di organizzazione della propria attivit\u00e0, sensibili ai suggerimenti che arrivano dalla societ\u00e0, attente \u2013 nella maggior parte dei casi -, a quanto comunque si muove verso lo sviluppo.<\/p>\n<p>Scrive infatti il Rapporto: \u201c(\u2026) se l\u2019abisso non arriva mai, la ragione sta verosimilmente nel fatto che questa societ\u00e0 \u00a0sconnessa e sempre in pericolo finisce, anche in questo frangente, per fare il suo cammino, il suo carattere, la sua identit\u00e0 collettiva\u201d.<\/p>\n<p>L\u2019Italia fissata dalle pagine del Rapporto CENSIS, e nella quale le imprese si trovano a vivere e lavorare, non \u00e8 quindi tutta negativa.<\/p>\n<p>Anzi, il CENSIS spiega come la societ\u00e0 italiana stia seguendo uno sviluppo costruito sulla sua storia di lungo periodo, sulla capacit\u00e0 inventiva, sulla naturalezza dei processi oggi vincenti: un impasto che connota un \u201cresto&#8221; che non entra nella cronaca e nel dibattito socio-politico, e non accede al proscenio della visibilit\u00e0 mediatica, ma anima il &#8220;racconto&#8221; reale del Paese ed \u00e8 fatto, per esempio, di nuove imprese (quelle che vengono chiamate start up), spesso condotte da giovani imprenditori. \u201cSi va cos\u00ec costruendo, nell\u2019indifferenza del dibattito socio-politico \u00a0\u2013 si legge nelle Considerazioni generali -, uno sviluppo fatto di basi storiche e di capacit\u00e0 inventiva (\u2026). Colpisce, in questa prospettiva, la crescente naturalezza dei processi oggi vincenti\u201d.<\/p>\n<p>E\u2019, quindi, il Rapporto una sorta di vademecum sulla societ\u00e0 italiana contemporanea che andrebbe letto tutto e confrontato con quanto l\u2019impresa vede affacciandosi alla finestra dei suoi uffici. Una buona lettura, dunque, per tutti.<\/p><p><strong>Rapporto sulla situazione sociale del Paese 2015\u00a0<\/strong><\/p>\n<p>CENSIS, 2015<\/p>\n","protected":false},"excerpt":{"rendered":"<p>La buona impresa non cerca solo nuove occasioni d\u2019affari e nuovi mercati. Perch\u00e9 l\u2019imprenditore per essere davvero tale, passa anche un po\u2019 del suo tempo \u201calla finestra\u201d. Cos\u00ec i suoi manager. Guardare al mondo che circonda l\u2019organizzazione della produzione, il suo farsi e il suo inventare nuove attivit\u00e0, \u00e8 determinante. Si tratta di buona impresa [&hellip;]<\/p>\n","protected":false},"author":1,"featured_media":57532,"comment_status":"open","ping_status":"open","sticky":false,"template":"","format":"standard","meta":{"footnotes":""},"categories":[54,52],"tags":[],"class_list":["post-57531","post","type-post","status-publish","format-standard","has-post-thumbnail","hentry","category-approfondimenti","category-cultura-dimpresa"],"acf":[],"yoast_head":"<!-- This site is optimized with the Yoast SEO plugin v25.0 - https:\/\/yoast.com\/wordpress\/plugins\/seo\/ -->\n<title>L\u2019impresa alla finestra - Fondazione Pirelli<\/title>\n<meta name=\"robots\" content=\"index, follow, max-snippet:-1, max-image-preview:large, max-video-preview:-1\" \/>\n<link rel=\"canonical\" href=\"https:\/\/www.fondazionepirelli.org\/it\/cultura-dimpresa\/limpresa-alla-finestra\/\" \/>\n<meta property=\"og:locale\" content=\"it_IT\" \/>\n<meta property=\"og:type\" content=\"article\" \/>\n<meta property=\"og:title\" content=\"L\u2019impresa alla finestra - Fondazione Pirelli\" \/>\n<meta property=\"og:description\" content=\"La buona impresa non cerca solo nuove occasioni d\u2019affari e nuovi mercati. Perch\u00e9 l\u2019imprenditore per essere davvero tale, passa anche un po\u2019 del suo tempo \u201calla finestra\u201d. Cos\u00ec i suoi manager. Guardare al mondo che circonda l\u2019organizzazione della produzione, il suo farsi e il suo inventare nuove attivit\u00e0, \u00e8 determinante. Si tratta di buona impresa [&hellip;]\" \/>\n<meta property=\"og:url\" content=\"https:\/\/www.fondazionepirelli.org\/it\/cultura-dimpresa\/limpresa-alla-finestra\/\" \/>\n<meta property=\"og:site_name\" content=\"Fondazione Pirelli\" \/>\n<meta property=\"article:published_time\" content=\"2015-12-14T00:00:00+00:00\" \/>\n<meta property=\"article:modified_time\" content=\"2019-10-29T13:40:10+00:00\" \/>\n<meta property=\"og:image\" content=\"https:\/\/wpsite-assets.fondazionepirelli.org\/wp-content\/uploads\/2019\/06\/03232055\/14501674461330045527.jpg\" \/>\n\t<meta property=\"og:image:width\" content=\"170\" \/>\n\t<meta property=\"og:image:height\" content=\"243\" \/>\n\t<meta property=\"og:image:type\" content=\"image\/jpeg\" \/>\n<meta name=\"author\" content=\"fondadmin\" \/>\n<meta name=\"twitter:card\" content=\"summary_large_image\" \/>\n<meta name=\"twitter:label1\" content=\"Scritto da\" \/>\n\t<meta name=\"twitter:data1\" content=\"fondadmin\" \/>\n\t<meta name=\"twitter:label2\" content=\"Tempo di lettura stimato\" \/>\n\t<meta name=\"twitter:data2\" content=\"2 minuti\" \/>\n<script type=\"application\/ld+json\" class=\"yoast-schema-graph\">{\"@context\":\"https:\/\/schema.org\",\"@graph\":[{\"@type\":\"WebPage\",\"@id\":\"https:\/\/www.fondazionepirelli.org\/it\/cultura-dimpresa\/limpresa-alla-finestra\/\",\"url\":\"https:\/\/www.fondazionepirelli.org\/it\/cultura-dimpresa\/limpresa-alla-finestra\/\",\"name\":\"L\u2019impresa alla finestra - Fondazione Pirelli\",\"isPartOf\":{\"@id\":\"https:\/\/www.fondazionepirelli.org\/it\/#website\"},\"primaryImageOfPage\":{\"@id\":\"https:\/\/www.fondazionepirelli.org\/it\/cultura-dimpresa\/limpresa-alla-finestra\/#primaryimage\"},\"image\":{\"@id\":\"https:\/\/www.fondazionepirelli.org\/it\/cultura-dimpresa\/limpresa-alla-finestra\/#primaryimage\"},\"thumbnailUrl\":\"https:\/\/wpsite-assets.fondazionepirelli.org\/wp-content\/uploads\/2019\/06\/03232055\/14501674461330045527.jpg\",\"datePublished\":\"2015-12-14T00:00:00+00:00\",\"dateModified\":\"2019-10-29T13:40:10+00:00\",\"author\":{\"@id\":\"https:\/\/www.fondazionepirelli.org\/it\/#\/schema\/person\/f47d097000832c4a6e54538c791fdf25\"},\"breadcrumb\":{\"@id\":\"https:\/\/www.fondazionepirelli.org\/it\/cultura-dimpresa\/limpresa-alla-finestra\/#breadcrumb\"},\"inLanguage\":\"it-IT\",\"potentialAction\":[{\"@type\":\"ReadAction\",\"target\":[\"https:\/\/www.fondazionepirelli.org\/it\/cultura-dimpresa\/limpresa-alla-finestra\/\"]}]},{\"@type\":\"ImageObject\",\"inLanguage\":\"it-IT\",\"@id\":\"https:\/\/www.fondazionepirelli.org\/it\/cultura-dimpresa\/limpresa-alla-finestra\/#primaryimage\",\"url\":\"https:\/\/wpsite-assets.fondazionepirelli.org\/wp-content\/uploads\/2019\/06\/03232055\/14501674461330045527.jpg\",\"contentUrl\":\"https:\/\/wpsite-assets.fondazionepirelli.org\/wp-content\/uploads\/2019\/06\/03232055\/14501674461330045527.jpg\",\"width\":170,\"height\":243},{\"@type\":\"BreadcrumbList\",\"@id\":\"https:\/\/www.fondazionepirelli.org\/it\/cultura-dimpresa\/limpresa-alla-finestra\/#breadcrumb\",\"itemListElement\":[{\"@type\":\"ListItem\",\"position\":1,\"name\":\"Home\",\"item\":\"https:\/\/www.fondazionepirelli.org\/it\/\"},{\"@type\":\"ListItem\",\"position\":2,\"name\":\"L\u2019impresa alla finestra\"}]},{\"@type\":\"WebSite\",\"@id\":\"https:\/\/www.fondazionepirelli.org\/it\/#website\",\"url\":\"https:\/\/www.fondazionepirelli.org\/it\/\",\"name\":\"Fondazione Pirelli\",\"description\":\"\",\"potentialAction\":[{\"@type\":\"SearchAction\",\"target\":{\"@type\":\"EntryPoint\",\"urlTemplate\":\"https:\/\/www.fondazionepirelli.org\/it\/?s={search_term_string}\"},\"query-input\":{\"@type\":\"PropertyValueSpecification\",\"valueRequired\":true,\"valueName\":\"search_term_string\"}}],\"inLanguage\":\"it-IT\"},{\"@type\":\"Person\",\"@id\":\"https:\/\/www.fondazionepirelli.org\/it\/#\/schema\/person\/f47d097000832c4a6e54538c791fdf25\",\"name\":\"fondadmin\",\"image\":{\"@type\":\"ImageObject\",\"inLanguage\":\"it-IT\",\"@id\":\"https:\/\/www.fondazionepirelli.org\/it\/#\/schema\/person\/image\/\",\"url\":\"https:\/\/secure.gravatar.com\/avatar\/e69498a9175ca244966e51e53c88712c024fcebe41f9a05f75657f1bb25e489b?s=96&d=mm&r=g\",\"contentUrl\":\"https:\/\/secure.gravatar.com\/avatar\/e69498a9175ca244966e51e53c88712c024fcebe41f9a05f75657f1bb25e489b?s=96&d=mm&r=g\",\"caption\":\"fondadmin\"},\"url\":\"https:\/\/www.fondazionepirelli.org\/it\/author\/fondadmin\/\"}]}<\/script>\n<!-- \/ Yoast SEO plugin. -->","yoast_head_json":{"title":"L\u2019impresa alla finestra - Fondazione Pirelli","robots":{"index":"index","follow":"follow","max-snippet":"max-snippet:-1","max-image-preview":"max-image-preview:large","max-video-preview":"max-video-preview:-1"},"canonical":"https:\/\/www.fondazionepirelli.org\/it\/cultura-dimpresa\/limpresa-alla-finestra\/","og_locale":"it_IT","og_type":"article","og_title":"L\u2019impresa alla finestra - Fondazione Pirelli","og_description":"La buona impresa non cerca solo nuove occasioni d\u2019affari e nuovi mercati. Perch\u00e9 l\u2019imprenditore per essere davvero tale, passa anche un po\u2019 del suo tempo \u201calla finestra\u201d. Cos\u00ec i suoi manager. Guardare al mondo che circonda l\u2019organizzazione della produzione, il suo farsi e il suo inventare nuove attivit\u00e0, \u00e8 determinante. Si tratta di buona impresa [&hellip;]","og_url":"https:\/\/www.fondazionepirelli.org\/it\/cultura-dimpresa\/limpresa-alla-finestra\/","og_site_name":"Fondazione Pirelli","article_published_time":"2015-12-14T00:00:00+00:00","article_modified_time":"2019-10-29T13:40:10+00:00","og_image":[{"width":170,"height":243,"url":"https:\/\/wpsite-assets.fondazionepirelli.org\/wp-content\/uploads\/2019\/06\/03232055\/14501674461330045527.jpg","type":"image\/jpeg"}],"author":"fondadmin","twitter_card":"summary_large_image","twitter_misc":{"Scritto da":"fondadmin","Tempo di lettura stimato":"2 minuti"},"schema":{"@context":"https:\/\/schema.org","@graph":[{"@type":"WebPage","@id":"https:\/\/www.fondazionepirelli.org\/it\/cultura-dimpresa\/limpresa-alla-finestra\/","url":"https:\/\/www.fondazionepirelli.org\/it\/cultura-dimpresa\/limpresa-alla-finestra\/","name":"L\u2019impresa alla finestra - Fondazione Pirelli","isPartOf":{"@id":"https:\/\/www.fondazionepirelli.org\/it\/#website"},"primaryImageOfPage":{"@id":"https:\/\/www.fondazionepirelli.org\/it\/cultura-dimpresa\/limpresa-alla-finestra\/#primaryimage"},"image":{"@id":"https:\/\/www.fondazionepirelli.org\/it\/cultura-dimpresa\/limpresa-alla-finestra\/#primaryimage"},"thumbnailUrl":"https:\/\/wpsite-assets.fondazionepirelli.org\/wp-content\/uploads\/2019\/06\/03232055\/14501674461330045527.jpg","datePublished":"2015-12-14T00:00:00+00:00","dateModified":"2019-10-29T13:40:10+00:00","author":{"@id":"https:\/\/www.fondazionepirelli.org\/it\/#\/schema\/person\/f47d097000832c4a6e54538c791fdf25"},"breadcrumb":{"@id":"https:\/\/www.fondazionepirelli.org\/it\/cultura-dimpresa\/limpresa-alla-finestra\/#breadcrumb"},"inLanguage":"it-IT","potentialAction":[{"@type":"ReadAction","target":["https:\/\/www.fondazionepirelli.org\/it\/cultura-dimpresa\/limpresa-alla-finestra\/"]}]},{"@type":"ImageObject","inLanguage":"it-IT","@id":"https:\/\/www.fondazionepirelli.org\/it\/cultura-dimpresa\/limpresa-alla-finestra\/#primaryimage","url":"https:\/\/wpsite-assets.fondazionepirelli.org\/wp-content\/uploads\/2019\/06\/03232055\/14501674461330045527.jpg","contentUrl":"https:\/\/wpsite-assets.fondazionepirelli.org\/wp-content\/uploads\/2019\/06\/03232055\/14501674461330045527.jpg","width":170,"height":243},{"@type":"BreadcrumbList","@id":"https:\/\/www.fondazionepirelli.org\/it\/cultura-dimpresa\/limpresa-alla-finestra\/#breadcrumb","itemListElement":[{"@type":"ListItem","position":1,"name":"Home","item":"https:\/\/www.fondazionepirelli.org\/it\/"},{"@type":"ListItem","position":2,"name":"L\u2019impresa alla finestra"}]},{"@type":"WebSite","@id":"https:\/\/www.fondazionepirelli.org\/it\/#website","url":"https:\/\/www.fondazionepirelli.org\/it\/","name":"Fondazione Pirelli","description":"","potentialAction":[{"@type":"SearchAction","target":{"@type":"EntryPoint","urlTemplate":"https:\/\/www.fondazionepirelli.org\/it\/?s={search_term_string}"},"query-input":{"@type":"PropertyValueSpecification","valueRequired":true,"valueName":"search_term_string"}}],"inLanguage":"it-IT"},{"@type":"Person","@id":"https:\/\/www.fondazionepirelli.org\/it\/#\/schema\/person\/f47d097000832c4a6e54538c791fdf25","name":"fondadmin","image":{"@type":"ImageObject","inLanguage":"it-IT","@id":"https:\/\/www.fondazionepirelli.org\/it\/#\/schema\/person\/image\/","url":"https:\/\/secure.gravatar.com\/avatar\/e69498a9175ca244966e51e53c88712c024fcebe41f9a05f75657f1bb25e489b?s=96&d=mm&r=g","contentUrl":"https:\/\/secure.gravatar.com\/avatar\/e69498a9175ca244966e51e53c88712c024fcebe41f9a05f75657f1bb25e489b?s=96&d=mm&r=g","caption":"fondadmin"},"url":"https:\/\/www.fondazionepirelli.org\/it\/author\/fondadmin\/"}]}},"_links":{"self":[{"href":"https:\/\/www.fondazionepirelli.org\/it\/wp-json\/wp\/v2\/posts\/57531\/"}],"collection":[{"href":"https:\/\/www.fondazionepirelli.org\/it\/wp-json\/wp\/v2\/posts\/"}],"about":[{"href":"https:\/\/www.fondazionepirelli.org\/it\/wp-json\/wp\/v2\/types\/post\/"}],"author":[{"embeddable":true,"href":"https:\/\/www.fondazionepirelli.org\/it\/wp-json\/wp\/v2\/users\/1\/"}],"replies":[{"embeddable":true,"href":"https:\/\/www.fondazionepirelli.org\/it\/wp-json\/wp\/v2\/comments\/?post=57531"}],"version-history":[{"count":2,"href":"https:\/\/www.fondazionepirelli.org\/it\/wp-json\/wp\/v2\/posts\/57531\/revisions\/"}],"predecessor-version":[{"id":70949,"href":"https:\/\/www.fondazionepirelli.org\/it\/wp-json\/wp\/v2\/posts\/57531\/revisions\/70949\/"}],"wp:featuredmedia":[{"embeddable":true,"href":"https:\/\/www.fondazionepirelli.org\/it\/wp-json\/wp\/v2\/media\/57532\/"}],"wp:attachment":[{"href":"https:\/\/www.fondazionepirelli.org\/it\/wp-json\/wp\/v2\/media\/?parent=57531"}],"wp:term":[{"taxonomy":"category","embeddable":true,"href":"https:\/\/www.fondazionepirelli.org\/it\/wp-json\/wp\/v2\/categories\/?post=57531"},{"taxonomy":"post_tag","embeddable":true,"href":"https:\/\/www.fondazionepirelli.org\/it\/wp-json\/wp\/v2\/tags\/?post=57531"}],"curies":[{"name":"wp","href":"https:\/\/api.w.org\/{rel}","templated":true}]}}