{"id":58427,"date":"2011-11-23T00:00:05","date_gmt":"2011-11-23T00:00:05","guid":{"rendered":"http:\/\/www.fondazionepirelli.org\/?p=58427"},"modified":"2020-01-21T11:40:48","modified_gmt":"2020-01-21T10:40:48","slug":"i-volti-della-pirelli-alla-liuc-comunicazione-e-identita-nella-storia-di-una-grande-impresa","status":"publish","type":"post","link":"https:\/\/www.fondazionepirelli.org\/it\/iniziative\/i-volti-della-pirelli-alla-liuc-comunicazione-e-identita-nella-storia-di-una-grande-impresa\/","title":{"rendered":"I volti della Pirelli alla LIUC. Comunicazione e identit\u00e0 <br>nella storia di una grande impresa."},"content":{"rendered":"<p>Si \u00e8 tenuta ieri, <strong>marted\u00ec 22 novembre alle ore 15.00<\/strong>, presso l\u2019Auditorium dell\u2019<strong><u><a href=\"http:\/\/www.liuc.it\/\" target=\"_blank\" rel=\"noopener noreferrer\">Universit\u00e0 Carlo Cattaneo<\/a><\/u><\/strong>, l\u2019annuale<b>\u00a0Giornata del Cinema Industriale dell\u2019Archivio del Cinema Industriale e della Comunicazione d\u2019Impresa\u00a0<\/b>della Liuc.<\/p>\n<p>Al centro del convegno la Pirelli, la sua storia, che corre parallela a quella delle trasformazioni dell\u2019Unit\u00e0 d\u2019Italia; la sua immagine, costruita adottando strategie di comunicazione molto originali, la sua <strong>cultura d\u2019impresa basata su ricerca, innovazione, qualit\u00e0 nei sistemi di produzione, nei prodotti e nella loro comunicazione<\/strong>.<\/p>\n<p>Nel corso del dibattito sono stati proiettati <strong>documentari storici, pubblicit\u00e0, caroselli<\/strong> realizzati per Pirelli tra gli anni Venti e gli anni Settanta da grandi firme del cinema italiano, tra i quali: la <a href=\"https:\/\/www.fondazionepirelli.org\/archivio-storico\/audiovisivi\/detail\/IT-PIRELLI-AV0001-000011\/visita-sm-re-vittorio-emanuele-iii-allo-stabilimento-pirelli-alla-bicocca.html?jsonVal={%22jsonVal%22:{%22startDate%22:%22%22,%22endDate%22:%22%22,%22fieldDate%22:%22dataNormal%22,%22_perPage%22:20,%22collanaName%22:%22\\%22Documentari%20e%20film\\%22%22}}&amp;attachmentMisc=undefined&amp;lang=it\" target=\"_blank\" rel=\"noopener noreferrer\"><strong>visita del Re allo stabilimento della Bicocca nel 1927<\/strong><\/a>, i caroselli dei\u00a0<a href=\"https:\/\/www.fondazionepirelli.org\/archivio-storico\/audiovisivi\/search\/result.html?query=gavioli&amp;lang=it\"><strong>fratelli Gavioli<\/strong><\/a>,\u00a0le animazioni dei <a href=\"https:\/\/www.fondazionepirelli.org\/archivio-storico\/audiovisivi\/search\/result.html?query=Pagot&amp;titoloAV=&amp;creditsAV=&amp;startDate=&amp;endDate=&amp;genereAV=&amp;abstractAV=&amp;topicAV=&amp;lang=it\" target=\"_blank\" rel=\"noopener noreferrer\"><strong>fratelli Pagot<\/strong><\/a>.<\/p>\n<p>Hanno partecipato all\u2019incontro\u00a0<b>Antonio Calabr\u00f2<\/b>, direttore della Fondazione Pirelli, ed\u00a0<b>Elena Koumentakis<\/b>, responsabile Advertising and Sponsorship Pirelli.<\/p>\n","protected":false},"excerpt":{"rendered":"<p>Si \u00e8 tenuta ieri, marted\u00ec 22 novembre alle ore 15.00, presso l\u2019Auditorium dell\u2019Universit\u00e0 Carlo Cattaneo, l\u2019annuale\u00a0Giornata del Cinema Industriale dell\u2019Archivio del Cinema Industriale e della Comunicazione d\u2019Impresa\u00a0della Liuc. Al centro del convegno la Pirelli, la sua storia, che corre parallela a quella delle trasformazioni dell\u2019Unit\u00e0 d\u2019Italia; la sua immagine, costruita adottando strategie di comunicazione molto [&hellip;]<\/p>\n","protected":false},"author":1,"featured_media":58428,"comment_status":"open","ping_status":"open","sticky":false,"template":"","format":"standard","meta":{"footnotes":""},"categories":[60,79],"tags":[261],"class_list":["post-58427","post","type-post","status-publish","format-standard","has-post-thumbnail","hentry","category-iniziative","category-le-collaborazioni","tag-formazione-e-collaborazione-con-accademie-universitarie"],"acf":[],"yoast_head":"<!-- This site is optimized with the Yoast SEO plugin v25.0 - https:\/\/yoast.com\/wordpress\/plugins\/seo\/ -->\n<title>I volti della Pirelli alla LIUC. Comunicazione e identit\u00e0 nella storia di una grande impresa. - Fondazione Pirelli<\/title>\n<meta name=\"robots\" content=\"index, follow, max-snippet:-1, max-image-preview:large, max-video-preview:-1\" \/>\n<link rel=\"canonical\" href=\"https:\/\/www.fondazionepirelli.org\/it\/iniziative\/i-volti-della-pirelli-alla-liuc-comunicazione-e-identita-nella-storia-di-una-grande-impresa\/\" \/>\n<meta property=\"og:locale\" content=\"it_IT\" \/>\n<meta property=\"og:type\" content=\"article\" \/>\n<meta property=\"og:title\" content=\"I volti della Pirelli alla LIUC. Comunicazione e identit\u00e0 nella storia di una grande impresa. - Fondazione Pirelli\" \/>\n<meta property=\"og:description\" content=\"Si \u00e8 tenuta ieri, marted\u00ec 22 novembre alle ore 15.00, presso l\u2019Auditorium dell\u2019Universit\u00e0 Carlo Cattaneo, l\u2019annuale\u00a0Giornata del Cinema Industriale dell\u2019Archivio del Cinema Industriale e della Comunicazione d\u2019Impresa\u00a0della Liuc. Al centro del convegno la Pirelli, la sua storia, che corre parallela a quella delle trasformazioni dell\u2019Unit\u00e0 d\u2019Italia; la sua immagine, costruita adottando strategie di comunicazione molto [&hellip;]\" \/>\n<meta property=\"og:url\" content=\"https:\/\/127.0.0.1\/it\/iniziative\/i-volti-della-pirelli-alla-liuc-comunicazione-e-identita-nella-storia-di-una-grande-impresa\/\" \/>\n<meta property=\"og:site_name\" content=\"Fondazione Pirelli\" \/>\n<meta property=\"article:published_time\" content=\"2011-11-23T00:00:05+00:00\" \/>\n<meta property=\"article:modified_time\" content=\"2020-01-21T10:40:48+00:00\" \/>\n<meta property=\"og:image\" content=\"https:\/\/wpsite-assets.fondazionepirelli.org\/wp-content\/uploads\/2019\/06\/07150553\/I-volti-della-Pirelli-alla-LIUC-e1579603238761.jpg\" \/>\n\t<meta property=\"og:image:width\" content=\"471\" \/>\n\t<meta property=\"og:image:height\" content=\"326\" \/>\n\t<meta property=\"og:image:type\" content=\"image\/jpeg\" \/>\n<meta name=\"author\" content=\"fondadmin\" \/>\n<meta name=\"twitter:card\" content=\"summary_large_image\" \/>\n<meta name=\"twitter:label1\" content=\"Scritto da\" \/>\n\t<meta name=\"twitter:data1\" content=\"fondadmin\" \/>\n\t<meta name=\"twitter:label2\" content=\"Tempo di lettura stimato\" \/>\n\t<meta name=\"twitter:data2\" content=\"1 minuto\" \/>\n<script type=\"application\/ld+json\" class=\"yoast-schema-graph\">{\"@context\":\"https:\/\/schema.org\",\"@graph\":[{\"@type\":\"WebPage\",\"@id\":\"https:\/\/127.0.0.1\/it\/iniziative\/i-volti-della-pirelli-alla-liuc-comunicazione-e-identita-nella-storia-di-una-grande-impresa\/\",\"url\":\"https:\/\/127.0.0.1\/it\/iniziative\/i-volti-della-pirelli-alla-liuc-comunicazione-e-identita-nella-storia-di-una-grande-impresa\/\",\"name\":\"I volti della Pirelli alla LIUC. Comunicazione e identit\u00e0 nella storia di una grande impresa. - Fondazione Pirelli\",\"isPartOf\":{\"@id\":\"https:\/\/www.fondazionepirelli.org\/it\/#website\"},\"primaryImageOfPage\":{\"@id\":\"https:\/\/127.0.0.1\/it\/iniziative\/i-volti-della-pirelli-alla-liuc-comunicazione-e-identita-nella-storia-di-una-grande-impresa\/#primaryimage\"},\"image\":{\"@id\":\"https:\/\/127.0.0.1\/it\/iniziative\/i-volti-della-pirelli-alla-liuc-comunicazione-e-identita-nella-storia-di-una-grande-impresa\/#primaryimage\"},\"thumbnailUrl\":\"https:\/\/wpsite-assets.fondazionepirelli.org\/wp-content\/uploads\/2019\/06\/07150553\/I-volti-della-Pirelli-alla-LIUC-e1579603238761.jpg\",\"datePublished\":\"2011-11-23T00:00:05+00:00\",\"dateModified\":\"2020-01-21T10:40:48+00:00\",\"author\":{\"@id\":\"https:\/\/www.fondazionepirelli.org\/it\/#\/schema\/person\/f47d097000832c4a6e54538c791fdf25\"},\"breadcrumb\":{\"@id\":\"https:\/\/127.0.0.1\/it\/iniziative\/i-volti-della-pirelli-alla-liuc-comunicazione-e-identita-nella-storia-di-una-grande-impresa\/#breadcrumb\"},\"inLanguage\":\"it-IT\",\"potentialAction\":[{\"@type\":\"ReadAction\",\"target\":[\"https:\/\/127.0.0.1\/it\/iniziative\/i-volti-della-pirelli-alla-liuc-comunicazione-e-identita-nella-storia-di-una-grande-impresa\/\"]}]},{\"@type\":\"ImageObject\",\"inLanguage\":\"it-IT\",\"@id\":\"https:\/\/127.0.0.1\/it\/iniziative\/i-volti-della-pirelli-alla-liuc-comunicazione-e-identita-nella-storia-di-una-grande-impresa\/#primaryimage\",\"url\":\"https:\/\/wpsite-assets.fondazionepirelli.org\/wp-content\/uploads\/2019\/06\/07150553\/I-volti-della-Pirelli-alla-LIUC-e1579603238761.jpg\",\"contentUrl\":\"https:\/\/wpsite-assets.fondazionepirelli.org\/wp-content\/uploads\/2019\/06\/07150553\/I-volti-della-Pirelli-alla-LIUC-e1579603238761.jpg\",\"width\":471,\"height\":326},{\"@type\":\"BreadcrumbList\",\"@id\":\"https:\/\/127.0.0.1\/it\/iniziative\/i-volti-della-pirelli-alla-liuc-comunicazione-e-identita-nella-storia-di-una-grande-impresa\/#breadcrumb\",\"itemListElement\":[{\"@type\":\"ListItem\",\"position\":1,\"name\":\"Home\",\"item\":\"https:\/\/www.fondazionepirelli.org\/it\/\"},{\"@type\":\"ListItem\",\"position\":2,\"name\":\"I volti della Pirelli alla LIUC. Comunicazione e identit\u00e0 nella storia di una grande impresa.\"}]},{\"@type\":\"WebSite\",\"@id\":\"https:\/\/www.fondazionepirelli.org\/it\/#website\",\"url\":\"https:\/\/www.fondazionepirelli.org\/it\/\",\"name\":\"Fondazione Pirelli\",\"description\":\"\",\"potentialAction\":[{\"@type\":\"SearchAction\",\"target\":{\"@type\":\"EntryPoint\",\"urlTemplate\":\"https:\/\/www.fondazionepirelli.org\/it\/?s={search_term_string}\"},\"query-input\":{\"@type\":\"PropertyValueSpecification\",\"valueRequired\":true,\"valueName\":\"search_term_string\"}}],\"inLanguage\":\"it-IT\"},{\"@type\":\"Person\",\"@id\":\"https:\/\/www.fondazionepirelli.org\/it\/#\/schema\/person\/f47d097000832c4a6e54538c791fdf25\",\"name\":\"fondadmin\",\"image\":{\"@type\":\"ImageObject\",\"inLanguage\":\"it-IT\",\"@id\":\"https:\/\/www.fondazionepirelli.org\/it\/#\/schema\/person\/image\/\",\"url\":\"https:\/\/secure.gravatar.com\/avatar\/e69498a9175ca244966e51e53c88712c024fcebe41f9a05f75657f1bb25e489b?s=96&d=mm&r=g\",\"contentUrl\":\"https:\/\/secure.gravatar.com\/avatar\/e69498a9175ca244966e51e53c88712c024fcebe41f9a05f75657f1bb25e489b?s=96&d=mm&r=g\",\"caption\":\"fondadmin\"},\"url\":\"https:\/\/www.fondazionepirelli.org\/it\/author\/fondadmin\/\"}]}<\/script>\n<!-- \/ Yoast SEO plugin. -->","yoast_head_json":{"title":"I volti della Pirelli alla LIUC. Comunicazione e identit\u00e0 nella storia di una grande impresa. - Fondazione Pirelli","robots":{"index":"index","follow":"follow","max-snippet":"max-snippet:-1","max-image-preview":"max-image-preview:large","max-video-preview":"max-video-preview:-1"},"canonical":"https:\/\/www.fondazionepirelli.org\/it\/iniziative\/i-volti-della-pirelli-alla-liuc-comunicazione-e-identita-nella-storia-di-una-grande-impresa\/","og_locale":"it_IT","og_type":"article","og_title":"I volti della Pirelli alla LIUC. Comunicazione e identit\u00e0 nella storia di una grande impresa. - Fondazione Pirelli","og_description":"Si \u00e8 tenuta ieri, marted\u00ec 22 novembre alle ore 15.00, presso l\u2019Auditorium dell\u2019Universit\u00e0 Carlo Cattaneo, l\u2019annuale\u00a0Giornata del Cinema Industriale dell\u2019Archivio del Cinema Industriale e della Comunicazione d\u2019Impresa\u00a0della Liuc. Al centro del convegno la Pirelli, la sua storia, che corre parallela a quella delle trasformazioni dell\u2019Unit\u00e0 d\u2019Italia; la sua immagine, costruita adottando strategie di comunicazione molto [&hellip;]","og_url":"https:\/\/127.0.0.1\/it\/iniziative\/i-volti-della-pirelli-alla-liuc-comunicazione-e-identita-nella-storia-di-una-grande-impresa\/","og_site_name":"Fondazione Pirelli","article_published_time":"2011-11-23T00:00:05+00:00","article_modified_time":"2020-01-21T10:40:48+00:00","og_image":[{"width":471,"height":326,"url":"https:\/\/wpsite-assets.fondazionepirelli.org\/wp-content\/uploads\/2019\/06\/07150553\/I-volti-della-Pirelli-alla-LIUC-e1579603238761.jpg","type":"image\/jpeg"}],"author":"fondadmin","twitter_card":"summary_large_image","twitter_misc":{"Scritto da":"fondadmin","Tempo di lettura stimato":"1 minuto"},"schema":{"@context":"https:\/\/schema.org","@graph":[{"@type":"WebPage","@id":"https:\/\/127.0.0.1\/it\/iniziative\/i-volti-della-pirelli-alla-liuc-comunicazione-e-identita-nella-storia-di-una-grande-impresa\/","url":"https:\/\/127.0.0.1\/it\/iniziative\/i-volti-della-pirelli-alla-liuc-comunicazione-e-identita-nella-storia-di-una-grande-impresa\/","name":"I volti della Pirelli alla LIUC. Comunicazione e identit\u00e0 nella storia di una grande impresa. - Fondazione Pirelli","isPartOf":{"@id":"https:\/\/www.fondazionepirelli.org\/it\/#website"},"primaryImageOfPage":{"@id":"https:\/\/127.0.0.1\/it\/iniziative\/i-volti-della-pirelli-alla-liuc-comunicazione-e-identita-nella-storia-di-una-grande-impresa\/#primaryimage"},"image":{"@id":"https:\/\/127.0.0.1\/it\/iniziative\/i-volti-della-pirelli-alla-liuc-comunicazione-e-identita-nella-storia-di-una-grande-impresa\/#primaryimage"},"thumbnailUrl":"https:\/\/wpsite-assets.fondazionepirelli.org\/wp-content\/uploads\/2019\/06\/07150553\/I-volti-della-Pirelli-alla-LIUC-e1579603238761.jpg","datePublished":"2011-11-23T00:00:05+00:00","dateModified":"2020-01-21T10:40:48+00:00","author":{"@id":"https:\/\/www.fondazionepirelli.org\/it\/#\/schema\/person\/f47d097000832c4a6e54538c791fdf25"},"breadcrumb":{"@id":"https:\/\/127.0.0.1\/it\/iniziative\/i-volti-della-pirelli-alla-liuc-comunicazione-e-identita-nella-storia-di-una-grande-impresa\/#breadcrumb"},"inLanguage":"it-IT","potentialAction":[{"@type":"ReadAction","target":["https:\/\/127.0.0.1\/it\/iniziative\/i-volti-della-pirelli-alla-liuc-comunicazione-e-identita-nella-storia-di-una-grande-impresa\/"]}]},{"@type":"ImageObject","inLanguage":"it-IT","@id":"https:\/\/127.0.0.1\/it\/iniziative\/i-volti-della-pirelli-alla-liuc-comunicazione-e-identita-nella-storia-di-una-grande-impresa\/#primaryimage","url":"https:\/\/wpsite-assets.fondazionepirelli.org\/wp-content\/uploads\/2019\/06\/07150553\/I-volti-della-Pirelli-alla-LIUC-e1579603238761.jpg","contentUrl":"https:\/\/wpsite-assets.fondazionepirelli.org\/wp-content\/uploads\/2019\/06\/07150553\/I-volti-della-Pirelli-alla-LIUC-e1579603238761.jpg","width":471,"height":326},{"@type":"BreadcrumbList","@id":"https:\/\/127.0.0.1\/it\/iniziative\/i-volti-della-pirelli-alla-liuc-comunicazione-e-identita-nella-storia-di-una-grande-impresa\/#breadcrumb","itemListElement":[{"@type":"ListItem","position":1,"name":"Home","item":"https:\/\/www.fondazionepirelli.org\/it\/"},{"@type":"ListItem","position":2,"name":"I volti della Pirelli alla LIUC. Comunicazione e identit\u00e0 nella storia di una grande impresa."}]},{"@type":"WebSite","@id":"https:\/\/www.fondazionepirelli.org\/it\/#website","url":"https:\/\/www.fondazionepirelli.org\/it\/","name":"Fondazione Pirelli","description":"","potentialAction":[{"@type":"SearchAction","target":{"@type":"EntryPoint","urlTemplate":"https:\/\/www.fondazionepirelli.org\/it\/?s={search_term_string}"},"query-input":{"@type":"PropertyValueSpecification","valueRequired":true,"valueName":"search_term_string"}}],"inLanguage":"it-IT"},{"@type":"Person","@id":"https:\/\/www.fondazionepirelli.org\/it\/#\/schema\/person\/f47d097000832c4a6e54538c791fdf25","name":"fondadmin","image":{"@type":"ImageObject","inLanguage":"it-IT","@id":"https:\/\/www.fondazionepirelli.org\/it\/#\/schema\/person\/image\/","url":"https:\/\/secure.gravatar.com\/avatar\/e69498a9175ca244966e51e53c88712c024fcebe41f9a05f75657f1bb25e489b?s=96&d=mm&r=g","contentUrl":"https:\/\/secure.gravatar.com\/avatar\/e69498a9175ca244966e51e53c88712c024fcebe41f9a05f75657f1bb25e489b?s=96&d=mm&r=g","caption":"fondadmin"},"url":"https:\/\/www.fondazionepirelli.org\/it\/author\/fondadmin\/"}]}},"_links":{"self":[{"href":"https:\/\/www.fondazionepirelli.org\/it\/wp-json\/wp\/v2\/posts\/58427\/"}],"collection":[{"href":"https:\/\/www.fondazionepirelli.org\/it\/wp-json\/wp\/v2\/posts\/"}],"about":[{"href":"https:\/\/www.fondazionepirelli.org\/it\/wp-json\/wp\/v2\/types\/post\/"}],"author":[{"embeddable":true,"href":"https:\/\/www.fondazionepirelli.org\/it\/wp-json\/wp\/v2\/users\/1\/"}],"replies":[{"embeddable":true,"href":"https:\/\/www.fondazionepirelli.org\/it\/wp-json\/wp\/v2\/comments\/?post=58427"}],"version-history":[{"count":9,"href":"https:\/\/www.fondazionepirelli.org\/it\/wp-json\/wp\/v2\/posts\/58427\/revisions\/"}],"predecessor-version":[{"id":74167,"href":"https:\/\/www.fondazionepirelli.org\/it\/wp-json\/wp\/v2\/posts\/58427\/revisions\/74167\/"}],"wp:featuredmedia":[{"embeddable":true,"href":"https:\/\/www.fondazionepirelli.org\/it\/wp-json\/wp\/v2\/media\/58428\/"}],"wp:attachment":[{"href":"https:\/\/www.fondazionepirelli.org\/it\/wp-json\/wp\/v2\/media\/?parent=58427"}],"wp:term":[{"taxonomy":"category","embeddable":true,"href":"https:\/\/www.fondazionepirelli.org\/it\/wp-json\/wp\/v2\/categories\/?post=58427"},{"taxonomy":"post_tag","embeddable":true,"href":"https:\/\/www.fondazionepirelli.org\/it\/wp-json\/wp\/v2\/tags\/?post=58427"}],"curies":[{"name":"wp","href":"https:\/\/api.w.org\/{rel}","templated":true}]}}