{"id":59258,"date":"2012-05-07T00:00:40","date_gmt":"2012-05-07T00:00:40","guid":{"rendered":"https:\/\/www.fondazionepirelli.org\/?p=59258"},"modified":"2020-01-13T13:17:32","modified_gmt":"2020-01-13T12:17:32","slug":"le-lezioni-di-storia-del-gatto-meo","status":"publish","type":"post","link":"https:\/\/www.fondazionepirelli.org\/it\/education\/le-lezioni-di-storia-del-gatto-meo\/","title":{"rendered":"Alla Fondazione Pirelli, il Gatto Meo d\u00e0 lezioni di storia"},"content":{"rendered":"<p>Maggio impegnativo per la Fondazione Pirelli.<\/p>\n<p>Ogni gioved\u00ec e venerd\u00ec del mese, infatti, si alterneranno in Fondazione le classi della <strong>scuola elementare Giovanni Battista Pirelli<\/strong>, situata nel <strong>quartiere di Bicocca<\/strong> (Milano). L\u2019obiettivo di questa collaborazione \u00e8 far scoprire ai bambini la storia del quartiere Bicocca, la sua radicale <strong>trasformazione da area industriale a zona residenziale<\/strong>, e il ruolo importante giocato dalle aziende, in particolare da Pirelli.<\/p>\n<p>L\u2019incontro con i bambini si articola in due fasi: la prima, teorica, che si svolge in Fondazione Pirelli; la seconda, pi\u00f9 pratica ed esperienziale, ha luogo all\u2019<a href=\"http:\/\/www.hangarbicocca.org\/\" target=\"_blank\" rel=\"noopener noreferrer\">HangarBicocca<\/a>.<\/p>\n<p>Durante la mattinata che trascorrono in Fondazione, i nostri giovani ospiti hanno la possibilit\u00e0 di visitare la <strong>Bicocca degli Arcimboldi<\/strong>, la torre di raffreddamento all\u2019interno dell\u2019<strong>Headquarter Pirelli<\/strong> e, ovviamente, l\u2019<strong>Archivio Storico<\/strong>. Imprescindibile, quindi, raccontare loro dei cambiamenti avvenuti nel quartiere, del <strong>processo produttivo di un pneumatico<\/strong> (attraverso la metafora della preparazione di una torta), e l\u2019evoluzione della <strong>comunicazione pubblicitaria<\/strong> Pirelli utilizzando il materiale di archivio.<\/p>\n<p>La seconda parte della giornata si svolge in <strong>HangarBicocca<\/strong>, dove hanno luogo le <strong>attivit\u00e0 creative<\/strong>. Queste prevedono, per esempio, la realizzazione di un manifesto pubblicitario, la creazione di una cartina aggiornata del quartiere Bicocca o la preparazione di un pneumatico utilizzando la pasta di sale. Infine, in HangarBicocca i bambini pranzano presso il <strong>ristorante Dopolavoro Bicocca<\/strong>, che offre loro un men\u00f9 dedicato.<\/p>\n<p>Un\u2019esperienza intensa, che arricchisce tutti i partecipanti e che palesa ancora una volta l\u2019<strong>importanza della memoria storica e della sua valorizzazione<\/strong>.<\/p>\n<p>Per tutti coloro che desiderano partecipare all\u2019iniziativa o ricevere maggiori informazioni, scrivere a\u00a0<a href=\"mailto:info@fondazionepirelli.org\">info@fondazionepirelli.org<\/a>.<\/p>\n","protected":false},"excerpt":{"rendered":"<p>Maggio impegnativo per la Fondazione Pirelli. Ogni gioved\u00ec e venerd\u00ec del mese, infatti, si alterneranno in Fondazione le classi della scuola elementare Giovanni Battista Pirelli, situata nel quartiere di Bicocca (Milano). L\u2019obiettivo di questa collaborazione \u00e8 far scoprire ai bambini la storia del quartiere Bicocca, la sua radicale trasformazione da area industriale a zona residenziale, [&hellip;]<\/p>\n","protected":false},"author":1,"featured_media":73614,"comment_status":"open","ping_status":"open","sticky":false,"template":"","format":"standard","meta":{"footnotes":""},"categories":[59,120],"tags":[],"class_list":["post-59258","post","type-post","status-publish","format-standard","has-post-thumbnail","hentry","category-education","category-fondazione-pirelli-educational"],"acf":[],"yoast_head":"<!-- This site is optimized with the Yoast SEO plugin v25.0 - https:\/\/yoast.com\/wordpress\/plugins\/seo\/ -->\n<title>Alla Fondazione Pirelli, il Gatto Meo d\u00e0 lezioni di storia - Fondazione Pirelli<\/title>\n<meta name=\"robots\" content=\"index, follow, max-snippet:-1, max-image-preview:large, max-video-preview:-1\" \/>\n<link rel=\"canonical\" href=\"https:\/\/www.fondazionepirelli.org\/it\/education\/le-lezioni-di-storia-del-gatto-meo\/\" \/>\n<meta property=\"og:locale\" content=\"it_IT\" \/>\n<meta property=\"og:type\" content=\"article\" \/>\n<meta property=\"og:title\" content=\"Alla Fondazione Pirelli, il Gatto Meo d\u00e0 lezioni di storia - Fondazione Pirelli\" \/>\n<meta property=\"og:description\" content=\"Maggio impegnativo per la Fondazione Pirelli. Ogni gioved\u00ec e venerd\u00ec del mese, infatti, si alterneranno in Fondazione le classi della scuola elementare Giovanni Battista Pirelli, situata nel quartiere di Bicocca (Milano). L\u2019obiettivo di questa collaborazione \u00e8 far scoprire ai bambini la storia del quartiere Bicocca, la sua radicale trasformazione da area industriale a zona residenziale, [&hellip;]\" \/>\n<meta property=\"og:url\" content=\"https:\/\/127.0.0.1\/it\/education\/le-lezioni-di-storia-del-gatto-meo\/\" \/>\n<meta property=\"og:site_name\" content=\"Fondazione Pirelli\" \/>\n<meta property=\"article:published_time\" content=\"2012-05-07T00:00:40+00:00\" \/>\n<meta property=\"article:modified_time\" content=\"2020-01-13T12:17:32+00:00\" \/>\n<meta property=\"og:image\" content=\"https:\/\/wpsite-assets.fondazionepirelli.org\/wp-content\/uploads\/2012\/05\/13131642\/DSC_0350-e1578917814623.jpg\" \/>\n\t<meta property=\"og:image:width\" content=\"600\" \/>\n\t<meta property=\"og:image:height\" content=\"404\" \/>\n\t<meta property=\"og:image:type\" content=\"image\/jpeg\" \/>\n<meta name=\"author\" content=\"fondadmin\" \/>\n<meta name=\"twitter:card\" content=\"summary_large_image\" \/>\n<meta name=\"twitter:label1\" content=\"Scritto da\" \/>\n\t<meta name=\"twitter:data1\" content=\"fondadmin\" \/>\n\t<meta name=\"twitter:label2\" content=\"Tempo di lettura stimato\" \/>\n\t<meta name=\"twitter:data2\" content=\"1 minuto\" \/>\n<script type=\"application\/ld+json\" class=\"yoast-schema-graph\">{\"@context\":\"https:\/\/schema.org\",\"@graph\":[{\"@type\":\"WebPage\",\"@id\":\"https:\/\/127.0.0.1\/it\/education\/le-lezioni-di-storia-del-gatto-meo\/\",\"url\":\"https:\/\/127.0.0.1\/it\/education\/le-lezioni-di-storia-del-gatto-meo\/\",\"name\":\"Alla Fondazione Pirelli, il Gatto Meo d\u00e0 lezioni di storia - Fondazione Pirelli\",\"isPartOf\":{\"@id\":\"https:\/\/www.fondazionepirelli.org\/it\/#website\"},\"primaryImageOfPage\":{\"@id\":\"https:\/\/127.0.0.1\/it\/education\/le-lezioni-di-storia-del-gatto-meo\/#primaryimage\"},\"image\":{\"@id\":\"https:\/\/127.0.0.1\/it\/education\/le-lezioni-di-storia-del-gatto-meo\/#primaryimage\"},\"thumbnailUrl\":\"https:\/\/wpsite-assets.fondazionepirelli.org\/wp-content\/uploads\/2012\/05\/13131642\/DSC_0350-e1578917814623.jpg\",\"datePublished\":\"2012-05-07T00:00:40+00:00\",\"dateModified\":\"2020-01-13T12:17:32+00:00\",\"author\":{\"@id\":\"https:\/\/www.fondazionepirelli.org\/it\/#\/schema\/person\/f47d097000832c4a6e54538c791fdf25\"},\"breadcrumb\":{\"@id\":\"https:\/\/127.0.0.1\/it\/education\/le-lezioni-di-storia-del-gatto-meo\/#breadcrumb\"},\"inLanguage\":\"it-IT\",\"potentialAction\":[{\"@type\":\"ReadAction\",\"target\":[\"https:\/\/127.0.0.1\/it\/education\/le-lezioni-di-storia-del-gatto-meo\/\"]}]},{\"@type\":\"ImageObject\",\"inLanguage\":\"it-IT\",\"@id\":\"https:\/\/127.0.0.1\/it\/education\/le-lezioni-di-storia-del-gatto-meo\/#primaryimage\",\"url\":\"https:\/\/wpsite-assets.fondazionepirelli.org\/wp-content\/uploads\/2012\/05\/13131642\/DSC_0350-e1578917814623.jpg\",\"contentUrl\":\"https:\/\/wpsite-assets.fondazionepirelli.org\/wp-content\/uploads\/2012\/05\/13131642\/DSC_0350-e1578917814623.jpg\",\"width\":600,\"height\":404},{\"@type\":\"BreadcrumbList\",\"@id\":\"https:\/\/127.0.0.1\/it\/education\/le-lezioni-di-storia-del-gatto-meo\/#breadcrumb\",\"itemListElement\":[{\"@type\":\"ListItem\",\"position\":1,\"name\":\"Home\",\"item\":\"https:\/\/www.fondazionepirelli.org\/it\/\"},{\"@type\":\"ListItem\",\"position\":2,\"name\":\"Alla Fondazione Pirelli, il Gatto Meo d\u00e0 lezioni di storia\"}]},{\"@type\":\"WebSite\",\"@id\":\"https:\/\/www.fondazionepirelli.org\/it\/#website\",\"url\":\"https:\/\/www.fondazionepirelli.org\/it\/\",\"name\":\"Fondazione Pirelli\",\"description\":\"\",\"potentialAction\":[{\"@type\":\"SearchAction\",\"target\":{\"@type\":\"EntryPoint\",\"urlTemplate\":\"https:\/\/www.fondazionepirelli.org\/it\/?s={search_term_string}\"},\"query-input\":{\"@type\":\"PropertyValueSpecification\",\"valueRequired\":true,\"valueName\":\"search_term_string\"}}],\"inLanguage\":\"it-IT\"},{\"@type\":\"Person\",\"@id\":\"https:\/\/www.fondazionepirelli.org\/it\/#\/schema\/person\/f47d097000832c4a6e54538c791fdf25\",\"name\":\"fondadmin\",\"image\":{\"@type\":\"ImageObject\",\"inLanguage\":\"it-IT\",\"@id\":\"https:\/\/www.fondazionepirelli.org\/it\/#\/schema\/person\/image\/\",\"url\":\"https:\/\/secure.gravatar.com\/avatar\/e69498a9175ca244966e51e53c88712c024fcebe41f9a05f75657f1bb25e489b?s=96&d=mm&r=g\",\"contentUrl\":\"https:\/\/secure.gravatar.com\/avatar\/e69498a9175ca244966e51e53c88712c024fcebe41f9a05f75657f1bb25e489b?s=96&d=mm&r=g\",\"caption\":\"fondadmin\"},\"url\":\"https:\/\/www.fondazionepirelli.org\/it\/author\/fondadmin\/\"}]}<\/script>\n<!-- \/ Yoast SEO plugin. -->","yoast_head_json":{"title":"Alla Fondazione Pirelli, il Gatto Meo d\u00e0 lezioni di storia - Fondazione Pirelli","robots":{"index":"index","follow":"follow","max-snippet":"max-snippet:-1","max-image-preview":"max-image-preview:large","max-video-preview":"max-video-preview:-1"},"canonical":"https:\/\/www.fondazionepirelli.org\/it\/education\/le-lezioni-di-storia-del-gatto-meo\/","og_locale":"it_IT","og_type":"article","og_title":"Alla Fondazione Pirelli, il Gatto Meo d\u00e0 lezioni di storia - Fondazione Pirelli","og_description":"Maggio impegnativo per la Fondazione Pirelli. Ogni gioved\u00ec e venerd\u00ec del mese, infatti, si alterneranno in Fondazione le classi della scuola elementare Giovanni Battista Pirelli, situata nel quartiere di Bicocca (Milano). L\u2019obiettivo di questa collaborazione \u00e8 far scoprire ai bambini la storia del quartiere Bicocca, la sua radicale trasformazione da area industriale a zona residenziale, [&hellip;]","og_url":"https:\/\/127.0.0.1\/it\/education\/le-lezioni-di-storia-del-gatto-meo\/","og_site_name":"Fondazione Pirelli","article_published_time":"2012-05-07T00:00:40+00:00","article_modified_time":"2020-01-13T12:17:32+00:00","og_image":[{"width":600,"height":404,"url":"https:\/\/wpsite-assets.fondazionepirelli.org\/wp-content\/uploads\/2012\/05\/13131642\/DSC_0350-e1578917814623.jpg","type":"image\/jpeg"}],"author":"fondadmin","twitter_card":"summary_large_image","twitter_misc":{"Scritto da":"fondadmin","Tempo di lettura stimato":"1 minuto"},"schema":{"@context":"https:\/\/schema.org","@graph":[{"@type":"WebPage","@id":"https:\/\/127.0.0.1\/it\/education\/le-lezioni-di-storia-del-gatto-meo\/","url":"https:\/\/127.0.0.1\/it\/education\/le-lezioni-di-storia-del-gatto-meo\/","name":"Alla Fondazione Pirelli, il Gatto Meo d\u00e0 lezioni di storia - Fondazione Pirelli","isPartOf":{"@id":"https:\/\/www.fondazionepirelli.org\/it\/#website"},"primaryImageOfPage":{"@id":"https:\/\/127.0.0.1\/it\/education\/le-lezioni-di-storia-del-gatto-meo\/#primaryimage"},"image":{"@id":"https:\/\/127.0.0.1\/it\/education\/le-lezioni-di-storia-del-gatto-meo\/#primaryimage"},"thumbnailUrl":"https:\/\/wpsite-assets.fondazionepirelli.org\/wp-content\/uploads\/2012\/05\/13131642\/DSC_0350-e1578917814623.jpg","datePublished":"2012-05-07T00:00:40+00:00","dateModified":"2020-01-13T12:17:32+00:00","author":{"@id":"https:\/\/www.fondazionepirelli.org\/it\/#\/schema\/person\/f47d097000832c4a6e54538c791fdf25"},"breadcrumb":{"@id":"https:\/\/127.0.0.1\/it\/education\/le-lezioni-di-storia-del-gatto-meo\/#breadcrumb"},"inLanguage":"it-IT","potentialAction":[{"@type":"ReadAction","target":["https:\/\/127.0.0.1\/it\/education\/le-lezioni-di-storia-del-gatto-meo\/"]}]},{"@type":"ImageObject","inLanguage":"it-IT","@id":"https:\/\/127.0.0.1\/it\/education\/le-lezioni-di-storia-del-gatto-meo\/#primaryimage","url":"https:\/\/wpsite-assets.fondazionepirelli.org\/wp-content\/uploads\/2012\/05\/13131642\/DSC_0350-e1578917814623.jpg","contentUrl":"https:\/\/wpsite-assets.fondazionepirelli.org\/wp-content\/uploads\/2012\/05\/13131642\/DSC_0350-e1578917814623.jpg","width":600,"height":404},{"@type":"BreadcrumbList","@id":"https:\/\/127.0.0.1\/it\/education\/le-lezioni-di-storia-del-gatto-meo\/#breadcrumb","itemListElement":[{"@type":"ListItem","position":1,"name":"Home","item":"https:\/\/www.fondazionepirelli.org\/it\/"},{"@type":"ListItem","position":2,"name":"Alla Fondazione Pirelli, il Gatto Meo d\u00e0 lezioni di storia"}]},{"@type":"WebSite","@id":"https:\/\/www.fondazionepirelli.org\/it\/#website","url":"https:\/\/www.fondazionepirelli.org\/it\/","name":"Fondazione Pirelli","description":"","potentialAction":[{"@type":"SearchAction","target":{"@type":"EntryPoint","urlTemplate":"https:\/\/www.fondazionepirelli.org\/it\/?s={search_term_string}"},"query-input":{"@type":"PropertyValueSpecification","valueRequired":true,"valueName":"search_term_string"}}],"inLanguage":"it-IT"},{"@type":"Person","@id":"https:\/\/www.fondazionepirelli.org\/it\/#\/schema\/person\/f47d097000832c4a6e54538c791fdf25","name":"fondadmin","image":{"@type":"ImageObject","inLanguage":"it-IT","@id":"https:\/\/www.fondazionepirelli.org\/it\/#\/schema\/person\/image\/","url":"https:\/\/secure.gravatar.com\/avatar\/e69498a9175ca244966e51e53c88712c024fcebe41f9a05f75657f1bb25e489b?s=96&d=mm&r=g","contentUrl":"https:\/\/secure.gravatar.com\/avatar\/e69498a9175ca244966e51e53c88712c024fcebe41f9a05f75657f1bb25e489b?s=96&d=mm&r=g","caption":"fondadmin"},"url":"https:\/\/www.fondazionepirelli.org\/it\/author\/fondadmin\/"}]}},"_links":{"self":[{"href":"https:\/\/www.fondazionepirelli.org\/it\/wp-json\/wp\/v2\/posts\/59258\/"}],"collection":[{"href":"https:\/\/www.fondazionepirelli.org\/it\/wp-json\/wp\/v2\/posts\/"}],"about":[{"href":"https:\/\/www.fondazionepirelli.org\/it\/wp-json\/wp\/v2\/types\/post\/"}],"author":[{"embeddable":true,"href":"https:\/\/www.fondazionepirelli.org\/it\/wp-json\/wp\/v2\/users\/1\/"}],"replies":[{"embeddable":true,"href":"https:\/\/www.fondazionepirelli.org\/it\/wp-json\/wp\/v2\/comments\/?post=59258"}],"version-history":[{"count":5,"href":"https:\/\/www.fondazionepirelli.org\/it\/wp-json\/wp\/v2\/posts\/59258\/revisions\/"}],"predecessor-version":[{"id":73616,"href":"https:\/\/www.fondazionepirelli.org\/it\/wp-json\/wp\/v2\/posts\/59258\/revisions\/73616\/"}],"wp:featuredmedia":[{"embeddable":true,"href":"https:\/\/www.fondazionepirelli.org\/it\/wp-json\/wp\/v2\/media\/73614\/"}],"wp:attachment":[{"href":"https:\/\/www.fondazionepirelli.org\/it\/wp-json\/wp\/v2\/media\/?parent=59258"}],"wp:term":[{"taxonomy":"category","embeddable":true,"href":"https:\/\/www.fondazionepirelli.org\/it\/wp-json\/wp\/v2\/categories\/?post=59258"},{"taxonomy":"post_tag","embeddable":true,"href":"https:\/\/www.fondazionepirelli.org\/it\/wp-json\/wp\/v2\/tags\/?post=59258"}],"curies":[{"name":"wp","href":"https:\/\/api.w.org\/{rel}","templated":true}]}}