{"id":59845,"date":"2017-05-14T00:00:03","date_gmt":"2017-05-14T00:00:03","guid":{"rendered":"http:\/\/www.fondazionepirelli.org\/?p=59845"},"modified":"2021-09-02T16:41:38","modified_gmt":"2021-09-02T15:41:38","slug":"fondazione-pirelli-alla-xi-edizione-del-festival-della-robotica-educativa","status":"publish","type":"post","link":"https:\/\/www.fondazionepirelli.org\/it\/education\/eventi-didattici-speciali\/fondazione-pirelli-alla-xi-edizione-del-festival-della-robotica-educativa\/","title":{"rendered":"Fondazione Pirelli alla XI edizione del Festival della <br>Robotica Educativa"},"content":{"rendered":"<p>Per il secondo anno consecutivo Fondazione Pirelli partecipa al\u00a0<strong>Festival della Robotica Educativa<\/strong>\u00a0organizzato dalla rete di scuole per la robotica \u201c<strong>AmicoRobot<\/strong>\u201d e dall\u2019associazione\u00a0<strong>Amici della G.B. Pirelli<\/strong>\u00a0con la collaborazione del Dipartimento di Scienze Umane per la Formazione dell\u2019Universit\u00e0 degli Studi di Milano-Bicocca. Il progetto prosegue il costante impegno di Fondazione Pirelli nel campo della formazione.<\/p>\n<p>La manifestazione, che si terr\u00e0 nelle giornate di gioved\u00ec 18 (scuole primarie) e di venerd\u00ec 19 maggio (scuole secondarie di I grado) presso l\u2019edificio\u00a0<strong>U26 dell\u2019Universit\u00e0 degli Studi di Milano<\/strong>, sar\u00e0 un\u2019occasione importante per diffondere anche tra i pi\u00f9 giovani la conoscenza di una scienza giovane come la robotica e l\u2019utilizzo di tecnologie digitali. Durante il festival &#8211; in particolare &#8211; i bambini delle scuole elementari esporranno i robot creati in classe e li faranno interagire con lo spazio circostante, mentre i ragazzi delle scuole medie si sfideranno in una vera e propria gara a colpi di \u201ccoding\u201d.<\/p>\n<p>In entrambe le giornate inoltre sono previsti due incontri dal titolo \u201c<strong>Pirelli, la fabbrica digitale. Uomini e robot per costruire pneumatici<\/strong>\u201d dove alcuni esperti di automazione di Pirelli racconteranno a bambini e ragazzi l\u2019impiego di robot nelle fabbriche Pirelli per la produzione di pneumatici. Dal\u00a0<strong>Next MIRS (Modular Integrated Robotized System)<\/strong>, il sistema robotizzato integrato modulare per la produzione di pneumatici al CVA (Controllo Visivo Automatico), il moderno sistema automatico di analisi del pneumatico che si avvale di tecnologie innovative di visione artificiale.<\/p>\n<p>Nella gallery i manifesti dell\u2019evento realizzati dai bambini e dai ragazzi vincitori del concorso Grafico-pittorico del Festival.<\/p>\n","protected":false},"excerpt":{"rendered":"<p>Per il secondo anno consecutivo Fondazione Pirelli partecipa al\u00a0Festival della Robotica Educativa\u00a0organizzato dalla rete di scuole per la robotica \u201cAmicoRobot\u201d e dall\u2019associazione\u00a0Amici della G.B. Pirelli\u00a0con la collaborazione del Dipartimento di Scienze Umane per la Formazione dell\u2019Universit\u00e0 degli Studi di Milano-Bicocca. Il progetto prosegue il costante impegno di Fondazione Pirelli nel campo della formazione. La manifestazione, [&hellip;]<\/p>\n","protected":false},"author":1,"featured_media":73717,"comment_status":"open","ping_status":"open","sticky":false,"template":"","format":"standard","meta":{"footnotes":""},"categories":[297],"tags":[101],"class_list":["post-59845","post","type-post","status-publish","format-standard","has-post-thumbnail","hentry","category-eventi-didattici-speciali","tag-robotica"],"acf":[],"yoast_head":"<!-- This site is optimized with the Yoast SEO plugin v25.0 - https:\/\/yoast.com\/wordpress\/plugins\/seo\/ -->\n<title>Fondazione Pirelli alla XI edizione del Festival della Robotica Educativa - Fondazione Pirelli<\/title>\n<meta name=\"robots\" content=\"index, follow, max-snippet:-1, max-image-preview:large, max-video-preview:-1\" \/>\n<link rel=\"canonical\" href=\"https:\/\/www.fondazionepirelli.org\/it\/education\/eventi-didattici-speciali\/fondazione-pirelli-alla-xi-edizione-del-festival-della-robotica-educativa\/\" \/>\n<meta property=\"og:locale\" content=\"it_IT\" \/>\n<meta property=\"og:type\" content=\"article\" \/>\n<meta property=\"og:title\" content=\"Fondazione Pirelli alla XI edizione del Festival della Robotica Educativa - Fondazione Pirelli\" \/>\n<meta property=\"og:description\" content=\"Per il secondo anno consecutivo Fondazione Pirelli partecipa al\u00a0Festival della Robotica Educativa\u00a0organizzato dalla rete di scuole per la robotica \u201cAmicoRobot\u201d e dall\u2019associazione\u00a0Amici della G.B. Pirelli\u00a0con la collaborazione del Dipartimento di Scienze Umane per la Formazione dell\u2019Universit\u00e0 degli Studi di Milano-Bicocca. Il progetto prosegue il costante impegno di Fondazione Pirelli nel campo della formazione. La manifestazione, [&hellip;]\" \/>\n<meta property=\"og:url\" content=\"https:\/\/www.fondazionepirelli.org\/it\/education\/eventi-didattici-speciali\/fondazione-pirelli-alla-xi-edizione-del-festival-della-robotica-educativa\/\" \/>\n<meta property=\"og:site_name\" content=\"Fondazione Pirelli\" \/>\n<meta property=\"article:published_time\" content=\"2017-05-14T00:00:03+00:00\" \/>\n<meta property=\"article:modified_time\" content=\"2021-09-02T15:41:38+00:00\" \/>\n<meta property=\"og:image\" content=\"https:\/\/wpsite-assets.fondazionepirelli.org\/wp-content\/uploads\/2017\/05\/14102245\/DSC_0070.jpg-e1578993823928.jpg\" \/>\n\t<meta property=\"og:image:width\" content=\"600\" \/>\n\t<meta property=\"og:image:height\" content=\"400\" \/>\n\t<meta property=\"og:image:type\" content=\"image\/jpeg\" \/>\n<meta name=\"author\" content=\"fondadmin\" \/>\n<meta name=\"twitter:card\" content=\"summary_large_image\" \/>\n<meta name=\"twitter:label1\" content=\"Scritto da\" \/>\n\t<meta name=\"twitter:data1\" content=\"fondadmin\" \/>\n\t<meta name=\"twitter:label2\" content=\"Tempo di lettura stimato\" \/>\n\t<meta name=\"twitter:data2\" content=\"1 minuto\" \/>\n<script type=\"application\/ld+json\" class=\"yoast-schema-graph\">{\"@context\":\"https:\/\/schema.org\",\"@graph\":[{\"@type\":\"WebPage\",\"@id\":\"https:\/\/www.fondazionepirelli.org\/it\/education\/eventi-didattici-speciali\/fondazione-pirelli-alla-xi-edizione-del-festival-della-robotica-educativa\/\",\"url\":\"https:\/\/www.fondazionepirelli.org\/it\/education\/eventi-didattici-speciali\/fondazione-pirelli-alla-xi-edizione-del-festival-della-robotica-educativa\/\",\"name\":\"Fondazione Pirelli alla XI edizione del Festival della Robotica Educativa - Fondazione Pirelli\",\"isPartOf\":{\"@id\":\"https:\/\/www.fondazionepirelli.org\/it\/#website\"},\"primaryImageOfPage\":{\"@id\":\"https:\/\/www.fondazionepirelli.org\/it\/education\/eventi-didattici-speciali\/fondazione-pirelli-alla-xi-edizione-del-festival-della-robotica-educativa\/#primaryimage\"},\"image\":{\"@id\":\"https:\/\/www.fondazionepirelli.org\/it\/education\/eventi-didattici-speciali\/fondazione-pirelli-alla-xi-edizione-del-festival-della-robotica-educativa\/#primaryimage\"},\"thumbnailUrl\":\"https:\/\/wpsite-assets.fondazionepirelli.org\/wp-content\/uploads\/2017\/05\/14102245\/DSC_0070.jpg-e1578993823928.jpg\",\"datePublished\":\"2017-05-14T00:00:03+00:00\",\"dateModified\":\"2021-09-02T15:41:38+00:00\",\"author\":{\"@id\":\"https:\/\/www.fondazionepirelli.org\/it\/#\/schema\/person\/f47d097000832c4a6e54538c791fdf25\"},\"breadcrumb\":{\"@id\":\"https:\/\/www.fondazionepirelli.org\/it\/education\/eventi-didattici-speciali\/fondazione-pirelli-alla-xi-edizione-del-festival-della-robotica-educativa\/#breadcrumb\"},\"inLanguage\":\"it-IT\",\"potentialAction\":[{\"@type\":\"ReadAction\",\"target\":[\"https:\/\/www.fondazionepirelli.org\/it\/education\/eventi-didattici-speciali\/fondazione-pirelli-alla-xi-edizione-del-festival-della-robotica-educativa\/\"]}]},{\"@type\":\"ImageObject\",\"inLanguage\":\"it-IT\",\"@id\":\"https:\/\/www.fondazionepirelli.org\/it\/education\/eventi-didattici-speciali\/fondazione-pirelli-alla-xi-edizione-del-festival-della-robotica-educativa\/#primaryimage\",\"url\":\"https:\/\/wpsite-assets.fondazionepirelli.org\/wp-content\/uploads\/2017\/05\/14102245\/DSC_0070.jpg-e1578993823928.jpg\",\"contentUrl\":\"https:\/\/wpsite-assets.fondazionepirelli.org\/wp-content\/uploads\/2017\/05\/14102245\/DSC_0070.jpg-e1578993823928.jpg\",\"width\":600,\"height\":400},{\"@type\":\"BreadcrumbList\",\"@id\":\"https:\/\/www.fondazionepirelli.org\/it\/education\/eventi-didattici-speciali\/fondazione-pirelli-alla-xi-edizione-del-festival-della-robotica-educativa\/#breadcrumb\",\"itemListElement\":[{\"@type\":\"ListItem\",\"position\":1,\"name\":\"Home\",\"item\":\"https:\/\/www.fondazionepirelli.org\/it\/\"},{\"@type\":\"ListItem\",\"position\":2,\"name\":\"Fondazione Pirelli alla XI edizione del Festival della Robotica Educativa\"}]},{\"@type\":\"WebSite\",\"@id\":\"https:\/\/www.fondazionepirelli.org\/it\/#website\",\"url\":\"https:\/\/www.fondazionepirelli.org\/it\/\",\"name\":\"Fondazione Pirelli\",\"description\":\"\",\"potentialAction\":[{\"@type\":\"SearchAction\",\"target\":{\"@type\":\"EntryPoint\",\"urlTemplate\":\"https:\/\/www.fondazionepirelli.org\/it\/?s={search_term_string}\"},\"query-input\":{\"@type\":\"PropertyValueSpecification\",\"valueRequired\":true,\"valueName\":\"search_term_string\"}}],\"inLanguage\":\"it-IT\"},{\"@type\":\"Person\",\"@id\":\"https:\/\/www.fondazionepirelli.org\/it\/#\/schema\/person\/f47d097000832c4a6e54538c791fdf25\",\"name\":\"fondadmin\",\"image\":{\"@type\":\"ImageObject\",\"inLanguage\":\"it-IT\",\"@id\":\"https:\/\/www.fondazionepirelli.org\/it\/#\/schema\/person\/image\/\",\"url\":\"https:\/\/secure.gravatar.com\/avatar\/e69498a9175ca244966e51e53c88712c024fcebe41f9a05f75657f1bb25e489b?s=96&d=mm&r=g\",\"contentUrl\":\"https:\/\/secure.gravatar.com\/avatar\/e69498a9175ca244966e51e53c88712c024fcebe41f9a05f75657f1bb25e489b?s=96&d=mm&r=g\",\"caption\":\"fondadmin\"},\"url\":\"https:\/\/www.fondazionepirelli.org\/it\/author\/fondadmin\/\"}]}<\/script>\n<!-- \/ Yoast SEO plugin. -->","yoast_head_json":{"title":"Fondazione Pirelli alla XI edizione del Festival della Robotica Educativa - Fondazione Pirelli","robots":{"index":"index","follow":"follow","max-snippet":"max-snippet:-1","max-image-preview":"max-image-preview:large","max-video-preview":"max-video-preview:-1"},"canonical":"https:\/\/www.fondazionepirelli.org\/it\/education\/eventi-didattici-speciali\/fondazione-pirelli-alla-xi-edizione-del-festival-della-robotica-educativa\/","og_locale":"it_IT","og_type":"article","og_title":"Fondazione Pirelli alla XI edizione del Festival della Robotica Educativa - Fondazione Pirelli","og_description":"Per il secondo anno consecutivo Fondazione Pirelli partecipa al\u00a0Festival della Robotica Educativa\u00a0organizzato dalla rete di scuole per la robotica \u201cAmicoRobot\u201d e dall\u2019associazione\u00a0Amici della G.B. Pirelli\u00a0con la collaborazione del Dipartimento di Scienze Umane per la Formazione dell\u2019Universit\u00e0 degli Studi di Milano-Bicocca. Il progetto prosegue il costante impegno di Fondazione Pirelli nel campo della formazione. La manifestazione, [&hellip;]","og_url":"https:\/\/www.fondazionepirelli.org\/it\/education\/eventi-didattici-speciali\/fondazione-pirelli-alla-xi-edizione-del-festival-della-robotica-educativa\/","og_site_name":"Fondazione Pirelli","article_published_time":"2017-05-14T00:00:03+00:00","article_modified_time":"2021-09-02T15:41:38+00:00","og_image":[{"width":600,"height":400,"url":"https:\/\/wpsite-assets.fondazionepirelli.org\/wp-content\/uploads\/2017\/05\/14102245\/DSC_0070.jpg-e1578993823928.jpg","type":"image\/jpeg"}],"author":"fondadmin","twitter_card":"summary_large_image","twitter_misc":{"Scritto da":"fondadmin","Tempo di lettura stimato":"1 minuto"},"schema":{"@context":"https:\/\/schema.org","@graph":[{"@type":"WebPage","@id":"https:\/\/www.fondazionepirelli.org\/it\/education\/eventi-didattici-speciali\/fondazione-pirelli-alla-xi-edizione-del-festival-della-robotica-educativa\/","url":"https:\/\/www.fondazionepirelli.org\/it\/education\/eventi-didattici-speciali\/fondazione-pirelli-alla-xi-edizione-del-festival-della-robotica-educativa\/","name":"Fondazione Pirelli alla XI edizione del Festival della Robotica Educativa - Fondazione Pirelli","isPartOf":{"@id":"https:\/\/www.fondazionepirelli.org\/it\/#website"},"primaryImageOfPage":{"@id":"https:\/\/www.fondazionepirelli.org\/it\/education\/eventi-didattici-speciali\/fondazione-pirelli-alla-xi-edizione-del-festival-della-robotica-educativa\/#primaryimage"},"image":{"@id":"https:\/\/www.fondazionepirelli.org\/it\/education\/eventi-didattici-speciali\/fondazione-pirelli-alla-xi-edizione-del-festival-della-robotica-educativa\/#primaryimage"},"thumbnailUrl":"https:\/\/wpsite-assets.fondazionepirelli.org\/wp-content\/uploads\/2017\/05\/14102245\/DSC_0070.jpg-e1578993823928.jpg","datePublished":"2017-05-14T00:00:03+00:00","dateModified":"2021-09-02T15:41:38+00:00","author":{"@id":"https:\/\/www.fondazionepirelli.org\/it\/#\/schema\/person\/f47d097000832c4a6e54538c791fdf25"},"breadcrumb":{"@id":"https:\/\/www.fondazionepirelli.org\/it\/education\/eventi-didattici-speciali\/fondazione-pirelli-alla-xi-edizione-del-festival-della-robotica-educativa\/#breadcrumb"},"inLanguage":"it-IT","potentialAction":[{"@type":"ReadAction","target":["https:\/\/www.fondazionepirelli.org\/it\/education\/eventi-didattici-speciali\/fondazione-pirelli-alla-xi-edizione-del-festival-della-robotica-educativa\/"]}]},{"@type":"ImageObject","inLanguage":"it-IT","@id":"https:\/\/www.fondazionepirelli.org\/it\/education\/eventi-didattici-speciali\/fondazione-pirelli-alla-xi-edizione-del-festival-della-robotica-educativa\/#primaryimage","url":"https:\/\/wpsite-assets.fondazionepirelli.org\/wp-content\/uploads\/2017\/05\/14102245\/DSC_0070.jpg-e1578993823928.jpg","contentUrl":"https:\/\/wpsite-assets.fondazionepirelli.org\/wp-content\/uploads\/2017\/05\/14102245\/DSC_0070.jpg-e1578993823928.jpg","width":600,"height":400},{"@type":"BreadcrumbList","@id":"https:\/\/www.fondazionepirelli.org\/it\/education\/eventi-didattici-speciali\/fondazione-pirelli-alla-xi-edizione-del-festival-della-robotica-educativa\/#breadcrumb","itemListElement":[{"@type":"ListItem","position":1,"name":"Home","item":"https:\/\/www.fondazionepirelli.org\/it\/"},{"@type":"ListItem","position":2,"name":"Fondazione Pirelli alla XI edizione del Festival della Robotica Educativa"}]},{"@type":"WebSite","@id":"https:\/\/www.fondazionepirelli.org\/it\/#website","url":"https:\/\/www.fondazionepirelli.org\/it\/","name":"Fondazione Pirelli","description":"","potentialAction":[{"@type":"SearchAction","target":{"@type":"EntryPoint","urlTemplate":"https:\/\/www.fondazionepirelli.org\/it\/?s={search_term_string}"},"query-input":{"@type":"PropertyValueSpecification","valueRequired":true,"valueName":"search_term_string"}}],"inLanguage":"it-IT"},{"@type":"Person","@id":"https:\/\/www.fondazionepirelli.org\/it\/#\/schema\/person\/f47d097000832c4a6e54538c791fdf25","name":"fondadmin","image":{"@type":"ImageObject","inLanguage":"it-IT","@id":"https:\/\/www.fondazionepirelli.org\/it\/#\/schema\/person\/image\/","url":"https:\/\/secure.gravatar.com\/avatar\/e69498a9175ca244966e51e53c88712c024fcebe41f9a05f75657f1bb25e489b?s=96&d=mm&r=g","contentUrl":"https:\/\/secure.gravatar.com\/avatar\/e69498a9175ca244966e51e53c88712c024fcebe41f9a05f75657f1bb25e489b?s=96&d=mm&r=g","caption":"fondadmin"},"url":"https:\/\/www.fondazionepirelli.org\/it\/author\/fondadmin\/"}]}},"_links":{"self":[{"href":"https:\/\/www.fondazionepirelli.org\/it\/wp-json\/wp\/v2\/posts\/59845\/"}],"collection":[{"href":"https:\/\/www.fondazionepirelli.org\/it\/wp-json\/wp\/v2\/posts\/"}],"about":[{"href":"https:\/\/www.fondazionepirelli.org\/it\/wp-json\/wp\/v2\/types\/post\/"}],"author":[{"embeddable":true,"href":"https:\/\/www.fondazionepirelli.org\/it\/wp-json\/wp\/v2\/users\/1\/"}],"replies":[{"embeddable":true,"href":"https:\/\/www.fondazionepirelli.org\/it\/wp-json\/wp\/v2\/comments\/?post=59845"}],"version-history":[{"count":8,"href":"https:\/\/www.fondazionepirelli.org\/it\/wp-json\/wp\/v2\/posts\/59845\/revisions\/"}],"predecessor-version":[{"id":84700,"href":"https:\/\/www.fondazionepirelli.org\/it\/wp-json\/wp\/v2\/posts\/59845\/revisions\/84700\/"}],"wp:featuredmedia":[{"embeddable":true,"href":"https:\/\/www.fondazionepirelli.org\/it\/wp-json\/wp\/v2\/media\/73717\/"}],"wp:attachment":[{"href":"https:\/\/www.fondazionepirelli.org\/it\/wp-json\/wp\/v2\/media\/?parent=59845"}],"wp:term":[{"taxonomy":"category","embeddable":true,"href":"https:\/\/www.fondazionepirelli.org\/it\/wp-json\/wp\/v2\/categories\/?post=59845"},{"taxonomy":"post_tag","embeddable":true,"href":"https:\/\/www.fondazionepirelli.org\/it\/wp-json\/wp\/v2\/tags\/?post=59845"}],"curies":[{"name":"wp","href":"https:\/\/api.w.org\/{rel}","templated":true}]}}